{"id":98266,"date":"2018-10-09T15:00:38","date_gmt":"2018-10-09T17:00:38","guid":{"rendered":"https:\/\/www.2beauty.com.br\/blog\/?p=98266"},"modified":"2019-02-15T16:09:27","modified_gmt":"2019-02-15T18:09:27","slug":"resenha-klasme-eyeliner","status":"publish","type":"post","link":"https:\/\/www.2beauty.com.br\/blog\/2018\/10\/resenha-klasme-eyeliner\/","title":{"rendered":"Resenha: Klasme Eyeliner"},"content":{"rendered":"<p><a href=\"https:\/\/www.2beauty.com.br\/blog\/wp-content\/uploads\/2018\/09\/caneta1.jpg\"><img fetchpriority=\"high\" decoding=\"async\" class=\"aligncenter size-full wp-image-98267\" src=\"https:\/\/www.2beauty.com.br\/blog\/wp-content\/uploads\/2018\/09\/caneta1.jpg\" alt=\"Klasme Eyeliner\" width=\"900\" height=\"600\" srcset=\"https:\/\/www.2beauty.com.br\/blog\/wp-content\/uploads\/2018\/09\/caneta1.jpg 900w, https:\/\/www.2beauty.com.br\/blog\/wp-content\/uploads\/2018\/09\/caneta1-580x387.jpg 580w, https:\/\/www.2beauty.com.br\/blog\/wp-content\/uploads\/2018\/09\/caneta1-860x573.jpg 860w, https:\/\/www.2beauty.com.br\/blog\/wp-content\/uploads\/2018\/09\/caneta1-768x512.jpg 768w, https:\/\/www.2beauty.com.br\/blog\/wp-content\/uploads\/2018\/09\/caneta1-620x413.jpg 620w\" sizes=\"(max-width: 900px) 100vw, 900px\" \/><\/a><\/p>\n<p style=\"text-align: center\"><img decoding=\"async\" title=\"Estrela\" src=\"https:\/\/www.2beauty.com.br\/blog\/images\/star.gif\" alt=\"Estrela\" \/><img decoding=\"async\" title=\"Estrela\" src=\"https:\/\/www.2beauty.com.br\/blog\/images\/star.gif\" alt=\"Estrela\" \/><img decoding=\"async\" title=\"Estrela\" src=\"https:\/\/www.2beauty.com.br\/blog\/images\/star.gif\" alt=\"Estrela\" \/><img decoding=\"async\" title=\"Estrela\" src=\"https:\/\/www.2beauty.com.br\/blog\/images\/star.gif\" alt=\"Estrela\" \/><img decoding=\"async\" title=\"Estrela\" src=\"https:\/\/www.2beauty.com.br\/blog\/images\/star2.gif\" alt=\"Estrela\" \/><\/p>\n<p style=\"text-align: center\"><strong>Quatro estrelinhas<\/strong><\/p>\n<p>Gostei muito dessa caneta, porque <strong>o preto \u00e9 pret\u00e3o<\/strong> e a ponta al\u00e9m de super fina, \u00e9 feita de cerdas, o que eu acho melhor pra acertar o delineado e deixar o puxadinho afiado.<\/p>\n<p>Fora isso, <strong>caneta com ponta cerdas n\u00e3o seca t\u00e3o f\u00e1cil<\/strong> quanto caneta com ponta de feltro e afins.<\/p>\n<p>MAS&#8230;<\/p>\n<p>Tem dias que o delineador carimba.<\/p>\n<p>\u00c9 s\u00f3 num olho e depende do produto que estou usando por baixo. Ainda n\u00e3o desvendei o motivo exato, mas acontece, ent\u00e3o fica o aviso.<\/p>\n<h3>A descri\u00e7\u00e3o diz o seguinte:<\/h3>\n<blockquote><p>Em busca do tra\u00e7o perfeito e sem sofrimento, a Klasme traz o delineador com o aplicador feito de cerdas e ponta extremamente fina (1,5mm). Macio ao toque, o Eyeliner Black oferece conforto e firmeza para criar dos tra\u00e7os mais finos aos mais rebuscados. Sempre com longa dura\u00e7\u00e3o.<\/p>\n<p>Benef\u00edcios:<br \/>\n&#8211; Ponta super fina (1,5mm);<br \/>\n&#8211; Aplicador em cerdas;<br \/>\n&#8211; Alta pigmenta\u00e7\u00e3o;<br \/>\n&#8211; Longa dura\u00e7\u00e3o.<\/p><\/blockquote>\n<p>A caneta delineadora da Klasme  no site da \u00c9poca Cosm\u00e9ticos.<\/p>\n<p><a href=\"https:\/\/www.2beauty.com.br\/blog\/wp-content\/uploads\/2018\/09\/caneta2.jpg\"><img decoding=\"async\" class=\"aligncenter size-full wp-image-98268\" src=\"https:\/\/www.2beauty.com.br\/blog\/wp-content\/uploads\/2018\/09\/caneta2.jpg\" alt=\"Klasme Eyeliner\" width=\"900\" height=\"600\" srcset=\"https:\/\/www.2beauty.com.br\/blog\/wp-content\/uploads\/2018\/09\/caneta2.jpg 900w, https:\/\/www.2beauty.com.br\/blog\/wp-content\/uploads\/2018\/09\/caneta2-580x387.jpg 580w, https:\/\/www.2beauty.com.br\/blog\/wp-content\/uploads\/2018\/09\/caneta2-768x512.jpg 768w, https:\/\/www.2beauty.com.br\/blog\/wp-content\/uploads\/2018\/09\/caneta2-620x413.jpg 620w\" sizes=\"(max-width: 900px) 100vw, 900px\" \/><\/a><\/p>\n<p>Como eu j\u00e1 comentei l\u00e1 no in\u00edcio do post, a caneta tem <strong>ponta fin\u00edssima de cerdas,<\/strong> o que garante um puxadinho super afiado.<\/p>\n<p>A pigmenta\u00e7\u00e3o \u00e9 MARA e o tom do preto \u00e9 intenso e levemente lustroso.<\/p>\n<p>Voc\u00ea mal encosta a ponta na pele e <strong>a cor pega f\u00e1cil,<\/strong> o que ajuda muito na hora de delinear, porque se voc\u00ea tem que aplicar muita press\u00e3o pra cor pegar, o tra\u00e7o certamente sair\u00e1 mais grosso.<\/p>\n<p><a href=\"https:\/\/www.2beauty.com.br\/blog\/wp-content\/uploads\/2018\/09\/caneta3.jpg\"><img decoding=\"async\" class=\"aligncenter size-full wp-image-98269\" src=\"https:\/\/www.2beauty.com.br\/blog\/wp-content\/uploads\/2018\/09\/caneta3.jpg\" alt=\"Klasme Eyeliner\" width=\"900\" height=\"600\" srcset=\"https:\/\/www.2beauty.com.br\/blog\/wp-content\/uploads\/2018\/09\/caneta3.jpg 900w, https:\/\/www.2beauty.com.br\/blog\/wp-content\/uploads\/2018\/09\/caneta3-580x387.jpg 580w, https:\/\/www.2beauty.com.br\/blog\/wp-content\/uploads\/2018\/09\/caneta3-768x512.jpg 768w, https:\/\/www.2beauty.com.br\/blog\/wp-content\/uploads\/2018\/09\/caneta3-620x413.jpg 620w\" sizes=\"(max-width: 900px) 100vw, 900px\" \/><\/a><\/p>\n<p><a href=\"https:\/\/www.2beauty.com.br\/blog\/wp-content\/uploads\/2018\/09\/caneta5.jpg\"><img loading=\"lazy\" decoding=\"async\" class=\"aligncenter size-full wp-image-98271\" src=\"https:\/\/www.2beauty.com.br\/blog\/wp-content\/uploads\/2018\/09\/caneta5.jpg\" alt=\"Klasme Eyeliner\" width=\"900\" height=\"600\" srcset=\"https:\/\/www.2beauty.com.br\/blog\/wp-content\/uploads\/2018\/09\/caneta5.jpg 900w, https:\/\/www.2beauty.com.br\/blog\/wp-content\/uploads\/2018\/09\/caneta5-580x387.jpg 580w, https:\/\/www.2beauty.com.br\/blog\/wp-content\/uploads\/2018\/09\/caneta5-768x512.jpg 768w, https:\/\/www.2beauty.com.br\/blog\/wp-content\/uploads\/2018\/09\/caneta5-620x413.jpg 620w\" sizes=\"(max-width: 900px) 100vw, 900px\" \/><\/a><\/p>\n<figure id=\"attachment_98272\" aria-describedby=\"caption-attachment-98272\" style=\"width: 900px\" class=\"wp-caption aligncenter\"><a href=\"https:\/\/www.2beauty.com.br\/blog\/wp-content\/uploads\/2018\/09\/caneta6.jpg\"><img loading=\"lazy\" decoding=\"async\" class=\"wp-image-98272 size-full\" src=\"https:\/\/www.2beauty.com.br\/blog\/wp-content\/uploads\/2018\/09\/caneta6.jpg\" alt=\"Klasme Eyeliner\" width=\"900\" height=\"600\" srcset=\"https:\/\/www.2beauty.com.br\/blog\/wp-content\/uploads\/2018\/09\/caneta6.jpg 900w, https:\/\/www.2beauty.com.br\/blog\/wp-content\/uploads\/2018\/09\/caneta6-580x387.jpg 580w, https:\/\/www.2beauty.com.br\/blog\/wp-content\/uploads\/2018\/09\/caneta6-768x512.jpg 768w, https:\/\/www.2beauty.com.br\/blog\/wp-content\/uploads\/2018\/09\/caneta6-620x413.jpg 620w\" sizes=\"(max-width: 900px) 100vw, 900px\" \/><\/a><figcaption id=\"caption-attachment-98272\" class=\"wp-caption-text\">Make mais elaborada<\/figcaption><\/figure>\n<p>Estou usando essa caneta desde que ela chegou aqui em casa em meados de setembro e adoro o efeito dela, mas tive alguns <strong>problemas com a cor carimbar a p\u00e1lpebra.<\/strong><\/p>\n<p>Por conta disso, acho que <strong>quem tem p\u00e1lpebra ca\u00edda ou muito oleosa pode n\u00e3o curtir.<\/strong><\/p>\n<p>Acontece \u00e0s vezes e apenas no meu olho esquerdo quando eu fa\u00e7o maquiagens mais simples (ex: s\u00f3 corretivo e delineador).<\/p>\n<p>Se a maquiagem tem o delineador + alguma sombra (sem primer ou algo assim), o tra\u00e7o n\u00e3o carimba.<\/p>\n<p><a href=\"https:\/\/www.2beauty.com.br\/blog\/wp-content\/uploads\/2018\/09\/caneta7.jpg\"><img loading=\"lazy\" decoding=\"async\" class=\"aligncenter size-full wp-image-98273\" src=\"https:\/\/www.2beauty.com.br\/blog\/wp-content\/uploads\/2018\/09\/caneta7.jpg\" alt=\"Klasme Eyeliner\" width=\"900\" height=\"600\" srcset=\"https:\/\/www.2beauty.com.br\/blog\/wp-content\/uploads\/2018\/09\/caneta7.jpg 900w, https:\/\/www.2beauty.com.br\/blog\/wp-content\/uploads\/2018\/09\/caneta7-580x387.jpg 580w, https:\/\/www.2beauty.com.br\/blog\/wp-content\/uploads\/2018\/09\/caneta7-768x512.jpg 768w, https:\/\/www.2beauty.com.br\/blog\/wp-content\/uploads\/2018\/09\/caneta7-620x413.jpg 620w\" sizes=\"(max-width: 900px) 100vw, 900px\" \/><\/a><\/p>\n<figure id=\"attachment_98274\" aria-describedby=\"caption-attachment-98274\" style=\"width: 900px\" class=\"wp-caption aligncenter\"><a href=\"https:\/\/www.2beauty.com.br\/blog\/wp-content\/uploads\/2018\/09\/caneta8.jpg\"><img loading=\"lazy\" decoding=\"async\" class=\"wp-image-98274 size-full\" src=\"https:\/\/www.2beauty.com.br\/blog\/wp-content\/uploads\/2018\/09\/caneta8.jpg\" alt=\"Klasme Eyeliner\" width=\"900\" height=\"600\" srcset=\"https:\/\/www.2beauty.com.br\/blog\/wp-content\/uploads\/2018\/09\/caneta8.jpg 900w, https:\/\/www.2beauty.com.br\/blog\/wp-content\/uploads\/2018\/09\/caneta8-580x387.jpg 580w, https:\/\/www.2beauty.com.br\/blog\/wp-content\/uploads\/2018\/09\/caneta8-768x512.jpg 768w, https:\/\/www.2beauty.com.br\/blog\/wp-content\/uploads\/2018\/09\/caneta8-620x413.jpg 620w\" sizes=\"(max-width: 900px) 100vw, 900px\" \/><\/a><figcaption id=\"caption-attachment-98274\" class=\"wp-caption-text\">Make simples<\/figcaption><\/figure>\n<p>De resto, o tom n\u00e3o perde muito da intensidade ao longo das horas e a f\u00f3rmula <strong>\u00e9 resistente \u00e0 \u00e1gua e a esfreg\u00f5es leves.<\/strong><\/p>\n<p>Fiz um teste r\u00e1pido em casa:<\/p>\n<p>Pintei algumas amostrinhas mais grossas na m\u00e3o e esfreguei com o dedo seco, depois coloquei a m\u00e3o debaixo d&#8217;\u00e1gua e esfreguei mais um pouco.<\/p>\n<p><strong>As amostrinhas se mantiveram no lugar :)<\/strong><\/p>\n<figure id=\"attachment_98270\" aria-describedby=\"caption-attachment-98270\" style=\"width: 900px\" class=\"wp-caption aligncenter\"><a href=\"https:\/\/www.2beauty.com.br\/blog\/wp-content\/uploads\/2018\/09\/caneta4.jpg\"><img loading=\"lazy\" decoding=\"async\" class=\"wp-image-98270 size-full\" src=\"https:\/\/www.2beauty.com.br\/blog\/wp-content\/uploads\/2018\/09\/caneta4.jpg\" alt=\"Klasme Eyeliner\" width=\"900\" height=\"600\" srcset=\"https:\/\/www.2beauty.com.br\/blog\/wp-content\/uploads\/2018\/09\/caneta4.jpg 900w, https:\/\/www.2beauty.com.br\/blog\/wp-content\/uploads\/2018\/09\/caneta4-580x387.jpg 580w, https:\/\/www.2beauty.com.br\/blog\/wp-content\/uploads\/2018\/09\/caneta4-768x512.jpg 768w, https:\/\/www.2beauty.com.br\/blog\/wp-content\/uploads\/2018\/09\/caneta4-620x413.jpg 620w\" sizes=\"(max-width: 900px) 100vw, 900px\" \/><\/a><figcaption id=\"caption-attachment-98270\" class=\"wp-caption-text\">Maquiagem rec\u00e9m feita e oito horas depois (sem os posti\u00e7os)<\/figcaption><\/figure>\n<h3>Resumo<\/h3>\n<p>F\u00f3rmula resistente \u00e0 \u00e1gua, \u00f3tima pigmenta\u00e7\u00e3o e ponta fin\u00edssima. O tra\u00e7o fica lindo!<\/p>\n<p>Seria a caneta perfeita se \u00e0s vezes n\u00e3o carimbasse minha p\u00e1lpebra esquerda.<\/p>\n<hr \/>\n<h3>Avalia\u00e7\u00e3o Geral<\/h3>\n<ul>\n<li>Textura e aplica\u00e7\u00e3o: 5\/5<\/li>\n<li>Cobertura e pigmenta\u00e7\u00e3o: 5\/5<\/li>\n<li>Fixa\u00e7\u00e3o: 4\/5<\/li>\n<li>Pre\u00e7o: 3\/5<\/li>\n<li>Apresenta\u00e7\u00e3o: 3\/5<\/li>\n<li>Realidade x Descri\u00e7\u00e3o oficial: 4\/5<\/li>\n<li><strong>M\u00e9dia: 4,0<br \/>\n<\/strong><\/li>\n<\/ul>\n<h5>Para visualizar a lista completa de crit\u00e9rios e notas, <a href=\"https:\/\/www.2beauty.com.br\/blog\/images\/avaliacao.gif\" target=\"_blank\" rel=\"noopener noreferrer\">clica aqui<\/a>.<\/h5>\n<hr \/>\n<div class=\"shopthepost-widget\" data-widget-id=\"3290305\">\r\n                <script type=\"text\/javascript\" language=\"javascript\">\r\n                    !function(d,s,id){\r\n                        var e, p = \/^http:\/.test(d.location) ? 'http' : 'https';\r\n                        if(!d.getElementById(id)) {\r\n                            e     = d.createElement(s);\r\n                            e.id  = id;\r\n                            e.src = p + ':\/\/widgets.rewardstyle.com\/js\/shopthepost.js';\r\n                            d.body.appendChild(e);\r\n                        }\r\n                        if(typeof window.__stp === 'object') if(d.readyState === 'complete') {\r\n                            window.__stp.init();\r\n                        }\r\n                    }(document, 'script', 'shopthepost-script');\r\n                <\/script>\r\n                <div class=\"rs-adblock\">\r\n                    <img decoding=\"async\" src=\"\/\/assets.rewardstyle.com\/images\/search\/350.gif\" style=\"width:15px;height:15px;\" onerror=\"this.parentNode.innerHTML='Turn off your ad blocker to view content'\" \/>\r\n                    <noscript>Turn on your JavaScript to view content<\/noscript>\r\n                <\/div>\r\n            <\/div>\n","protected":false},"excerpt":{"rendered":"<p>Quatro estrelinhas Gostei muito dessa caneta, porque o preto \u00e9 pret\u00e3o e a ponta al\u00e9m de super fina, \u00e9 feita de cerdas, o que eu acho melhor pra acertar o delineado e deixar o puxadinho afiado. Fora isso, caneta com ponta cerdas n\u00e3o seca t\u00e3o f\u00e1cil quanto caneta com ponta de feltro e afins. MAS&#8230; Tem dias que o delineador carimba. \u00c9 s\u00f3 num olho e depende do produto que estou usando por baixo. Ainda n\u00e3o desvendei o motivo exato, mas acontece, ent\u00e3o fica o aviso. A descri\u00e7\u00e3o diz o seguinte: Em busca do tra\u00e7o perfeito e sem sofrimento, a Klasme traz o delineador com o aplicador feito de cerdas e ponta extremamente fina (1,5mm). Macio ao toque, o Eyeliner Black oferece conforto e firmeza para criar dos tra\u00e7os mais finos aos mais rebuscados. Sempre com longa dura\u00e7\u00e3o. Benef\u00edcios: &#8211; Ponta super fina (1,5mm); &#8211; Aplicador em cerdas; &#8211; Alta pigmenta\u00e7\u00e3o; &#8211; Longa dura\u00e7\u00e3o. A caneta delineadora da Klasme no site da \u00c9poca Cosm\u00e9ticos. Como eu j\u00e1 comentei l\u00e1 no in\u00edcio do post, a caneta tem ponta fin\u00edssima de cerdas, o que garante um puxadinho super afiado. A pigmenta\u00e7\u00e3o \u00e9 MARA e o tom do preto \u00e9 intenso e levemente lustroso. Voc\u00ea mal encosta a ponta na pele e a cor pega f\u00e1cil, o que ajuda muito na hora de delinear, porque se voc\u00ea tem que aplicar muita press\u00e3o pra cor pegar, o tra\u00e7o certamente sair\u00e1 mais grosso. Estou usando essa caneta desde que ela chegou aqui em casa em meados de setembro e adoro o efeito dela, mas tive alguns problemas com a cor carimbar a p\u00e1lpebra. Por conta disso, acho que quem tem p\u00e1lpebra ca\u00edda ou muito oleosa pode n\u00e3o curtir. Acontece \u00e0s vezes e apenas no meu olho esquerdo quando eu fa\u00e7o maquiagens mais simples (ex: s\u00f3 corretivo e delineador). Se a maquiagem tem o delineador + alguma sombra (sem primer ou algo assim), o tra\u00e7o n\u00e3o carimba. De resto, o tom n\u00e3o perde muito da intensidade ao longo das horas e a f\u00f3rmula \u00e9 resistente \u00e0 \u00e1gua e a esfreg\u00f5es leves. Fiz um teste r\u00e1pido em casa: Pintei algumas amostrinhas mais grossas na m\u00e3o e esfreguei com o dedo seco, depois coloquei a m\u00e3o debaixo d&#8217;\u00e1gua e esfreguei mais um pouco. As amostrinhas se mantiveram no lugar :) Resumo F\u00f3rmula resistente \u00e0 \u00e1gua, \u00f3tima pigmenta\u00e7\u00e3o e ponta fin\u00edssima. O tra\u00e7o fica lindo! Seria a caneta perfeita se \u00e0s vezes n\u00e3o carimbasse minha p\u00e1lpebra esquerda. Avalia\u00e7\u00e3o Geral Textura e aplica\u00e7\u00e3o: 5\/5 Cobertura e pigmenta\u00e7\u00e3o: 5\/5 Fixa\u00e7\u00e3o: 4\/5 Pre\u00e7o: 3\/5 Apresenta\u00e7\u00e3o: 3\/5 Realidade x Descri\u00e7\u00e3o oficial: 4\/5 M\u00e9dia: 4,0 Para visualizar a lista completa de crit\u00e9rios e notas, clica aqui.<\/p>\n","protected":false},"author":1,"featured_media":98267,"comment_status":"open","ping_status":"closed","sticky":false,"template":"","format":"standard","meta":{"_uag_custom_page_level_css":"","footnotes":""},"categories":[84],"tags":[4119,4088,4128],"class_list":["post-98266","post","type-post","status-publish","format-standard","has-post-thumbnail","hentry","category-maquiagem","tag-delineador","tag-maquiagem","tag-resenhas"],"uagb_featured_image_src":{"full":["https:\/\/www.2beauty.com.br\/blog\/wp-content\/uploads\/2018\/09\/caneta1.jpg",900,600,false],"thumbnail":["https:\/\/www.2beauty.com.br\/blog\/wp-content\/uploads\/2018\/09\/caneta1-300x250.jpg",300,250,true],"medium":["https:\/\/www.2beauty.com.br\/blog\/wp-content\/uploads\/2018\/09\/caneta1-580x387.jpg",580,387,true],"medium_large":["https:\/\/www.2beauty.com.br\/blog\/wp-content\/uploads\/2018\/09\/caneta1-768x512.jpg",768,512,true],"large":["https:\/\/www.2beauty.com.br\/blog\/wp-content\/uploads\/2018\/09\/caneta1-620x413.jpg",620,413,true],"1536x1536":["https:\/\/www.2beauty.com.br\/blog\/wp-content\/uploads\/2018\/09\/caneta1.jpg",900,600,false],"2048x2048":["https:\/\/www.2beauty.com.br\/blog\/wp-content\/uploads\/2018\/09\/caneta1.jpg",900,600,false],"ashe-slider-grid-thumbnail":["https:\/\/www.2beauty.com.br\/blog\/wp-content\/uploads\/2018\/09\/caneta1.jpg",810,540,false],"ashe-full-thumbnail":["https:\/\/www.2beauty.com.br\/blog\/wp-content\/uploads\/2018\/09\/caneta1.jpg",900,600,false],"ashe-grid-thumbnail":["https:\/\/www.2beauty.com.br\/blog\/wp-content\/uploads\/2018\/09\/caneta1.jpg",495,330,false],"ashe-list-thumbnail":["https:\/\/www.2beauty.com.br\/blog\/wp-content\/uploads\/2018\/09\/caneta1.jpg",300,200,false],"ashe-single-navigation":["https:\/\/www.2beauty.com.br\/blog\/wp-content\/uploads\/2018\/09\/caneta1.jpg",75,50,false]},"uagb_author_info":{"display_name":"Marina Smith","author_link":"https:\/\/www.2beauty.com.br\/blog\/author\/marinasmith\/"},"uagb_comment_info":0,"uagb_excerpt":"Quatro estrelinhas Gostei muito dessa caneta, porque o preto \u00e9 pret\u00e3o e a ponta al\u00e9m de super fina, \u00e9 feita de cerdas, o que eu acho melhor pra acertar o delineado e deixar o puxadinho afiado. Fora isso, caneta com ponta cerdas n\u00e3o seca t\u00e3o f\u00e1cil quanto caneta com ponta de feltro e afins. MAS&#8230;&hellip;","acf":[],"_links":{"self":[{"href":"https:\/\/www.2beauty.com.br\/blog\/wp-json\/wp\/v2\/posts\/98266","targetHints":{"allow":["GET"]}}],"collection":[{"href":"https:\/\/www.2beauty.com.br\/blog\/wp-json\/wp\/v2\/posts"}],"about":[{"href":"https:\/\/www.2beauty.com.br\/blog\/wp-json\/wp\/v2\/types\/post"}],"author":[{"embeddable":true,"href":"https:\/\/www.2beauty.com.br\/blog\/wp-json\/wp\/v2\/users\/1"}],"replies":[{"embeddable":true,"href":"https:\/\/www.2beauty.com.br\/blog\/wp-json\/wp\/v2\/comments?post=98266"}],"version-history":[{"count":0,"href":"https:\/\/www.2beauty.com.br\/blog\/wp-json\/wp\/v2\/posts\/98266\/revisions"}],"wp:featuredmedia":[{"embeddable":true,"href":"https:\/\/www.2beauty.com.br\/blog\/wp-json\/wp\/v2\/media\/98267"}],"wp:attachment":[{"href":"https:\/\/www.2beauty.com.br\/blog\/wp-json\/wp\/v2\/media?parent=98266"}],"wp:term":[{"taxonomy":"category","embeddable":true,"href":"https:\/\/www.2beauty.com.br\/blog\/wp-json\/wp\/v2\/categories?post=98266"},{"taxonomy":"post_tag","embeddable":true,"href":"https:\/\/www.2beauty.com.br\/blog\/wp-json\/wp\/v2\/tags?post=98266"}],"curies":[{"name":"wp","href":"https:\/\/api.w.org\/{rel}","templated":true}]}}