{"id":97829,"date":"2018-09-11T00:10:03","date_gmt":"2018-09-11T02:10:03","guid":{"rendered":"https:\/\/www.2beauty.com.br\/blog\/?p=97829"},"modified":"2019-02-15T16:09:29","modified_gmt":"2019-02-15T18:09:29","slug":"mon-guerlain-florale-eau-de-parfum","status":"publish","type":"post","link":"https:\/\/www.2beauty.com.br\/blog\/2018\/09\/mon-guerlain-florale-eau-de-parfum\/","title":{"rendered":"Mon Guerlain Florale Eau de Parfum"},"content":{"rendered":"<p><a href=\"https:\/\/www.2beauty.com.br\/blog\/wp-content\/uploads\/2018\/09\/guerlain1.jpg\"><img fetchpriority=\"high\" decoding=\"async\" class=\"aligncenter size-full wp-image-97830\" src=\"https:\/\/www.2beauty.com.br\/blog\/wp-content\/uploads\/2018\/09\/guerlain1.jpg\" alt=\"Mon Guerlain Florale Eau de Parfum\" width=\"900\" height=\"600\" srcset=\"https:\/\/www.2beauty.com.br\/blog\/wp-content\/uploads\/2018\/09\/guerlain1.jpg 900w, https:\/\/www.2beauty.com.br\/blog\/wp-content\/uploads\/2018\/09\/guerlain1-580x387.jpg 580w, https:\/\/www.2beauty.com.br\/blog\/wp-content\/uploads\/2018\/09\/guerlain1-860x573.jpg 860w, https:\/\/www.2beauty.com.br\/blog\/wp-content\/uploads\/2018\/09\/guerlain1-768x512.jpg 768w, https:\/\/www.2beauty.com.br\/blog\/wp-content\/uploads\/2018\/09\/guerlain1-620x413.jpg 620w\" sizes=\"(max-width: 900px) 100vw, 900px\" \/><\/a><\/p>\n<p><strong>Mon Guerlain Florale<\/strong> \u00e9 um dos lan\u00e7amentos mais recentes de Guerlain.<\/p>\n<p>A fragr\u00e2ncia foi desenvolvida por Thierry Wasser e \u00e9 uma homenagem \u00e0 feminilidade dos dias de hoje: forte, livre e sensual.<\/p>\n<p>Mas n\u00e3o \u00e9 s\u00f3 isso! <strong>A atriz e ativista Angelina Jolie serviu de inspira\u00e7\u00e3o.<\/strong><\/p>\n<p>Pelo que imagino do que seja estar na presen\u00e7a de Angelina, o perfume faz jus \u00e0 imagem da atriz com suas notas florais femininas e ar mais refinado e discreto.<\/p>\n<p><a href=\"https:\/\/www.2beauty.com.br\/blog\/wp-content\/uploads\/2018\/09\/guerlain2.jpg\"><img decoding=\"async\" class=\"aligncenter size-full wp-image-97831\" src=\"https:\/\/www.2beauty.com.br\/blog\/wp-content\/uploads\/2018\/09\/guerlain2.jpg\" alt=\"Mon Guerlain Florale Eau de Parfum\" width=\"900\" height=\"600\" srcset=\"https:\/\/www.2beauty.com.br\/blog\/wp-content\/uploads\/2018\/09\/guerlain2.jpg 900w, https:\/\/www.2beauty.com.br\/blog\/wp-content\/uploads\/2018\/09\/guerlain2-580x387.jpg 580w, https:\/\/www.2beauty.com.br\/blog\/wp-content\/uploads\/2018\/09\/guerlain2-768x512.jpg 768w, https:\/\/www.2beauty.com.br\/blog\/wp-content\/uploads\/2018\/09\/guerlain2-620x413.jpg 620w\" sizes=\"(max-width: 900px) 100vw, 900px\" \/><\/a><\/p>\n<p><a href=\"https:\/\/www.2beauty.com.br\/blog\/wp-content\/uploads\/2018\/09\/guerlain3.jpg\"><img decoding=\"async\" class=\"aligncenter size-full wp-image-97832\" src=\"https:\/\/www.2beauty.com.br\/blog\/wp-content\/uploads\/2018\/09\/guerlain3.jpg\" alt=\"Mon Guerlain Florale Eau de Parfum\" width=\"900\" height=\"600\" srcset=\"https:\/\/www.2beauty.com.br\/blog\/wp-content\/uploads\/2018\/09\/guerlain3.jpg 900w, https:\/\/www.2beauty.com.br\/blog\/wp-content\/uploads\/2018\/09\/guerlain3-580x387.jpg 580w, https:\/\/www.2beauty.com.br\/blog\/wp-content\/uploads\/2018\/09\/guerlain3-768x512.jpg 768w, https:\/\/www.2beauty.com.br\/blog\/wp-content\/uploads\/2018\/09\/guerlain3-620x413.jpg 620w\" sizes=\"(max-width: 900px) 100vw, 900px\" \/><\/a><\/p>\n<h3>Pir\u00e2mide olfativa<\/h3>\n<ul>\n<li><strong>Notas de topo:<\/strong> Lavanda, Bergamota, Lim\u00e3o e Tangerina.<\/li>\n<li><strong>Notas de cora\u00e7\u00e3o:<\/strong> Jasmim Sambac, Pe\u00f4nia, N\u00e9roli, Notas Florais, Ylang Ylang, L\u00edrio-Do-Vale e P\u00eassego.<\/li>\n<li><strong>Notas de fundo:<\/strong> S\u00e2ndalo, \u00cdris e Baunilha.<\/li>\n<\/ul>\n<p>Mon Guerlain Florale abre com bastante lavanda, que acho uma del\u00edcia.<\/p>\n<p>Com o tempo, esse floral fica mais atalcado e delicado.<\/p>\n<p>A fragr\u00e2ncia \u00e9 muito feminina e <strong>um pouco adocicada, mas n\u00e3o \u00e9 enjoativa.<\/strong><\/p>\n<p>\u00c9 um perfume elegante, equilibrado e vers\u00e1til, do tipo que funciona tanto para o dia a dia quanto para eventos \u00e0 noite.<\/p>\n<p>Pra quem prefere perfumes sutis (tipo eu!), \u00e9 uma boa pedida.<\/p>\n<p><a href=\"https:\/\/www.2beauty.com.br\/blog\/wp-content\/uploads\/2018\/09\/guerlain5.jpg\"><img loading=\"lazy\" decoding=\"async\" class=\"aligncenter size-full wp-image-97834\" src=\"https:\/\/www.2beauty.com.br\/blog\/wp-content\/uploads\/2018\/09\/guerlain5.jpg\" alt=\"Mon Guerlain Florale Eau de Parfum\" width=\"900\" height=\"290\" srcset=\"https:\/\/www.2beauty.com.br\/blog\/wp-content\/uploads\/2018\/09\/guerlain5.jpg 900w, https:\/\/www.2beauty.com.br\/blog\/wp-content\/uploads\/2018\/09\/guerlain5-580x187.jpg 580w, https:\/\/www.2beauty.com.br\/blog\/wp-content\/uploads\/2018\/09\/guerlain5-768x247.jpg 768w, https:\/\/www.2beauty.com.br\/blog\/wp-content\/uploads\/2018\/09\/guerlain5-620x200.jpg 620w\" sizes=\"(max-width: 900px) 100vw, 900px\" \/><\/a><\/p>\n<p><a href=\"https:\/\/www.2beauty.com.br\/blog\/wp-content\/uploads\/2018\/09\/guerlain4.jpg\"><img loading=\"lazy\" decoding=\"async\" class=\"aligncenter size-full wp-image-97833\" src=\"https:\/\/www.2beauty.com.br\/blog\/wp-content\/uploads\/2018\/09\/guerlain4.jpg\" alt=\"Mon Guerlain Florale Eau de Parfum\" width=\"900\" height=\"600\" srcset=\"https:\/\/www.2beauty.com.br\/blog\/wp-content\/uploads\/2018\/09\/guerlain4.jpg 900w, https:\/\/www.2beauty.com.br\/blog\/wp-content\/uploads\/2018\/09\/guerlain4-580x387.jpg 580w, https:\/\/www.2beauty.com.br\/blog\/wp-content\/uploads\/2018\/09\/guerlain4-768x512.jpg 768w, https:\/\/www.2beauty.com.br\/blog\/wp-content\/uploads\/2018\/09\/guerlain4-620x413.jpg 620w\" sizes=\"(max-width: 900px) 100vw, 900px\" \/><\/a><\/p>\n<p>A fixa\u00e7\u00e3o \u00e9 bacana e consigo perceber o perfume na minha pele por um per\u00edodo de seis a sete horas.<\/p>\n<p>Um frasco com 50ml de <strong>Mon Guerlain Florale Eau de Parfum <\/strong>como o do post <a href=\"https:\/\/ad.zanox.com\/ppc\/?44125024C1765949489&amp;ULP=[[https:\/\/www.sephora.com.br\/guerlain\/perfumes\/feminino\/perfume-guerlain-mon-guerlain-florale-eau-de-parfum-prd40940?idparceria=25922&amp;utm_source=zanox&amp;utm_medium=link&amp;utm_campaign=afiliadoszanox]]\" target=\"_blank\" rel=\"noopener\">custa R$299,00 reais e sites e perfumarias.<\/a><\/p>\n<p>J\u00e1 os frascos de 30ml e 100ml custam R$199,00 e R$419,00 respectivamente.<\/p>\n<div class=\"shopthepost-widget\" data-widget-id=\"3270536\">\r\n                <script type=\"text\/javascript\" language=\"javascript\">\r\n                    !function(d,s,id){\r\n                        var e, p = \/^http:\/.test(d.location) ? 'http' : 'https';\r\n                        if(!d.getElementById(id)) {\r\n                            e     = d.createElement(s);\r\n                            e.id  = id;\r\n                            e.src = p + ':\/\/widgets.rewardstyle.com\/js\/shopthepost.js';\r\n                            d.body.appendChild(e);\r\n                        }\r\n                        if(typeof window.__stp === 'object') if(d.readyState === 'complete') {\r\n                            window.__stp.init();\r\n                        }\r\n                    }(document, 'script', 'shopthepost-script');\r\n                <\/script>\r\n                <div class=\"rs-adblock\">\r\n                    <img decoding=\"async\" src=\"\/\/assets.rewardstyle.com\/images\/search\/350.gif\" style=\"width:15px;height:15px;\" onerror=\"this.parentNode.innerHTML='Turn off your ad blocker to view content'\" \/>\r\n                    <noscript>Turn on your JavaScript to view content<\/noscript>\r\n                <\/div>\r\n            <\/div>\n","protected":false},"excerpt":{"rendered":"<p>Mon Guerlain Florale \u00e9 um dos lan\u00e7amentos mais recentes de Guerlain. A fragr\u00e2ncia foi desenvolvida por Thierry Wasser e \u00e9 uma homenagem \u00e0 feminilidade dos dias de hoje: forte, livre e sensual. Mas n\u00e3o \u00e9 s\u00f3 isso! A atriz e ativista Angelina Jolie serviu de inspira\u00e7\u00e3o. Pelo que imagino do que seja estar na presen\u00e7a de Angelina, o perfume faz jus \u00e0 imagem da atriz com suas notas florais femininas e ar mais refinado e discreto. Pir\u00e2mide olfativa Notas de topo: Lavanda, Bergamota, Lim\u00e3o e Tangerina. Notas de cora\u00e7\u00e3o: Jasmim Sambac, Pe\u00f4nia, N\u00e9roli, Notas Florais, Ylang Ylang, L\u00edrio-Do-Vale e P\u00eassego. Notas de fundo: S\u00e2ndalo, \u00cdris e Baunilha. Mon Guerlain Florale abre com bastante lavanda, que acho uma del\u00edcia. Com o tempo, esse floral fica mais atalcado e delicado. A fragr\u00e2ncia \u00e9 muito feminina e um pouco adocicada, mas n\u00e3o \u00e9 enjoativa. \u00c9 um perfume elegante, equilibrado e vers\u00e1til, do tipo que funciona tanto para o dia a dia quanto para eventos \u00e0 noite. Pra quem prefere perfumes sutis (tipo eu!), \u00e9 uma boa pedida. A fixa\u00e7\u00e3o \u00e9 bacana e consigo perceber o perfume na minha pele por um per\u00edodo de seis a sete horas. Um frasco com 50ml de Mon Guerlain Florale Eau de Parfum como o do post custa R$299,00 reais e sites e perfumarias. J\u00e1 os frascos de 30ml e 100ml custam R$199,00 e R$419,00 respectivamente.<\/p>\n","protected":false},"author":1,"featured_media":97830,"comment_status":"open","ping_status":"closed","sticky":false,"template":"","format":"standard","meta":{"_uag_custom_page_level_css":"","footnotes":""},"categories":[1],"tags":[845,1636],"class_list":["post-97829","post","type-post","status-publish","format-standard","has-post-thumbnail","hentry","category-geral","tag-guerlain","tag-perfumes"],"uagb_featured_image_src":{"full":["https:\/\/www.2beauty.com.br\/blog\/wp-content\/uploads\/2018\/09\/guerlain1.jpg",900,600,false],"thumbnail":["https:\/\/www.2beauty.com.br\/blog\/wp-content\/uploads\/2018\/09\/guerlain1-300x250.jpg",300,250,true],"medium":["https:\/\/www.2beauty.com.br\/blog\/wp-content\/uploads\/2018\/09\/guerlain1-580x387.jpg",580,387,true],"medium_large":["https:\/\/www.2beauty.com.br\/blog\/wp-content\/uploads\/2018\/09\/guerlain1-768x512.jpg",768,512,true],"large":["https:\/\/www.2beauty.com.br\/blog\/wp-content\/uploads\/2018\/09\/guerlain1-620x413.jpg",620,413,true],"1536x1536":["https:\/\/www.2beauty.com.br\/blog\/wp-content\/uploads\/2018\/09\/guerlain1.jpg",900,600,false],"2048x2048":["https:\/\/www.2beauty.com.br\/blog\/wp-content\/uploads\/2018\/09\/guerlain1.jpg",900,600,false],"ashe-slider-grid-thumbnail":["https:\/\/www.2beauty.com.br\/blog\/wp-content\/uploads\/2018\/09\/guerlain1.jpg",810,540,false],"ashe-full-thumbnail":["https:\/\/www.2beauty.com.br\/blog\/wp-content\/uploads\/2018\/09\/guerlain1.jpg",900,600,false],"ashe-grid-thumbnail":["https:\/\/www.2beauty.com.br\/blog\/wp-content\/uploads\/2018\/09\/guerlain1.jpg",495,330,false],"ashe-list-thumbnail":["https:\/\/www.2beauty.com.br\/blog\/wp-content\/uploads\/2018\/09\/guerlain1.jpg",300,200,false],"ashe-single-navigation":["https:\/\/www.2beauty.com.br\/blog\/wp-content\/uploads\/2018\/09\/guerlain1.jpg",75,50,false]},"uagb_author_info":{"display_name":"Marina Smith","author_link":"https:\/\/www.2beauty.com.br\/blog\/author\/marinasmith\/"},"uagb_comment_info":0,"uagb_excerpt":"Mon Guerlain Florale \u00e9 um dos lan\u00e7amentos mais recentes de Guerlain. A fragr\u00e2ncia foi desenvolvida por Thierry Wasser e \u00e9 uma homenagem \u00e0 feminilidade dos dias de hoje: forte, livre e sensual. Mas n\u00e3o \u00e9 s\u00f3 isso! A atriz e ativista Angelina Jolie serviu de inspira\u00e7\u00e3o. Pelo que imagino do que seja estar na presen\u00e7a&hellip;","acf":[],"_links":{"self":[{"href":"https:\/\/www.2beauty.com.br\/blog\/wp-json\/wp\/v2\/posts\/97829","targetHints":{"allow":["GET"]}}],"collection":[{"href":"https:\/\/www.2beauty.com.br\/blog\/wp-json\/wp\/v2\/posts"}],"about":[{"href":"https:\/\/www.2beauty.com.br\/blog\/wp-json\/wp\/v2\/types\/post"}],"author":[{"embeddable":true,"href":"https:\/\/www.2beauty.com.br\/blog\/wp-json\/wp\/v2\/users\/1"}],"replies":[{"embeddable":true,"href":"https:\/\/www.2beauty.com.br\/blog\/wp-json\/wp\/v2\/comments?post=97829"}],"version-history":[{"count":0,"href":"https:\/\/www.2beauty.com.br\/blog\/wp-json\/wp\/v2\/posts\/97829\/revisions"}],"wp:featuredmedia":[{"embeddable":true,"href":"https:\/\/www.2beauty.com.br\/blog\/wp-json\/wp\/v2\/media\/97830"}],"wp:attachment":[{"href":"https:\/\/www.2beauty.com.br\/blog\/wp-json\/wp\/v2\/media?parent=97829"}],"wp:term":[{"taxonomy":"category","embeddable":true,"href":"https:\/\/www.2beauty.com.br\/blog\/wp-json\/wp\/v2\/categories?post=97829"},{"taxonomy":"post_tag","embeddable":true,"href":"https:\/\/www.2beauty.com.br\/blog\/wp-json\/wp\/v2\/tags?post=97829"}],"curies":[{"name":"wp","href":"https:\/\/api.w.org\/{rel}","templated":true}]}}