{"id":97085,"date":"2018-07-26T05:05:44","date_gmt":"2018-07-26T07:05:44","guid":{"rendered":"https:\/\/www.2beauty.com.br\/blog\/?p=97085"},"modified":"2019-02-15T16:09:30","modified_gmt":"2019-02-15T18:09:30","slug":"clube-do-livro-do-marinao-segunda-edicao","status":"publish","type":"post","link":"https:\/\/www.2beauty.com.br\/blog\/2018\/07\/clube-do-livro-do-marinao-segunda-edicao\/","title":{"rendered":"Clube do Livro do Marin\u00e3o \u2013 Segunda Edi\u00e7\u00e3o"},"content":{"rendered":"<p><a href=\"https:\/\/www.2beauty.com.br\/blog\/wp-content\/uploads\/2018\/07\/cb2.jpg\"><img fetchpriority=\"high\" decoding=\"async\" class=\"aligncenter size-full wp-image-97093\" src=\"https:\/\/www.2beauty.com.br\/blog\/wp-content\/uploads\/2018\/07\/cb2.jpg\" alt=\"Clube do Livro do Marin\u00e3o\" width=\"900\" height=\"600\" srcset=\"https:\/\/www.2beauty.com.br\/blog\/wp-content\/uploads\/2018\/07\/cb2.jpg 900w, https:\/\/www.2beauty.com.br\/blog\/wp-content\/uploads\/2018\/07\/cb2-580x387.jpg 580w, https:\/\/www.2beauty.com.br\/blog\/wp-content\/uploads\/2018\/07\/cb2-860x573.jpg 860w, https:\/\/www.2beauty.com.br\/blog\/wp-content\/uploads\/2018\/07\/cb2-768x512.jpg 768w, https:\/\/www.2beauty.com.br\/blog\/wp-content\/uploads\/2018\/07\/cb2-620x413.jpg 620w\" sizes=\"(max-width: 900px) 100vw, 900px\" \/><\/a><\/p>\n<h3>Pra quem est\u00e1 chegando agora e n\u00e3o conhece o Clube<\/h3>\n<p>Todos os meses um t\u00edtulo \u00e9 escolhido e anunciado aqui no blog e l\u00e1 no meu Instagram (<a href=\"https:\/\/www.instagram.com\/marina2beauty\/\" target=\"_blank\" rel=\"noopener\">@marina2beauty<\/a>).<\/p>\n<p>Algumas semanas depois, quando todos tiveram tempo para ler o livro, acontece uma live no Instagram pra gente conversar sobre ele.<\/p>\n<p>Tamb\u00e9m trocamos dicas para pr\u00f3ximas leituras, falamos sobre s\u00e9ries, filmes, vinhos e outras coisas divertidas.<\/p>\n<p><strong>\u00c9 super legal!<\/strong><\/p>\n<p><a href=\"https:\/\/www.2beauty.com.br\/blog\/wp-content\/uploads\/2018\/07\/cb1.jpg\"><img decoding=\"async\" class=\"aligncenter size-full wp-image-97091\" src=\"https:\/\/www.2beauty.com.br\/blog\/wp-content\/uploads\/2018\/07\/cb1.jpg\" alt=\"Clube do Livro do Marin\u00e3o\" width=\"900\" height=\"600\" srcset=\"https:\/\/www.2beauty.com.br\/blog\/wp-content\/uploads\/2018\/07\/cb1.jpg 900w, https:\/\/www.2beauty.com.br\/blog\/wp-content\/uploads\/2018\/07\/cb1-580x387.jpg 580w, https:\/\/www.2beauty.com.br\/blog\/wp-content\/uploads\/2018\/07\/cb1-768x512.jpg 768w, https:\/\/www.2beauty.com.br\/blog\/wp-content\/uploads\/2018\/07\/cb1-620x413.jpg 620w\" sizes=\"(max-width: 900px) 100vw, 900px\" \/><\/a><\/p>\n<h3>Detalhes da segunda edi\u00e7\u00e3o<\/h3>\n<p>O livro escolhido \u00e9 <strong>Objetos Cortantes da Gillian Flynn.<\/strong><\/p>\n<p>A hist\u00f3ria virou s\u00e9rie de TV na HBO e eu espero terminar o livro e a s\u00e9rie antes da nossa live, assim poderemos conversar sobre as duas coisas.<\/p>\n<p><em>Depois do sucesso de &#8220;Garota Exemplar&#8221;, primeiro best-seller de Gillian Flynn adaptado para o cinema, chega a vez de &#8220;Sharp Objects: Objetos Cortantes&#8221; \u2014 livro de estreia da autora \u2014, inspirar a nova s\u00e9rie da HBO. Protagonizada por Amy Adams, Sharp Objects ter\u00e1 oito epis\u00f3dios e dire\u00e7\u00e3o de Jean-Marc Vall\u00e9e, que tamb\u00e9m dirigiu a premiada s\u00e9rie da HBO &#8220;Big Little Lies&#8221;, com Nicole Kidman e Reese Witherspoon.<\/em><\/p>\n<p><em>Com reviravoltas surpreendentes, &#8220;Sharp Objects: Objetos Cortantes&#8221; narra o retorno da rep\u00f3rter Camille Preaker, rec\u00e9m-sa\u00edda de um hospital psiqui\u00e1trico, \u00e0 sua cidade natal para investigar o brutal assassinato de uma menina e o desaparecimento de outra. Desde que deixou a pequena Wind Gap, no Missouri, oito anos antes, Camille quase n\u00e3o falou com a m\u00e3e neur\u00f3tica, o padrasto e a meia-irm\u00e3 que praticamente n\u00e3o conhece. Hospedada na casa da fam\u00edlia, a jornalista precisa lidar com as mem\u00f3rias dif\u00edceis de sua inf\u00e2ncia e adolesc\u00eancia. E \u00e0 medida que as investiga\u00e7\u00f5es para elaborar sua mat\u00e9ria avan\u00e7am, Camille passa a desvendar segredos perturbadores, t\u00e3o macabros quanto os problemas que ela pr\u00f3pria enfrenta.<\/em><\/p>\n<h3>Data da live<\/h3>\n<p>Est\u00e1 marcada para o dia <strong>26 de agosto, domingo, \u00e0s 19h.<\/strong><\/p>\n<p>Espero por voc\u00eas com mais vinho e mais Fandangos (ou algum outro lanche MARA) &#8211; hehehe!<\/p>\n<div class=\"shopthepost-widget\" data-widget-id=\"3223776\">\r\n                <script type=\"text\/javascript\" language=\"javascript\">\r\n                    !function(d,s,id){\r\n                        var e, p = \/^http:\/.test(d.location) ? 'http' : 'https';\r\n                        if(!d.getElementById(id)) {\r\n                            e     = d.createElement(s);\r\n                            e.id  = id;\r\n                            e.src = p + ':\/\/widgets.rewardstyle.com\/js\/shopthepost.js';\r\n                            d.body.appendChild(e);\r\n                        }\r\n                        if(typeof window.__stp === 'object') if(d.readyState === 'complete') {\r\n                            window.__stp.init();\r\n                        }\r\n                    }(document, 'script', 'shopthepost-script');\r\n                <\/script>\r\n                <div class=\"rs-adblock\">\r\n                    <img decoding=\"async\" src=\"\/\/assets.rewardstyle.com\/images\/search\/350.gif\" style=\"width:15px;height:15px;\" onerror=\"this.parentNode.innerHTML='Turn off your ad blocker to view content'\" \/>\r\n                    <noscript>Turn on your JavaScript to view content<\/noscript>\r\n                <\/div>\r\n            <\/div>\n","protected":false},"excerpt":{"rendered":"<p>Pra quem est\u00e1 chegando agora e n\u00e3o conhece o Clube Todos os meses um t\u00edtulo \u00e9 escolhido e anunciado aqui no blog e l\u00e1 no meu Instagram (@marina2beauty). Algumas semanas depois, quando todos tiveram tempo para ler o livro, acontece uma live no Instagram pra gente conversar sobre ele. Tamb\u00e9m trocamos dicas para pr\u00f3ximas leituras, falamos sobre s\u00e9ries, filmes, vinhos e outras coisas divertidas. \u00c9 super legal! Detalhes da segunda edi\u00e7\u00e3o O livro escolhido \u00e9 Objetos Cortantes da Gillian Flynn. A hist\u00f3ria virou s\u00e9rie de TV na HBO e eu espero terminar o livro e a s\u00e9rie antes da nossa live, assim poderemos conversar sobre as duas coisas. Depois do sucesso de &#8220;Garota Exemplar&#8221;, primeiro best-seller de Gillian Flynn adaptado para o cinema, chega a vez de &#8220;Sharp Objects: Objetos Cortantes&#8221; \u2014 livro de estreia da autora \u2014, inspirar a nova s\u00e9rie da HBO. Protagonizada por Amy Adams, Sharp Objects ter\u00e1 oito epis\u00f3dios e dire\u00e7\u00e3o de Jean-Marc Vall\u00e9e, que tamb\u00e9m dirigiu a premiada s\u00e9rie da HBO &#8220;Big Little Lies&#8221;, com Nicole Kidman e Reese Witherspoon. Com reviravoltas surpreendentes, &#8220;Sharp Objects: Objetos Cortantes&#8221; narra o retorno da rep\u00f3rter Camille Preaker, rec\u00e9m-sa\u00edda de um hospital psiqui\u00e1trico, \u00e0 sua cidade natal para investigar o brutal assassinato de uma menina e o desaparecimento de outra. Desde que deixou a pequena Wind Gap, no Missouri, oito anos antes, Camille quase n\u00e3o falou com a m\u00e3e neur\u00f3tica, o padrasto e a meia-irm\u00e3 que praticamente n\u00e3o conhece. Hospedada na casa da fam\u00edlia, a jornalista precisa lidar com as mem\u00f3rias dif\u00edceis de sua inf\u00e2ncia e adolesc\u00eancia. E \u00e0 medida que as investiga\u00e7\u00f5es para elaborar sua mat\u00e9ria avan\u00e7am, Camille passa a desvendar segredos perturbadores, t\u00e3o macabros quanto os problemas que ela pr\u00f3pria enfrenta. Data da live Est\u00e1 marcada para o dia 26 de agosto, domingo, \u00e0s 19h. Espero por voc\u00eas com mais vinho e mais Fandangos (ou algum outro lanche MARA) &#8211; hehehe!<\/p>\n","protected":false},"author":1,"featured_media":97093,"comment_status":"open","ping_status":"closed","sticky":false,"template":"","format":"standard","meta":{"_uag_custom_page_level_css":"","footnotes":""},"categories":[4278,4260],"tags":[4279,4261],"class_list":["post-97085","post","type-post","status-publish","format-standard","has-post-thumbnail","hentry","category-clube-do-livro-do-marinao","category-minhas-leituras","tag-clube-do-livro-do-marinao","tag-minhas-leituras"],"uagb_featured_image_src":{"full":["https:\/\/www.2beauty.com.br\/blog\/wp-content\/uploads\/2018\/07\/cb2.jpg",900,600,false],"thumbnail":["https:\/\/www.2beauty.com.br\/blog\/wp-content\/uploads\/2018\/07\/cb2-300x250.jpg",300,250,true],"medium":["https:\/\/www.2beauty.com.br\/blog\/wp-content\/uploads\/2018\/07\/cb2-580x387.jpg",580,387,true],"medium_large":["https:\/\/www.2beauty.com.br\/blog\/wp-content\/uploads\/2018\/07\/cb2-768x512.jpg",768,512,true],"large":["https:\/\/www.2beauty.com.br\/blog\/wp-content\/uploads\/2018\/07\/cb2-620x413.jpg",620,413,true],"1536x1536":["https:\/\/www.2beauty.com.br\/blog\/wp-content\/uploads\/2018\/07\/cb2.jpg",900,600,false],"2048x2048":["https:\/\/www.2beauty.com.br\/blog\/wp-content\/uploads\/2018\/07\/cb2.jpg",900,600,false],"ashe-slider-grid-thumbnail":["https:\/\/www.2beauty.com.br\/blog\/wp-content\/uploads\/2018\/07\/cb2.jpg",810,540,false],"ashe-full-thumbnail":["https:\/\/www.2beauty.com.br\/blog\/wp-content\/uploads\/2018\/07\/cb2.jpg",900,600,false],"ashe-grid-thumbnail":["https:\/\/www.2beauty.com.br\/blog\/wp-content\/uploads\/2018\/07\/cb2.jpg",495,330,false],"ashe-list-thumbnail":["https:\/\/www.2beauty.com.br\/blog\/wp-content\/uploads\/2018\/07\/cb2.jpg",300,200,false],"ashe-single-navigation":["https:\/\/www.2beauty.com.br\/blog\/wp-content\/uploads\/2018\/07\/cb2.jpg",75,50,false]},"uagb_author_info":{"display_name":"Marina Smith","author_link":"https:\/\/www.2beauty.com.br\/blog\/author\/marinasmith\/"},"uagb_comment_info":0,"uagb_excerpt":"Pra quem est\u00e1 chegando agora e n\u00e3o conhece o Clube Todos os meses um t\u00edtulo \u00e9 escolhido e anunciado aqui no blog e l\u00e1 no meu Instagram (@marina2beauty). Algumas semanas depois, quando todos tiveram tempo para ler o livro, acontece uma live no Instagram pra gente conversar sobre ele. Tamb\u00e9m trocamos dicas para pr\u00f3ximas leituras,&hellip;","acf":[],"_links":{"self":[{"href":"https:\/\/www.2beauty.com.br\/blog\/wp-json\/wp\/v2\/posts\/97085","targetHints":{"allow":["GET"]}}],"collection":[{"href":"https:\/\/www.2beauty.com.br\/blog\/wp-json\/wp\/v2\/posts"}],"about":[{"href":"https:\/\/www.2beauty.com.br\/blog\/wp-json\/wp\/v2\/types\/post"}],"author":[{"embeddable":true,"href":"https:\/\/www.2beauty.com.br\/blog\/wp-json\/wp\/v2\/users\/1"}],"replies":[{"embeddable":true,"href":"https:\/\/www.2beauty.com.br\/blog\/wp-json\/wp\/v2\/comments?post=97085"}],"version-history":[{"count":0,"href":"https:\/\/www.2beauty.com.br\/blog\/wp-json\/wp\/v2\/posts\/97085\/revisions"}],"wp:featuredmedia":[{"embeddable":true,"href":"https:\/\/www.2beauty.com.br\/blog\/wp-json\/wp\/v2\/media\/97093"}],"wp:attachment":[{"href":"https:\/\/www.2beauty.com.br\/blog\/wp-json\/wp\/v2\/media?parent=97085"}],"wp:term":[{"taxonomy":"category","embeddable":true,"href":"https:\/\/www.2beauty.com.br\/blog\/wp-json\/wp\/v2\/categories?post=97085"},{"taxonomy":"post_tag","embeddable":true,"href":"https:\/\/www.2beauty.com.br\/blog\/wp-json\/wp\/v2\/tags?post=97085"}],"curies":[{"name":"wp","href":"https:\/\/api.w.org\/{rel}","templated":true}]}}