{"id":97015,"date":"2018-07-23T16:31:19","date_gmt":"2018-07-23T18:31:19","guid":{"rendered":"https:\/\/www.2beauty.com.br\/blog\/?p=97015"},"modified":"2019-02-15T16:09:30","modified_gmt":"2019-02-15T18:09:30","slug":"resenha-nars-natural-radiant-longwear-foundation","status":"publish","type":"post","link":"https:\/\/www.2beauty.com.br\/blog\/2018\/07\/resenha-nars-natural-radiant-longwear-foundation\/","title":{"rendered":"Resenha: NARS Natural Radiant Longwear Foundation"},"content":{"rendered":"<p><a href=\"https:\/\/www.2beauty.com.br\/blog\/wp-content\/uploads\/2018\/07\/base1.jpg\"><img fetchpriority=\"high\" decoding=\"async\" class=\"aligncenter size-full wp-image-97019\" src=\"https:\/\/www.2beauty.com.br\/blog\/wp-content\/uploads\/2018\/07\/base1.jpg\" alt=\"NARS Natural Radiant Longwear Foundation\" width=\"900\" height=\"600\" srcset=\"https:\/\/www.2beauty.com.br\/blog\/wp-content\/uploads\/2018\/07\/base1.jpg 900w, https:\/\/www.2beauty.com.br\/blog\/wp-content\/uploads\/2018\/07\/base1-580x387.jpg 580w, https:\/\/www.2beauty.com.br\/blog\/wp-content\/uploads\/2018\/07\/base1-860x573.jpg 860w, https:\/\/www.2beauty.com.br\/blog\/wp-content\/uploads\/2018\/07\/base1-768x512.jpg 768w, https:\/\/www.2beauty.com.br\/blog\/wp-content\/uploads\/2018\/07\/base1-620x413.jpg 620w\" sizes=\"(max-width: 900px) 100vw, 900px\" \/><\/a><\/p>\n<p style=\"text-align: center\"><img decoding=\"async\" title=\"Estrela\" src=\"https:\/\/www.2beauty.com.br\/blog\/images\/star.gif\" alt=\"Estrela\" \/><img decoding=\"async\" title=\"Estrela\" src=\"https:\/\/www.2beauty.com.br\/blog\/images\/star.gif\" alt=\"Estrela\" \/><img decoding=\"async\" title=\"Estrela\" src=\"https:\/\/www.2beauty.com.br\/blog\/images\/star.gif\" alt=\"Estrela\" \/><img decoding=\"async\" title=\"Estrela\" src=\"https:\/\/www.2beauty.com.br\/blog\/images\/star3.gif\" alt=\"Estrela\" \/><img decoding=\"async\" title=\"Estrela\" src=\"https:\/\/www.2beauty.com.br\/blog\/images\/star2.gif\" alt=\"Estrela\" \/><\/p>\n<p style=\"text-align: center\"><strong>3,5 estrelinhas<\/strong><\/p>\n<p>Paguei caro por esta base, mas gostei dela. <strong>Ainda bem!<br \/>\n<\/strong><\/p>\n<p>O que achei mais legal na <strong>Natural Radiant Longwear da NARS<\/strong> \u00e9 que ela \u00e9 uma base de alta cobertura que n\u00e3o deixa a pele com aspecto pesado ou artificial. Pelo contr\u00e1rio!<\/p>\n<p>O que eu n\u00e3o gostei tanto assim \u00e9 que ela n\u00e3o seca totalmente depois de esfumada, ent\u00e3o transfere com facilidade.<\/p>\n<h3>A descri\u00e7\u00e3o diz o seguinte:<\/h3>\n<blockquote><p>Sua pele aperfei\u00e7oada. Sem parecer marcarada. NARS apresenta Natural Radiant Longwear Foundation: 16 horas de fixa\u00e7\u00e3o, cobertura constru\u00edvel de m\u00e9dia \u00e0 alta intensidade e acabamento natural e confort\u00e1vel. Dispon\u00edvel em 15 cores para todos os tons de pele.<\/p>\n<p>Sua f\u00f3rmula \u00e9 resistente ao suor, n\u00e3o transfere, n\u00e3o oxida e se mant\u00e9m ao longo do dia radiante e fresca, com apar\u00eancia de rec\u00e9m aplicada. Esta f\u00f3rmula apresenta textura fluida que facilita a aplica\u00e7\u00e3o deixando a pele confort\u00e1vel, sem pesar, craquelar ou vincar.<\/p>\n<p>Cont\u00e9m NARS\u2019 Skin Optimizing Complex &#8211; Extratos da framboesa, ma\u00e7\u00e3 e melancia ajudam na elasticidade das fibras da pele proporcionando suavidade e melhorando sua textura. Possui combina\u00e7\u00e3o de fundo transl\u00facido com pigmentos que s\u00e3o capazes de reconhecer e se fundir com a pele criando uma ades\u00e3o \u00f3ptica de pele natural.<\/p><\/blockquote>\n<p>O frasco com 30ml de base <a href=\"https:\/\/ad.zanox.com\/ppc\/?44125024C1765949489&amp;ULP=[[https:\/\/www.sephora.com.br\/nars\/maquiagem\/face\/base-nars-natural-radiant-longwear-foundation-30ml-prd40942?idparceria=25922&amp;utm_source=zanox&amp;utm_medium=link&amp;utm_campaign=afiliadoszanox]]\" target=\"_blank\" rel=\"noopener\">custa R$275,00 reais<\/a> nas lojas e no site da Sephora Brasil.<\/p>\n<p><a href=\"https:\/\/www.2beauty.com.br\/blog\/wp-content\/uploads\/2018\/07\/base2.jpg\"><img decoding=\"async\" class=\"aligncenter size-full wp-image-97020\" src=\"https:\/\/www.2beauty.com.br\/blog\/wp-content\/uploads\/2018\/07\/base2.jpg\" alt=\"NARS Natural Radiant Longwear Foundation\" width=\"900\" height=\"600\" srcset=\"https:\/\/www.2beauty.com.br\/blog\/wp-content\/uploads\/2018\/07\/base2.jpg 900w, https:\/\/www.2beauty.com.br\/blog\/wp-content\/uploads\/2018\/07\/base2-580x387.jpg 580w, https:\/\/www.2beauty.com.br\/blog\/wp-content\/uploads\/2018\/07\/base2-768x512.jpg 768w, https:\/\/www.2beauty.com.br\/blog\/wp-content\/uploads\/2018\/07\/base2-620x413.jpg 620w\" sizes=\"(max-width: 900px) 100vw, 900px\" \/><\/a><\/p>\n<p><a href=\"https:\/\/www.2beauty.com.br\/blog\/wp-content\/uploads\/2018\/07\/base3.jpg\"><img decoding=\"async\" class=\"aligncenter size-full wp-image-97021\" src=\"https:\/\/www.2beauty.com.br\/blog\/wp-content\/uploads\/2018\/07\/base3.jpg\" alt=\"NARS Natural Radiant Longwear Foundation\" width=\"900\" height=\"600\" srcset=\"https:\/\/www.2beauty.com.br\/blog\/wp-content\/uploads\/2018\/07\/base3.jpg 900w, https:\/\/www.2beauty.com.br\/blog\/wp-content\/uploads\/2018\/07\/base3-580x387.jpg 580w, https:\/\/www.2beauty.com.br\/blog\/wp-content\/uploads\/2018\/07\/base3-768x512.jpg 768w, https:\/\/www.2beauty.com.br\/blog\/wp-content\/uploads\/2018\/07\/base3-620x413.jpg 620w\" sizes=\"(max-width: 900px) 100vw, 900px\" \/><\/a><\/p>\n<figure id=\"attachment_97022\" aria-describedby=\"caption-attachment-97022\" style=\"width: 900px\" class=\"wp-caption aligncenter\"><a href=\"https:\/\/www.2beauty.com.br\/blog\/wp-content\/uploads\/2018\/07\/base4.jpg\"><img loading=\"lazy\" decoding=\"async\" class=\"wp-image-97022 size-full\" src=\"https:\/\/www.2beauty.com.br\/blog\/wp-content\/uploads\/2018\/07\/base4.jpg\" alt=\"NARS Natural Radiant Longwear Foundation\" width=\"900\" height=\"600\" srcset=\"https:\/\/www.2beauty.com.br\/blog\/wp-content\/uploads\/2018\/07\/base4.jpg 900w, https:\/\/www.2beauty.com.br\/blog\/wp-content\/uploads\/2018\/07\/base4-580x387.jpg 580w, https:\/\/www.2beauty.com.br\/blog\/wp-content\/uploads\/2018\/07\/base4-768x512.jpg 768w, https:\/\/www.2beauty.com.br\/blog\/wp-content\/uploads\/2018\/07\/base4-620x413.jpg 620w\" sizes=\"(max-width: 900px) 100vw, 900px\" \/><\/a><figcaption id=\"caption-attachment-97022\" class=\"wp-caption-text\">Ingredientes, amostrinha (cor Punjab) e embalagem<\/figcaption><\/figure>\n<p>Comprei a <strong>Natural Radiant Longwear na cor Punjab<\/strong> e ela ficou perfeita no meu rosto.<\/p>\n<p>Sua textura n\u00e3o \u00e9 super fina, mas est\u00e1 longe de ser densa ou dif\u00edcil de espalhar.<\/p>\n<p>Ali\u00e1s, esse \u00e9 outro ponto positivo do produto, porque um pouquinho de base <strong>rende muito!<\/strong><\/p>\n<p>Antes de fazer a compra, assisti uma apresenta\u00e7\u00e3o sobre ela e a maquiadora explicou que a base &#8220;estica&#8221; bem ou seja, uma gotinha cobre bastante ao ser esfumada com os dedos ou com um pincel.<\/p>\n<p>Seu acabamento \u00e9 do <strong>tipo natural\/minha pele mesmo,<\/strong> o que me agradou bastante, j\u00e1 que algumas bases matte tem deixado minha pele com aspecto \u00e1spero por conta do frio de Porto Alegre.<\/p>\n<p><a href=\"https:\/\/www.2beauty.com.br\/blog\/wp-content\/uploads\/2018\/07\/base6.jpg\"><img loading=\"lazy\" decoding=\"async\" class=\"aligncenter size-full wp-image-97024\" src=\"https:\/\/www.2beauty.com.br\/blog\/wp-content\/uploads\/2018\/07\/base6.jpg\" alt=\"NARS Natural Radiant Longwear Foundation\" width=\"900\" height=\"600\" srcset=\"https:\/\/www.2beauty.com.br\/blog\/wp-content\/uploads\/2018\/07\/base6.jpg 900w, https:\/\/www.2beauty.com.br\/blog\/wp-content\/uploads\/2018\/07\/base6-580x387.jpg 580w, https:\/\/www.2beauty.com.br\/blog\/wp-content\/uploads\/2018\/07\/base6-768x512.jpg 768w, https:\/\/www.2beauty.com.br\/blog\/wp-content\/uploads\/2018\/07\/base6-620x413.jpg 620w\" sizes=\"(max-width: 900px) 100vw, 900px\" \/><\/a><\/p>\n<figure id=\"attachment_97025\" aria-describedby=\"caption-attachment-97025\" style=\"width: 900px\" class=\"wp-caption aligncenter\"><a href=\"https:\/\/www.2beauty.com.br\/blog\/wp-content\/uploads\/2018\/07\/base7.jpg\"><img loading=\"lazy\" decoding=\"async\" class=\"wp-image-97025 size-full\" src=\"https:\/\/www.2beauty.com.br\/blog\/wp-content\/uploads\/2018\/07\/base7.jpg\" alt=\"NARS Natural Radiant Longwear Foundation\" width=\"900\" height=\"600\" srcset=\"https:\/\/www.2beauty.com.br\/blog\/wp-content\/uploads\/2018\/07\/base7.jpg 900w, https:\/\/www.2beauty.com.br\/blog\/wp-content\/uploads\/2018\/07\/base7-580x387.jpg 580w, https:\/\/www.2beauty.com.br\/blog\/wp-content\/uploads\/2018\/07\/base7-768x512.jpg 768w, https:\/\/www.2beauty.com.br\/blog\/wp-content\/uploads\/2018\/07\/base7-620x413.jpg 620w\" sizes=\"(max-width: 900px) 100vw, 900px\" \/><\/a><figcaption id=\"caption-attachment-97025\" class=\"wp-caption-text\">Close acabamento, teste de transfer\u00eancia e pele com e sem base<\/figcaption><\/figure>\n<p>Acho que ela \u00e9 uma op\u00e7\u00e3o bem legal pra quem tem <strong>pele normal ou seca,<\/strong> porque ela n\u00e3o assenta\/seca ap\u00f3s ser esfumada, ent\u00e3o n\u00e3o real\u00e7a \u00e1reas ressecadas ou com textura diferente.<\/p>\n<p>Pelo mesmo motivo, tamb\u00e9m acho que quem tem pele oleosa n\u00e3o vai curtir tanto, especialmente em dias quentes.<\/p>\n<p><strong>Quanto \u00e0 cobertura, fiquei super satisfeita.<\/strong><\/p>\n<p>Quando uso ela, n\u00e3o preciso aplicar corretivo.<\/p>\n<p>O que eu fa\u00e7o \u00e9 aplicar uma segunda camada de base na \u00e1rea das olheiras e depois assento com um pouco de Amarelinho, porque se n\u00e3o rolar um p\u00f3 pra *cimentar* o produto, ele acaba acumulando nas minhas linhas finas abaixo dos olhos e na p\u00e1lpebra.<\/p>\n<p><a href=\"https:\/\/www.2beauty.com.br\/blog\/wp-content\/uploads\/2018\/07\/base-10.jpg\"><img loading=\"lazy\" decoding=\"async\" class=\"aligncenter size-full wp-image-97032\" src=\"https:\/\/www.2beauty.com.br\/blog\/wp-content\/uploads\/2018\/07\/base-10.jpg\" alt=\"NARS Natural Radiant Longwear Foundation\" width=\"900\" height=\"600\" srcset=\"https:\/\/www.2beauty.com.br\/blog\/wp-content\/uploads\/2018\/07\/base-10.jpg 900w, https:\/\/www.2beauty.com.br\/blog\/wp-content\/uploads\/2018\/07\/base-10-580x387.jpg 580w, https:\/\/www.2beauty.com.br\/blog\/wp-content\/uploads\/2018\/07\/base-10-768x512.jpg 768w, https:\/\/www.2beauty.com.br\/blog\/wp-content\/uploads\/2018\/07\/base-10-620x413.jpg 620w\" sizes=\"(max-width: 900px) 100vw, 900px\" \/><\/a><\/p>\n<p><a href=\"https:\/\/www.2beauty.com.br\/blog\/wp-content\/uploads\/2018\/07\/base12.jpg\"><img loading=\"lazy\" decoding=\"async\" class=\"aligncenter size-full wp-image-97030\" src=\"https:\/\/www.2beauty.com.br\/blog\/wp-content\/uploads\/2018\/07\/base12.jpg\" alt=\"NARS Natural Radiant Longwear Foundation\" width=\"900\" height=\"600\" srcset=\"https:\/\/www.2beauty.com.br\/blog\/wp-content\/uploads\/2018\/07\/base12.jpg 900w, https:\/\/www.2beauty.com.br\/blog\/wp-content\/uploads\/2018\/07\/base12-580x387.jpg 580w, https:\/\/www.2beauty.com.br\/blog\/wp-content\/uploads\/2018\/07\/base12-768x512.jpg 768w, https:\/\/www.2beauty.com.br\/blog\/wp-content\/uploads\/2018\/07\/base12-620x413.jpg 620w\" sizes=\"(max-width: 900px) 100vw, 900px\" \/><\/a><\/p>\n<figure id=\"attachment_97027\" aria-describedby=\"caption-attachment-97027\" style=\"width: 900px\" class=\"wp-caption aligncenter\"><a href=\"https:\/\/www.2beauty.com.br\/blog\/wp-content\/uploads\/2018\/07\/base13.jpg\"><img loading=\"lazy\" decoding=\"async\" class=\"wp-image-97027 size-full\" src=\"https:\/\/www.2beauty.com.br\/blog\/wp-content\/uploads\/2018\/07\/base13.jpg\" alt=\"NARS Natural Radiant Longwear Foundation\" width=\"900\" height=\"600\" srcset=\"https:\/\/www.2beauty.com.br\/blog\/wp-content\/uploads\/2018\/07\/base13.jpg 900w, https:\/\/www.2beauty.com.br\/blog\/wp-content\/uploads\/2018\/07\/base13-580x387.jpg 580w, https:\/\/www.2beauty.com.br\/blog\/wp-content\/uploads\/2018\/07\/base13-768x512.jpg 768w, https:\/\/www.2beauty.com.br\/blog\/wp-content\/uploads\/2018\/07\/base13-620x413.jpg 620w\" sizes=\"(max-width: 900px) 100vw, 900px\" \/><\/a><figcaption id=\"caption-attachment-97027\" class=\"wp-caption-text\">Maquiagem pronta e ap\u00f3s sete horas<\/figcaption><\/figure>\n<p><strong>E a fixa\u00e7\u00e3o?<\/strong><\/p>\n<p>A descri\u00e7\u00e3o fala em at\u00e9 16 horas, mas achei normal&#8230;<\/p>\n<p>Minha pele n\u00e3o ficou mais ou menos lustrosa do que costuma ficar nessa \u00e9poca do ano e a cobertura se mant\u00e9m legal ao longo do dia *SE* voc\u00ea n\u00e3o passar a m\u00e3o no rosto ou coisa assim, porque, como j\u00e1 comentei, ela transfere.<\/p>\n<h3>Resumo<\/h3>\n<p>Pras minhas necessidades, achei \u00f3tima! Apesar do pre\u00e7o super alto, acredito que quem tem pele normal ou seca vai gostar dela tamb\u00e9m, porque a base rende muito, tem boa cobertura e acabamento lindo e natural.<\/p>\n<p>Quem tem pele oleosa ou mora em lugar quente, melhor evitar.<\/p>\n<hr \/>\n<h3>Avalia\u00e7\u00e3o Geral<\/h3>\n<ul>\n<li>Textura e aplica\u00e7\u00e3o: 5\/5<\/li>\n<li>Cobertura e pigmenta\u00e7\u00e3o: 4\/5<\/li>\n<li>Fixa\u00e7\u00e3o: 3\/5<\/li>\n<li>Pre\u00e7o: 1\/5<\/li>\n<li>Apresenta\u00e7\u00e3o: 5\/5<\/li>\n<li>Realidade x Descri\u00e7\u00e3o oficial: 3\/5<\/li>\n<li><strong>M\u00e9dia: 3,5<br \/>\n<\/strong><\/li>\n<\/ul>\n<h5>Para visualizar a lista completa de crit\u00e9rios e notas, <a href=\"https:\/\/www.2beauty.com.br\/blog\/images\/avaliacao.gif\" target=\"_blank\" rel=\"noopener noreferrer\">clica aqui<\/a>.<\/h5>\n<hr \/>\n<div class=\"shopthepost-widget\" data-widget-id=\"3220343\">\r\n                <script type=\"text\/javascript\" language=\"javascript\">\r\n                    !function(d,s,id){\r\n                        var e, p = \/^http:\/.test(d.location) ? 'http' : 'https';\r\n                        if(!d.getElementById(id)) {\r\n                            e     = d.createElement(s);\r\n                            e.id  = id;\r\n                            e.src = p + ':\/\/widgets.rewardstyle.com\/js\/shopthepost.js';\r\n                            d.body.appendChild(e);\r\n                        }\r\n                        if(typeof window.__stp === 'object') if(d.readyState === 'complete') {\r\n                            window.__stp.init();\r\n                        }\r\n                    }(document, 'script', 'shopthepost-script');\r\n                <\/script>\r\n                <div class=\"rs-adblock\">\r\n                    <img decoding=\"async\" src=\"\/\/assets.rewardstyle.com\/images\/search\/350.gif\" style=\"width:15px;height:15px;\" onerror=\"this.parentNode.innerHTML='Turn off your ad blocker to view content'\" \/>\r\n                    <noscript>Turn on your JavaScript to view content<\/noscript>\r\n                <\/div>\r\n            <\/div>\n","protected":false},"excerpt":{"rendered":"<p>3,5 estrelinhas Paguei caro por esta base, mas gostei dela. Ainda bem! O que achei mais legal na Natural Radiant Longwear da NARS \u00e9 que ela \u00e9 uma base de alta cobertura que n\u00e3o deixa a pele com aspecto pesado ou artificial. Pelo contr\u00e1rio! O que eu n\u00e3o gostei tanto assim \u00e9 que ela n\u00e3o seca totalmente depois de esfumada, ent\u00e3o transfere com facilidade. A descri\u00e7\u00e3o diz o seguinte: Sua pele aperfei\u00e7oada. Sem parecer marcarada. NARS apresenta Natural Radiant Longwear Foundation: 16 horas de fixa\u00e7\u00e3o, cobertura constru\u00edvel de m\u00e9dia \u00e0 alta intensidade e acabamento natural e confort\u00e1vel. Dispon\u00edvel em 15 cores para todos os tons de pele. Sua f\u00f3rmula \u00e9 resistente ao suor, n\u00e3o transfere, n\u00e3o oxida e se mant\u00e9m ao longo do dia radiante e fresca, com apar\u00eancia de rec\u00e9m aplicada. Esta f\u00f3rmula apresenta textura fluida que facilita a aplica\u00e7\u00e3o deixando a pele confort\u00e1vel, sem pesar, craquelar ou vincar. Cont\u00e9m NARS\u2019 Skin Optimizing Complex &#8211; Extratos da framboesa, ma\u00e7\u00e3 e melancia ajudam na elasticidade das fibras da pele proporcionando suavidade e melhorando sua textura. Possui combina\u00e7\u00e3o de fundo transl\u00facido com pigmentos que s\u00e3o capazes de reconhecer e se fundir com a pele criando uma ades\u00e3o \u00f3ptica de pele natural. O frasco com 30ml de base custa R$275,00 reais nas lojas e no site da Sephora Brasil. Comprei a Natural Radiant Longwear na cor Punjab e ela ficou perfeita no meu rosto. Sua textura n\u00e3o \u00e9 super fina, mas est\u00e1 longe de ser densa ou dif\u00edcil de espalhar. Ali\u00e1s, esse \u00e9 outro ponto positivo do produto, porque um pouquinho de base rende muito! Antes de fazer a compra, assisti uma apresenta\u00e7\u00e3o sobre ela e a maquiadora explicou que a base &#8220;estica&#8221; bem ou seja, uma gotinha cobre bastante ao ser esfumada com os dedos ou com um pincel. Seu acabamento \u00e9 do tipo natural\/minha pele mesmo, o que me agradou bastante, j\u00e1 que algumas bases matte tem deixado minha pele com aspecto \u00e1spero por conta do frio de Porto Alegre. Acho que ela \u00e9 uma op\u00e7\u00e3o bem legal pra quem tem pele normal ou seca, porque ela n\u00e3o assenta\/seca ap\u00f3s ser esfumada, ent\u00e3o n\u00e3o real\u00e7a \u00e1reas ressecadas ou com textura diferente. Pelo mesmo motivo, tamb\u00e9m acho que quem tem pele oleosa n\u00e3o vai curtir tanto, especialmente em dias quentes. Quanto \u00e0 cobertura, fiquei super satisfeita. Quando uso ela, n\u00e3o preciso aplicar corretivo. O que eu fa\u00e7o \u00e9 aplicar uma segunda camada de base na \u00e1rea das olheiras e depois assento com um pouco de Amarelinho, porque se n\u00e3o rolar um p\u00f3 pra *cimentar* o produto, ele acaba acumulando nas minhas linhas finas abaixo dos olhos e na p\u00e1lpebra. E a fixa\u00e7\u00e3o? A descri\u00e7\u00e3o fala em at\u00e9 16 horas, mas achei normal&#8230; Minha pele n\u00e3o ficou mais ou menos lustrosa do que costuma ficar nessa \u00e9poca do ano e a cobertura se mant\u00e9m legal ao longo do dia *SE* voc\u00ea n\u00e3o passar a m\u00e3o no rosto ou coisa assim, porque, como j\u00e1 comentei, ela transfere. Resumo Pras minhas necessidades, achei \u00f3tima! Apesar do pre\u00e7o super alto, acredito que quem tem pele normal ou seca vai gostar dela tamb\u00e9m, porque a base rende muito, tem boa cobertura e acabamento lindo e natural. Quem tem pele oleosa ou mora em lugar quente, melhor evitar. Avalia\u00e7\u00e3o Geral Textura e aplica\u00e7\u00e3o: 5\/5 Cobertura e pigmenta\u00e7\u00e3o: 4\/5 Fixa\u00e7\u00e3o: 3\/5 Pre\u00e7o: 1\/5 Apresenta\u00e7\u00e3o: 5\/5 Realidade x Descri\u00e7\u00e3o oficial: 3\/5 M\u00e9dia: 3,5 Para visualizar a lista completa de crit\u00e9rios e notas, clica aqui.<\/p>\n","protected":false},"author":1,"featured_media":97019,"comment_status":"open","ping_status":"closed","sticky":false,"template":"","format":"standard","meta":{"_uag_custom_page_level_css":"","footnotes":""},"categories":[84],"tags":[4110,4088,303,4128],"class_list":["post-97015","post","type-post","status-publish","format-standard","has-post-thumbnail","hentry","category-maquiagem","tag-base","tag-maquiagem","tag-nars","tag-resenhas"],"uagb_featured_image_src":{"full":["https:\/\/www.2beauty.com.br\/blog\/wp-content\/uploads\/2018\/07\/base1.jpg",900,600,false],"thumbnail":["https:\/\/www.2beauty.com.br\/blog\/wp-content\/uploads\/2018\/07\/base1-300x250.jpg",300,250,true],"medium":["https:\/\/www.2beauty.com.br\/blog\/wp-content\/uploads\/2018\/07\/base1-580x387.jpg",580,387,true],"medium_large":["https:\/\/www.2beauty.com.br\/blog\/wp-content\/uploads\/2018\/07\/base1-768x512.jpg",768,512,true],"large":["https:\/\/www.2beauty.com.br\/blog\/wp-content\/uploads\/2018\/07\/base1-620x413.jpg",620,413,true],"1536x1536":["https:\/\/www.2beauty.com.br\/blog\/wp-content\/uploads\/2018\/07\/base1.jpg",900,600,false],"2048x2048":["https:\/\/www.2beauty.com.br\/blog\/wp-content\/uploads\/2018\/07\/base1.jpg",900,600,false],"ashe-slider-grid-thumbnail":["https:\/\/www.2beauty.com.br\/blog\/wp-content\/uploads\/2018\/07\/base1.jpg",810,540,false],"ashe-full-thumbnail":["https:\/\/www.2beauty.com.br\/blog\/wp-content\/uploads\/2018\/07\/base1.jpg",900,600,false],"ashe-grid-thumbnail":["https:\/\/www.2beauty.com.br\/blog\/wp-content\/uploads\/2018\/07\/base1.jpg",495,330,false],"ashe-list-thumbnail":["https:\/\/www.2beauty.com.br\/blog\/wp-content\/uploads\/2018\/07\/base1.jpg",300,200,false],"ashe-single-navigation":["https:\/\/www.2beauty.com.br\/blog\/wp-content\/uploads\/2018\/07\/base1.jpg",75,50,false]},"uagb_author_info":{"display_name":"Marina Smith","author_link":"https:\/\/www.2beauty.com.br\/blog\/author\/marinasmith\/"},"uagb_comment_info":0,"uagb_excerpt":"3,5 estrelinhas Paguei caro por esta base, mas gostei dela. Ainda bem! O que achei mais legal na Natural Radiant Longwear da NARS \u00e9 que ela \u00e9 uma base de alta cobertura que n\u00e3o deixa a pele com aspecto pesado ou artificial. Pelo contr\u00e1rio! O que eu n\u00e3o gostei tanto assim \u00e9 que ela n\u00e3o&hellip;","acf":[],"_links":{"self":[{"href":"https:\/\/www.2beauty.com.br\/blog\/wp-json\/wp\/v2\/posts\/97015","targetHints":{"allow":["GET"]}}],"collection":[{"href":"https:\/\/www.2beauty.com.br\/blog\/wp-json\/wp\/v2\/posts"}],"about":[{"href":"https:\/\/www.2beauty.com.br\/blog\/wp-json\/wp\/v2\/types\/post"}],"author":[{"embeddable":true,"href":"https:\/\/www.2beauty.com.br\/blog\/wp-json\/wp\/v2\/users\/1"}],"replies":[{"embeddable":true,"href":"https:\/\/www.2beauty.com.br\/blog\/wp-json\/wp\/v2\/comments?post=97015"}],"version-history":[{"count":0,"href":"https:\/\/www.2beauty.com.br\/blog\/wp-json\/wp\/v2\/posts\/97015\/revisions"}],"wp:featuredmedia":[{"embeddable":true,"href":"https:\/\/www.2beauty.com.br\/blog\/wp-json\/wp\/v2\/media\/97019"}],"wp:attachment":[{"href":"https:\/\/www.2beauty.com.br\/blog\/wp-json\/wp\/v2\/media?parent=97015"}],"wp:term":[{"taxonomy":"category","embeddable":true,"href":"https:\/\/www.2beauty.com.br\/blog\/wp-json\/wp\/v2\/categories?post=97015"},{"taxonomy":"post_tag","embeddable":true,"href":"https:\/\/www.2beauty.com.br\/blog\/wp-json\/wp\/v2\/tags?post=97015"}],"curies":[{"name":"wp","href":"https:\/\/api.w.org\/{rel}","templated":true}]}}