{"id":96866,"date":"2018-07-16T18:08:54","date_gmt":"2018-07-16T20:08:54","guid":{"rendered":"https:\/\/www.2beauty.com.br\/blog\/?p=96866"},"modified":"2019-02-15T16:09:31","modified_gmt":"2019-02-15T18:09:31","slug":"o-la-em-casa-selecao-croata-de-futebol","status":"publish","type":"post","link":"https:\/\/www.2beauty.com.br\/blog\/2018\/07\/o-la-em-casa-selecao-croata-de-futebol\/","title":{"rendered":"\u00d4, l\u00e1 em casa&#8230; Sele\u00e7\u00e3o Croata de Futebol"},"content":{"rendered":"<figure id=\"attachment_96867\" aria-describedby=\"caption-attachment-96867\" style=\"width: 900px\" class=\"wp-caption aligncenter\"><a href=\"https:\/\/www.2beauty.com.br\/blog\/wp-content\/uploads\/2018\/07\/croacia.jpg\"><img fetchpriority=\"high\" decoding=\"async\" class=\"size-full wp-image-96867\" src=\"https:\/\/www.2beauty.com.br\/blog\/wp-content\/uploads\/2018\/07\/croacia.jpg\" alt=\"Sele\u00e7\u00e3o Croata de Futebol\" width=\"900\" height=\"600\" srcset=\"https:\/\/www.2beauty.com.br\/blog\/wp-content\/uploads\/2018\/07\/croacia.jpg 900w, https:\/\/www.2beauty.com.br\/blog\/wp-content\/uploads\/2018\/07\/croacia-580x387.jpg 580w, https:\/\/www.2beauty.com.br\/blog\/wp-content\/uploads\/2018\/07\/croacia-860x573.jpg 860w, https:\/\/www.2beauty.com.br\/blog\/wp-content\/uploads\/2018\/07\/croacia-768x512.jpg 768w, https:\/\/www.2beauty.com.br\/blog\/wp-content\/uploads\/2018\/07\/croacia-620x413.jpg 620w\" sizes=\"(max-width: 900px) 100vw, 900px\" \/><\/a><figcaption id=\"caption-attachment-96867\" class=\"wp-caption-text\">Foto: Shutterstock.com<\/figcaption><\/figure>\n<p><strong>Torci tanto e n\u00e3o deu certo&#8230;<\/strong><\/p>\n<p>A Fran\u00e7a \u00e9 campe\u00e3 (maldito p\u00e9 frio!), mas a <strong>Cro\u00e1cia<\/strong> conquistou o cora\u00e7\u00e3o de todo mundo.<\/p>\n<p>Tudo bom, gente? Como foi o final de semana de voc\u00eas?<\/p>\n<p>Eu comecei uma limpeza geral dos arm\u00e1rios e gavetas, porque falta espa\u00e7o aqui em casa.<\/p>\n<p><a href=\"https:\/\/www.instagram.com\/marina2beauty\/\" target=\"_blank\" rel=\"noopener\"><img decoding=\"async\" class=\"aligncenter size-full wp-image-96869\" src=\"https:\/\/www.2beauty.com.br\/blog\/wp-content\/uploads\/2018\/07\/1-4.jpg\" alt=\"instagram.com\/marina2beauty\" width=\"900\" height=\"600\" srcset=\"https:\/\/www.2beauty.com.br\/blog\/wp-content\/uploads\/2018\/07\/1-4.jpg 900w, https:\/\/www.2beauty.com.br\/blog\/wp-content\/uploads\/2018\/07\/1-4-580x387.jpg 580w, https:\/\/www.2beauty.com.br\/blog\/wp-content\/uploads\/2018\/07\/1-4-768x512.jpg 768w, https:\/\/www.2beauty.com.br\/blog\/wp-content\/uploads\/2018\/07\/1-4-620x413.jpg 620w\" sizes=\"(max-width: 900px) 100vw, 900px\" \/><\/a><\/p>\n<p>A faxina ainda n\u00e3o acabou, mas j\u00e1 organizei as maquiagens, as roupas e o arm\u00e1rio do escrit\u00f3rio.<\/p>\n<p>Comprei um tapete novo pra sala de jantar e um quadro grande pra esconder as caixas de luz que eu acho muito feias.<\/p>\n<p>Agora falta dar uma olhada nos arm\u00e1rios da cozinha.<\/p>\n<p>Entre uma limpeza e outra, encontrei os <strong>amigos #Doritenses<\/strong> para comer pizza e tomar vinho.<\/p>\n<p>O encontro foi na casa da Carol e al\u00e9m dela ter o cachorro mais de boas do mundo, o marido dela faz um brigadeiro branco de colher que \u00e9 incr\u00edvel!<\/p>\n<p>N\u00e3o \u00e9 uma harmoniza\u00e7\u00e3o comum, mas <strong>pizza, ros\u00e9 e brigadeiro<\/strong> s\u00e3o tudo que eu sempre quis numa sexta-feira \u00e0 noite.<\/p>\n<p><a href=\"https:\/\/www.instagram.com\/marina2beauty\/\" target=\"_blank\" rel=\"noopener\"><img decoding=\"async\" class=\"aligncenter size-full wp-image-96870\" src=\"https:\/\/www.2beauty.com.br\/blog\/wp-content\/uploads\/2018\/07\/2-4.jpg\" alt=\"instagram.com\/marina2beauty\" width=\"900\" height=\"600\" srcset=\"https:\/\/www.2beauty.com.br\/blog\/wp-content\/uploads\/2018\/07\/2-4.jpg 900w, https:\/\/www.2beauty.com.br\/blog\/wp-content\/uploads\/2018\/07\/2-4-580x387.jpg 580w, https:\/\/www.2beauty.com.br\/blog\/wp-content\/uploads\/2018\/07\/2-4-768x512.jpg 768w, https:\/\/www.2beauty.com.br\/blog\/wp-content\/uploads\/2018\/07\/2-4-620x413.jpg 620w\" sizes=\"(max-width: 900px) 100vw, 900px\" \/><\/a><\/p>\n<p>Domingo foi tranquilo: fiquei em casa, limpei, organizei e, s\u00f3 pra n\u00e3o perder o costume, usei m\u00e1scaras faciais, dormi muuuuuito, tomei um pouco de vinho e li.<\/p>\n<p>J\u00e1 que estamos no assunto *leitura*, vale lembrar que nessa quarta, \u00e0s 21h, acontecer\u00e1 a primeira live do <strong>Clube do Livro<\/strong> no meu Instagram (<a href=\"https:\/\/www.2beauty.com.br\/blog\/2018\/06\/28\/clube-do-livro-do-marinao-primeira-edicao\/\" target=\"_blank\" rel=\"noopener\">post aqui<\/a>).<\/p>\n<p>Apare\u00e7am!<\/p>\n<p><strong>Boa semana, pessoal :)<\/strong><\/p>\n","protected":false},"excerpt":{"rendered":"<p>Torci tanto e n\u00e3o deu certo&#8230; A Fran\u00e7a \u00e9 campe\u00e3 (maldito p\u00e9 frio!), mas a Cro\u00e1cia conquistou o cora\u00e7\u00e3o de todo mundo. Tudo bom, gente? Como foi o final de semana de voc\u00eas? Eu comecei uma limpeza geral dos arm\u00e1rios e gavetas, porque falta espa\u00e7o aqui em casa. A faxina ainda n\u00e3o acabou, mas j\u00e1 organizei as maquiagens, as roupas e o arm\u00e1rio do escrit\u00f3rio. Comprei um tapete novo pra sala de jantar e um quadro grande pra esconder as caixas de luz que eu acho muito feias. Agora falta dar uma olhada nos arm\u00e1rios da cozinha. Entre uma limpeza e outra, encontrei os amigos #Doritenses para comer pizza e tomar vinho. O encontro foi na casa da Carol e al\u00e9m dela ter o cachorro mais de boas do mundo, o marido dela faz um brigadeiro branco de colher que \u00e9 incr\u00edvel! N\u00e3o \u00e9 uma harmoniza\u00e7\u00e3o comum, mas pizza, ros\u00e9 e brigadeiro s\u00e3o tudo que eu sempre quis numa sexta-feira \u00e0 noite. Domingo foi tranquilo: fiquei em casa, limpei, organizei e, s\u00f3 pra n\u00e3o perder o costume, usei m\u00e1scaras faciais, dormi muuuuuito, tomei um pouco de vinho e li. J\u00e1 que estamos no assunto *leitura*, vale lembrar que nessa quarta, \u00e0s 21h, acontecer\u00e1 a primeira live do Clube do Livro no meu Instagram (post aqui). Apare\u00e7am! Boa semana, pessoal :)<\/p>\n","protected":false},"author":1,"featured_media":96867,"comment_status":"open","ping_status":"closed","sticky":false,"template":"","format":"standard","meta":{"_uag_custom_page_level_css":"","footnotes":""},"categories":[1],"tags":[822,4281,4129],"class_list":["post-96866","post","type-post","status-publish","format-standard","has-post-thumbnail","hentry","category-geral","tag-o-la-em-casa","tag-selecao-croata-de-futebol","tag-vidinha-e-novidades"],"uagb_featured_image_src":{"full":["https:\/\/www.2beauty.com.br\/blog\/wp-content\/uploads\/2018\/07\/croacia.jpg",900,600,false],"thumbnail":["https:\/\/www.2beauty.com.br\/blog\/wp-content\/uploads\/2018\/07\/croacia-300x250.jpg",300,250,true],"medium":["https:\/\/www.2beauty.com.br\/blog\/wp-content\/uploads\/2018\/07\/croacia-580x387.jpg",580,387,true],"medium_large":["https:\/\/www.2beauty.com.br\/blog\/wp-content\/uploads\/2018\/07\/croacia-768x512.jpg",768,512,true],"large":["https:\/\/www.2beauty.com.br\/blog\/wp-content\/uploads\/2018\/07\/croacia-620x413.jpg",620,413,true],"1536x1536":["https:\/\/www.2beauty.com.br\/blog\/wp-content\/uploads\/2018\/07\/croacia.jpg",900,600,false],"2048x2048":["https:\/\/www.2beauty.com.br\/blog\/wp-content\/uploads\/2018\/07\/croacia.jpg",900,600,false],"ashe-slider-grid-thumbnail":["https:\/\/www.2beauty.com.br\/blog\/wp-content\/uploads\/2018\/07\/croacia.jpg",810,540,false],"ashe-full-thumbnail":["https:\/\/www.2beauty.com.br\/blog\/wp-content\/uploads\/2018\/07\/croacia.jpg",900,600,false],"ashe-grid-thumbnail":["https:\/\/www.2beauty.com.br\/blog\/wp-content\/uploads\/2018\/07\/croacia.jpg",495,330,false],"ashe-list-thumbnail":["https:\/\/www.2beauty.com.br\/blog\/wp-content\/uploads\/2018\/07\/croacia.jpg",300,200,false],"ashe-single-navigation":["https:\/\/www.2beauty.com.br\/blog\/wp-content\/uploads\/2018\/07\/croacia.jpg",75,50,false]},"uagb_author_info":{"display_name":"Marina Smith","author_link":"https:\/\/www.2beauty.com.br\/blog\/author\/marinasmith\/"},"uagb_comment_info":0,"uagb_excerpt":"Torci tanto e n\u00e3o deu certo&#8230; A Fran\u00e7a \u00e9 campe\u00e3 (maldito p\u00e9 frio!), mas a Cro\u00e1cia conquistou o cora\u00e7\u00e3o de todo mundo. Tudo bom, gente? Como foi o final de semana de voc\u00eas? Eu comecei uma limpeza geral dos arm\u00e1rios e gavetas, porque falta espa\u00e7o aqui em casa. A faxina ainda n\u00e3o acabou, mas j\u00e1&hellip;","acf":[],"_links":{"self":[{"href":"https:\/\/www.2beauty.com.br\/blog\/wp-json\/wp\/v2\/posts\/96866","targetHints":{"allow":["GET"]}}],"collection":[{"href":"https:\/\/www.2beauty.com.br\/blog\/wp-json\/wp\/v2\/posts"}],"about":[{"href":"https:\/\/www.2beauty.com.br\/blog\/wp-json\/wp\/v2\/types\/post"}],"author":[{"embeddable":true,"href":"https:\/\/www.2beauty.com.br\/blog\/wp-json\/wp\/v2\/users\/1"}],"replies":[{"embeddable":true,"href":"https:\/\/www.2beauty.com.br\/blog\/wp-json\/wp\/v2\/comments?post=96866"}],"version-history":[{"count":0,"href":"https:\/\/www.2beauty.com.br\/blog\/wp-json\/wp\/v2\/posts\/96866\/revisions"}],"wp:featuredmedia":[{"embeddable":true,"href":"https:\/\/www.2beauty.com.br\/blog\/wp-json\/wp\/v2\/media\/96867"}],"wp:attachment":[{"href":"https:\/\/www.2beauty.com.br\/blog\/wp-json\/wp\/v2\/media?parent=96866"}],"wp:term":[{"taxonomy":"category","embeddable":true,"href":"https:\/\/www.2beauty.com.br\/blog\/wp-json\/wp\/v2\/categories?post=96866"},{"taxonomy":"post_tag","embeddable":true,"href":"https:\/\/www.2beauty.com.br\/blog\/wp-json\/wp\/v2\/tags?post=96866"}],"curies":[{"name":"wp","href":"https:\/\/api.w.org\/{rel}","templated":true}]}}