{"id":91397,"date":"2017-11-17T11:09:31","date_gmt":"2017-11-17T13:09:31","guid":{"rendered":"https:\/\/www.2beauty.com.br\/blog\/?p=91397"},"modified":"2019-02-15T16:09:41","modified_gmt":"2019-02-15T18:09:41","slug":"batom-liquido-matte-tracta-paris-tule-amendoa-licor","status":"publish","type":"post","link":"https:\/\/www.2beauty.com.br\/blog\/2017\/11\/batom-liquido-matte-tracta-paris-tule-amendoa-licor\/","title":{"rendered":"Batom L\u00edquido Matte Tracta"},"content":{"rendered":"<p><a href=\"https:\/\/www.2beauty.com.br\/blog\/wp-content\/uploads\/2017\/11\/tracta1.jpg\"><img fetchpriority=\"high\" decoding=\"async\" class=\"aligncenter size-full wp-image-91398\" src=\"https:\/\/www.2beauty.com.br\/blog\/wp-content\/uploads\/2017\/11\/tracta1.jpg\" alt=\"Batom L\u00edquido Matte Tracta\" width=\"900\" height=\"600\" srcset=\"https:\/\/www.2beauty.com.br\/blog\/wp-content\/uploads\/2017\/11\/tracta1.jpg 900w, https:\/\/www.2beauty.com.br\/blog\/wp-content\/uploads\/2017\/11\/tracta1-580x387.jpg 580w, https:\/\/www.2beauty.com.br\/blog\/wp-content\/uploads\/2017\/11\/tracta1-860x573.jpg 860w, https:\/\/www.2beauty.com.br\/blog\/wp-content\/uploads\/2017\/11\/tracta1-768x512.jpg 768w, https:\/\/www.2beauty.com.br\/blog\/wp-content\/uploads\/2017\/11\/tracta1-620x413.jpg 620w\" sizes=\"(max-width: 900px) 100vw, 900px\" \/><\/a><\/p>\n<p>Recebi mais algumas cores da linha de <strong>batons l\u00edquidos com acabamento matte da Tracta<\/strong> e estou apegad\u00edssima a um dos tons.<\/p>\n<h3>Eles tem f\u00f3rmula que promete:<\/h3>\n<ul>\n<li>Alta cobertura;<\/li>\n<li>Longa dura\u00e7\u00e3o;<\/li>\n<li>Secagem r\u00e1pida;<\/li>\n<li>Cobertura perfeita que n\u00e3o escorre e n\u00e3o craquela.<\/li>\n<\/ul>\n<p>Os batons custam em torno de <strong>R$20,00 reais cada<\/strong> e podem ser adquiridos em lojas, farm\u00e1cias e sites que vendem os produtos da marca.<\/p>\n<p><a href=\"https:\/\/www.2beauty.com.br\/blog\/wp-content\/uploads\/2017\/11\/tracta3.jpg\"><img decoding=\"async\" class=\"aligncenter size-full wp-image-91400\" src=\"https:\/\/www.2beauty.com.br\/blog\/wp-content\/uploads\/2017\/11\/tracta3.jpg\" alt=\"Batom L\u00edquido Matte Tracta\" width=\"900\" height=\"600\" srcset=\"https:\/\/www.2beauty.com.br\/blog\/wp-content\/uploads\/2017\/11\/tracta3.jpg 900w, https:\/\/www.2beauty.com.br\/blog\/wp-content\/uploads\/2017\/11\/tracta3-580x387.jpg 580w, https:\/\/www.2beauty.com.br\/blog\/wp-content\/uploads\/2017\/11\/tracta3-768x512.jpg 768w, https:\/\/www.2beauty.com.br\/blog\/wp-content\/uploads\/2017\/11\/tracta3-620x413.jpg 620w\" sizes=\"(max-width: 900px) 100vw, 900px\" \/><\/a><\/p>\n<p><a href=\"https:\/\/www.2beauty.com.br\/blog\/wp-content\/uploads\/2017\/11\/tracta2.jpg\"><img decoding=\"async\" class=\"aligncenter size-full wp-image-91399\" src=\"https:\/\/www.2beauty.com.br\/blog\/wp-content\/uploads\/2017\/11\/tracta2.jpg\" alt=\"Batom L\u00edquido Matte Tracta\" width=\"900\" height=\"600\" srcset=\"https:\/\/www.2beauty.com.br\/blog\/wp-content\/uploads\/2017\/11\/tracta2.jpg 900w, https:\/\/www.2beauty.com.br\/blog\/wp-content\/uploads\/2017\/11\/tracta2-580x387.jpg 580w, https:\/\/www.2beauty.com.br\/blog\/wp-content\/uploads\/2017\/11\/tracta2-768x512.jpg 768w, https:\/\/www.2beauty.com.br\/blog\/wp-content\/uploads\/2017\/11\/tracta2-620x413.jpg 620w\" sizes=\"(max-width: 900px) 100vw, 900px\" \/><\/a><\/p>\n<figure id=\"attachment_91407\" aria-describedby=\"caption-attachment-91407\" style=\"width: 900px\" class=\"wp-caption aligncenter\"><a href=\"https:\/\/www.2beauty.com.br\/blog\/wp-content\/uploads\/2017\/11\/tracta10.jpg\"><img loading=\"lazy\" decoding=\"async\" class=\"wp-image-91407 size-full\" src=\"https:\/\/www.2beauty.com.br\/blog\/wp-content\/uploads\/2017\/11\/tracta10.jpg\" alt=\"Batom L\u00edquido Matte Tracta\" width=\"900\" height=\"400\" srcset=\"https:\/\/www.2beauty.com.br\/blog\/wp-content\/uploads\/2017\/11\/tracta10.jpg 900w, https:\/\/www.2beauty.com.br\/blog\/wp-content\/uploads\/2017\/11\/tracta10-580x258.jpg 580w, https:\/\/www.2beauty.com.br\/blog\/wp-content\/uploads\/2017\/11\/tracta10-768x341.jpg 768w, https:\/\/www.2beauty.com.br\/blog\/wp-content\/uploads\/2017\/11\/tracta10-620x276.jpg 620w\" sizes=\"(max-width: 900px) 100vw, 900px\" \/><\/a><figcaption id=\"caption-attachment-91407\" class=\"wp-caption-text\">Amostrinhas<\/figcaption><\/figure>\n<h3>As cores do post s\u00e3o:<\/h3>\n<ul>\n<li><strong>Paris 35,<\/strong> cor de boca p\u00eassego rosado.<\/li>\n<li><strong>Tule 37,<\/strong> lil\u00e1s com toque cinza.<\/li>\n<li><strong>Am\u00eandoa 32,<\/strong> marrom acinzentado.<\/li>\n<li><strong>Licor 34,<\/strong> marrom mais escuro e fechado, tamb\u00e9m acinzentado.<\/li>\n<\/ul>\n<p>Os batons tem textura fina, espalham de forma homog\u00eanea e depois de uns dois minutinhos, secam por completo nos l\u00e1bios.<\/p>\n<p>A cobertura \u00e9 bacana e, apesar do acabamento matte, a sensa\u00e7\u00e3o na boca \u00e9 confort\u00e1vel.<\/p>\n<figure id=\"attachment_91402\" aria-describedby=\"caption-attachment-91402\" style=\"width: 900px\" class=\"wp-caption aligncenter\"><a href=\"https:\/\/www.2beauty.com.br\/blog\/wp-content\/uploads\/2017\/11\/tracta5.jpg\"><img loading=\"lazy\" decoding=\"async\" class=\"wp-image-91402 size-full\" src=\"https:\/\/www.2beauty.com.br\/blog\/wp-content\/uploads\/2017\/11\/tracta5.jpg\" alt=\"Batom L\u00edquido Matte Tracta\" width=\"900\" height=\"600\" srcset=\"https:\/\/www.2beauty.com.br\/blog\/wp-content\/uploads\/2017\/11\/tracta5.jpg 900w, https:\/\/www.2beauty.com.br\/blog\/wp-content\/uploads\/2017\/11\/tracta5-580x387.jpg 580w, https:\/\/www.2beauty.com.br\/blog\/wp-content\/uploads\/2017\/11\/tracta5-768x512.jpg 768w, https:\/\/www.2beauty.com.br\/blog\/wp-content\/uploads\/2017\/11\/tracta5-620x413.jpg 620w\" sizes=\"(max-width: 900px) 100vw, 900px\" \/><\/a><figcaption id=\"caption-attachment-91402\" class=\"wp-caption-text\">Paris<\/figcaption><\/figure>\n<figure id=\"attachment_91403\" aria-describedby=\"caption-attachment-91403\" style=\"width: 900px\" class=\"wp-caption aligncenter\"><a href=\"https:\/\/www.2beauty.com.br\/blog\/wp-content\/uploads\/2017\/11\/tracta6.jpg\"><img loading=\"lazy\" decoding=\"async\" class=\"wp-image-91403 size-full\" src=\"https:\/\/www.2beauty.com.br\/blog\/wp-content\/uploads\/2017\/11\/tracta6.jpg\" alt=\"Batom L\u00edquido Matte Tracta\" width=\"900\" height=\"600\" srcset=\"https:\/\/www.2beauty.com.br\/blog\/wp-content\/uploads\/2017\/11\/tracta6.jpg 900w, https:\/\/www.2beauty.com.br\/blog\/wp-content\/uploads\/2017\/11\/tracta6-580x387.jpg 580w, https:\/\/www.2beauty.com.br\/blog\/wp-content\/uploads\/2017\/11\/tracta6-768x512.jpg 768w, https:\/\/www.2beauty.com.br\/blog\/wp-content\/uploads\/2017\/11\/tracta6-620x413.jpg 620w\" sizes=\"(max-width: 900px) 100vw, 900px\" \/><\/a><figcaption id=\"caption-attachment-91403\" class=\"wp-caption-text\">Tule<\/figcaption><\/figure>\n<figure id=\"attachment_91404\" aria-describedby=\"caption-attachment-91404\" style=\"width: 900px\" class=\"wp-caption aligncenter\"><a href=\"https:\/\/www.2beauty.com.br\/blog\/wp-content\/uploads\/2017\/11\/tracta7.jpg\"><img loading=\"lazy\" decoding=\"async\" class=\"wp-image-91404 size-full\" src=\"https:\/\/www.2beauty.com.br\/blog\/wp-content\/uploads\/2017\/11\/tracta7.jpg\" alt=\"Batom L\u00edquido Matte Tracta\" width=\"900\" height=\"600\" srcset=\"https:\/\/www.2beauty.com.br\/blog\/wp-content\/uploads\/2017\/11\/tracta7.jpg 900w, https:\/\/www.2beauty.com.br\/blog\/wp-content\/uploads\/2017\/11\/tracta7-580x387.jpg 580w, https:\/\/www.2beauty.com.br\/blog\/wp-content\/uploads\/2017\/11\/tracta7-768x512.jpg 768w, https:\/\/www.2beauty.com.br\/blog\/wp-content\/uploads\/2017\/11\/tracta7-620x413.jpg 620w\" sizes=\"(max-width: 900px) 100vw, 900px\" \/><\/a><figcaption id=\"caption-attachment-91404\" class=\"wp-caption-text\">Am\u00eandoa<\/figcaption><\/figure>\n<figure id=\"attachment_91405\" aria-describedby=\"caption-attachment-91405\" style=\"width: 900px\" class=\"wp-caption aligncenter\"><a href=\"https:\/\/www.2beauty.com.br\/blog\/wp-content\/uploads\/2017\/11\/tracta8.jpg\"><img loading=\"lazy\" decoding=\"async\" class=\"wp-image-91405 size-full\" src=\"https:\/\/www.2beauty.com.br\/blog\/wp-content\/uploads\/2017\/11\/tracta8.jpg\" alt=\"Batom L\u00edquido Matte Tracta\" width=\"900\" height=\"600\" srcset=\"https:\/\/www.2beauty.com.br\/blog\/wp-content\/uploads\/2017\/11\/tracta8.jpg 900w, https:\/\/www.2beauty.com.br\/blog\/wp-content\/uploads\/2017\/11\/tracta8-580x387.jpg 580w, https:\/\/www.2beauty.com.br\/blog\/wp-content\/uploads\/2017\/11\/tracta8-768x512.jpg 768w, https:\/\/www.2beauty.com.br\/blog\/wp-content\/uploads\/2017\/11\/tracta8-620x413.jpg 620w\" sizes=\"(max-width: 900px) 100vw, 900px\" \/><\/a><figcaption id=\"caption-attachment-91405\" class=\"wp-caption-text\">Licor<\/figcaption><\/figure>\n<p>A fixa\u00e7\u00e3o \u00e9 digna, mas n\u00e3o \u00e9 alt\u00edssima.<\/p>\n<p>As cores <strong>transferem muito pouco ou nada depois de secas,<\/strong> mas acabam derretendo em contato com comida e quanto mais gorduroso for o lanche ou o almo\u00e7o, mas f\u00e1cil o batom vai saindo.<\/p>\n<p>Eu t\u00f4 apegad\u00edssima \u00e0 cor Paris (vai bem com tudo!), ent\u00e3o essa \u00e9 a que eu mais testei.<\/p>\n<p>Ao final do dia, o meu l\u00e1bio superior ainda est\u00e1 mais ou menos maquiado de Paris, mas o l\u00e1bio inferior est\u00e1 pelado.<\/p>\n<p>Para ver fotos de amostrinhas de Paris, Tule, Am\u00eandoa e Licor <strong>em outras pessoas,<\/strong> <a href=\"http:\/\/www.usadoeaprovado.com.br\/1789-2\/\" target=\"_blank\" rel=\"noopener\">clica aqui<\/a>, <a href=\"https:\/\/www.instagram.com\/p\/BYV0SrIH2x_\/?taken-by=tractafarmaervas\" target=\"_blank\" rel=\"noopener\">aqui<\/a> e <a href=\"https:\/\/divaparadivas.com\/2017\/08\/02\/resenha-lancamento-de-batons-tracta\/\" target=\"_blank\" rel=\"noopener\">aqui<\/a>.<\/p>\n<blockquote class=\"instagram-media\" style=\"background: #FFF;border: 0;margin: 1px;max-width: 900px;padding: 0\" data-instgrm-version=\"7\">\n<div style=\"padding: 8px\">\n<div style=\"background: #F8F8F8;line-height: 0;margin-top: 40px;padding: 28.10185185185185% 0;text-align: center;width: 100%\"><\/div>\n<p style=\"color: #c9c8cd;font-family: Arial,sans-serif;font-size: 14px;line-height: 17px;margin-bottom: 0;margin-top: 8px;overflow: hidden;padding: 8px 0 7px;text-align: center\"><a style=\"color: #c9c8cd;font-family: Arial,sans-serif;font-size: 14px;font-style: normal;font-weight: normal;line-height: 17px;text-decoration: none\" href=\"https:\/\/www.instagram.com\/p\/BbmQjyIhRYJ\/\" target=\"_blank\" rel=\"noopener\">Uma publica\u00e7\u00e3o compartilhada por Marina Smith (@marina2beauty)<\/a> em Nov 17, 2017 \u00e0s 5:21 PST<\/p>\n<\/div>\n<\/blockquote>\n<p><a href=\"https:\/\/www.2beauty.com.br\/blog\/wp-content\/uploads\/2017\/11\/tracta4.jpg\"><img loading=\"lazy\" decoding=\"async\" class=\"aligncenter size-full wp-image-91401\" src=\"https:\/\/www.2beauty.com.br\/blog\/wp-content\/uploads\/2017\/11\/tracta4.jpg\" alt=\"Batom L\u00edquido Matte Tracta\" width=\"900\" height=\"211\" srcset=\"https:\/\/www.2beauty.com.br\/blog\/wp-content\/uploads\/2017\/11\/tracta4.jpg 900w, https:\/\/www.2beauty.com.br\/blog\/wp-content\/uploads\/2017\/11\/tracta4-580x136.jpg 580w, https:\/\/www.2beauty.com.br\/blog\/wp-content\/uploads\/2017\/11\/tracta4-768x180.jpg 768w, https:\/\/www.2beauty.com.br\/blog\/wp-content\/uploads\/2017\/11\/tracta4-620x145.jpg 620w\" sizes=\"(max-width: 900px) 100vw, 900px\" \/><\/a><\/p>\n<figure id=\"attachment_91406\" aria-describedby=\"caption-attachment-91406\" style=\"width: 900px\" class=\"wp-caption aligncenter\"><a href=\"https:\/\/www.2beauty.com.br\/blog\/wp-content\/uploads\/2017\/11\/tracta9.jpg\"><img loading=\"lazy\" decoding=\"async\" class=\"wp-image-91406 size-full\" src=\"https:\/\/www.2beauty.com.br\/blog\/wp-content\/uploads\/2017\/11\/tracta9.jpg\" alt=\"Batom L\u00edquido Matte Tracta\" width=\"900\" height=\"1200\" srcset=\"https:\/\/www.2beauty.com.br\/blog\/wp-content\/uploads\/2017\/11\/tracta9.jpg 900w, https:\/\/www.2beauty.com.br\/blog\/wp-content\/uploads\/2017\/11\/tracta9-326x435.jpg 326w, https:\/\/www.2beauty.com.br\/blog\/wp-content\/uploads\/2017\/11\/tracta9-768x1024.jpg 768w, https:\/\/www.2beauty.com.br\/blog\/wp-content\/uploads\/2017\/11\/tracta9-620x827.jpg 620w\" sizes=\"(max-width: 900px) 100vw, 900px\" \/><\/a><figcaption id=\"caption-attachment-91406\" class=\"wp-caption-text\">Ingredientes e car\u00e3o<\/figcaption><\/figure>\n<div class=\"shopthepost-widget\" data-widget-id=\"2900706\">\r\n                <script type=\"text\/javascript\" language=\"javascript\">\r\n                    !function(d,s,id){\r\n                        var e, p = \/^http:\/.test(d.location) ? 'http' : 'https';\r\n                        if(!d.getElementById(id)) {\r\n                            e     = d.createElement(s);\r\n                            e.id  = id;\r\n                            e.src = p + ':\/\/widgets.rewardstyle.com\/js\/shopthepost.js';\r\n                            d.body.appendChild(e);\r\n                        }\r\n                        if(typeof window.__stp === 'object') if(d.readyState === 'complete') {\r\n                            window.__stp.init();\r\n                        }\r\n                    }(document, 'script', 'shopthepost-script');\r\n                <\/script>\r\n                <div class=\"rs-adblock\">\r\n                    <img decoding=\"async\" src=\"\/\/assets.rewardstyle.com\/images\/search\/350.gif\" style=\"width:15px;height:15px;\" onerror=\"this.parentNode.innerHTML='Turn off your ad blocker to view content'\" \/>\r\n                    <noscript>Turn on your JavaScript to view content<\/noscript>\r\n                <\/div>\r\n            <\/div>\n","protected":false},"excerpt":{"rendered":"<p>Recebi mais algumas cores da linha de batons l\u00edquidos com acabamento matte da Tracta e estou apegad\u00edssima a um dos tons. Eles tem f\u00f3rmula que promete: Alta cobertura; Longa dura\u00e7\u00e3o; Secagem r\u00e1pida; Cobertura perfeita que n\u00e3o escorre e n\u00e3o craquela. Os batons custam em torno de R$20,00 reais cada e podem ser adquiridos em lojas, farm\u00e1cias e sites que vendem os produtos da marca. As cores do post s\u00e3o: Paris 35, cor de boca p\u00eassego rosado. Tule 37, lil\u00e1s com toque cinza. Am\u00eandoa 32, marrom acinzentado. Licor 34, marrom mais escuro e fechado, tamb\u00e9m acinzentado. Os batons tem textura fina, espalham de forma homog\u00eanea e depois de uns dois minutinhos, secam por completo nos l\u00e1bios. A cobertura \u00e9 bacana e, apesar do acabamento matte, a sensa\u00e7\u00e3o na boca \u00e9 confort\u00e1vel. A fixa\u00e7\u00e3o \u00e9 digna, mas n\u00e3o \u00e9 alt\u00edssima. As cores transferem muito pouco ou nada depois de secas, mas acabam derretendo em contato com comida e quanto mais gorduroso for o lanche ou o almo\u00e7o, mas f\u00e1cil o batom vai saindo. Eu t\u00f4 apegad\u00edssima \u00e0 cor Paris (vai bem com tudo!), ent\u00e3o essa \u00e9 a que eu mais testei. Ao final do dia, o meu l\u00e1bio superior ainda est\u00e1 mais ou menos maquiado de Paris, mas o l\u00e1bio inferior est\u00e1 pelado. Para ver fotos de amostrinhas de Paris, Tule, Am\u00eandoa e Licor em outras pessoas, clica aqui, aqui e aqui. Uma publica\u00e7\u00e3o compartilhada por Marina Smith (@marina2beauty) em Nov 17, 2017 \u00e0s 5:21 PST<\/p>\n","protected":false},"author":1,"featured_media":91398,"comment_status":"open","ping_status":"closed","sticky":false,"template":"","format":"standard","meta":{"_uag_custom_page_level_css":"","footnotes":""},"categories":[84],"tags":[2252,4111,4088,1794],"class_list":["post-91397","post","type-post","status-publish","format-standard","has-post-thumbnail","hentry","category-maquiagem","tag-amostrinhas","tag-batom","tag-maquiagem","tag-tracta"],"uagb_featured_image_src":{"full":["https:\/\/www.2beauty.com.br\/blog\/wp-content\/uploads\/2017\/11\/tracta1.jpg",900,600,false],"thumbnail":["https:\/\/www.2beauty.com.br\/blog\/wp-content\/uploads\/2017\/11\/tracta1-300x250.jpg",300,250,true],"medium":["https:\/\/www.2beauty.com.br\/blog\/wp-content\/uploads\/2017\/11\/tracta1-580x387.jpg",580,387,true],"medium_large":["https:\/\/www.2beauty.com.br\/blog\/wp-content\/uploads\/2017\/11\/tracta1-768x512.jpg",768,512,true],"large":["https:\/\/www.2beauty.com.br\/blog\/wp-content\/uploads\/2017\/11\/tracta1-620x413.jpg",620,413,true],"1536x1536":["https:\/\/www.2beauty.com.br\/blog\/wp-content\/uploads\/2017\/11\/tracta1.jpg",900,600,false],"2048x2048":["https:\/\/www.2beauty.com.br\/blog\/wp-content\/uploads\/2017\/11\/tracta1.jpg",900,600,false],"ashe-slider-grid-thumbnail":["https:\/\/www.2beauty.com.br\/blog\/wp-content\/uploads\/2017\/11\/tracta1.jpg",810,540,false],"ashe-full-thumbnail":["https:\/\/www.2beauty.com.br\/blog\/wp-content\/uploads\/2017\/11\/tracta1.jpg",900,600,false],"ashe-grid-thumbnail":["https:\/\/www.2beauty.com.br\/blog\/wp-content\/uploads\/2017\/11\/tracta1.jpg",495,330,false],"ashe-list-thumbnail":["https:\/\/www.2beauty.com.br\/blog\/wp-content\/uploads\/2017\/11\/tracta1.jpg",300,200,false],"ashe-single-navigation":["https:\/\/www.2beauty.com.br\/blog\/wp-content\/uploads\/2017\/11\/tracta1.jpg",75,50,false]},"uagb_author_info":{"display_name":"Marina Smith","author_link":"https:\/\/www.2beauty.com.br\/blog\/author\/marinasmith\/"},"uagb_comment_info":0,"uagb_excerpt":"Recebi mais algumas cores da linha de batons l\u00edquidos com acabamento matte da Tracta e estou apegad\u00edssima a um dos tons. Eles tem f\u00f3rmula que promete: Alta cobertura; Longa dura\u00e7\u00e3o; Secagem r\u00e1pida; Cobertura perfeita que n\u00e3o escorre e n\u00e3o craquela. Os batons custam em torno de R$20,00 reais cada e podem ser adquiridos em lojas,&hellip;","acf":[],"_links":{"self":[{"href":"https:\/\/www.2beauty.com.br\/blog\/wp-json\/wp\/v2\/posts\/91397","targetHints":{"allow":["GET"]}}],"collection":[{"href":"https:\/\/www.2beauty.com.br\/blog\/wp-json\/wp\/v2\/posts"}],"about":[{"href":"https:\/\/www.2beauty.com.br\/blog\/wp-json\/wp\/v2\/types\/post"}],"author":[{"embeddable":true,"href":"https:\/\/www.2beauty.com.br\/blog\/wp-json\/wp\/v2\/users\/1"}],"replies":[{"embeddable":true,"href":"https:\/\/www.2beauty.com.br\/blog\/wp-json\/wp\/v2\/comments?post=91397"}],"version-history":[{"count":0,"href":"https:\/\/www.2beauty.com.br\/blog\/wp-json\/wp\/v2\/posts\/91397\/revisions"}],"wp:featuredmedia":[{"embeddable":true,"href":"https:\/\/www.2beauty.com.br\/blog\/wp-json\/wp\/v2\/media\/91398"}],"wp:attachment":[{"href":"https:\/\/www.2beauty.com.br\/blog\/wp-json\/wp\/v2\/media?parent=91397"}],"wp:term":[{"taxonomy":"category","embeddable":true,"href":"https:\/\/www.2beauty.com.br\/blog\/wp-json\/wp\/v2\/categories?post=91397"},{"taxonomy":"post_tag","embeddable":true,"href":"https:\/\/www.2beauty.com.br\/blog\/wp-json\/wp\/v2\/tags?post=91397"}],"curies":[{"name":"wp","href":"https:\/\/api.w.org\/{rel}","templated":true}]}}