{"id":90347,"date":"2017-10-06T10:00:18","date_gmt":"2017-10-06T12:00:18","guid":{"rendered":"https:\/\/www.2beauty.com.br\/blog\/?p=90347"},"modified":"2019-10-09T23:09:06","modified_gmt":"2019-10-10T01:09:06","slug":"10-maquiagens-para-combinar-com-vestido-prateado","status":"publish","type":"post","link":"https:\/\/www.2beauty.com.br\/blog\/2017\/10\/10-maquiagens-para-combinar-com-vestido-prateado\/","title":{"rendered":"10 maquiagens para combinar com vestido prateado"},"content":{"rendered":"\n<script async=\"\" src=\"\/\/pagead2.googlesyndication.com\/pagead\/js\/adsbygoogle.js\"><\/script>\n<!-- Responsivo www.2beauty.com.br -->\n<ins class=\"adsbygoogle\" style=\"display:block\" data-ad-client=\"ca-pub-5401592170963248\" data-ad-slot=\"6719035301\" data-ad-format=\"auto\" data-full-width-responsive=\"true\"><\/ins>\n<script>\n(adsbygoogle = window.adsbygoogle || []).push({});\n<\/script>\n\n\n\n<hr class=\"wp-block-separator\"\/>\n\n\n<figure id=\"attachment_90379\" aria-describedby=\"caption-attachment-90379\" style=\"width: 900px\" class=\"wp-caption aligncenter\"><a href=\"https:\/\/www.2beauty.com.br\/blog\/wp-content\/uploads\/2017\/10\/inps_capa2.jpg\"><img fetchpriority=\"high\" decoding=\"async\" class=\"size-full wp-image-90379\" src=\"https:\/\/www.2beauty.com.br\/blog\/wp-content\/uploads\/2017\/10\/inps_capa2.jpg\" alt=\"maquiagem para usar com vestido prateado\" width=\"900\" height=\"600\" srcset=\"https:\/\/www.2beauty.com.br\/blog\/wp-content\/uploads\/2017\/10\/inps_capa2.jpg 900w, https:\/\/www.2beauty.com.br\/blog\/wp-content\/uploads\/2017\/10\/inps_capa2-580x387.jpg 580w, https:\/\/www.2beauty.com.br\/blog\/wp-content\/uploads\/2017\/10\/inps_capa2-768x512.jpg 768w, https:\/\/www.2beauty.com.br\/blog\/wp-content\/uploads\/2017\/10\/inps_capa2-620x413.jpg 620w\" sizes=\"(max-width: 900px) 100vw, 900px\" \/><\/a><figcaption id=\"caption-attachment-90379\" class=\"wp-caption-text\">Fotos: Getty Images<\/figcaption><\/figure>\n<p>Aqui est\u00e3o <strong>10 id\u00e9ias de maquiagem<\/strong> em peles claras, morenas e escuras para combinar com modelitos em prateado.<\/p>\n<p><strong>Precisa de inspira\u00e7\u00f5es em outras cores?<\/strong> N\u00e3o tem problema! <a href=\"https:\/\/www.2beauty.com.br\/blog\/category\/inspiraqcoes\/maquiagem-roupa\/\" target=\"_blank\" rel=\"noopener noreferrer\">Aqui voc\u00ea encontra o arquivo completo com todos os posts de combina\u00e7\u00f5es.<\/a><\/p>\n<p>Caso voc\u00ea esteja vendo esse post na homepage do blog, desculpe pelo link de <strong>&#8220;Ler Mais&#8221;<\/strong>.<\/p>\n<p>Como ele tem muitas imagens grandes, esse link \u00e9 necess\u00e1rio para que a home do blog n\u00e3o demore uma vida para carregar.<\/p>\n<p><!--more--><\/p>\n<h3>Rosie Huntington-Whiteley &#8211; \u201cThe Search\u201d Premiere @ Cannes 2014<\/h3>\n<p><a href=\"https:\/\/www.2beauty.com.br\/blog\/wp-content\/uploads\/2017\/09\/1-rose.jpg\"><img decoding=\"async\" class=\"aligncenter size-full wp-image-90349\" src=\"https:\/\/www.2beauty.com.br\/blog\/wp-content\/uploads\/2017\/09\/1-rose.jpg\" alt=\"maquiagem para usar com vestido prateado\" width=\"900\" height=\"1138\" srcset=\"https:\/\/www.2beauty.com.br\/blog\/wp-content\/uploads\/2017\/09\/1-rose.jpg 900w, https:\/\/www.2beauty.com.br\/blog\/wp-content\/uploads\/2017\/09\/1-rose-344x435.jpg 344w, https:\/\/www.2beauty.com.br\/blog\/wp-content\/uploads\/2017\/09\/1-rose-768x971.jpg 768w, https:\/\/www.2beauty.com.br\/blog\/wp-content\/uploads\/2017\/09\/1-rose-620x784.jpg 620w\" sizes=\"(max-width: 900px) 100vw, 900px\" \/><\/a><\/p>\n<figure id=\"attachment_90350\" aria-describedby=\"caption-attachment-90350\" style=\"width: 900px\" class=\"wp-caption aligncenter\"><a href=\"https:\/\/www.2beauty.com.br\/blog\/wp-content\/uploads\/2017\/09\/2-rose.jpg\"><img decoding=\"async\" class=\"wp-image-90350 size-full\" src=\"https:\/\/www.2beauty.com.br\/blog\/wp-content\/uploads\/2017\/09\/2-rose.jpg\" alt=\"maquiagem para usar com vestido prateado\" width=\"900\" height=\"1138\" srcset=\"https:\/\/www.2beauty.com.br\/blog\/wp-content\/uploads\/2017\/09\/2-rose.jpg 900w, https:\/\/www.2beauty.com.br\/blog\/wp-content\/uploads\/2017\/09\/2-rose-344x435.jpg 344w, https:\/\/www.2beauty.com.br\/blog\/wp-content\/uploads\/2017\/09\/2-rose-768x971.jpg 768w, https:\/\/www.2beauty.com.br\/blog\/wp-content\/uploads\/2017\/09\/2-rose-620x784.jpg 620w\" sizes=\"(max-width: 900px) 100vw, 900px\" \/><\/a><figcaption id=\"caption-attachment-90350\" class=\"wp-caption-text\">Fotos: Getty Images<\/figcaption><\/figure>\n<h3>Jennifer Lawrence &#8211; \u201cmother!\u201d London Premiere 2017<\/h3>\n<p><a href=\"https:\/\/www.2beauty.com.br\/blog\/wp-content\/uploads\/2017\/09\/3-jennifer.jpg\"><img loading=\"lazy\" decoding=\"async\" class=\"aligncenter size-full wp-image-90351\" src=\"https:\/\/www.2beauty.com.br\/blog\/wp-content\/uploads\/2017\/09\/3-jennifer.jpg\" alt=\"maquiagem para usar com vestido prateado\" width=\"900\" height=\"1138\" srcset=\"https:\/\/www.2beauty.com.br\/blog\/wp-content\/uploads\/2017\/09\/3-jennifer.jpg 900w, https:\/\/www.2beauty.com.br\/blog\/wp-content\/uploads\/2017\/09\/3-jennifer-344x435.jpg 344w, https:\/\/www.2beauty.com.br\/blog\/wp-content\/uploads\/2017\/09\/3-jennifer-768x971.jpg 768w, https:\/\/www.2beauty.com.br\/blog\/wp-content\/uploads\/2017\/09\/3-jennifer-620x784.jpg 620w\" sizes=\"(max-width: 900px) 100vw, 900px\" \/><\/a><\/p>\n<figure id=\"attachment_90352\" aria-describedby=\"caption-attachment-90352\" style=\"width: 900px\" class=\"wp-caption aligncenter\"><a href=\"https:\/\/www.2beauty.com.br\/blog\/wp-content\/uploads\/2017\/09\/4-jennifer.jpg\"><img loading=\"lazy\" decoding=\"async\" class=\"wp-image-90352 size-full\" src=\"https:\/\/www.2beauty.com.br\/blog\/wp-content\/uploads\/2017\/09\/4-jennifer.jpg\" alt=\"maquiagem para usar com vestido prateado\" width=\"900\" height=\"1138\" srcset=\"https:\/\/www.2beauty.com.br\/blog\/wp-content\/uploads\/2017\/09\/4-jennifer.jpg 900w, https:\/\/www.2beauty.com.br\/blog\/wp-content\/uploads\/2017\/09\/4-jennifer-344x435.jpg 344w, https:\/\/www.2beauty.com.br\/blog\/wp-content\/uploads\/2017\/09\/4-jennifer-768x971.jpg 768w, https:\/\/www.2beauty.com.br\/blog\/wp-content\/uploads\/2017\/09\/4-jennifer-620x784.jpg 620w\" sizes=\"(max-width: 900px) 100vw, 900px\" \/><\/a><figcaption id=\"caption-attachment-90352\" class=\"wp-caption-text\">Fotos: Getty Images<\/figcaption><\/figure>\n<h3>Doutzen Kroes &#8211; \u201cThe Beguiled\u201d Screening @ Cannes 2017<\/h3>\n<p><a href=\"https:\/\/www.2beauty.com.br\/blog\/wp-content\/uploads\/2017\/09\/5-doutzen.jpg\"><img loading=\"lazy\" decoding=\"async\" class=\"aligncenter size-full wp-image-90353\" src=\"https:\/\/www.2beauty.com.br\/blog\/wp-content\/uploads\/2017\/09\/5-doutzen.jpg\" alt=\"maquiagem para usar com vestido prateado\" width=\"900\" height=\"1138\" srcset=\"https:\/\/www.2beauty.com.br\/blog\/wp-content\/uploads\/2017\/09\/5-doutzen.jpg 900w, https:\/\/www.2beauty.com.br\/blog\/wp-content\/uploads\/2017\/09\/5-doutzen-344x435.jpg 344w, https:\/\/www.2beauty.com.br\/blog\/wp-content\/uploads\/2017\/09\/5-doutzen-768x971.jpg 768w, https:\/\/www.2beauty.com.br\/blog\/wp-content\/uploads\/2017\/09\/5-doutzen-620x784.jpg 620w\" sizes=\"(max-width: 900px) 100vw, 900px\" \/><\/a><\/p>\n<figure id=\"attachment_90354\" aria-describedby=\"caption-attachment-90354\" style=\"width: 900px\" class=\"wp-caption aligncenter\"><a href=\"https:\/\/www.2beauty.com.br\/blog\/wp-content\/uploads\/2017\/09\/6-doutzen.jpg\"><img loading=\"lazy\" decoding=\"async\" class=\"wp-image-90354 size-full\" src=\"https:\/\/www.2beauty.com.br\/blog\/wp-content\/uploads\/2017\/09\/6-doutzen.jpg\" alt=\"maquiagem para usar com vestido prateado\" width=\"900\" height=\"1138\" srcset=\"https:\/\/www.2beauty.com.br\/blog\/wp-content\/uploads\/2017\/09\/6-doutzen.jpg 900w, https:\/\/www.2beauty.com.br\/blog\/wp-content\/uploads\/2017\/09\/6-doutzen-344x435.jpg 344w, https:\/\/www.2beauty.com.br\/blog\/wp-content\/uploads\/2017\/09\/6-doutzen-768x971.jpg 768w, https:\/\/www.2beauty.com.br\/blog\/wp-content\/uploads\/2017\/09\/6-doutzen-620x784.jpg 620w\" sizes=\"(max-width: 900px) 100vw, 900px\" \/><\/a><figcaption id=\"caption-attachment-90354\" class=\"wp-caption-text\">Fotos: Getty Images<\/figcaption><\/figure>\n<h3>Sarah Hyland &#8211; Elton John\u2019s Oscar Party 2016<\/h3>\n<p><a href=\"https:\/\/www.2beauty.com.br\/blog\/wp-content\/uploads\/2017\/09\/7-sarah.jpg\"><img loading=\"lazy\" decoding=\"async\" class=\"aligncenter size-full wp-image-90355\" src=\"https:\/\/www.2beauty.com.br\/blog\/wp-content\/uploads\/2017\/09\/7-sarah.jpg\" alt=\"maquiagem para usar com vestido prateado\" width=\"900\" height=\"1138\" srcset=\"https:\/\/www.2beauty.com.br\/blog\/wp-content\/uploads\/2017\/09\/7-sarah.jpg 900w, https:\/\/www.2beauty.com.br\/blog\/wp-content\/uploads\/2017\/09\/7-sarah-344x435.jpg 344w, https:\/\/www.2beauty.com.br\/blog\/wp-content\/uploads\/2017\/09\/7-sarah-768x971.jpg 768w, https:\/\/www.2beauty.com.br\/blog\/wp-content\/uploads\/2017\/09\/7-sarah-620x784.jpg 620w\" sizes=\"(max-width: 900px) 100vw, 900px\" \/><\/a><\/p>\n<figure id=\"attachment_90356\" aria-describedby=\"caption-attachment-90356\" style=\"width: 900px\" class=\"wp-caption aligncenter\"><a href=\"https:\/\/www.2beauty.com.br\/blog\/wp-content\/uploads\/2017\/09\/8-sarah.jpg\"><img loading=\"lazy\" decoding=\"async\" class=\"wp-image-90356 size-full\" src=\"https:\/\/www.2beauty.com.br\/blog\/wp-content\/uploads\/2017\/09\/8-sarah.jpg\" alt=\"maquiagem para usar com vestido prateado\" width=\"900\" height=\"1138\" srcset=\"https:\/\/www.2beauty.com.br\/blog\/wp-content\/uploads\/2017\/09\/8-sarah.jpg 900w, https:\/\/www.2beauty.com.br\/blog\/wp-content\/uploads\/2017\/09\/8-sarah-344x435.jpg 344w, https:\/\/www.2beauty.com.br\/blog\/wp-content\/uploads\/2017\/09\/8-sarah-768x971.jpg 768w, https:\/\/www.2beauty.com.br\/blog\/wp-content\/uploads\/2017\/09\/8-sarah-620x784.jpg 620w\" sizes=\"(max-width: 900px) 100vw, 900px\" \/><\/a><figcaption id=\"caption-attachment-90356\" class=\"wp-caption-text\">Fotos: Getty Images<\/figcaption><\/figure>\n<h3>Selena Gomez &#8211; Vanity Fair Oscar Party 2012<\/h3>\n<p><a href=\"https:\/\/www.2beauty.com.br\/blog\/wp-content\/uploads\/2017\/09\/9-selena.jpg\"><img loading=\"lazy\" decoding=\"async\" class=\"aligncenter size-full wp-image-90357\" src=\"https:\/\/www.2beauty.com.br\/blog\/wp-content\/uploads\/2017\/09\/9-selena.jpg\" alt=\"maquiagem para usar com vestido prateado\" width=\"900\" height=\"1138\" srcset=\"https:\/\/www.2beauty.com.br\/blog\/wp-content\/uploads\/2017\/09\/9-selena.jpg 900w, https:\/\/www.2beauty.com.br\/blog\/wp-content\/uploads\/2017\/09\/9-selena-344x435.jpg 344w, https:\/\/www.2beauty.com.br\/blog\/wp-content\/uploads\/2017\/09\/9-selena-768x971.jpg 768w, https:\/\/www.2beauty.com.br\/blog\/wp-content\/uploads\/2017\/09\/9-selena-620x784.jpg 620w\" sizes=\"(max-width: 900px) 100vw, 900px\" \/><\/a><\/p>\n<figure id=\"attachment_90371\" aria-describedby=\"caption-attachment-90371\" style=\"width: 900px\" class=\"wp-caption aligncenter\"><a href=\"https:\/\/www.2beauty.com.br\/blog\/wp-content\/uploads\/2017\/10\/10-selena.jpg\"><img loading=\"lazy\" decoding=\"async\" class=\"wp-image-90371 size-full\" src=\"https:\/\/www.2beauty.com.br\/blog\/wp-content\/uploads\/2017\/10\/10-selena.jpg\" alt=\"maquiagem para usar com vestido prateado\" width=\"900\" height=\"1138\" srcset=\"https:\/\/www.2beauty.com.br\/blog\/wp-content\/uploads\/2017\/10\/10-selena.jpg 900w, https:\/\/www.2beauty.com.br\/blog\/wp-content\/uploads\/2017\/10\/10-selena-344x435.jpg 344w, https:\/\/www.2beauty.com.br\/blog\/wp-content\/uploads\/2017\/10\/10-selena-768x971.jpg 768w, https:\/\/www.2beauty.com.br\/blog\/wp-content\/uploads\/2017\/10\/10-selena-620x784.jpg 620w\" sizes=\"(max-width: 900px) 100vw, 900px\" \/><\/a><figcaption id=\"caption-attachment-90371\" class=\"wp-caption-text\">Fotos: Getty Images<\/figcaption><\/figure>\n<h3>Selena Gomez &#8211; LACMA art + Film 2014<\/h3>\n<p><a href=\"https:\/\/www.2beauty.com.br\/blog\/wp-content\/uploads\/2017\/09\/11-selena.jpg\"><img loading=\"lazy\" decoding=\"async\" class=\"aligncenter size-full wp-image-90359\" src=\"https:\/\/www.2beauty.com.br\/blog\/wp-content\/uploads\/2017\/09\/11-selena.jpg\" alt=\"maquiagem para usar com vestido prateado\" width=\"900\" height=\"1138\" srcset=\"https:\/\/www.2beauty.com.br\/blog\/wp-content\/uploads\/2017\/09\/11-selena.jpg 900w, https:\/\/www.2beauty.com.br\/blog\/wp-content\/uploads\/2017\/09\/11-selena-344x435.jpg 344w, https:\/\/www.2beauty.com.br\/blog\/wp-content\/uploads\/2017\/09\/11-selena-768x971.jpg 768w, https:\/\/www.2beauty.com.br\/blog\/wp-content\/uploads\/2017\/09\/11-selena-620x784.jpg 620w\" sizes=\"(max-width: 900px) 100vw, 900px\" \/><\/a><\/p>\n<figure id=\"attachment_90360\" aria-describedby=\"caption-attachment-90360\" style=\"width: 900px\" class=\"wp-caption aligncenter\"><a href=\"https:\/\/www.2beauty.com.br\/blog\/wp-content\/uploads\/2017\/09\/12-selena.jpg\"><img loading=\"lazy\" decoding=\"async\" class=\"wp-image-90360 size-full\" src=\"https:\/\/www.2beauty.com.br\/blog\/wp-content\/uploads\/2017\/09\/12-selena.jpg\" alt=\"maquiagem para usar com vestido prateado\" width=\"900\" height=\"1138\" srcset=\"https:\/\/www.2beauty.com.br\/blog\/wp-content\/uploads\/2017\/09\/12-selena.jpg 900w, https:\/\/www.2beauty.com.br\/blog\/wp-content\/uploads\/2017\/09\/12-selena-344x435.jpg 344w, https:\/\/www.2beauty.com.br\/blog\/wp-content\/uploads\/2017\/09\/12-selena-768x971.jpg 768w, https:\/\/www.2beauty.com.br\/blog\/wp-content\/uploads\/2017\/09\/12-selena-620x784.jpg 620w\" sizes=\"(max-width: 900px) 100vw, 900px\" \/><\/a><figcaption id=\"caption-attachment-90360\" class=\"wp-caption-text\">Fotos: Getty Images<\/figcaption><\/figure>\n<h3>Jennifer Lopez &#8211; Grammy Awards 2011<\/h3>\n<p><a href=\"https:\/\/www.2beauty.com.br\/blog\/wp-content\/uploads\/2017\/10\/13-jennifer.jpg\"><img loading=\"lazy\" decoding=\"async\" class=\"aligncenter size-full wp-image-90373\" src=\"https:\/\/www.2beauty.com.br\/blog\/wp-content\/uploads\/2017\/10\/13-jennifer.jpg\" alt=\"maquiagem para usar com vestido prateado\" width=\"900\" height=\"1138\" srcset=\"https:\/\/www.2beauty.com.br\/blog\/wp-content\/uploads\/2017\/10\/13-jennifer.jpg 900w, https:\/\/www.2beauty.com.br\/blog\/wp-content\/uploads\/2017\/10\/13-jennifer-344x435.jpg 344w, https:\/\/www.2beauty.com.br\/blog\/wp-content\/uploads\/2017\/10\/13-jennifer-768x971.jpg 768w, https:\/\/www.2beauty.com.br\/blog\/wp-content\/uploads\/2017\/10\/13-jennifer-620x784.jpg 620w\" sizes=\"(max-width: 900px) 100vw, 900px\" \/><\/a><\/p>\n<figure id=\"attachment_90374\" aria-describedby=\"caption-attachment-90374\" style=\"width: 900px\" class=\"wp-caption aligncenter\"><a href=\"https:\/\/www.2beauty.com.br\/blog\/wp-content\/uploads\/2017\/10\/14-jennifer.jpg\"><img loading=\"lazy\" decoding=\"async\" class=\"size-full wp-image-90374\" src=\"https:\/\/www.2beauty.com.br\/blog\/wp-content\/uploads\/2017\/10\/14-jennifer.jpg\" alt=\"maquiagem para usar com vestido prateado\" width=\"900\" height=\"1138\" srcset=\"https:\/\/www.2beauty.com.br\/blog\/wp-content\/uploads\/2017\/10\/14-jennifer.jpg 900w, https:\/\/www.2beauty.com.br\/blog\/wp-content\/uploads\/2017\/10\/14-jennifer-344x435.jpg 344w, https:\/\/www.2beauty.com.br\/blog\/wp-content\/uploads\/2017\/10\/14-jennifer-768x971.jpg 768w, https:\/\/www.2beauty.com.br\/blog\/wp-content\/uploads\/2017\/10\/14-jennifer-620x784.jpg 620w\" sizes=\"(max-width: 900px) 100vw, 900px\" \/><\/a><figcaption id=\"caption-attachment-90374\" class=\"wp-caption-text\">Fotos: Getty Images<\/figcaption><\/figure>\n<h3>Chanel Iman &#8211; Cinema Agains AIDS Gala 2016<\/h3>\n<p><a href=\"https:\/\/www.2beauty.com.br\/blog\/wp-content\/uploads\/2017\/10\/15-chanel.jpg\"><img loading=\"lazy\" decoding=\"async\" class=\"aligncenter size-full wp-image-90376\" src=\"https:\/\/www.2beauty.com.br\/blog\/wp-content\/uploads\/2017\/10\/15-chanel.jpg\" alt=\"maquiagem para usar com vestido prateado\" width=\"900\" height=\"1138\" srcset=\"https:\/\/www.2beauty.com.br\/blog\/wp-content\/uploads\/2017\/10\/15-chanel.jpg 900w, https:\/\/www.2beauty.com.br\/blog\/wp-content\/uploads\/2017\/10\/15-chanel-344x435.jpg 344w, https:\/\/www.2beauty.com.br\/blog\/wp-content\/uploads\/2017\/10\/15-chanel-768x971.jpg 768w, https:\/\/www.2beauty.com.br\/blog\/wp-content\/uploads\/2017\/10\/15-chanel-620x784.jpg 620w\" sizes=\"(max-width: 900px) 100vw, 900px\" \/><\/a><\/p>\n<figure id=\"attachment_90364\" aria-describedby=\"caption-attachment-90364\" style=\"width: 900px\" class=\"wp-caption aligncenter\"><a href=\"https:\/\/www.2beauty.com.br\/blog\/wp-content\/uploads\/2017\/09\/16-chanel.jpg\"><img loading=\"lazy\" decoding=\"async\" class=\"wp-image-90364 size-full\" src=\"https:\/\/www.2beauty.com.br\/blog\/wp-content\/uploads\/2017\/09\/16-chanel.jpg\" alt=\"maquiagem para usar com vestido prateado\" width=\"900\" height=\"1138\" srcset=\"https:\/\/www.2beauty.com.br\/blog\/wp-content\/uploads\/2017\/09\/16-chanel.jpg 900w, https:\/\/www.2beauty.com.br\/blog\/wp-content\/uploads\/2017\/09\/16-chanel-344x435.jpg 344w, https:\/\/www.2beauty.com.br\/blog\/wp-content\/uploads\/2017\/09\/16-chanel-768x971.jpg 768w, https:\/\/www.2beauty.com.br\/blog\/wp-content\/uploads\/2017\/09\/16-chanel-620x784.jpg 620w\" sizes=\"(max-width: 900px) 100vw, 900px\" \/><\/a><figcaption id=\"caption-attachment-90364\" class=\"wp-caption-text\">Fotos: Getty Images<\/figcaption><\/figure>\n<h3>Naomi Campbell &#8211; British Academy Television Awards 2014<\/h3>\n<p><a href=\"https:\/\/www.2beauty.com.br\/blog\/wp-content\/uploads\/2017\/09\/17-naomi.jpg\"><img loading=\"lazy\" decoding=\"async\" class=\"aligncenter size-full wp-image-90365\" src=\"https:\/\/www.2beauty.com.br\/blog\/wp-content\/uploads\/2017\/09\/17-naomi.jpg\" alt=\"maquiagem para usar com vestido prateado\" width=\"900\" height=\"1138\" srcset=\"https:\/\/www.2beauty.com.br\/blog\/wp-content\/uploads\/2017\/09\/17-naomi.jpg 900w, https:\/\/www.2beauty.com.br\/blog\/wp-content\/uploads\/2017\/09\/17-naomi-344x435.jpg 344w, https:\/\/www.2beauty.com.br\/blog\/wp-content\/uploads\/2017\/09\/17-naomi-768x971.jpg 768w, https:\/\/www.2beauty.com.br\/blog\/wp-content\/uploads\/2017\/09\/17-naomi-620x784.jpg 620w\" sizes=\"(max-width: 900px) 100vw, 900px\" \/><\/a><\/p>\n<figure id=\"attachment_90366\" aria-describedby=\"caption-attachment-90366\" style=\"width: 900px\" class=\"wp-caption aligncenter\"><a href=\"https:\/\/www.2beauty.com.br\/blog\/wp-content\/uploads\/2017\/09\/18-naomi.jpg\"><img loading=\"lazy\" decoding=\"async\" class=\"wp-image-90366 size-full\" src=\"https:\/\/www.2beauty.com.br\/blog\/wp-content\/uploads\/2017\/09\/18-naomi.jpg\" alt=\"maquiagem para usar com vestido prateado\" width=\"900\" height=\"1138\" srcset=\"https:\/\/www.2beauty.com.br\/blog\/wp-content\/uploads\/2017\/09\/18-naomi.jpg 900w, https:\/\/www.2beauty.com.br\/blog\/wp-content\/uploads\/2017\/09\/18-naomi-344x435.jpg 344w, https:\/\/www.2beauty.com.br\/blog\/wp-content\/uploads\/2017\/09\/18-naomi-768x971.jpg 768w, https:\/\/www.2beauty.com.br\/blog\/wp-content\/uploads\/2017\/09\/18-naomi-620x784.jpg 620w\" sizes=\"(max-width: 900px) 100vw, 900px\" \/><\/a><figcaption id=\"caption-attachment-90366\" class=\"wp-caption-text\">Fotos: Getty Images<\/figcaption><\/figure>\n<h3>Miriam Odemba &#8211; Cannes Film Festival 2017<\/h3>\n<p><a href=\"https:\/\/www.2beauty.com.br\/blog\/wp-content\/uploads\/2017\/09\/19-miriam.jpg\"><img loading=\"lazy\" decoding=\"async\" class=\"aligncenter size-full wp-image-90367\" src=\"https:\/\/www.2beauty.com.br\/blog\/wp-content\/uploads\/2017\/09\/19-miriam.jpg\" alt=\"maquiagem para usar com vestido prateado\" width=\"900\" height=\"1138\" srcset=\"https:\/\/www.2beauty.com.br\/blog\/wp-content\/uploads\/2017\/09\/19-miriam.jpg 900w, https:\/\/www.2beauty.com.br\/blog\/wp-content\/uploads\/2017\/09\/19-miriam-344x435.jpg 344w, https:\/\/www.2beauty.com.br\/blog\/wp-content\/uploads\/2017\/09\/19-miriam-768x971.jpg 768w, https:\/\/www.2beauty.com.br\/blog\/wp-content\/uploads\/2017\/09\/19-miriam-620x784.jpg 620w\" sizes=\"(max-width: 900px) 100vw, 900px\" \/><\/a><\/p>\n<figure id=\"attachment_90368\" aria-describedby=\"caption-attachment-90368\" style=\"width: 900px\" class=\"wp-caption aligncenter\"><a href=\"https:\/\/www.2beauty.com.br\/blog\/wp-content\/uploads\/2017\/09\/20-miriam.jpg\"><img loading=\"lazy\" decoding=\"async\" class=\"wp-image-90368 size-full\" src=\"https:\/\/www.2beauty.com.br\/blog\/wp-content\/uploads\/2017\/09\/20-miriam.jpg\" alt=\"maquiagem para usar com vestido prateado\" width=\"900\" height=\"1138\" srcset=\"https:\/\/www.2beauty.com.br\/blog\/wp-content\/uploads\/2017\/09\/20-miriam.jpg 900w, https:\/\/www.2beauty.com.br\/blog\/wp-content\/uploads\/2017\/09\/20-miriam-344x435.jpg 344w, https:\/\/www.2beauty.com.br\/blog\/wp-content\/uploads\/2017\/09\/20-miriam-768x971.jpg 768w, https:\/\/www.2beauty.com.br\/blog\/wp-content\/uploads\/2017\/09\/20-miriam-620x784.jpg 620w\" sizes=\"(max-width: 900px) 100vw, 900px\" \/><\/a><figcaption id=\"caption-attachment-90368\" class=\"wp-caption-text\">Fotos: Getty Images<\/figcaption><\/figure>\n<div class=\"shopthepost-widget\" data-widget-id=\"2837113\">\r\n                <script type=\"text\/javascript\" language=\"javascript\">\r\n                    !function(d,s,id){\r\n                        var e, p = \/^http:\/.test(d.location) ? 'http' : 'https';\r\n                        if(!d.getElementById(id)) {\r\n                            e     = d.createElement(s);\r\n                            e.id  = id;\r\n                            e.src = p + ':\/\/widgets.rewardstyle.com\/js\/shopthepost.js';\r\n                            d.body.appendChild(e);\r\n                        }\r\n                        if(typeof window.__stp === 'object') if(d.readyState === 'complete') {\r\n                            window.__stp.init();\r\n                        }\r\n                    }(document, 'script', 'shopthepost-script');\r\n                <\/script>\r\n                <div class=\"rs-adblock\">\r\n                    <img decoding=\"async\" src=\"\/\/assets.rewardstyle.com\/images\/search\/350.gif\" style=\"width:15px;height:15px;\" onerror=\"this.parentNode.innerHTML='Turn off your ad blocker to view content'\" \/>\r\n                    <noscript>Turn on your JavaScript to view content<\/noscript>\r\n                <\/div>\r\n            <\/div>","protected":false},"excerpt":{"rendered":"<p>Aqui est\u00e3o 10 id\u00e9ias de maquiagem em peles claras, morenas e escuras para combinar com modelitos em prateado. Precisa de inspira\u00e7\u00f5es em outras cores? N\u00e3o tem problema! Aqui voc\u00ea encontra o arquivo completo com todos os posts de combina\u00e7\u00f5es. Caso voc\u00ea esteja vendo esse post na homepage do blog, desculpe pelo link de &#8220;Ler Mais&#8221;. Como ele tem muitas imagens grandes, esse link \u00e9 necess\u00e1rio para que a home do blog n\u00e3o demore uma vida para carregar.<\/p>\n","protected":false},"author":1,"featured_media":90378,"comment_status":"open","ping_status":"closed","sticky":false,"template":"","format":"standard","meta":{"_uag_custom_page_level_css":"","footnotes":""},"categories":[3546],"tags":[1486,4206],"class_list":["post-90347","post","type-post","status-publish","format-standard","has-post-thumbnail","hentry","category-inspiracoes","tag-inspiracoes","tag-maquiagem-roupa"],"uagb_featured_image_src":{"full":["https:\/\/www.2beauty.com.br\/blog\/wp-content\/uploads\/2017\/10\/inps_capa.jpg",1000,700,false],"thumbnail":["https:\/\/www.2beauty.com.br\/blog\/wp-content\/uploads\/2017\/10\/inps_capa-300x250.jpg",300,250,true],"medium":["https:\/\/www.2beauty.com.br\/blog\/wp-content\/uploads\/2017\/10\/inps_capa-580x406.jpg",580,406,true],"medium_large":["https:\/\/www.2beauty.com.br\/blog\/wp-content\/uploads\/2017\/10\/inps_capa-768x538.jpg",768,538,true],"large":["https:\/\/www.2beauty.com.br\/blog\/wp-content\/uploads\/2017\/10\/inps_capa-620x434.jpg",620,434,true],"1536x1536":["https:\/\/www.2beauty.com.br\/blog\/wp-content\/uploads\/2017\/10\/inps_capa.jpg",1000,700,false],"2048x2048":["https:\/\/www.2beauty.com.br\/blog\/wp-content\/uploads\/2017\/10\/inps_capa.jpg",1000,700,false],"ashe-slider-grid-thumbnail":["https:\/\/www.2beauty.com.br\/blog\/wp-content\/uploads\/2017\/10\/inps_capa.jpg",771,540,false],"ashe-full-thumbnail":["https:\/\/www.2beauty.com.br\/blog\/wp-content\/uploads\/2017\/10\/inps_capa.jpg",1000,700,false],"ashe-grid-thumbnail":["https:\/\/www.2beauty.com.br\/blog\/wp-content\/uploads\/2017\/10\/inps_capa.jpg",471,330,false],"ashe-list-thumbnail":["https:\/\/www.2beauty.com.br\/blog\/wp-content\/uploads\/2017\/10\/inps_capa.jpg",300,210,false],"ashe-single-navigation":["https:\/\/www.2beauty.com.br\/blog\/wp-content\/uploads\/2017\/10\/inps_capa.jpg",75,53,false]},"uagb_author_info":{"display_name":"Marina Smith","author_link":"https:\/\/www.2beauty.com.br\/blog\/author\/marinasmith\/"},"uagb_comment_info":9,"uagb_excerpt":"Aqui est\u00e3o 10 id\u00e9ias de maquiagem em peles claras, morenas e escuras para combinar com modelitos em prateado. Precisa de inspira\u00e7\u00f5es em outras cores? N\u00e3o tem problema! Aqui voc\u00ea encontra o arquivo completo com todos os posts de combina\u00e7\u00f5es. Caso voc\u00ea esteja vendo esse post na homepage do blog, desculpe pelo link de &#8220;Ler Mais&#8221;.&hellip;","acf":[],"_links":{"self":[{"href":"https:\/\/www.2beauty.com.br\/blog\/wp-json\/wp\/v2\/posts\/90347","targetHints":{"allow":["GET"]}}],"collection":[{"href":"https:\/\/www.2beauty.com.br\/blog\/wp-json\/wp\/v2\/posts"}],"about":[{"href":"https:\/\/www.2beauty.com.br\/blog\/wp-json\/wp\/v2\/types\/post"}],"author":[{"embeddable":true,"href":"https:\/\/www.2beauty.com.br\/blog\/wp-json\/wp\/v2\/users\/1"}],"replies":[{"embeddable":true,"href":"https:\/\/www.2beauty.com.br\/blog\/wp-json\/wp\/v2\/comments?post=90347"}],"version-history":[{"count":1,"href":"https:\/\/www.2beauty.com.br\/blog\/wp-json\/wp\/v2\/posts\/90347\/revisions"}],"predecessor-version":[{"id":113828,"href":"https:\/\/www.2beauty.com.br\/blog\/wp-json\/wp\/v2\/posts\/90347\/revisions\/113828"}],"wp:featuredmedia":[{"embeddable":true,"href":"https:\/\/www.2beauty.com.br\/blog\/wp-json\/wp\/v2\/media\/90378"}],"wp:attachment":[{"href":"https:\/\/www.2beauty.com.br\/blog\/wp-json\/wp\/v2\/media?parent=90347"}],"wp:term":[{"taxonomy":"category","embeddable":true,"href":"https:\/\/www.2beauty.com.br\/blog\/wp-json\/wp\/v2\/categories?post=90347"},{"taxonomy":"post_tag","embeddable":true,"href":"https:\/\/www.2beauty.com.br\/blog\/wp-json\/wp\/v2\/tags?post=90347"}],"curies":[{"name":"wp","href":"https:\/\/api.w.org\/{rel}","templated":true}]}}