{"id":9021,"date":"2009-12-22T13:30:37","date_gmt":"2009-12-22T15:30:37","guid":{"rendered":"https:\/\/www.2beauty.com.br\/blog\/?p=9021"},"modified":"2019-02-15T16:13:16","modified_gmt":"2019-02-15T18:13:16","slug":"resenha-natura-faces-mascara-fantastica","status":"publish","type":"post","link":"https:\/\/www.2beauty.com.br\/blog\/2009\/12\/resenha-natura-faces-mascara-fantastica\/","title":{"rendered":"Resenha: Natura Faces M\u00e1scara Fant\u00e1stica"},"content":{"rendered":"<p style=\"text-align: center;\"><img fetchpriority=\"high\" decoding=\"async\" class=\"alignnone size-full wp-image-9023\" title=\"natura1\" src=\"https:\/\/www.2beauty.com.br\/blog\/wp-content\/uploads\/2009\/12\/natura1.jpg\" alt=\"natura1\" width=\"375\" height=\"500\" srcset=\"https:\/\/www.2beauty.com.br\/blog\/wp-content\/uploads\/2009\/12\/natura1.jpg 375w, https:\/\/www.2beauty.com.br\/blog\/wp-content\/uploads\/2009\/12\/natura1-225x300.jpg 225w\" sizes=\"(max-width: 375px) 100vw, 375px\" \/><\/p>\n<p style=\"text-align: center;\"><img decoding=\"async\" style=\"width: 30px; height: 30px;\" title=\"Star\" src=\"https:\/\/www.2beauty.com.br\/blog\/images\/star.gif\" border=\"0\" alt=\"Star\" width=\"30\" height=\"30\" align=\"top\" \/><img decoding=\"async\" style=\"width: 30px; height: 30px;\" title=\"Star\" src=\"https:\/\/www.2beauty.com.br\/blog\/images\/star.gif\" border=\"0\" alt=\"Star\" width=\"30\" height=\"30\" align=\"top\" \/><img decoding=\"async\" style=\"width: 30px; height: 30px;\" title=\"Star\" src=\"https:\/\/www.2beauty.com.br\/blog\/images\/star2.gif\" border=\"0\" alt=\"Star\" width=\"30\" height=\"30\" align=\"top\" \/><img decoding=\"async\" style=\"width: 30px; height: 30px;\" title=\"Star\" src=\"https:\/\/www.2beauty.com.br\/blog\/images\/star2.gif\" border=\"0\" alt=\"Star\" width=\"30\" height=\"30\" align=\"top\" \/><img decoding=\"async\" style=\"width: 30px; height: 30px;\" title=\"Star\" src=\"https:\/\/www.2beauty.com.br\/blog\/images\/star2.gif\" border=\"0\" alt=\"Star\" width=\"30\" height=\"30\" align=\"top\" \/><\/p>\n<p style=\"text-align: center;\"><strong>Nota: 2 estrelinhas<\/strong><\/p>\n<p>N\u00e3o ornou&#8230;<\/p>\n<p>Ganhei este r\u00edmel da <a href=\"https:\/\/www.2beauty.com.br\/blog\/2009\/09\/30\/experimentando-natura-parte-i\/\" target=\"_blank\">Juuh<\/a> e h\u00e1 algum tempo que\u00a0 tento me\u00a0&#8220;entrosar&#8221; com ele, mas n\u00e3o est\u00e1 rolando, saca?<\/p>\n<p>A M\u00e1scara Fant\u00e1stica \u00e9 muito l\u00edquida pro meu gosto e demora demaaaaais pra secar.<\/p>\n<p>Eu sou do time que gosta de r\u00edmel mais grossinho, porque produto de textura muito fina d\u00e1 a impress\u00e3o que n\u00e3o &#8220;pega&#8221;. Os c\u00edlios\u00a0n\u00e3o curvam, sabe? Fica aquela coisa reta e empastelada&#8230;<\/p>\n<p style=\"text-align: center;\"><strong><img loading=\"lazy\" decoding=\"async\" class=\"alignnone size-full wp-image-9024\" title=\"natura2\" src=\"https:\/\/www.2beauty.com.br\/blog\/wp-content\/uploads\/2009\/12\/natura2.jpg\" alt=\"natura2\" width=\"500\" height=\"375\" srcset=\"https:\/\/www.2beauty.com.br\/blog\/wp-content\/uploads\/2009\/12\/natura2.jpg 500w, https:\/\/www.2beauty.com.br\/blog\/wp-content\/uploads\/2009\/12\/natura2-300x225.jpg 300w\" sizes=\"(max-width: 500px) 100vw, 500px\" \/><\/strong><\/p>\n<p style=\"text-align: center;\"><strong>Aplicador<\/strong><\/p>\n<p>O bom disso tudo \u00e9 que, mesmo que voc\u00ea passe um trilh\u00e3o de camadas da M\u00e1scara Fant\u00e1stica, ela n\u00e3o empelota. O triste \u00e9 que tamb\u00e9m n\u00e3o constr\u00f3i volume algum.<\/p>\n<p>N\u00e3o \u00e9 caso de desperd\u00edcio total, porque as pestanas ficam mais bonitinhas assim do que peladas, mas tem TANTO r\u00edmel bom e barato por a\u00ed (beyjos, Maybelline e Avon!), que esse da Natura acaba ca\u00edndo na categoria\u00a0de produtos &#8220;nh\u00e9&#8221; ou seja,\u00a0que\u00a0n\u00e3o fedem, nem cheiram&#8230;<\/p>\n<p>Mais algu\u00e9m teve a mesma experi\u00eancia com essa m\u00e1scara?<\/p>\n<p style=\"text-align: center;\"><strong><img loading=\"lazy\" decoding=\"async\" class=\"alignnone size-full wp-image-9025\" title=\"natura3\" src=\"https:\/\/www.2beauty.com.br\/blog\/wp-content\/uploads\/2009\/12\/natura3.jpg\" alt=\"natura3\" width=\"300\" height=\"250\" \/>\u00a0<img loading=\"lazy\" decoding=\"async\" class=\"alignnone size-full wp-image-9026\" title=\"natura4\" src=\"https:\/\/www.2beauty.com.br\/blog\/wp-content\/uploads\/2009\/12\/natura4.jpg\" alt=\"natura4\" width=\"300\" height=\"250\" \/><\/strong><\/p>\n<p style=\"text-align: center;\"><strong>Antes e depois<\/strong><\/p>\n<p style=\"text-align: center;\"><strong><img loading=\"lazy\" decoding=\"async\" class=\"alignnone size-full wp-image-9027\" title=\"natura5\" src=\"https:\/\/www.2beauty.com.br\/blog\/wp-content\/uploads\/2009\/12\/natura5.jpg\" alt=\"natura5\" width=\"500\" height=\"150\" srcset=\"https:\/\/www.2beauty.com.br\/blog\/wp-content\/uploads\/2009\/12\/natura5.jpg 500w, https:\/\/www.2beauty.com.br\/blog\/wp-content\/uploads\/2009\/12\/natura5-300x90.jpg 300w\" sizes=\"(max-width: 500px) 100vw, 500px\" \/><\/strong><\/p>\n<p style=\"text-align: center;\"><strong>Compara\u00e7\u00e3o lado a lado: com e sem r\u00edmel<\/strong><\/p>\n<p style=\"text-align: center;\"><strong><img loading=\"lazy\" decoding=\"async\" class=\"alignnone size-full wp-image-9028\" title=\"natura6\" src=\"https:\/\/www.2beauty.com.br\/blog\/wp-content\/uploads\/2009\/12\/natura6.jpg\" alt=\"natura6\" width=\"500\" height=\"150\" srcset=\"https:\/\/www.2beauty.com.br\/blog\/wp-content\/uploads\/2009\/12\/natura6.jpg 500w, https:\/\/www.2beauty.com.br\/blog\/wp-content\/uploads\/2009\/12\/natura6-300x90.jpg 300w\" sizes=\"(max-width: 500px) 100vw, 500px\" \/><\/strong><\/p>\n<p style=\"text-align: center;\"><strong>Os dois olhos com tr\u00eas camadas<\/strong><\/p>\n","protected":false},"excerpt":{"rendered":"<p>Nota: 2 estrelinhas N\u00e3o ornou&#8230; Ganhei este r\u00edmel da Juuh e h\u00e1 algum tempo que\u00a0 tento me\u00a0&#8220;entrosar&#8221; com ele, mas n\u00e3o est\u00e1 rolando, saca? A M\u00e1scara Fant\u00e1stica \u00e9 muito l\u00edquida pro meu gosto e demora demaaaaais pra secar. Eu sou do time que gosta de r\u00edmel mais grossinho, porque produto de textura muito fina d\u00e1 a impress\u00e3o que n\u00e3o &#8220;pega&#8221;. Os c\u00edlios\u00a0n\u00e3o curvam, sabe? Fica aquela coisa reta e empastelada&#8230; Aplicador O bom disso tudo \u00e9 que, mesmo que voc\u00ea passe um trilh\u00e3o de camadas da M\u00e1scara Fant\u00e1stica, ela n\u00e3o empelota. O triste \u00e9 que tamb\u00e9m n\u00e3o constr\u00f3i volume algum. N\u00e3o \u00e9 caso de desperd\u00edcio total, porque as pestanas ficam mais bonitinhas assim do que peladas, mas tem TANTO r\u00edmel bom e barato por a\u00ed (beyjos, Maybelline e Avon!), que esse da Natura acaba ca\u00edndo na categoria\u00a0de produtos &#8220;nh\u00e9&#8221; ou seja,\u00a0que\u00a0n\u00e3o fedem, nem cheiram&#8230; Mais algu\u00e9m teve a mesma experi\u00eancia com essa m\u00e1scara? \u00a0 Antes e depois Compara\u00e7\u00e3o lado a lado: com e sem r\u00edmel Os dois olhos com tr\u00eas camadas<\/p>\n","protected":false},"author":1,"featured_media":0,"comment_status":"open","ping_status":"open","sticky":false,"template":"","format":"standard","meta":{"_uag_custom_page_level_css":"","footnotes":""},"categories":[84],"tags":[1399,365,1167,345,4125],"class_list":["post-9021","post","type-post","status-publish","format-standard","hentry","category-maquiagem","tag-mascara-fantastica","tag-natura","tag-natura-faces","tag-resenha","tag-rimel"],"uagb_featured_image_src":{"full":false,"thumbnail":false,"medium":false,"medium_large":false,"large":false,"1536x1536":false,"2048x2048":false,"ashe-slider-grid-thumbnail":false,"ashe-full-thumbnail":false,"ashe-grid-thumbnail":false,"ashe-list-thumbnail":false,"ashe-single-navigation":false},"uagb_author_info":{"display_name":"Marina Smith","author_link":"https:\/\/www.2beauty.com.br\/blog\/author\/marinasmith\/"},"uagb_comment_info":49,"uagb_excerpt":"Nota: 2 estrelinhas N\u00e3o ornou&#8230; Ganhei este r\u00edmel da Juuh e h\u00e1 algum tempo que\u00a0 tento me\u00a0&#8220;entrosar&#8221; com ele, mas n\u00e3o est\u00e1 rolando, saca? A M\u00e1scara Fant\u00e1stica \u00e9 muito l\u00edquida pro meu gosto e demora demaaaaais pra secar. Eu sou do time que gosta de r\u00edmel mais grossinho, porque produto de textura muito fina d\u00e1&hellip;","acf":[],"_links":{"self":[{"href":"https:\/\/www.2beauty.com.br\/blog\/wp-json\/wp\/v2\/posts\/9021","targetHints":{"allow":["GET"]}}],"collection":[{"href":"https:\/\/www.2beauty.com.br\/blog\/wp-json\/wp\/v2\/posts"}],"about":[{"href":"https:\/\/www.2beauty.com.br\/blog\/wp-json\/wp\/v2\/types\/post"}],"author":[{"embeddable":true,"href":"https:\/\/www.2beauty.com.br\/blog\/wp-json\/wp\/v2\/users\/1"}],"replies":[{"embeddable":true,"href":"https:\/\/www.2beauty.com.br\/blog\/wp-json\/wp\/v2\/comments?post=9021"}],"version-history":[{"count":0,"href":"https:\/\/www.2beauty.com.br\/blog\/wp-json\/wp\/v2\/posts\/9021\/revisions"}],"wp:attachment":[{"href":"https:\/\/www.2beauty.com.br\/blog\/wp-json\/wp\/v2\/media?parent=9021"}],"wp:term":[{"taxonomy":"category","embeddable":true,"href":"https:\/\/www.2beauty.com.br\/blog\/wp-json\/wp\/v2\/categories?post=9021"},{"taxonomy":"post_tag","embeddable":true,"href":"https:\/\/www.2beauty.com.br\/blog\/wp-json\/wp\/v2\/tags?post=9021"}],"curies":[{"name":"wp","href":"https:\/\/api.w.org\/{rel}","templated":true}]}}