{"id":90168,"date":"2017-09-25T10:05:40","date_gmt":"2017-09-25T12:05:40","guid":{"rendered":"https:\/\/www.2beauty.com.br\/blog\/?p=90168"},"modified":"2019-02-15T16:09:44","modified_gmt":"2019-02-15T18:09:44","slug":"o-la-em-casa-padre-fabio-de-melo","status":"publish","type":"post","link":"https:\/\/www.2beauty.com.br\/blog\/2017\/09\/o-la-em-casa-padre-fabio-de-melo\/","title":{"rendered":"\u00d4, l\u00e1 em casa&#8230; Padre F\u00e1bio de Melo"},"content":{"rendered":"<figure id=\"attachment_90170\" aria-describedby=\"caption-attachment-90170\" style=\"width: 900px\" class=\"wp-caption aligncenter\"><a href=\"https:\/\/www.2beauty.com.br\/blog\/wp-content\/uploads\/2017\/09\/padre-fabio-de-melo.jpg\"><img fetchpriority=\"high\" decoding=\"async\" class=\"wp-image-90170 size-full\" src=\"https:\/\/www.2beauty.com.br\/blog\/wp-content\/uploads\/2017\/09\/padre-fabio-de-melo.jpg\" alt=\"Padre F\u00e1bio de Melo\" width=\"900\" height=\"600\" srcset=\"https:\/\/www.2beauty.com.br\/blog\/wp-content\/uploads\/2017\/09\/padre-fabio-de-melo.jpg 900w, https:\/\/www.2beauty.com.br\/blog\/wp-content\/uploads\/2017\/09\/padre-fabio-de-melo-580x387.jpg 580w, https:\/\/www.2beauty.com.br\/blog\/wp-content\/uploads\/2017\/09\/padre-fabio-de-melo-860x573.jpg 860w, https:\/\/www.2beauty.com.br\/blog\/wp-content\/uploads\/2017\/09\/padre-fabio-de-melo-768x512.jpg 768w, https:\/\/www.2beauty.com.br\/blog\/wp-content\/uploads\/2017\/09\/padre-fabio-de-melo-620x413.jpg 620w\" sizes=\"(max-width: 900px) 100vw, 900px\" \/><\/a><figcaption id=\"caption-attachment-90170\" class=\"wp-caption-text\">Fotos: @pefabiodemelo<\/figcaption><\/figure>\n<p>Gente, \u00e9 pecado ter um padre como padroeiro? hahaha<\/p>\n<p><strong>Espero que n\u00e3o :)<\/strong><\/p>\n<p>Tudo certinho com voc\u00eas? <strong>Que tal foi o finde?<\/strong><\/p>\n<p>A minha primeira semana em casa foi muito produtiva! Antes de mais nada, aproveitei o feriado estadual na \u00faltima quarta-feira para rever a fam\u00edlia, comer o churrasco del\u00edcia preparado pelo meu pai e me jogar no bolo da v\u00f3.<\/p>\n<p>O bolo n\u00e3o era cascudo, mas estava <strong>super gostoso!<\/strong><\/p>\n<p><a href=\"https:\/\/www.2beauty.com.br\/blog\/wp-content\/uploads\/2017\/09\/1-7.jpg\"><img decoding=\"async\" class=\"aligncenter size-full wp-image-90173\" src=\"https:\/\/www.2beauty.com.br\/blog\/wp-content\/uploads\/2017\/09\/1-7.jpg\" alt=\"\" width=\"900\" height=\"600\" srcset=\"https:\/\/www.2beauty.com.br\/blog\/wp-content\/uploads\/2017\/09\/1-7.jpg 900w, https:\/\/www.2beauty.com.br\/blog\/wp-content\/uploads\/2017\/09\/1-7-580x387.jpg 580w, https:\/\/www.2beauty.com.br\/blog\/wp-content\/uploads\/2017\/09\/1-7-768x512.jpg 768w, https:\/\/www.2beauty.com.br\/blog\/wp-content\/uploads\/2017\/09\/1-7-620x413.jpg 620w\" sizes=\"(max-width: 900px) 100vw, 900px\" \/><\/a><\/p>\n<p>Um dos meus primos estava gripado e acho que peguei a gripe dele, porque no dia seguinte amanheci com o nariz e os ouvidos entupidos, cabe\u00e7a doendo e garganta meio irritada.<\/p>\n<p>Mesmo com a gripe, <strong>deu pra filmar dois v\u00eddeos pro canal do blog!<\/strong><\/p>\n<p>O primeiro sobre as <a href=\"https:\/\/www.2beauty.com.br\/blog\/2017\/09\/22\/video-compras-da-viagem\/\" target=\"_blank\" rel=\"noopener\">comprinhas da viagem<\/a> e o segundo, sobre <a href=\"https:\/\/www.2beauty.com.br\/blog\/2017\/09\/25\/netflix-com-o-marinao-falsificacoes-divas-pop-e-confissoes\/\" target=\"_blank\" rel=\"noopener\">s\u00e9ries e document\u00e1rios da Netflix que achei interessantes.<\/a><\/p>\n<p><a href=\"https:\/\/www.2beauty.com.br\/blog\/wp-content\/uploads\/2017\/09\/2-6.jpg\"><img decoding=\"async\" class=\"aligncenter size-full wp-image-90174\" src=\"https:\/\/www.2beauty.com.br\/blog\/wp-content\/uploads\/2017\/09\/2-6.jpg\" alt=\"\" width=\"900\" height=\"600\" srcset=\"https:\/\/www.2beauty.com.br\/blog\/wp-content\/uploads\/2017\/09\/2-6.jpg 900w, https:\/\/www.2beauty.com.br\/blog\/wp-content\/uploads\/2017\/09\/2-6-580x387.jpg 580w, https:\/\/www.2beauty.com.br\/blog\/wp-content\/uploads\/2017\/09\/2-6-768x512.jpg 768w, https:\/\/www.2beauty.com.br\/blog\/wp-content\/uploads\/2017\/09\/2-6-620x413.jpg 620w\" sizes=\"(max-width: 900px) 100vw, 900px\" \/><\/a><\/p>\n<p>Passei o final de semana de molho e agora j\u00e1 estou melhor.<\/p>\n<p>Uma coisa que me ajudou muito foi fazer lavagens do nariz com soro fisiol\u00f3gico, ent\u00e3o <strong>#FicaDica<\/strong> caso voc\u00ea tamb\u00e9m esteja com a cabe\u00e7a estourando por conta do nariz entupido.<\/p>\n<p>De resto, t\u00f4 catando dicas na internet de como amenizar marca de queimadura, porque me queimei com o babyliss no antebra\u00e7o.<\/p>\n<p>Passo bastante Bepantol v\u00e1rias vezes ao dia, mas <strong>se voc\u00eas tiverem sugest\u00f5es de outros produtos,<\/strong> super aceito :)<\/p>\n","protected":false},"excerpt":{"rendered":"<p>Gente, \u00e9 pecado ter um padre como padroeiro? hahaha Espero que n\u00e3o :) Tudo certinho com voc\u00eas? Que tal foi o finde? A minha primeira semana em casa foi muito produtiva! Antes de mais nada, aproveitei o feriado estadual na \u00faltima quarta-feira para rever a fam\u00edlia, comer o churrasco del\u00edcia preparado pelo meu pai e me jogar no bolo da v\u00f3. O bolo n\u00e3o era cascudo, mas estava super gostoso! Um dos meus primos estava gripado e acho que peguei a gripe dele, porque no dia seguinte amanheci com o nariz e os ouvidos entupidos, cabe\u00e7a doendo e garganta meio irritada. Mesmo com a gripe, deu pra filmar dois v\u00eddeos pro canal do blog! O primeiro sobre as comprinhas da viagem e o segundo, sobre s\u00e9ries e document\u00e1rios da Netflix que achei interessantes. Passei o final de semana de molho e agora j\u00e1 estou melhor. Uma coisa que me ajudou muito foi fazer lavagens do nariz com soro fisiol\u00f3gico, ent\u00e3o #FicaDica caso voc\u00ea tamb\u00e9m esteja com a cabe\u00e7a estourando por conta do nariz entupido. De resto, t\u00f4 catando dicas na internet de como amenizar marca de queimadura, porque me queimei com o babyliss no antebra\u00e7o. Passo bastante Bepantol v\u00e1rias vezes ao dia, mas se voc\u00eas tiverem sugest\u00f5es de outros produtos, super aceito :)<\/p>\n","protected":false},"author":1,"featured_media":90170,"comment_status":"open","ping_status":"closed","sticky":false,"template":"","format":"standard","meta":{"_uag_custom_page_level_css":"","footnotes":""},"categories":[1],"tags":[822,4208,4129],"class_list":["post-90168","post","type-post","status-publish","format-standard","has-post-thumbnail","hentry","category-geral","tag-o-la-em-casa","tag-padre-fabio-de-melo","tag-vidinha-e-novidades"],"uagb_featured_image_src":{"full":["https:\/\/www.2beauty.com.br\/blog\/wp-content\/uploads\/2017\/09\/padre-fabio-de-melo.jpg",900,600,false],"thumbnail":["https:\/\/www.2beauty.com.br\/blog\/wp-content\/uploads\/2017\/09\/padre-fabio-de-melo-300x250.jpg",300,250,true],"medium":["https:\/\/www.2beauty.com.br\/blog\/wp-content\/uploads\/2017\/09\/padre-fabio-de-melo-580x387.jpg",580,387,true],"medium_large":["https:\/\/www.2beauty.com.br\/blog\/wp-content\/uploads\/2017\/09\/padre-fabio-de-melo-768x512.jpg",768,512,true],"large":["https:\/\/www.2beauty.com.br\/blog\/wp-content\/uploads\/2017\/09\/padre-fabio-de-melo-620x413.jpg",620,413,true],"1536x1536":["https:\/\/www.2beauty.com.br\/blog\/wp-content\/uploads\/2017\/09\/padre-fabio-de-melo.jpg",900,600,false],"2048x2048":["https:\/\/www.2beauty.com.br\/blog\/wp-content\/uploads\/2017\/09\/padre-fabio-de-melo.jpg",900,600,false],"ashe-slider-grid-thumbnail":["https:\/\/www.2beauty.com.br\/blog\/wp-content\/uploads\/2017\/09\/padre-fabio-de-melo.jpg",810,540,false],"ashe-full-thumbnail":["https:\/\/www.2beauty.com.br\/blog\/wp-content\/uploads\/2017\/09\/padre-fabio-de-melo.jpg",900,600,false],"ashe-grid-thumbnail":["https:\/\/www.2beauty.com.br\/blog\/wp-content\/uploads\/2017\/09\/padre-fabio-de-melo.jpg",495,330,false],"ashe-list-thumbnail":["https:\/\/www.2beauty.com.br\/blog\/wp-content\/uploads\/2017\/09\/padre-fabio-de-melo.jpg",300,200,false],"ashe-single-navigation":["https:\/\/www.2beauty.com.br\/blog\/wp-content\/uploads\/2017\/09\/padre-fabio-de-melo.jpg",75,50,false]},"uagb_author_info":{"display_name":"Marina Smith","author_link":"https:\/\/www.2beauty.com.br\/blog\/author\/marinasmith\/"},"uagb_comment_info":37,"uagb_excerpt":"Gente, \u00e9 pecado ter um padre como padroeiro? hahaha Espero que n\u00e3o :) Tudo certinho com voc\u00eas? Que tal foi o finde? A minha primeira semana em casa foi muito produtiva! Antes de mais nada, aproveitei o feriado estadual na \u00faltima quarta-feira para rever a fam\u00edlia, comer o churrasco del\u00edcia preparado pelo meu pai e&hellip;","acf":[],"_links":{"self":[{"href":"https:\/\/www.2beauty.com.br\/blog\/wp-json\/wp\/v2\/posts\/90168","targetHints":{"allow":["GET"]}}],"collection":[{"href":"https:\/\/www.2beauty.com.br\/blog\/wp-json\/wp\/v2\/posts"}],"about":[{"href":"https:\/\/www.2beauty.com.br\/blog\/wp-json\/wp\/v2\/types\/post"}],"author":[{"embeddable":true,"href":"https:\/\/www.2beauty.com.br\/blog\/wp-json\/wp\/v2\/users\/1"}],"replies":[{"embeddable":true,"href":"https:\/\/www.2beauty.com.br\/blog\/wp-json\/wp\/v2\/comments?post=90168"}],"version-history":[{"count":0,"href":"https:\/\/www.2beauty.com.br\/blog\/wp-json\/wp\/v2\/posts\/90168\/revisions"}],"wp:featuredmedia":[{"embeddable":true,"href":"https:\/\/www.2beauty.com.br\/blog\/wp-json\/wp\/v2\/media\/90170"}],"wp:attachment":[{"href":"https:\/\/www.2beauty.com.br\/blog\/wp-json\/wp\/v2\/media?parent=90168"}],"wp:term":[{"taxonomy":"category","embeddable":true,"href":"https:\/\/www.2beauty.com.br\/blog\/wp-json\/wp\/v2\/categories?post=90168"},{"taxonomy":"post_tag","embeddable":true,"href":"https:\/\/www.2beauty.com.br\/blog\/wp-json\/wp\/v2\/tags?post=90168"}],"curies":[{"name":"wp","href":"https:\/\/api.w.org\/{rel}","templated":true}]}}