{"id":89067,"date":"2017-08-18T03:10:26","date_gmt":"2017-08-18T05:10:26","guid":{"rendered":"https:\/\/www.2beauty.com.br\/blog\/?p=89067"},"modified":"2019-10-09T23:10:41","modified_gmt":"2019-10-10T01:10:41","slug":"10-maquiagens-para-combinar-com-vestido-azul-marinho","status":"publish","type":"post","link":"https:\/\/www.2beauty.com.br\/blog\/2017\/08\/10-maquiagens-para-combinar-com-vestido-azul-marinho\/","title":{"rendered":"10 maquiagens para combinar com vestido azul marinho"},"content":{"rendered":"\n<script async=\"\" src=\"\/\/pagead2.googlesyndication.com\/pagead\/js\/adsbygoogle.js\"><\/script>\n<!-- Responsivo www.2beauty.com.br -->\n<ins class=\"adsbygoogle\" style=\"display:block\" data-ad-client=\"ca-pub-5401592170963248\" data-ad-slot=\"6719035301\" data-ad-format=\"auto\" data-full-width-responsive=\"true\"><\/ins>\n<script>\n(adsbygoogle = window.adsbygoogle || []).push({});\n<\/script>\n\n\n\n<hr class=\"wp-block-separator\"\/>\n\n\n<figure id=\"attachment_89068\" aria-describedby=\"caption-attachment-89068\" style=\"width: 900px\" class=\"wp-caption alignnone\"><img fetchpriority=\"high\" decoding=\"async\" class=\"wp-image-89068 size-full\" src=\"https:\/\/www.2beauty.com.br\/blog\/wp-content\/uploads\/2017\/08\/inps_capa2.jpg\" alt=\"\" width=\"900\" height=\"600\" srcset=\"https:\/\/www.2beauty.com.br\/blog\/wp-content\/uploads\/2017\/08\/inps_capa2.jpg 900w, https:\/\/www.2beauty.com.br\/blog\/wp-content\/uploads\/2017\/08\/inps_capa2-580x387.jpg 580w, https:\/\/www.2beauty.com.br\/blog\/wp-content\/uploads\/2017\/08\/inps_capa2-768x512.jpg 768w, https:\/\/www.2beauty.com.br\/blog\/wp-content\/uploads\/2017\/08\/inps_capa2-620x413.jpg 620w\" sizes=\"(max-width: 900px) 100vw, 900px\" \/><figcaption id=\"caption-attachment-89068\" class=\"wp-caption-text\">Fotos: Getty Images<\/figcaption><\/figure>\n<p>Depois do post com <a href=\"https:\/\/www.2beauty.com.br\/blog\/2017\/08\/11\/10-maquiagens-para-combinar-com-vestido-vermelho\/\" target=\"_blank\" rel=\"noopener noreferrer\">modelitos em vermelho<\/a>, aqui est\u00e3o <strong>10 id\u00e9ias de maquiagem<\/strong> em peles claras, morenas e escuras para combinar com vestido azul marinho.<\/p>\n<p><strong>Precisa de inspira\u00e7\u00f5es em outras cores?<\/strong> N\u00e3o tem problema! <a href=\"https:\/\/www.2beauty.com.br\/blog\/category\/inspiraqcoes\/maquiagem-roupa\/\" target=\"_blank\" rel=\"noopener noreferrer\">Aqui voc\u00ea encontra o arquivo completo com todos os posts de combina\u00e7\u00f5es.<\/a><\/p>\n<p>Caso voc\u00ea esteja vendo esse post na homepage do blog, desculpe pelo link de <strong>&#8220;Ler Mais&#8221;<\/strong>.<\/p>\n<p>Como ele tem muitas imagens grandes, esse link \u00e9 necess\u00e1rio para que a home do blog n\u00e3o demore uma vida para carregar.<\/p>\n<p><!--more--><\/p>\n<h3>Amanda Seyfried &#8211; SAG Awards 2013<\/h3>\n<p><img decoding=\"async\" class=\"aligncenter wp-image-89070 size-full\" src=\"https:\/\/www.2beauty.com.br\/blog\/wp-content\/uploads\/2017\/08\/1-amanda.jpg\" alt=\"maquiagem para usar com vestido azul\" width=\"900\" height=\"1138\" srcset=\"https:\/\/www.2beauty.com.br\/blog\/wp-content\/uploads\/2017\/08\/1-amanda.jpg 900w, https:\/\/www.2beauty.com.br\/blog\/wp-content\/uploads\/2017\/08\/1-amanda-344x435.jpg 344w, https:\/\/www.2beauty.com.br\/blog\/wp-content\/uploads\/2017\/08\/1-amanda-768x971.jpg 768w, https:\/\/www.2beauty.com.br\/blog\/wp-content\/uploads\/2017\/08\/1-amanda-620x784.jpg 620w\" sizes=\"(max-width: 900px) 100vw, 900px\" \/><\/p>\n<p><img decoding=\"async\" class=\"aligncenter wp-image-89072 size-full\" src=\"https:\/\/www.2beauty.com.br\/blog\/wp-content\/uploads\/2017\/08\/3-amanda.jpg\" alt=\"maquiagem para usar com vestido azul\" width=\"900\" height=\"1138\" srcset=\"https:\/\/www.2beauty.com.br\/blog\/wp-content\/uploads\/2017\/08\/3-amanda.jpg 900w, https:\/\/www.2beauty.com.br\/blog\/wp-content\/uploads\/2017\/08\/3-amanda-344x435.jpg 344w, https:\/\/www.2beauty.com.br\/blog\/wp-content\/uploads\/2017\/08\/3-amanda-768x971.jpg 768w, https:\/\/www.2beauty.com.br\/blog\/wp-content\/uploads\/2017\/08\/3-amanda-620x784.jpg 620w\" sizes=\"(max-width: 900px) 100vw, 900px\" \/><\/p>\n<figure id=\"attachment_89071\" aria-describedby=\"caption-attachment-89071\" style=\"width: 900px\" class=\"wp-caption aligncenter\"><img loading=\"lazy\" decoding=\"async\" class=\"wp-image-89071 size-full\" src=\"https:\/\/www.2beauty.com.br\/blog\/wp-content\/uploads\/2017\/08\/2-amanda.jpg\" alt=\"maquiagem para usar com vestido azul\" width=\"900\" height=\"1138\" srcset=\"https:\/\/www.2beauty.com.br\/blog\/wp-content\/uploads\/2017\/08\/2-amanda.jpg 900w, https:\/\/www.2beauty.com.br\/blog\/wp-content\/uploads\/2017\/08\/2-amanda-344x435.jpg 344w, https:\/\/www.2beauty.com.br\/blog\/wp-content\/uploads\/2017\/08\/2-amanda-768x971.jpg 768w, https:\/\/www.2beauty.com.br\/blog\/wp-content\/uploads\/2017\/08\/2-amanda-620x784.jpg 620w\" sizes=\"(max-width: 900px) 100vw, 900px\" \/><figcaption id=\"caption-attachment-89071\" class=\"wp-caption-text\">Fotos: Getty Images<\/figcaption><\/figure>\n<h3>Rosie Huntington &#8211; Dark Of The Moon UK Premiere 2011<\/h3>\n<p><img loading=\"lazy\" decoding=\"async\" class=\"aligncenter wp-image-89073 size-full\" src=\"https:\/\/www.2beauty.com.br\/blog\/wp-content\/uploads\/2017\/08\/4-rose.jpg\" alt=\"maquiagem para usar com vestido azul\" width=\"900\" height=\"1138\" srcset=\"https:\/\/www.2beauty.com.br\/blog\/wp-content\/uploads\/2017\/08\/4-rose.jpg 900w, https:\/\/www.2beauty.com.br\/blog\/wp-content\/uploads\/2017\/08\/4-rose-344x435.jpg 344w, https:\/\/www.2beauty.com.br\/blog\/wp-content\/uploads\/2017\/08\/4-rose-768x971.jpg 768w, https:\/\/www.2beauty.com.br\/blog\/wp-content\/uploads\/2017\/08\/4-rose-620x784.jpg 620w\" sizes=\"(max-width: 900px) 100vw, 900px\" \/><\/p>\n<figure id=\"attachment_89074\" aria-describedby=\"caption-attachment-89074\" style=\"width: 900px\" class=\"wp-caption aligncenter\"><img loading=\"lazy\" decoding=\"async\" class=\"wp-image-89074 size-full\" src=\"https:\/\/www.2beauty.com.br\/blog\/wp-content\/uploads\/2017\/08\/5-rose.jpg\" alt=\"maquiagem para usar com vestido azul\" width=\"900\" height=\"1138\" srcset=\"https:\/\/www.2beauty.com.br\/blog\/wp-content\/uploads\/2017\/08\/5-rose.jpg 900w, https:\/\/www.2beauty.com.br\/blog\/wp-content\/uploads\/2017\/08\/5-rose-344x435.jpg 344w, https:\/\/www.2beauty.com.br\/blog\/wp-content\/uploads\/2017\/08\/5-rose-768x971.jpg 768w, https:\/\/www.2beauty.com.br\/blog\/wp-content\/uploads\/2017\/08\/5-rose-620x784.jpg 620w\" sizes=\"(max-width: 900px) 100vw, 900px\" \/><figcaption id=\"caption-attachment-89074\" class=\"wp-caption-text\">Fotos: Getty Images<\/figcaption><\/figure>\n<h3>Maria Menounos &#8211; Emmy Awards 2013<\/h3>\n<p><img loading=\"lazy\" decoding=\"async\" class=\"aligncenter wp-image-89077 size-full\" src=\"https:\/\/www.2beauty.com.br\/blog\/wp-content\/uploads\/2017\/08\/6-maria.jpg\" alt=\"maquiagem para usar com vestido azul\" width=\"900\" height=\"1138\" srcset=\"https:\/\/www.2beauty.com.br\/blog\/wp-content\/uploads\/2017\/08\/6-maria.jpg 900w, https:\/\/www.2beauty.com.br\/blog\/wp-content\/uploads\/2017\/08\/6-maria-344x435.jpg 344w, https:\/\/www.2beauty.com.br\/blog\/wp-content\/uploads\/2017\/08\/6-maria-768x971.jpg 768w, https:\/\/www.2beauty.com.br\/blog\/wp-content\/uploads\/2017\/08\/6-maria-620x784.jpg 620w\" sizes=\"(max-width: 900px) 100vw, 900px\" \/><\/p>\n<p><img loading=\"lazy\" decoding=\"async\" class=\"aligncenter wp-image-89078 size-full\" src=\"https:\/\/www.2beauty.com.br\/blog\/wp-content\/uploads\/2017\/08\/7-maria.jpg\" alt=\"maquiagem para usar com vestido azul\" width=\"900\" height=\"1138\" srcset=\"https:\/\/www.2beauty.com.br\/blog\/wp-content\/uploads\/2017\/08\/7-maria.jpg 900w, https:\/\/www.2beauty.com.br\/blog\/wp-content\/uploads\/2017\/08\/7-maria-344x435.jpg 344w, https:\/\/www.2beauty.com.br\/blog\/wp-content\/uploads\/2017\/08\/7-maria-768x971.jpg 768w, https:\/\/www.2beauty.com.br\/blog\/wp-content\/uploads\/2017\/08\/7-maria-620x784.jpg 620w\" sizes=\"(max-width: 900px) 100vw, 900px\" \/><\/p>\n<figure id=\"attachment_89079\" aria-describedby=\"caption-attachment-89079\" style=\"width: 900px\" class=\"wp-caption aligncenter\"><img loading=\"lazy\" decoding=\"async\" class=\"wp-image-89079 size-full\" src=\"https:\/\/www.2beauty.com.br\/blog\/wp-content\/uploads\/2017\/08\/8-maria.jpg\" alt=\"maquiagem para usar com vestido azul\" width=\"900\" height=\"1138\" srcset=\"https:\/\/www.2beauty.com.br\/blog\/wp-content\/uploads\/2017\/08\/8-maria.jpg 900w, https:\/\/www.2beauty.com.br\/blog\/wp-content\/uploads\/2017\/08\/8-maria-344x435.jpg 344w, https:\/\/www.2beauty.com.br\/blog\/wp-content\/uploads\/2017\/08\/8-maria-768x971.jpg 768w, https:\/\/www.2beauty.com.br\/blog\/wp-content\/uploads\/2017\/08\/8-maria-620x784.jpg 620w\" sizes=\"(max-width: 900px) 100vw, 900px\" \/><figcaption id=\"caption-attachment-89079\" class=\"wp-caption-text\">Fotos: Getty Images<\/figcaption><\/figure>\n<h3>Keira Knightley &#8211; Jack Ryan: Shadow Recruit Premiere 2014<\/h3>\n<p><img loading=\"lazy\" decoding=\"async\" class=\"aligncenter wp-image-89080 size-full\" src=\"https:\/\/www.2beauty.com.br\/blog\/wp-content\/uploads\/2017\/08\/9-keira.jpg\" alt=\"maquiagem para usar com vestido azul\" width=\"900\" height=\"1138\" srcset=\"https:\/\/www.2beauty.com.br\/blog\/wp-content\/uploads\/2017\/08\/9-keira.jpg 900w, https:\/\/www.2beauty.com.br\/blog\/wp-content\/uploads\/2017\/08\/9-keira-344x435.jpg 344w, https:\/\/www.2beauty.com.br\/blog\/wp-content\/uploads\/2017\/08\/9-keira-768x971.jpg 768w, https:\/\/www.2beauty.com.br\/blog\/wp-content\/uploads\/2017\/08\/9-keira-620x784.jpg 620w\" sizes=\"(max-width: 900px) 100vw, 900px\" \/><\/p>\n<figure id=\"attachment_89081\" aria-describedby=\"caption-attachment-89081\" style=\"width: 900px\" class=\"wp-caption aligncenter\"><img loading=\"lazy\" decoding=\"async\" class=\"wp-image-89081 size-full\" src=\"https:\/\/www.2beauty.com.br\/blog\/wp-content\/uploads\/2017\/08\/10-keira.jpg\" alt=\"maquiagem para usar com vestido azul\" width=\"900\" height=\"1138\" srcset=\"https:\/\/www.2beauty.com.br\/blog\/wp-content\/uploads\/2017\/08\/10-keira.jpg 900w, https:\/\/www.2beauty.com.br\/blog\/wp-content\/uploads\/2017\/08\/10-keira-344x435.jpg 344w, https:\/\/www.2beauty.com.br\/blog\/wp-content\/uploads\/2017\/08\/10-keira-768x971.jpg 768w, https:\/\/www.2beauty.com.br\/blog\/wp-content\/uploads\/2017\/08\/10-keira-620x784.jpg 620w\" sizes=\"(max-width: 900px) 100vw, 900px\" \/><figcaption id=\"caption-attachment-89081\" class=\"wp-caption-text\">Fotos: Getty Images<\/figcaption><\/figure>\n<h3>Emily Ratajkowski &#8211; Emmy Awards 2016<\/h3>\n<p><img loading=\"lazy\" decoding=\"async\" class=\"aligncenter wp-image-89082 size-full\" src=\"https:\/\/www.2beauty.com.br\/blog\/wp-content\/uploads\/2017\/08\/24-emily.jpg\" alt=\"maquiagem para usar com vestido azul\" width=\"900\" height=\"1138\" srcset=\"https:\/\/www.2beauty.com.br\/blog\/wp-content\/uploads\/2017\/08\/24-emily.jpg 900w, https:\/\/www.2beauty.com.br\/blog\/wp-content\/uploads\/2017\/08\/24-emily-344x435.jpg 344w, https:\/\/www.2beauty.com.br\/blog\/wp-content\/uploads\/2017\/08\/24-emily-768x971.jpg 768w, https:\/\/www.2beauty.com.br\/blog\/wp-content\/uploads\/2017\/08\/24-emily-620x784.jpg 620w\" sizes=\"(max-width: 900px) 100vw, 900px\" \/><\/p>\n<p><img loading=\"lazy\" decoding=\"async\" class=\"aligncenter wp-image-89083 size-full\" src=\"https:\/\/www.2beauty.com.br\/blog\/wp-content\/uploads\/2017\/08\/25-emily.jpg\" alt=\"maquiagem para usar com vestido azul\" width=\"900\" height=\"1138\" srcset=\"https:\/\/www.2beauty.com.br\/blog\/wp-content\/uploads\/2017\/08\/25-emily.jpg 900w, https:\/\/www.2beauty.com.br\/blog\/wp-content\/uploads\/2017\/08\/25-emily-344x435.jpg 344w, https:\/\/www.2beauty.com.br\/blog\/wp-content\/uploads\/2017\/08\/25-emily-768x971.jpg 768w, https:\/\/www.2beauty.com.br\/blog\/wp-content\/uploads\/2017\/08\/25-emily-620x784.jpg 620w\" sizes=\"(max-width: 900px) 100vw, 900px\" \/><\/p>\n<figure id=\"attachment_89084\" aria-describedby=\"caption-attachment-89084\" style=\"width: 900px\" class=\"wp-caption aligncenter\"><img loading=\"lazy\" decoding=\"async\" class=\"wp-image-89084 size-full\" src=\"https:\/\/www.2beauty.com.br\/blog\/wp-content\/uploads\/2017\/08\/26-emily.jpg\" alt=\"maquiagem para usar com vestido azul\" width=\"900\" height=\"1138\" srcset=\"https:\/\/www.2beauty.com.br\/blog\/wp-content\/uploads\/2017\/08\/26-emily.jpg 900w, https:\/\/www.2beauty.com.br\/blog\/wp-content\/uploads\/2017\/08\/26-emily-344x435.jpg 344w, https:\/\/www.2beauty.com.br\/blog\/wp-content\/uploads\/2017\/08\/26-emily-768x971.jpg 768w, https:\/\/www.2beauty.com.br\/blog\/wp-content\/uploads\/2017\/08\/26-emily-620x784.jpg 620w\" sizes=\"(max-width: 900px) 100vw, 900px\" \/><figcaption id=\"caption-attachment-89084\" class=\"wp-caption-text\">Fotos: Getty Images<\/figcaption><\/figure>\n<h3>Lea Michelle &#8211; Vanity Fair Oscar Party 2011<\/h3>\n<p><img loading=\"lazy\" decoding=\"async\" class=\"aligncenter wp-image-89099 size-full\" src=\"https:\/\/www.2beauty.com.br\/blog\/wp-content\/uploads\/2017\/08\/lea1.jpg\" alt=\"maquiagem para usar com vestido azul\" width=\"900\" height=\"1138\" srcset=\"https:\/\/www.2beauty.com.br\/blog\/wp-content\/uploads\/2017\/08\/lea1.jpg 900w, https:\/\/www.2beauty.com.br\/blog\/wp-content\/uploads\/2017\/08\/lea1-344x435.jpg 344w, https:\/\/www.2beauty.com.br\/blog\/wp-content\/uploads\/2017\/08\/lea1-768x971.jpg 768w, https:\/\/www.2beauty.com.br\/blog\/wp-content\/uploads\/2017\/08\/lea1-620x784.jpg 620w\" sizes=\"(max-width: 900px) 100vw, 900px\" \/><\/p>\n<figure id=\"attachment_89100\" aria-describedby=\"caption-attachment-89100\" style=\"width: 900px\" class=\"wp-caption aligncenter\"><img loading=\"lazy\" decoding=\"async\" class=\"wp-image-89100 size-full\" src=\"https:\/\/www.2beauty.com.br\/blog\/wp-content\/uploads\/2017\/08\/lea2.jpg\" alt=\"maquiagem para usar com vestido azul\" width=\"900\" height=\"1138\" srcset=\"https:\/\/www.2beauty.com.br\/blog\/wp-content\/uploads\/2017\/08\/lea2.jpg 900w, https:\/\/www.2beauty.com.br\/blog\/wp-content\/uploads\/2017\/08\/lea2-344x435.jpg 344w, https:\/\/www.2beauty.com.br\/blog\/wp-content\/uploads\/2017\/08\/lea2-768x971.jpg 768w, https:\/\/www.2beauty.com.br\/blog\/wp-content\/uploads\/2017\/08\/lea2-620x784.jpg 620w\" sizes=\"(max-width: 900px) 100vw, 900px\" \/><figcaption id=\"caption-attachment-89100\" class=\"wp-caption-text\">Fotos: Getty Images<\/figcaption><\/figure>\n<h3>Selena Gomez &#8211; Grammy Awards 2016<\/h3>\n<p><img loading=\"lazy\" decoding=\"async\" class=\"aligncenter wp-image-89087 size-full\" src=\"https:\/\/www.2beauty.com.br\/blog\/wp-content\/uploads\/2017\/08\/13-selena.jpg\" alt=\"maquiagem para usar com vestido azul\" width=\"900\" height=\"1138\" srcset=\"https:\/\/www.2beauty.com.br\/blog\/wp-content\/uploads\/2017\/08\/13-selena.jpg 900w, https:\/\/www.2beauty.com.br\/blog\/wp-content\/uploads\/2017\/08\/13-selena-344x435.jpg 344w, https:\/\/www.2beauty.com.br\/blog\/wp-content\/uploads\/2017\/08\/13-selena-768x971.jpg 768w, https:\/\/www.2beauty.com.br\/blog\/wp-content\/uploads\/2017\/08\/13-selena-620x784.jpg 620w\" sizes=\"(max-width: 900px) 100vw, 900px\" \/><\/p>\n<p><img loading=\"lazy\" decoding=\"async\" class=\"aligncenter wp-image-89088 size-full\" src=\"https:\/\/www.2beauty.com.br\/blog\/wp-content\/uploads\/2017\/08\/14-selena-1.jpg\" alt=\"maquiagem para usar com vestido azul\" width=\"900\" height=\"1138\" srcset=\"https:\/\/www.2beauty.com.br\/blog\/wp-content\/uploads\/2017\/08\/14-selena-1.jpg 900w, https:\/\/www.2beauty.com.br\/blog\/wp-content\/uploads\/2017\/08\/14-selena-1-344x435.jpg 344w, https:\/\/www.2beauty.com.br\/blog\/wp-content\/uploads\/2017\/08\/14-selena-1-768x971.jpg 768w, https:\/\/www.2beauty.com.br\/blog\/wp-content\/uploads\/2017\/08\/14-selena-1-620x784.jpg 620w\" sizes=\"(max-width: 900px) 100vw, 900px\" \/><\/p>\n<figure id=\"attachment_89089\" aria-describedby=\"caption-attachment-89089\" style=\"width: 900px\" class=\"wp-caption aligncenter\"><img loading=\"lazy\" decoding=\"async\" class=\"wp-image-89089 size-full\" src=\"https:\/\/www.2beauty.com.br\/blog\/wp-content\/uploads\/2017\/08\/15-selena-1.jpg\" alt=\"maquiagem para usar com vestido azul\" width=\"900\" height=\"1138\" srcset=\"https:\/\/www.2beauty.com.br\/blog\/wp-content\/uploads\/2017\/08\/15-selena-1.jpg 900w, https:\/\/www.2beauty.com.br\/blog\/wp-content\/uploads\/2017\/08\/15-selena-1-344x435.jpg 344w, https:\/\/www.2beauty.com.br\/blog\/wp-content\/uploads\/2017\/08\/15-selena-1-768x971.jpg 768w, https:\/\/www.2beauty.com.br\/blog\/wp-content\/uploads\/2017\/08\/15-selena-1-620x784.jpg 620w\" sizes=\"(max-width: 900px) 100vw, 900px\" \/><figcaption id=\"caption-attachment-89089\" class=\"wp-caption-text\">Fotos: Getty Images<\/figcaption><\/figure>\n<h3>Gina Rodriguez &#8211; Globo de Ouro 2016<\/h3>\n<p><img loading=\"lazy\" decoding=\"async\" class=\"aligncenter wp-image-89090 size-full\" src=\"https:\/\/www.2beauty.com.br\/blog\/wp-content\/uploads\/2017\/08\/16-gina.jpg\" alt=\"maquiagem para usar com vestido azul\" width=\"900\" height=\"1138\" srcset=\"https:\/\/www.2beauty.com.br\/blog\/wp-content\/uploads\/2017\/08\/16-gina.jpg 900w, https:\/\/www.2beauty.com.br\/blog\/wp-content\/uploads\/2017\/08\/16-gina-344x435.jpg 344w, https:\/\/www.2beauty.com.br\/blog\/wp-content\/uploads\/2017\/08\/16-gina-768x971.jpg 768w, https:\/\/www.2beauty.com.br\/blog\/wp-content\/uploads\/2017\/08\/16-gina-620x784.jpg 620w\" sizes=\"(max-width: 900px) 100vw, 900px\" \/><\/p>\n<p><img loading=\"lazy\" decoding=\"async\" class=\"aligncenter wp-image-89091 size-full\" src=\"https:\/\/www.2beauty.com.br\/blog\/wp-content\/uploads\/2017\/08\/17-gina.jpg\" alt=\"maquiagem para usar com vestido azul\" width=\"900\" height=\"1138\" srcset=\"https:\/\/www.2beauty.com.br\/blog\/wp-content\/uploads\/2017\/08\/17-gina.jpg 900w, https:\/\/www.2beauty.com.br\/blog\/wp-content\/uploads\/2017\/08\/17-gina-344x435.jpg 344w, https:\/\/www.2beauty.com.br\/blog\/wp-content\/uploads\/2017\/08\/17-gina-768x971.jpg 768w, https:\/\/www.2beauty.com.br\/blog\/wp-content\/uploads\/2017\/08\/17-gina-620x784.jpg 620w\" sizes=\"(max-width: 900px) 100vw, 900px\" \/><\/p>\n<figure id=\"attachment_89092\" aria-describedby=\"caption-attachment-89092\" style=\"width: 900px\" class=\"wp-caption aligncenter\"><img loading=\"lazy\" decoding=\"async\" class=\"wp-image-89092 size-full\" src=\"https:\/\/www.2beauty.com.br\/blog\/wp-content\/uploads\/2017\/08\/18-gina.jpg\" alt=\"maquiagem para usar com vestido azul\" width=\"900\" height=\"1138\" srcset=\"https:\/\/www.2beauty.com.br\/blog\/wp-content\/uploads\/2017\/08\/18-gina.jpg 900w, https:\/\/www.2beauty.com.br\/blog\/wp-content\/uploads\/2017\/08\/18-gina-344x435.jpg 344w, https:\/\/www.2beauty.com.br\/blog\/wp-content\/uploads\/2017\/08\/18-gina-768x971.jpg 768w, https:\/\/www.2beauty.com.br\/blog\/wp-content\/uploads\/2017\/08\/18-gina-620x784.jpg 620w\" sizes=\"(max-width: 900px) 100vw, 900px\" \/><figcaption id=\"caption-attachment-89092\" class=\"wp-caption-text\">Fotos: Getty Images<\/figcaption><\/figure>\n<h3>Amber Riley &#8211; NAACP Image Awards 2012<\/h3>\n<p><img loading=\"lazy\" decoding=\"async\" class=\"aligncenter wp-image-89093 size-full\" src=\"https:\/\/www.2beauty.com.br\/blog\/wp-content\/uploads\/2017\/08\/19-amber.jpg\" alt=\"maquiagem para usar com vestido azul\" width=\"900\" height=\"1138\" srcset=\"https:\/\/www.2beauty.com.br\/blog\/wp-content\/uploads\/2017\/08\/19-amber.jpg 900w, https:\/\/www.2beauty.com.br\/blog\/wp-content\/uploads\/2017\/08\/19-amber-344x435.jpg 344w, https:\/\/www.2beauty.com.br\/blog\/wp-content\/uploads\/2017\/08\/19-amber-768x971.jpg 768w, https:\/\/www.2beauty.com.br\/blog\/wp-content\/uploads\/2017\/08\/19-amber-620x784.jpg 620w\" sizes=\"(max-width: 900px) 100vw, 900px\" \/><\/p>\n<figure id=\"attachment_89094\" aria-describedby=\"caption-attachment-89094\" style=\"width: 900px\" class=\"wp-caption aligncenter\"><img loading=\"lazy\" decoding=\"async\" class=\"wp-image-89094 size-full\" src=\"https:\/\/www.2beauty.com.br\/blog\/wp-content\/uploads\/2017\/08\/20-amber.jpg\" alt=\"maquiagem para usar com vestido azul\" width=\"900\" height=\"1138\" srcset=\"https:\/\/www.2beauty.com.br\/blog\/wp-content\/uploads\/2017\/08\/20-amber.jpg 900w, https:\/\/www.2beauty.com.br\/blog\/wp-content\/uploads\/2017\/08\/20-amber-344x435.jpg 344w, https:\/\/www.2beauty.com.br\/blog\/wp-content\/uploads\/2017\/08\/20-amber-768x971.jpg 768w, https:\/\/www.2beauty.com.br\/blog\/wp-content\/uploads\/2017\/08\/20-amber-620x784.jpg 620w\" sizes=\"(max-width: 900px) 100vw, 900px\" \/><figcaption id=\"caption-attachment-89094\" class=\"wp-caption-text\">Fotos: Getty Images<\/figcaption><\/figure>\n<h3>Naomi Campbell &#8211; Vanity Fair Oscar Party 2013<\/h3>\n<p><img loading=\"lazy\" decoding=\"async\" class=\"aligncenter wp-image-89095 size-full\" src=\"https:\/\/www.2beauty.com.br\/blog\/wp-content\/uploads\/2017\/08\/21-naomi.jpg\" alt=\"maquiagem para usar com vestido azul\" width=\"900\" height=\"1138\" srcset=\"https:\/\/www.2beauty.com.br\/blog\/wp-content\/uploads\/2017\/08\/21-naomi.jpg 900w, https:\/\/www.2beauty.com.br\/blog\/wp-content\/uploads\/2017\/08\/21-naomi-344x435.jpg 344w, https:\/\/www.2beauty.com.br\/blog\/wp-content\/uploads\/2017\/08\/21-naomi-768x971.jpg 768w, https:\/\/www.2beauty.com.br\/blog\/wp-content\/uploads\/2017\/08\/21-naomi-620x784.jpg 620w\" sizes=\"(max-width: 900px) 100vw, 900px\" \/><\/p>\n<p><img loading=\"lazy\" decoding=\"async\" class=\"aligncenter wp-image-89096 size-full\" src=\"https:\/\/www.2beauty.com.br\/blog\/wp-content\/uploads\/2017\/08\/22-naomi.jpg\" alt=\"maquiagem para usar com vestido azul\" width=\"900\" height=\"1138\" srcset=\"https:\/\/www.2beauty.com.br\/blog\/wp-content\/uploads\/2017\/08\/22-naomi.jpg 900w, https:\/\/www.2beauty.com.br\/blog\/wp-content\/uploads\/2017\/08\/22-naomi-344x435.jpg 344w, https:\/\/www.2beauty.com.br\/blog\/wp-content\/uploads\/2017\/08\/22-naomi-768x971.jpg 768w, https:\/\/www.2beauty.com.br\/blog\/wp-content\/uploads\/2017\/08\/22-naomi-620x784.jpg 620w\" sizes=\"(max-width: 900px) 100vw, 900px\" \/><\/p>\n<figure id=\"attachment_89097\" aria-describedby=\"caption-attachment-89097\" style=\"width: 900px\" class=\"wp-caption aligncenter\"><img loading=\"lazy\" decoding=\"async\" class=\"wp-image-89097 size-full\" src=\"https:\/\/www.2beauty.com.br\/blog\/wp-content\/uploads\/2017\/08\/23-naomi.jpg\" alt=\"maquiagem para usar com vestido azul\" width=\"900\" height=\"1138\" srcset=\"https:\/\/www.2beauty.com.br\/blog\/wp-content\/uploads\/2017\/08\/23-naomi.jpg 900w, https:\/\/www.2beauty.com.br\/blog\/wp-content\/uploads\/2017\/08\/23-naomi-344x435.jpg 344w, https:\/\/www.2beauty.com.br\/blog\/wp-content\/uploads\/2017\/08\/23-naomi-768x971.jpg 768w, https:\/\/www.2beauty.com.br\/blog\/wp-content\/uploads\/2017\/08\/23-naomi-620x784.jpg 620w\" sizes=\"(max-width: 900px) 100vw, 900px\" \/><figcaption id=\"caption-attachment-89097\" class=\"wp-caption-text\">Fotos: Getty Images<\/figcaption><\/figure>\n<div class=\"shopthepost-widget\" data-widget-id=\"2825320\">\r\n                <script type=\"text\/javascript\" language=\"javascript\">\r\n                    !function(d,s,id){\r\n                        var e, p = \/^http:\/.test(d.location) ? 'http' : 'https';\r\n                        if(!d.getElementById(id)) {\r\n                            e     = d.createElement(s);\r\n                            e.id  = id;\r\n                            e.src = p + ':\/\/widgets.rewardstyle.com\/js\/shopthepost.js';\r\n                            d.body.appendChild(e);\r\n                        }\r\n                        if(typeof window.__stp === 'object') if(d.readyState === 'complete') {\r\n                            window.__stp.init();\r\n                        }\r\n                    }(document, 'script', 'shopthepost-script');\r\n                <\/script>\r\n                <div class=\"rs-adblock\">\r\n                    <img decoding=\"async\" src=\"\/\/assets.rewardstyle.com\/images\/search\/350.gif\" style=\"width:15px;height:15px;\" onerror=\"this.parentNode.innerHTML='Turn off your ad blocker to view content'\" \/>\r\n                    <noscript>Turn on your JavaScript to view content<\/noscript>\r\n                <\/div>\r\n            <\/div>","protected":false},"excerpt":{"rendered":"<p>Depois do post com modelitos em vermelho, aqui est\u00e3o 10 id\u00e9ias de maquiagem em peles claras, morenas e escuras para combinar com vestido azul marinho. Precisa de inspira\u00e7\u00f5es em outras cores? N\u00e3o tem problema! Aqui voc\u00ea encontra o arquivo completo com todos os posts de combina\u00e7\u00f5es. Caso voc\u00ea esteja vendo esse post na homepage do blog, desculpe pelo link de &#8220;Ler Mais&#8221;. Como ele tem muitas imagens grandes, esse link \u00e9 necess\u00e1rio para que a home do blog n\u00e3o demore uma vida para carregar.<\/p>\n","protected":false},"author":1,"featured_media":89069,"comment_status":"open","ping_status":"closed","sticky":false,"template":"","format":"standard","meta":{"_uag_custom_page_level_css":"","footnotes":""},"categories":[3546],"tags":[1486,4206],"class_list":["post-89067","post","type-post","status-publish","format-standard","has-post-thumbnail","hentry","category-inspiracoes","tag-inspiracoes","tag-maquiagem-roupa"],"uagb_featured_image_src":{"full":["https:\/\/www.2beauty.com.br\/blog\/wp-content\/uploads\/2017\/08\/inps_capa.jpg",1000,700,false],"thumbnail":["https:\/\/www.2beauty.com.br\/blog\/wp-content\/uploads\/2017\/08\/inps_capa-300x250.jpg",300,250,true],"medium":["https:\/\/www.2beauty.com.br\/blog\/wp-content\/uploads\/2017\/08\/inps_capa-580x406.jpg",580,406,true],"medium_large":["https:\/\/www.2beauty.com.br\/blog\/wp-content\/uploads\/2017\/08\/inps_capa-768x538.jpg",768,538,true],"large":["https:\/\/www.2beauty.com.br\/blog\/wp-content\/uploads\/2017\/08\/inps_capa-620x434.jpg",620,434,true],"1536x1536":["https:\/\/www.2beauty.com.br\/blog\/wp-content\/uploads\/2017\/08\/inps_capa.jpg",1000,700,false],"2048x2048":["https:\/\/www.2beauty.com.br\/blog\/wp-content\/uploads\/2017\/08\/inps_capa.jpg",1000,700,false],"ashe-slider-grid-thumbnail":["https:\/\/www.2beauty.com.br\/blog\/wp-content\/uploads\/2017\/08\/inps_capa.jpg",771,540,false],"ashe-full-thumbnail":["https:\/\/www.2beauty.com.br\/blog\/wp-content\/uploads\/2017\/08\/inps_capa.jpg",1000,700,false],"ashe-grid-thumbnail":["https:\/\/www.2beauty.com.br\/blog\/wp-content\/uploads\/2017\/08\/inps_capa.jpg",471,330,false],"ashe-list-thumbnail":["https:\/\/www.2beauty.com.br\/blog\/wp-content\/uploads\/2017\/08\/inps_capa.jpg",300,210,false],"ashe-single-navigation":["https:\/\/www.2beauty.com.br\/blog\/wp-content\/uploads\/2017\/08\/inps_capa.jpg",75,53,false]},"uagb_author_info":{"display_name":"Marina Smith","author_link":"https:\/\/www.2beauty.com.br\/blog\/author\/marinasmith\/"},"uagb_comment_info":3,"uagb_excerpt":"Depois do post com modelitos em vermelho, aqui est\u00e3o 10 id\u00e9ias de maquiagem em peles claras, morenas e escuras para combinar com vestido azul marinho. Precisa de inspira\u00e7\u00f5es em outras cores? N\u00e3o tem problema! Aqui voc\u00ea encontra o arquivo completo com todos os posts de combina\u00e7\u00f5es. Caso voc\u00ea esteja vendo esse post na homepage do&hellip;","acf":[],"_links":{"self":[{"href":"https:\/\/www.2beauty.com.br\/blog\/wp-json\/wp\/v2\/posts\/89067","targetHints":{"allow":["GET"]}}],"collection":[{"href":"https:\/\/www.2beauty.com.br\/blog\/wp-json\/wp\/v2\/posts"}],"about":[{"href":"https:\/\/www.2beauty.com.br\/blog\/wp-json\/wp\/v2\/types\/post"}],"author":[{"embeddable":true,"href":"https:\/\/www.2beauty.com.br\/blog\/wp-json\/wp\/v2\/users\/1"}],"replies":[{"embeddable":true,"href":"https:\/\/www.2beauty.com.br\/blog\/wp-json\/wp\/v2\/comments?post=89067"}],"version-history":[{"count":1,"href":"https:\/\/www.2beauty.com.br\/blog\/wp-json\/wp\/v2\/posts\/89067\/revisions"}],"predecessor-version":[{"id":113836,"href":"https:\/\/www.2beauty.com.br\/blog\/wp-json\/wp\/v2\/posts\/89067\/revisions\/113836"}],"wp:featuredmedia":[{"embeddable":true,"href":"https:\/\/www.2beauty.com.br\/blog\/wp-json\/wp\/v2\/media\/89069"}],"wp:attachment":[{"href":"https:\/\/www.2beauty.com.br\/blog\/wp-json\/wp\/v2\/media?parent=89067"}],"wp:term":[{"taxonomy":"category","embeddable":true,"href":"https:\/\/www.2beauty.com.br\/blog\/wp-json\/wp\/v2\/categories?post=89067"},{"taxonomy":"post_tag","embeddable":true,"href":"https:\/\/www.2beauty.com.br\/blog\/wp-json\/wp\/v2\/tags?post=89067"}],"curies":[{"name":"wp","href":"https:\/\/api.w.org\/{rel}","templated":true}]}}