{"id":88491,"date":"2017-07-18T03:40:42","date_gmt":"2017-07-18T05:40:42","guid":{"rendered":"https:\/\/www.2beauty.com.br\/blog\/?p=88491"},"modified":"2019-02-15T16:09:47","modified_gmt":"2019-02-15T18:09:47","slug":"wella-oil-reflections-e-light-oil-reflections","status":"publish","type":"post","link":"https:\/\/www.2beauty.com.br\/blog\/2017\/07\/wella-oil-reflections-e-light-oil-reflections\/","title":{"rendered":"Cabelo: Wella Oil Reflections e Light Oil Reflections"},"content":{"rendered":"<p><a href=\"https:\/\/www.2beauty.com.br\/blog\/wp-content\/uploads\/2017\/07\/oil1.jpg\"><img fetchpriority=\"high\" decoding=\"async\" class=\"aligncenter size-full wp-image-88492\" src=\"https:\/\/www.2beauty.com.br\/blog\/wp-content\/uploads\/2017\/07\/oil1.jpg\" alt=\"Wella Oil Reflections e Light Oil Reflections\" width=\"900\" height=\"600\" srcset=\"https:\/\/www.2beauty.com.br\/blog\/wp-content\/uploads\/2017\/07\/oil1.jpg 900w, https:\/\/www.2beauty.com.br\/blog\/wp-content\/uploads\/2017\/07\/oil1-580x387.jpg 580w, https:\/\/www.2beauty.com.br\/blog\/wp-content\/uploads\/2017\/07\/oil1-860x573.jpg 860w, https:\/\/www.2beauty.com.br\/blog\/wp-content\/uploads\/2017\/07\/oil1-768x512.jpg 768w, https:\/\/www.2beauty.com.br\/blog\/wp-content\/uploads\/2017\/07\/oil1-620x413.jpg 620w\" sizes=\"(max-width: 900px) 100vw, 900px\" \/><\/a><br \/>\nWella Professionals lan\u00e7ou <strong>Oil Reflections,<\/strong> uma linha completa para cabelos inspirada num produto que j\u00e1 existe: o \u00f3leo capilar Oil Reflections. A linha conta com shampoo, condicionador, dois tipos de \u00f3leo, m\u00e1scara e elixir.<\/p>\n<p>A promessa \u00e9 de <strong>brilho num potinho<\/strong> (ou frasco, no caso dos \u00f3leos e do shampoo) para cabelos mais macios, luminosos e perfumados.<\/p>\n<p>A cole\u00e7\u00e3o foi feita para dar brilho com leveza e conta com ingredientes como \u00f3leo de semente de cam\u00e9lia, \u00f3leos de macad\u00e2mia e abacate, extrato de ch\u00e1 branco e vitamina E.<\/p>\n<p>Ainda n\u00e3o consegui experimentar todos os itens, mas fiquei interessad\u00edssima pelos \u00f3leos, ent\u00e3o comecei os testes por eles.<\/p>\n<p><a href=\"https:\/\/www.2beauty.com.br\/blog\/wp-content\/uploads\/2017\/07\/oil3.jpg\"><img decoding=\"async\" class=\"aligncenter wp-image-88494 size-full\" src=\"https:\/\/www.2beauty.com.br\/blog\/wp-content\/uploads\/2017\/07\/oil3.jpg\" alt=\"Wella Oil Reflections e Light Oil Reflections\" width=\"900\" height=\"600\" srcset=\"https:\/\/www.2beauty.com.br\/blog\/wp-content\/uploads\/2017\/07\/oil3.jpg 900w, https:\/\/www.2beauty.com.br\/blog\/wp-content\/uploads\/2017\/07\/oil3-580x387.jpg 580w, https:\/\/www.2beauty.com.br\/blog\/wp-content\/uploads\/2017\/07\/oil3-768x512.jpg 768w, https:\/\/www.2beauty.com.br\/blog\/wp-content\/uploads\/2017\/07\/oil3-620x413.jpg 620w\" sizes=\"(max-width: 900px) 100vw, 900px\" \/><\/a><\/p>\n<figure id=\"attachment_88495\" aria-describedby=\"caption-attachment-88495\" style=\"width: 900px\" class=\"wp-caption aligncenter\"><a href=\"https:\/\/www.2beauty.com.br\/blog\/wp-content\/uploads\/2017\/07\/oil4.jpg\"><img decoding=\"async\" class=\"wp-image-88495 size-full\" src=\"https:\/\/www.2beauty.com.br\/blog\/wp-content\/uploads\/2017\/07\/oil4.jpg\" alt=\"Wella Oil Reflections e Light Oil Reflections\" width=\"900\" height=\"600\" srcset=\"https:\/\/www.2beauty.com.br\/blog\/wp-content\/uploads\/2017\/07\/oil4.jpg 900w, https:\/\/www.2beauty.com.br\/blog\/wp-content\/uploads\/2017\/07\/oil4-580x387.jpg 580w, https:\/\/www.2beauty.com.br\/blog\/wp-content\/uploads\/2017\/07\/oil4-768x512.jpg 768w, https:\/\/www.2beauty.com.br\/blog\/wp-content\/uploads\/2017\/07\/oil4-620x413.jpg 620w\" sizes=\"(max-width: 900px) 100vw, 900px\" \/><\/a><figcaption id=\"caption-attachment-88495\" class=\"wp-caption-text\">Amostrinhas<\/figcaption><\/figure>\n<p>O Oil Reflections que originou a linha completa ganhou nova embalagem e uma vers\u00e3o light para cabelos finos e normais.<\/p>\n<p><strong>Light Oil Reflections<\/strong> protege e d\u00e1 brilho com textura leve e movimento.<\/p>\n<p>J\u00e1 o <strong>Oil Reflections original<\/strong> deixa os cabelos mais macios e com brilho efeito gloss.<\/p>\n<p>Ambos tem um cheiro del\u00edcia demais!<\/p>\n<p>Na hora da escolha entre um e outro, o tipo de cabelo \u00e9 o mais importante: <\/p>\n<p>Se o seu \u00e9 fino, v\u00e1 de light! Se seu cabelo \u00e9 grosso ou danificado por qu\u00edmica, v\u00e1 de original!<\/p>\n<p><a href=\"https:\/\/www.2beauty.com.br\/blog\/wp-content\/uploads\/2017\/07\/oil5.jpg\"><img loading=\"lazy\" decoding=\"async\" class=\"aligncenter wp-image-88496 size-full\" src=\"https:\/\/www.2beauty.com.br\/blog\/wp-content\/uploads\/2017\/07\/oil5.jpg\" alt=\"Wella Oil Reflections e Light Oil Reflections\" width=\"900\" height=\"600\" srcset=\"https:\/\/www.2beauty.com.br\/blog\/wp-content\/uploads\/2017\/07\/oil5.jpg 900w, https:\/\/www.2beauty.com.br\/blog\/wp-content\/uploads\/2017\/07\/oil5-580x387.jpg 580w, https:\/\/www.2beauty.com.br\/blog\/wp-content\/uploads\/2017\/07\/oil5-768x512.jpg 768w, https:\/\/www.2beauty.com.br\/blog\/wp-content\/uploads\/2017\/07\/oil5-620x413.jpg 620w\" sizes=\"(max-width: 900px) 100vw, 900px\" \/><\/a><\/p>\n<figure id=\"attachment_88497\" aria-describedby=\"caption-attachment-88497\" style=\"width: 900px\" class=\"wp-caption aligncenter\"><a href=\"https:\/\/www.2beauty.com.br\/blog\/wp-content\/uploads\/2017\/07\/oil6.jpg\"><img loading=\"lazy\" decoding=\"async\" class=\"wp-image-88497 size-full\" src=\"https:\/\/www.2beauty.com.br\/blog\/wp-content\/uploads\/2017\/07\/oil6.jpg\" alt=\"Wella Oil Reflections e Light Oil Reflections\" width=\"900\" height=\"600\" srcset=\"https:\/\/www.2beauty.com.br\/blog\/wp-content\/uploads\/2017\/07\/oil6.jpg 900w, https:\/\/www.2beauty.com.br\/blog\/wp-content\/uploads\/2017\/07\/oil6-580x387.jpg 580w, https:\/\/www.2beauty.com.br\/blog\/wp-content\/uploads\/2017\/07\/oil6-768x512.jpg 768w, https:\/\/www.2beauty.com.br\/blog\/wp-content\/uploads\/2017\/07\/oil6-620x413.jpg 620w\" sizes=\"(max-width: 900px) 100vw, 900px\" \/><\/a><figcaption id=\"caption-attachment-88497\" class=\"wp-caption-text\">Light Oil Reflections (batom Balm Matte Natura Aquarela cor Uva)<\/figcaption><\/figure>\n<p><strong>D\u00e1 pra usar os dois de v\u00e1rios jeitos diferentes:<\/strong><\/p>\n<p>Voc\u00ea pode misturar com o seu condicionador durante o banho, pode passar nos fios secos e pode aplicar no cabelo \u00famido antes de usar o secador ou como leave-in para pentear.<\/p>\n<p>Eu gosto de usar antes de fazer escova!<\/p>\n<p>Recomendo come\u00e7ar com pouca quantidade, especialmente no caso do Oil Reflections original, porque ele <strong>rende bastante.<\/strong> Um pouquinho j\u00e1 \u00e9 o suficiente, pelo menos no meu caso e olha que meu picum\u00e3 \u00e9 super comprido.<\/p>\n<p><a href=\"https:\/\/www.2beauty.com.br\/blog\/wp-content\/uploads\/2017\/07\/oil2.jpg\"><img loading=\"lazy\" decoding=\"async\" class=\"aligncenter wp-image-88493 size-full\" src=\"https:\/\/www.2beauty.com.br\/blog\/wp-content\/uploads\/2017\/07\/oil2.jpg\" alt=\"Wella Oil Reflections e Light Oil Reflections\" width=\"900\" height=\"600\" srcset=\"https:\/\/www.2beauty.com.br\/blog\/wp-content\/uploads\/2017\/07\/oil2.jpg 900w, https:\/\/www.2beauty.com.br\/blog\/wp-content\/uploads\/2017\/07\/oil2-580x387.jpg 580w, https:\/\/www.2beauty.com.br\/blog\/wp-content\/uploads\/2017\/07\/oil2-768x512.jpg 768w, https:\/\/www.2beauty.com.br\/blog\/wp-content\/uploads\/2017\/07\/oil2-620x413.jpg 620w\" sizes=\"(max-width: 900px) 100vw, 900px\" \/><\/a><\/p>\n<p><a href=\"https:\/\/www.2beauty.com.br\/blog\/wp-content\/uploads\/2017\/07\/oil7.jpg\"><img loading=\"lazy\" decoding=\"async\" class=\"aligncenter wp-image-88498 size-full\" src=\"https:\/\/www.2beauty.com.br\/blog\/wp-content\/uploads\/2017\/07\/oil7.jpg\" alt=\"Wella Oil Reflections e Light Oil Reflections\" width=\"900\" height=\"600\" srcset=\"https:\/\/www.2beauty.com.br\/blog\/wp-content\/uploads\/2017\/07\/oil7.jpg 900w, https:\/\/www.2beauty.com.br\/blog\/wp-content\/uploads\/2017\/07\/oil7-580x387.jpg 580w, https:\/\/www.2beauty.com.br\/blog\/wp-content\/uploads\/2017\/07\/oil7-768x512.jpg 768w, https:\/\/www.2beauty.com.br\/blog\/wp-content\/uploads\/2017\/07\/oil7-620x413.jpg 620w\" sizes=\"(max-width: 900px) 100vw, 900px\" \/><\/a><\/p>\n<figure id=\"attachment_88499\" aria-describedby=\"caption-attachment-88499\" style=\"width: 900px\" class=\"wp-caption aligncenter\"><a href=\"https:\/\/www.2beauty.com.br\/blog\/wp-content\/uploads\/2017\/07\/oil8.jpg\"><img loading=\"lazy\" decoding=\"async\" class=\"wp-image-88499 size-full\" src=\"https:\/\/www.2beauty.com.br\/blog\/wp-content\/uploads\/2017\/07\/oil8.jpg\" alt=\"Wella Oil Reflections e Light Oil Reflections\" width=\"900\" height=\"600\" srcset=\"https:\/\/www.2beauty.com.br\/blog\/wp-content\/uploads\/2017\/07\/oil8.jpg 900w, https:\/\/www.2beauty.com.br\/blog\/wp-content\/uploads\/2017\/07\/oil8-580x387.jpg 580w, https:\/\/www.2beauty.com.br\/blog\/wp-content\/uploads\/2017\/07\/oil8-768x512.jpg 768w, https:\/\/www.2beauty.com.br\/blog\/wp-content\/uploads\/2017\/07\/oil8-620x413.jpg 620w\" sizes=\"(max-width: 900px) 100vw, 900px\" \/><\/a><figcaption id=\"caption-attachment-88499\" class=\"wp-caption-text\">Oil Reflections (batom Lip Matte #32 da Latika)<\/figcaption><\/figure>\n<p>Para ilustrar o post, lavei e arrumei meu cabelo exatamente do mesmo jeito &#8211; com secador e depois, babyliss. A \u00fanica coisa que mudou foi o tipo de \u00f3leo aplicado antes de secar os cabelos.<\/p>\n<p>Gostei dos dois, porque o brilho \u00e9 MARA, mas <strong>me apeguei mais ao Oil Reflections Light.<\/strong> Achei os fios um pouco mais cheios e soltos com ele.<\/p>\n<p><strong>Wella Oil Reflections e Light Oil Reflections<\/strong> podem ser encontrados em lojas, sal\u00f5es de beleza e <a href=\"https:\/\/www.belezanaweb.com.br\/busca\/?q=wella%20professionals\" target=\"_blank\" rel=\"noopener\">sites como o Beleza na Web<\/a>.<\/p>\n<p>O pre\u00e7o recomendado para o frasco de 30ml \u00e9 R$49,00 reais e para o frasco grande com 100ml, R$125,00 reais.<\/p>\n<p><strong>PS:<\/strong> Desculpa a falta da listinha de componentes, mas os produtos vieram sem caixa no press kit e eu n\u00e3o consegui encontrar os ingredientes na internet.<\/p>\n","protected":false},"excerpt":{"rendered":"<p>Wella Professionals lan\u00e7ou Oil Reflections, uma linha completa para cabelos inspirada num produto que j\u00e1 existe: o \u00f3leo capilar Oil Reflections. A linha conta com shampoo, condicionador, dois tipos de \u00f3leo, m\u00e1scara e elixir. A promessa \u00e9 de brilho num potinho (ou frasco, no caso dos \u00f3leos e do shampoo) para cabelos mais macios, luminosos e perfumados. A cole\u00e7\u00e3o foi feita para dar brilho com leveza e conta com ingredientes como \u00f3leo de semente de cam\u00e9lia, \u00f3leos de macad\u00e2mia e abacate, extrato de ch\u00e1 branco e vitamina E. Ainda n\u00e3o consegui experimentar todos os itens, mas fiquei interessad\u00edssima pelos \u00f3leos, ent\u00e3o comecei os testes por eles. O Oil Reflections que originou a linha completa ganhou nova embalagem e uma vers\u00e3o light para cabelos finos e normais. Light Oil Reflections protege e d\u00e1 brilho com textura leve e movimento. J\u00e1 o Oil Reflections original deixa os cabelos mais macios e com brilho efeito gloss. Ambos tem um cheiro del\u00edcia demais! Na hora da escolha entre um e outro, o tipo de cabelo \u00e9 o mais importante: Se o seu \u00e9 fino, v\u00e1 de light! Se seu cabelo \u00e9 grosso ou danificado por qu\u00edmica, v\u00e1 de original! D\u00e1 pra usar os dois de v\u00e1rios jeitos diferentes: Voc\u00ea pode misturar com o seu condicionador durante o banho, pode passar nos fios secos e pode aplicar no cabelo \u00famido antes de usar o secador ou como leave-in para pentear. Eu gosto de usar antes de fazer escova! Recomendo come\u00e7ar com pouca quantidade, especialmente no caso do Oil Reflections original, porque ele rende bastante. Um pouquinho j\u00e1 \u00e9 o suficiente, pelo menos no meu caso e olha que meu picum\u00e3 \u00e9 super comprido. Para ilustrar o post, lavei e arrumei meu cabelo exatamente do mesmo jeito &#8211; com secador e depois, babyliss. A \u00fanica coisa que mudou foi o tipo de \u00f3leo aplicado antes de secar os cabelos. Gostei dos dois, porque o brilho \u00e9 MARA, mas me apeguei mais ao Oil Reflections Light. Achei os fios um pouco mais cheios e soltos com ele. Wella Oil Reflections e Light Oil Reflections podem ser encontrados em lojas, sal\u00f5es de beleza e sites como o Beleza na Web. O pre\u00e7o recomendado para o frasco de 30ml \u00e9 R$49,00 reais e para o frasco grande com 100ml, R$125,00 reais. PS: Desculpa a falta da listinha de componentes, mas os produtos vieram sem caixa no press kit e eu n\u00e3o consegui encontrar os ingredientes na internet.<\/p>\n","protected":false},"author":1,"featured_media":88492,"comment_status":"open","ping_status":"closed","sticky":false,"template":"","format":"standard","meta":{"_uag_custom_page_level_css":"","footnotes":""},"categories":[694],"tags":[4153,3813],"class_list":["post-88491","post","type-post","status-publish","format-standard","has-post-thumbnail","hentry","category-cabelo","tag-cabelo","tag-wella"],"uagb_featured_image_src":{"full":["https:\/\/www.2beauty.com.br\/blog\/wp-content\/uploads\/2017\/07\/oil1.jpg",900,600,false],"thumbnail":["https:\/\/www.2beauty.com.br\/blog\/wp-content\/uploads\/2017\/07\/oil1-300x250.jpg",300,250,true],"medium":["https:\/\/www.2beauty.com.br\/blog\/wp-content\/uploads\/2017\/07\/oil1-580x387.jpg",580,387,true],"medium_large":["https:\/\/www.2beauty.com.br\/blog\/wp-content\/uploads\/2017\/07\/oil1-768x512.jpg",768,512,true],"large":["https:\/\/www.2beauty.com.br\/blog\/wp-content\/uploads\/2017\/07\/oil1-620x413.jpg",620,413,true],"1536x1536":["https:\/\/www.2beauty.com.br\/blog\/wp-content\/uploads\/2017\/07\/oil1.jpg",900,600,false],"2048x2048":["https:\/\/www.2beauty.com.br\/blog\/wp-content\/uploads\/2017\/07\/oil1.jpg",900,600,false],"ashe-slider-grid-thumbnail":["https:\/\/www.2beauty.com.br\/blog\/wp-content\/uploads\/2017\/07\/oil1.jpg",810,540,false],"ashe-full-thumbnail":["https:\/\/www.2beauty.com.br\/blog\/wp-content\/uploads\/2017\/07\/oil1.jpg",900,600,false],"ashe-grid-thumbnail":["https:\/\/www.2beauty.com.br\/blog\/wp-content\/uploads\/2017\/07\/oil1.jpg",495,330,false],"ashe-list-thumbnail":["https:\/\/www.2beauty.com.br\/blog\/wp-content\/uploads\/2017\/07\/oil1.jpg",300,200,false],"ashe-single-navigation":["https:\/\/www.2beauty.com.br\/blog\/wp-content\/uploads\/2017\/07\/oil1.jpg",75,50,false]},"uagb_author_info":{"display_name":"Marina Smith","author_link":"https:\/\/www.2beauty.com.br\/blog\/author\/marinasmith\/"},"uagb_comment_info":5,"uagb_excerpt":"Wella Professionals lan\u00e7ou Oil Reflections, uma linha completa para cabelos inspirada num produto que j\u00e1 existe: o \u00f3leo capilar Oil Reflections. A linha conta com shampoo, condicionador, dois tipos de \u00f3leo, m\u00e1scara e elixir. A promessa \u00e9 de brilho num potinho (ou frasco, no caso dos \u00f3leos e do shampoo) para cabelos mais macios, luminosos&hellip;","acf":[],"_links":{"self":[{"href":"https:\/\/www.2beauty.com.br\/blog\/wp-json\/wp\/v2\/posts\/88491","targetHints":{"allow":["GET"]}}],"collection":[{"href":"https:\/\/www.2beauty.com.br\/blog\/wp-json\/wp\/v2\/posts"}],"about":[{"href":"https:\/\/www.2beauty.com.br\/blog\/wp-json\/wp\/v2\/types\/post"}],"author":[{"embeddable":true,"href":"https:\/\/www.2beauty.com.br\/blog\/wp-json\/wp\/v2\/users\/1"}],"replies":[{"embeddable":true,"href":"https:\/\/www.2beauty.com.br\/blog\/wp-json\/wp\/v2\/comments?post=88491"}],"version-history":[{"count":0,"href":"https:\/\/www.2beauty.com.br\/blog\/wp-json\/wp\/v2\/posts\/88491\/revisions"}],"wp:featuredmedia":[{"embeddable":true,"href":"https:\/\/www.2beauty.com.br\/blog\/wp-json\/wp\/v2\/media\/88492"}],"wp:attachment":[{"href":"https:\/\/www.2beauty.com.br\/blog\/wp-json\/wp\/v2\/media?parent=88491"}],"wp:term":[{"taxonomy":"category","embeddable":true,"href":"https:\/\/www.2beauty.com.br\/blog\/wp-json\/wp\/v2\/categories?post=88491"},{"taxonomy":"post_tag","embeddable":true,"href":"https:\/\/www.2beauty.com.br\/blog\/wp-json\/wp\/v2\/tags?post=88491"}],"curies":[{"name":"wp","href":"https:\/\/api.w.org\/{rel}","templated":true}]}}