{"id":88133,"date":"2017-07-06T00:30:48","date_gmt":"2017-07-06T02:30:48","guid":{"rendered":"https:\/\/www.2beauty.com.br\/blog\/?p=88133"},"modified":"2019-02-15T16:09:48","modified_gmt":"2019-02-15T18:09:48","slug":"resenha-bourjois-delice-de-poudre-duo","status":"publish","type":"post","link":"https:\/\/www.2beauty.com.br\/blog\/2017\/07\/resenha-bourjois-delice-de-poudre-duo\/","title":{"rendered":"Resenha: Bourjois D\u00e9lice de Poudre Duo"},"content":{"rendered":"<p><a href=\"https:\/\/www.2beauty.com.br\/blog\/wp-content\/uploads\/2017\/07\/bronzer1.jpg\"><img fetchpriority=\"high\" decoding=\"async\" class=\"aligncenter wp-image-88134 size-full\" src=\"https:\/\/www.2beauty.com.br\/blog\/wp-content\/uploads\/2017\/07\/bronzer1.jpg\" alt=\"Bourjois D\u00e9lice de Poudre Duo\" width=\"900\" height=\"600\" srcset=\"https:\/\/www.2beauty.com.br\/blog\/wp-content\/uploads\/2017\/07\/bronzer1.jpg 900w, https:\/\/www.2beauty.com.br\/blog\/wp-content\/uploads\/2017\/07\/bronzer1-580x387.jpg 580w, https:\/\/www.2beauty.com.br\/blog\/wp-content\/uploads\/2017\/07\/bronzer1-768x512.jpg 768w, https:\/\/www.2beauty.com.br\/blog\/wp-content\/uploads\/2017\/07\/bronzer1-620x413.jpg 620w\" sizes=\"(max-width: 900px) 100vw, 900px\" \/><\/a><\/p>\n<p><a href=\"https:\/\/www.2beauty.com.br\/blog\/wp-content\/uploads\/2017\/07\/bronzer2.jpg\"><img decoding=\"async\" class=\"aligncenter wp-image-88135 size-full\" src=\"https:\/\/www.2beauty.com.br\/blog\/wp-content\/uploads\/2017\/07\/bronzer2.jpg\" alt=\"Bourjois D\u00e9lice de Poudre Duo\" width=\"900\" height=\"600\" srcset=\"https:\/\/www.2beauty.com.br\/blog\/wp-content\/uploads\/2017\/07\/bronzer2.jpg 900w, https:\/\/www.2beauty.com.br\/blog\/wp-content\/uploads\/2017\/07\/bronzer2-580x387.jpg 580w, https:\/\/www.2beauty.com.br\/blog\/wp-content\/uploads\/2017\/07\/bronzer2-860x573.jpg 860w, https:\/\/www.2beauty.com.br\/blog\/wp-content\/uploads\/2017\/07\/bronzer2-768x512.jpg 768w, https:\/\/www.2beauty.com.br\/blog\/wp-content\/uploads\/2017\/07\/bronzer2-620x413.jpg 620w\" sizes=\"(max-width: 900px) 100vw, 900px\" \/><\/a><\/p>\n<p style=\"text-align: center\"><img decoding=\"async\" title=\"Estrela\" src=\"https:\/\/www.2beauty.com.br\/blog\/images\/star.gif\" alt=\"Estrela\" \/><img decoding=\"async\" title=\"Estrela\" src=\"https:\/\/www.2beauty.com.br\/blog\/images\/star.gif\" alt=\"Estrela\" \/><img decoding=\"async\" title=\"Estrela\" src=\"https:\/\/www.2beauty.com.br\/blog\/images\/star.gif\" alt=\"Estrela\" \/><img decoding=\"async\" title=\"Estrela\" src=\"https:\/\/www.2beauty.com.br\/blog\/images\/star3.gif\" alt=\"Estrela\" \/><img decoding=\"async\" title=\"Estrela\" src=\"https:\/\/www.2beauty.com.br\/blog\/images\/star2.gif\" alt=\"Estrela\" \/><\/p>\n<p style=\"text-align: center\"><strong>3,3 estrelinhas<\/strong><\/p>\n<p><strong>Bourjois D\u00e9lice de Poudre Duo<\/strong> me deu uma certa nostalgia, porque o p\u00f3 bronzeador com formato e cheirinho de chocolate da marca foi das primeiras coisas fofas e mais caras que adquiri quando comecei a me interessar por maquiagem.<\/p>\n<p>O duo combina o p\u00f3 bronzeador chocolate preto e o p\u00f3 iluminador chocolate branco que muito usei l\u00e1 pelos idos de 1900 e guaran\u00e1 de rolha.<\/p>\n<p><strong>A descri\u00e7\u00e3o diz o seguinte:<\/strong><\/p>\n<blockquote><p>Duo de p\u00f3 bronzant e iluminador para fazer ilumina\u00e7\u00e3o e contorno. Bourjois D\u00e9lice de Poudre Duo \u00e9 ideal para makes que destacam seus tra\u00e7os. Com ele voc\u00ea pode criar efeitos de luz e sombra, moldando o rosto.<\/p>\n<p>O bronzant \u00e9 ideal para dar profundidade, enquanto o iluminador evidencia as partes altas da face. Assim, com Bourjois D\u00e9lice de Poudre Duo seu tra\u00e7os ganham destaque, contorno definidos e luminosidade.<\/p><\/blockquote>\n<p>O estojo <a href=\"http:\/\/www.epocacosmeticos.com.br\/delice-de-poudre-peaux-mates-bourjois-po-compacto-bronzeador\/p?utm_source=beauty&amp;utm_medium=post-c&amp;utm_content=resenha-delice-de-poudre&amp;utm_campaign=resenha_03_07\" target=\"_blank\" rel=\"noopener\">custa R$89,90 reais<\/a> em lojas e site como o da \u00c9poca Cosm\u00e9ticos.<\/p>\n<p><a href=\"https:\/\/www.2beauty.com.br\/blog\/wp-content\/uploads\/2017\/07\/bronzer4.jpg\"><img decoding=\"async\" class=\"aligncenter wp-image-88137 size-full\" src=\"https:\/\/www.2beauty.com.br\/blog\/wp-content\/uploads\/2017\/07\/bronzer4.jpg\" alt=\"Bourjois D\u00e9lice de Poudre Duo\" width=\"900\" height=\"600\" srcset=\"https:\/\/www.2beauty.com.br\/blog\/wp-content\/uploads\/2017\/07\/bronzer4.jpg 900w, https:\/\/www.2beauty.com.br\/blog\/wp-content\/uploads\/2017\/07\/bronzer4-580x387.jpg 580w, https:\/\/www.2beauty.com.br\/blog\/wp-content\/uploads\/2017\/07\/bronzer4-768x512.jpg 768w, https:\/\/www.2beauty.com.br\/blog\/wp-content\/uploads\/2017\/07\/bronzer4-620x413.jpg 620w\" sizes=\"(max-width: 900px) 100vw, 900px\" \/><\/a><\/p>\n<p><a href=\"https:\/\/www.2beauty.com.br\/blog\/wp-content\/uploads\/2017\/07\/bronzer3.jpg\"><img loading=\"lazy\" decoding=\"async\" class=\"aligncenter wp-image-88136 size-full\" src=\"https:\/\/www.2beauty.com.br\/blog\/wp-content\/uploads\/2017\/07\/bronzer3.jpg\" alt=\"Ingredientes Bourjois D\u00e9lice de Poudre Duo\" width=\"900\" height=\"298\" srcset=\"https:\/\/www.2beauty.com.br\/blog\/wp-content\/uploads\/2017\/07\/bronzer3.jpg 900w, https:\/\/www.2beauty.com.br\/blog\/wp-content\/uploads\/2017\/07\/bronzer3-580x192.jpg 580w, https:\/\/www.2beauty.com.br\/blog\/wp-content\/uploads\/2017\/07\/bronzer3-768x254.jpg 768w, https:\/\/www.2beauty.com.br\/blog\/wp-content\/uploads\/2017\/07\/bronzer3-620x205.jpg 620w\" sizes=\"(max-width: 900px) 100vw, 900px\" \/><\/a><\/p>\n<figure id=\"attachment_88138\" aria-describedby=\"caption-attachment-88138\" style=\"width: 900px\" class=\"wp-caption aligncenter\"><a href=\"https:\/\/www.2beauty.com.br\/blog\/wp-content\/uploads\/2017\/07\/bronzer5.jpg\"><img loading=\"lazy\" decoding=\"async\" class=\"wp-image-88138 size-full\" src=\"https:\/\/www.2beauty.com.br\/blog\/wp-content\/uploads\/2017\/07\/bronzer5.jpg\" alt=\"Amostrinhas Bourjois D\u00e9lice de Poudre Duo\" width=\"900\" height=\"600\" srcset=\"https:\/\/www.2beauty.com.br\/blog\/wp-content\/uploads\/2017\/07\/bronzer5.jpg 900w, https:\/\/www.2beauty.com.br\/blog\/wp-content\/uploads\/2017\/07\/bronzer5-580x387.jpg 580w, https:\/\/www.2beauty.com.br\/blog\/wp-content\/uploads\/2017\/07\/bronzer5-768x512.jpg 768w, https:\/\/www.2beauty.com.br\/blog\/wp-content\/uploads\/2017\/07\/bronzer5-620x413.jpg 620w\" sizes=\"(max-width: 900px) 100vw, 900px\" \/><\/a><figcaption id=\"caption-attachment-88138\" class=\"wp-caption-text\">Ingredientes e amostrinhas (bochecha com o duo + blush)<\/figcaption><\/figure>\n<p>\u00c9 legal testar novamente produtos que muito amei e que h\u00e1 anos n\u00e3o usava pra ver se a impress\u00e3o que eu tinha l\u00e1 atr\u00e1s se mant\u00e9m igual.<\/p>\n<p>O bronzeador que vem nesse duo \u00e9 mais claro do que o que eu usava, mas <strong>o iluminador \u00e9 o mesmo.<\/strong><\/p>\n<p>A diferen\u00e7a maior de l\u00e1 pra c\u00e1 \u00e9 que antigamente eu achava a quantidade de brilho do <strong>chocolate branco<\/strong> \u00f3tima e hoje ela me parece bem mais discreta.<\/p>\n<p>Sua luminosidade \u00e9 <strong>super levinha, delicada e bem homog\u00eanea.<\/strong> Pra festas, n\u00e3o rola. Para todo o dia, d\u00e1 certo.<\/p>\n<p>J\u00e1 o bronzeador do duo tem uns brilhos meio perdidos que, gra\u00e7as a Deus, n\u00e3o aparecem na pele.<\/p>\n<p>Seu tom puxa pro laranja, o que pode ser problem\u00e1tico para fazer os contorno, mas como a pigmenta\u00e7\u00e3o dele n\u00e3o \u00e9 das mais altas, consegui um resultado bacana e discreto.<\/p>\n<p><a href=\"https:\/\/www.2beauty.com.br\/blog\/wp-content\/uploads\/2017\/07\/bronzer6.jpg\"><img loading=\"lazy\" decoding=\"async\" class=\"aligncenter wp-image-88139 size-full\" src=\"https:\/\/www.2beauty.com.br\/blog\/wp-content\/uploads\/2017\/07\/bronzer6.jpg\" alt=\"Bourjois D\u00e9lice de Poudre Duo\" width=\"900\" height=\"600\" srcset=\"https:\/\/www.2beauty.com.br\/blog\/wp-content\/uploads\/2017\/07\/bronzer6.jpg 900w, https:\/\/www.2beauty.com.br\/blog\/wp-content\/uploads\/2017\/07\/bronzer6-580x387.jpg 580w, https:\/\/www.2beauty.com.br\/blog\/wp-content\/uploads\/2017\/07\/bronzer6-768x512.jpg 768w, https:\/\/www.2beauty.com.br\/blog\/wp-content\/uploads\/2017\/07\/bronzer6-620x413.jpg 620w\" sizes=\"(max-width: 900px) 100vw, 900px\" \/><\/a><\/p>\n<figure id=\"attachment_88140\" aria-describedby=\"caption-attachment-88140\" style=\"width: 900px\" class=\"wp-caption aligncenter\"><a href=\"https:\/\/www.2beauty.com.br\/blog\/wp-content\/uploads\/2017\/07\/bronzer7.jpg\"><img loading=\"lazy\" decoding=\"async\" class=\"wp-image-88140 size-full\" src=\"https:\/\/www.2beauty.com.br\/blog\/wp-content\/uploads\/2017\/07\/bronzer7.jpg\" alt=\"Bourjois D\u00e9lice de Poudre Duo\" width=\"900\" height=\"600\" srcset=\"https:\/\/www.2beauty.com.br\/blog\/wp-content\/uploads\/2017\/07\/bronzer7.jpg 900w, https:\/\/www.2beauty.com.br\/blog\/wp-content\/uploads\/2017\/07\/bronzer7-580x387.jpg 580w, https:\/\/www.2beauty.com.br\/blog\/wp-content\/uploads\/2017\/07\/bronzer7-768x512.jpg 768w, https:\/\/www.2beauty.com.br\/blog\/wp-content\/uploads\/2017\/07\/bronzer7-620x413.jpg 620w\" sizes=\"(max-width: 900px) 100vw, 900px\" \/><\/a><figcaption id=\"caption-attachment-88140\" class=\"wp-caption-text\">Maquiagem pronta (batom Matific Violeta de Natura Una)<\/figcaption><\/figure>\n<p>Fiz os contornos com ele na testa e ao longo da mand\u00edbula. Apliquei o iluminador nas t\u00eamporas, blush rosado nas ma\u00e7\u00e3s do rosto e p\u00f3 bronzeador logo abaixo.<\/p>\n<p><strong>O resultado ficou bonito!<\/strong><\/p>\n<p>Uma pena que a fixa\u00e7\u00e3o deixou a desejar. Ao final do dia, o iluminador havia sumido e o p\u00f3 bronzeador era quase impercept\u00edvel.<\/p>\n<figure id=\"attachment_88141\" aria-describedby=\"caption-attachment-88141\" style=\"width: 900px\" class=\"wp-caption aligncenter\"><a href=\"https:\/\/www.2beauty.com.br\/blog\/wp-content\/uploads\/2017\/07\/bronzer8.jpg\"><img loading=\"lazy\" decoding=\"async\" class=\"wp-image-88141 size-full\" src=\"https:\/\/www.2beauty.com.br\/blog\/wp-content\/uploads\/2017\/07\/bronzer8.jpg\" alt=\"Antes x depois Bourjois D\u00e9lice de Poudre Duo\" width=\"900\" height=\"600\" srcset=\"https:\/\/www.2beauty.com.br\/blog\/wp-content\/uploads\/2017\/07\/bronzer8.jpg 900w, https:\/\/www.2beauty.com.br\/blog\/wp-content\/uploads\/2017\/07\/bronzer8-580x387.jpg 580w, https:\/\/www.2beauty.com.br\/blog\/wp-content\/uploads\/2017\/07\/bronzer8-768x512.jpg 768w, https:\/\/www.2beauty.com.br\/blog\/wp-content\/uploads\/2017\/07\/bronzer8-620x413.jpg 620w\" sizes=\"(max-width: 900px) 100vw, 900px\" \/><\/a><figcaption id=\"caption-attachment-88141\" class=\"wp-caption-text\">Antes e depois (oito horas maquiada)<\/figcaption><\/figure>\n<h3>Resumo<\/h3>\n<p><strong>Pr\u00f3s:<\/strong> \u00c9 fofo demais e me lembra de quando eu comecei a blogar. Pra quem curte maquiagem mais discreta, funciona.<\/p>\n<p><strong>Contras:<\/strong> A pigmenta\u00e7\u00e3o e a fixa\u00e7\u00e3o s\u00e3o bem <em>mazomenos.<\/em><\/p>\n<hr \/>\n<h3>Avalia\u00e7\u00e3o Geral<\/h3>\n<ul>\n<li>Textura e aplica\u00e7\u00e3o: 4\/5<\/li>\n<li>Cobertura e pigmenta\u00e7\u00e3o: 3\/5<\/li>\n<li>Fixa\u00e7\u00e3o: 3\/5<\/li>\n<li>Pre\u00e7o: 3\/5<\/li>\n<li>Apresenta\u00e7\u00e3o: 4\/5<\/li>\n<li>Realidade x Descri\u00e7\u00e3o oficial: 3\/5<\/li>\n<li><strong>M\u00e9dia: 3,3<br \/>\n<\/strong><\/li>\n<\/ul>\n<h5>Para visualizar a lista completa de crit\u00e9rios e notas, <a href=\"https:\/\/www.2beauty.com.br\/blog\/images\/avaliacao.gif\" target=\"_blank\" rel=\"noopener noreferrer\">clica aqui<\/a>.<\/h5>\n<hr \/>\n<p style=\"text-align: center\"><a href=\"http:\/\/www.epocacosmeticos.com.br\/delice-de-poudre-peaux-mates-bourjois-po-compacto-bronzeador\/p?utm_source=beauty&amp;utm_medium=post-c&amp;utm_content=resenha-delice-de-poudre&amp;utm_campaign=resenha_03_07\" target=\"_blank\" rel=\"noopener noreferrer\"><img loading=\"lazy\" decoding=\"async\" class=\"aligncenter size-thumbnail wp-image-88137\" src=\"https:\/\/www.2beauty.com.br\/blog\/wp-content\/uploads\/2017\/07\/bronzer4-300x250.jpg\" alt=\"\" width=\"300\" height=\"250\" \/><\/a><\/p>\n<p style=\"text-align: center\">Bourjois D\u00e9lice de Poudre Duo &#8211; <strong>R$89,90 reais<\/strong><br \/>\n<a href=\"http:\/\/www.epocacosmeticos.com.br\/delice-de-poudre-peaux-mates-bourjois-po-compacto-bronzeador\/p?utm_source=beauty&amp;utm_medium=post-c&amp;utm_content=resenha-delice-de-poudre&amp;utm_campaign=resenha_03_07\" target=\"_blank\" rel=\"noopener noreferrer\">Comprar na \u00c9poca Cosm\u00e9ticos<\/a><\/p>\n<p>[ratings]<\/p>\n","protected":false},"excerpt":{"rendered":"<p>3,3 estrelinhas Bourjois D\u00e9lice de Poudre Duo me deu uma certa nostalgia, porque o p\u00f3 bronzeador com formato e cheirinho de chocolate da marca foi das primeiras coisas fofas e mais caras que adquiri quando comecei a me interessar por maquiagem. O duo combina o p\u00f3 bronzeador chocolate preto e o p\u00f3 iluminador chocolate branco que muito usei l\u00e1 pelos idos de 1900 e guaran\u00e1 de rolha. A descri\u00e7\u00e3o diz o seguinte: Duo de p\u00f3 bronzant e iluminador para fazer ilumina\u00e7\u00e3o e contorno. Bourjois D\u00e9lice de Poudre Duo \u00e9 ideal para makes que destacam seus tra\u00e7os. Com ele voc\u00ea pode criar efeitos de luz e sombra, moldando o rosto. O bronzant \u00e9 ideal para dar profundidade, enquanto o iluminador evidencia as partes altas da face. Assim, com Bourjois D\u00e9lice de Poudre Duo seu tra\u00e7os ganham destaque, contorno definidos e luminosidade. O estojo custa R$89,90 reais em lojas e site como o da \u00c9poca Cosm\u00e9ticos. \u00c9 legal testar novamente produtos que muito amei e que h\u00e1 anos n\u00e3o usava pra ver se a impress\u00e3o que eu tinha l\u00e1 atr\u00e1s se mant\u00e9m igual. O bronzeador que vem nesse duo \u00e9 mais claro do que o que eu usava, mas o iluminador \u00e9 o mesmo. A diferen\u00e7a maior de l\u00e1 pra c\u00e1 \u00e9 que antigamente eu achava a quantidade de brilho do chocolate branco \u00f3tima e hoje ela me parece bem mais discreta. Sua luminosidade \u00e9 super levinha, delicada e bem homog\u00eanea. Pra festas, n\u00e3o rola. Para todo o dia, d\u00e1 certo. J\u00e1 o bronzeador do duo tem uns brilhos meio perdidos que, gra\u00e7as a Deus, n\u00e3o aparecem na pele. Seu tom puxa pro laranja, o que pode ser problem\u00e1tico para fazer os contorno, mas como a pigmenta\u00e7\u00e3o dele n\u00e3o \u00e9 das mais altas, consegui um resultado bacana e discreto. Fiz os contornos com ele na testa e ao longo da mand\u00edbula. Apliquei o iluminador nas t\u00eamporas, blush rosado nas ma\u00e7\u00e3s do rosto e p\u00f3 bronzeador logo abaixo. O resultado ficou bonito! Uma pena que a fixa\u00e7\u00e3o deixou a desejar. Ao final do dia, o iluminador havia sumido e o p\u00f3 bronzeador era quase impercept\u00edvel. Resumo Pr\u00f3s: \u00c9 fofo demais e me lembra de quando eu comecei a blogar. Pra quem curte maquiagem mais discreta, funciona. Contras: A pigmenta\u00e7\u00e3o e a fixa\u00e7\u00e3o s\u00e3o bem mazomenos. Avalia\u00e7\u00e3o Geral Textura e aplica\u00e7\u00e3o: 4\/5 Cobertura e pigmenta\u00e7\u00e3o: 3\/5 Fixa\u00e7\u00e3o: 3\/5 Pre\u00e7o: 3\/5 Apresenta\u00e7\u00e3o: 4\/5 Realidade x Descri\u00e7\u00e3o oficial: 3\/5 M\u00e9dia: 3,3 Para visualizar a lista completa de crit\u00e9rios e notas, clica aqui. Bourjois D\u00e9lice de Poudre Duo &#8211; R$89,90 reais Comprar na \u00c9poca Cosm\u00e9ticos [ratings]<\/p>\n","protected":false},"author":1,"featured_media":88135,"comment_status":"open","ping_status":"closed","sticky":false,"template":"","format":"standard","meta":{"_uag_custom_page_level_css":"","footnotes":""},"categories":[84],"tags":[306,4116,4117,4088,4128],"class_list":["post-88133","post","type-post","status-publish","format-standard","has-post-thumbnail","hentry","category-maquiagem","tag-bourjois","tag-bronzeador","tag-iluminador","tag-maquiagem","tag-resenhas"],"uagb_featured_image_src":{"full":["https:\/\/www.2beauty.com.br\/blog\/wp-content\/uploads\/2017\/07\/bronzer2.jpg",900,600,false],"thumbnail":["https:\/\/www.2beauty.com.br\/blog\/wp-content\/uploads\/2017\/07\/bronzer2-300x250.jpg",300,250,true],"medium":["https:\/\/www.2beauty.com.br\/blog\/wp-content\/uploads\/2017\/07\/bronzer2-580x387.jpg",580,387,true],"medium_large":["https:\/\/www.2beauty.com.br\/blog\/wp-content\/uploads\/2017\/07\/bronzer2-768x512.jpg",768,512,true],"large":["https:\/\/www.2beauty.com.br\/blog\/wp-content\/uploads\/2017\/07\/bronzer2-620x413.jpg",620,413,true],"1536x1536":["https:\/\/www.2beauty.com.br\/blog\/wp-content\/uploads\/2017\/07\/bronzer2.jpg",900,600,false],"2048x2048":["https:\/\/www.2beauty.com.br\/blog\/wp-content\/uploads\/2017\/07\/bronzer2.jpg",900,600,false],"ashe-slider-grid-thumbnail":["https:\/\/www.2beauty.com.br\/blog\/wp-content\/uploads\/2017\/07\/bronzer2.jpg",810,540,false],"ashe-full-thumbnail":["https:\/\/www.2beauty.com.br\/blog\/wp-content\/uploads\/2017\/07\/bronzer2.jpg",900,600,false],"ashe-grid-thumbnail":["https:\/\/www.2beauty.com.br\/blog\/wp-content\/uploads\/2017\/07\/bronzer2.jpg",495,330,false],"ashe-list-thumbnail":["https:\/\/www.2beauty.com.br\/blog\/wp-content\/uploads\/2017\/07\/bronzer2.jpg",300,200,false],"ashe-single-navigation":["https:\/\/www.2beauty.com.br\/blog\/wp-content\/uploads\/2017\/07\/bronzer2.jpg",75,50,false]},"uagb_author_info":{"display_name":"Marina Smith","author_link":"https:\/\/www.2beauty.com.br\/blog\/author\/marinasmith\/"},"uagb_comment_info":15,"uagb_excerpt":"3,3 estrelinhas Bourjois D\u00e9lice de Poudre Duo me deu uma certa nostalgia, porque o p\u00f3 bronzeador com formato e cheirinho de chocolate da marca foi das primeiras coisas fofas e mais caras que adquiri quando comecei a me interessar por maquiagem. O duo combina o p\u00f3 bronzeador chocolate preto e o p\u00f3 iluminador chocolate branco&hellip;","acf":[],"_links":{"self":[{"href":"https:\/\/www.2beauty.com.br\/blog\/wp-json\/wp\/v2\/posts\/88133","targetHints":{"allow":["GET"]}}],"collection":[{"href":"https:\/\/www.2beauty.com.br\/blog\/wp-json\/wp\/v2\/posts"}],"about":[{"href":"https:\/\/www.2beauty.com.br\/blog\/wp-json\/wp\/v2\/types\/post"}],"author":[{"embeddable":true,"href":"https:\/\/www.2beauty.com.br\/blog\/wp-json\/wp\/v2\/users\/1"}],"replies":[{"embeddable":true,"href":"https:\/\/www.2beauty.com.br\/blog\/wp-json\/wp\/v2\/comments?post=88133"}],"version-history":[{"count":0,"href":"https:\/\/www.2beauty.com.br\/blog\/wp-json\/wp\/v2\/posts\/88133\/revisions"}],"wp:featuredmedia":[{"embeddable":true,"href":"https:\/\/www.2beauty.com.br\/blog\/wp-json\/wp\/v2\/media\/88135"}],"wp:attachment":[{"href":"https:\/\/www.2beauty.com.br\/blog\/wp-json\/wp\/v2\/media?parent=88133"}],"wp:term":[{"taxonomy":"category","embeddable":true,"href":"https:\/\/www.2beauty.com.br\/blog\/wp-json\/wp\/v2\/categories?post=88133"},{"taxonomy":"post_tag","embeddable":true,"href":"https:\/\/www.2beauty.com.br\/blog\/wp-json\/wp\/v2\/tags?post=88133"}],"curies":[{"name":"wp","href":"https:\/\/api.w.org\/{rel}","templated":true}]}}