{"id":87924,"date":"2017-07-28T02:30:43","date_gmt":"2017-07-28T04:30:43","guid":{"rendered":"https:\/\/www.2beauty.com.br\/blog\/?p=87924"},"modified":"2019-02-15T16:09:47","modified_gmt":"2019-02-15T18:09:47","slug":"inspiracao-do-finde-priyanka-chopra","status":"publish","type":"post","link":"https:\/\/www.2beauty.com.br\/blog\/2017\/07\/inspiracao-do-finde-priyanka-chopra\/","title":{"rendered":"Inspira\u00e7\u00e3o do finde: Priyanka Chopra"},"content":{"rendered":"<p><strong>Priyanka Chopra<\/strong> estava divina no tapete vermelho do <strong>Emmy Awards de 2016<\/strong> com um vestido esvoa\u00e7ante Jason Wu, boc\u00e3o vermelho e cabelo preso num rabo de cavalo para o lado.<\/p>\n<p>Parecia uma deusa grega moderna!<\/p>\n<figure id=\"attachment_87925\" aria-describedby=\"caption-attachment-87925\" style=\"width: 900px\" class=\"wp-caption aligncenter\"><a href=\"https:\/\/www.2beauty.com.br\/blog\/wp-content\/uploads\/2017\/06\/pri1.jpg\"><img fetchpriority=\"high\" decoding=\"async\" class=\"wp-image-87925 size-full\" src=\"https:\/\/www.2beauty.com.br\/blog\/wp-content\/uploads\/2017\/06\/pri1.jpg\" alt=\"Priyanka Chopra\" width=\"900\" height=\"1138\" srcset=\"https:\/\/www.2beauty.com.br\/blog\/wp-content\/uploads\/2017\/06\/pri1.jpg 900w, https:\/\/www.2beauty.com.br\/blog\/wp-content\/uploads\/2017\/06\/pri1-580x733.jpg 580w, https:\/\/www.2beauty.com.br\/blog\/wp-content\/uploads\/2017\/06\/pri1-860x1087.jpg 860w, https:\/\/www.2beauty.com.br\/blog\/wp-content\/uploads\/2017\/06\/pri1-344x435.jpg 344w, https:\/\/www.2beauty.com.br\/blog\/wp-content\/uploads\/2017\/06\/pri1-768x971.jpg 768w, https:\/\/www.2beauty.com.br\/blog\/wp-content\/uploads\/2017\/06\/pri1-620x784.jpg 620w\" sizes=\"(max-width: 900px) 100vw, 900px\" \/><\/a><figcaption id=\"caption-attachment-87925\" class=\"wp-caption-text\">Foto: Getty Images<\/figcaption><\/figure>\n<p>Infelizmente n\u00e3o consegui encontrar os cr\u00e9ditos da maquiagem completa, mas aqui est\u00e3o os produtinhos usados nos l\u00e1bios da atriz:<\/p>\n<p>Hydra Beauty Lip Balm da Chanel para hidratar, delineador labial Chanel Precision Lip Definer cor Rouge Profond para definir e batom Chanel <strong>Rouge Allure Velvet Luminous Matte Lip Colour tom Rouge Charnel<\/strong> para preencher.<\/p>\n<h5>(se clicar nas imagens, elas ficam maiores)<\/h5>\n<p><a href=\"https:\/\/www.2beauty.com.br\/blog\/wp-content\/uploads\/2017\/06\/pri2.jpg\"><img decoding=\"async\" class=\"aligncenter wp-image-87926 size-full\" src=\"https:\/\/www.2beauty.com.br\/blog\/wp-content\/uploads\/2017\/06\/pri2.jpg\" alt=\"Priyanka Chopra\" width=\"900\" height=\"600\" srcset=\"https:\/\/www.2beauty.com.br\/blog\/wp-content\/uploads\/2017\/06\/pri2.jpg 900w, https:\/\/www.2beauty.com.br\/blog\/wp-content\/uploads\/2017\/06\/pri2-580x387.jpg 580w, https:\/\/www.2beauty.com.br\/blog\/wp-content\/uploads\/2017\/06\/pri2-768x512.jpg 768w, https:\/\/www.2beauty.com.br\/blog\/wp-content\/uploads\/2017\/06\/pri2-620x413.jpg 620w\" sizes=\"(max-width: 900px) 100vw, 900px\" \/><\/a><\/p>\n<figure id=\"attachment_87927\" aria-describedby=\"caption-attachment-87927\" style=\"width: 900px\" class=\"wp-caption aligncenter\"><a href=\"https:\/\/www.2beauty.com.br\/blog\/wp-content\/uploads\/2017\/06\/pri3.jpg\"><img decoding=\"async\" class=\"wp-image-87927 size-full\" src=\"https:\/\/www.2beauty.com.br\/blog\/wp-content\/uploads\/2017\/06\/pri3.jpg\" alt=\"Priyanka Chopra\" width=\"900\" height=\"1138\" srcset=\"https:\/\/www.2beauty.com.br\/blog\/wp-content\/uploads\/2017\/06\/pri3.jpg 900w, https:\/\/www.2beauty.com.br\/blog\/wp-content\/uploads\/2017\/06\/pri3-344x435.jpg 344w, https:\/\/www.2beauty.com.br\/blog\/wp-content\/uploads\/2017\/06\/pri3-768x971.jpg 768w, https:\/\/www.2beauty.com.br\/blog\/wp-content\/uploads\/2017\/06\/pri3-620x784.jpg 620w\" sizes=\"(max-width: 900px) 100vw, 900px\" \/><\/a><figcaption id=\"caption-attachment-87927\" class=\"wp-caption-text\">Fotos: Getty Images<\/figcaption><\/figure>\n","protected":false},"excerpt":{"rendered":"<p>Priyanka Chopra estava divina no tapete vermelho do Emmy Awards de 2016 com um vestido esvoa\u00e7ante Jason Wu, boc\u00e3o vermelho e cabelo preso num rabo de cavalo para o lado. Parecia uma deusa grega moderna! Infelizmente n\u00e3o consegui encontrar os cr\u00e9ditos da maquiagem completa, mas aqui est\u00e3o os produtinhos usados nos l\u00e1bios da atriz: Hydra Beauty Lip Balm da Chanel para hidratar, delineador labial Chanel Precision Lip Definer cor Rouge Profond para definir e batom Chanel Rouge Allure Velvet Luminous Matte Lip Colour tom Rouge Charnel para preencher. (se clicar nas imagens, elas ficam maiores)<\/p>\n","protected":false},"author":1,"featured_media":87925,"comment_status":"open","ping_status":"closed","sticky":false,"template":"","format":"standard","meta":{"_uag_custom_page_level_css":"","footnotes":""},"categories":[3546],"tags":[1486,4068],"class_list":["post-87924","post","type-post","status-publish","format-standard","has-post-thumbnail","hentry","category-inspiracoes","tag-inspiracoes","tag-priyanka-chopra"],"uagb_featured_image_src":{"full":["https:\/\/www.2beauty.com.br\/blog\/wp-content\/uploads\/2017\/06\/pri1.jpg",900,1138,false],"thumbnail":["https:\/\/www.2beauty.com.br\/blog\/wp-content\/uploads\/2017\/06\/pri1-300x250.jpg",300,250,true],"medium":["https:\/\/www.2beauty.com.br\/blog\/wp-content\/uploads\/2017\/06\/pri1-344x435.jpg",344,435,true],"medium_large":["https:\/\/www.2beauty.com.br\/blog\/wp-content\/uploads\/2017\/06\/pri1-768x971.jpg",768,971,true],"large":["https:\/\/www.2beauty.com.br\/blog\/wp-content\/uploads\/2017\/06\/pri1-620x784.jpg",620,784,true],"1536x1536":["https:\/\/www.2beauty.com.br\/blog\/wp-content\/uploads\/2017\/06\/pri1.jpg",900,1138,false],"2048x2048":["https:\/\/www.2beauty.com.br\/blog\/wp-content\/uploads\/2017\/06\/pri1.jpg",900,1138,false],"ashe-slider-grid-thumbnail":["https:\/\/www.2beauty.com.br\/blog\/wp-content\/uploads\/2017\/06\/pri1.jpg",427,540,false],"ashe-full-thumbnail":["https:\/\/www.2beauty.com.br\/blog\/wp-content\/uploads\/2017\/06\/pri1.jpg",900,1138,false],"ashe-grid-thumbnail":["https:\/\/www.2beauty.com.br\/blog\/wp-content\/uploads\/2017\/06\/pri1.jpg",261,330,false],"ashe-list-thumbnail":["https:\/\/www.2beauty.com.br\/blog\/wp-content\/uploads\/2017\/06\/pri1.jpg",237,300,false],"ashe-single-navigation":["https:\/\/www.2beauty.com.br\/blog\/wp-content\/uploads\/2017\/06\/pri1.jpg",59,75,false]},"uagb_author_info":{"display_name":"Marina Smith","author_link":"https:\/\/www.2beauty.com.br\/blog\/author\/marinasmith\/"},"uagb_comment_info":2,"uagb_excerpt":"Priyanka Chopra estava divina no tapete vermelho do Emmy Awards de 2016 com um vestido esvoa\u00e7ante Jason Wu, boc\u00e3o vermelho e cabelo preso num rabo de cavalo para o lado. Parecia uma deusa grega moderna! Infelizmente n\u00e3o consegui encontrar os cr\u00e9ditos da maquiagem completa, mas aqui est\u00e3o os produtinhos usados nos l\u00e1bios da atriz: Hydra&hellip;","acf":[],"_links":{"self":[{"href":"https:\/\/www.2beauty.com.br\/blog\/wp-json\/wp\/v2\/posts\/87924","targetHints":{"allow":["GET"]}}],"collection":[{"href":"https:\/\/www.2beauty.com.br\/blog\/wp-json\/wp\/v2\/posts"}],"about":[{"href":"https:\/\/www.2beauty.com.br\/blog\/wp-json\/wp\/v2\/types\/post"}],"author":[{"embeddable":true,"href":"https:\/\/www.2beauty.com.br\/blog\/wp-json\/wp\/v2\/users\/1"}],"replies":[{"embeddable":true,"href":"https:\/\/www.2beauty.com.br\/blog\/wp-json\/wp\/v2\/comments?post=87924"}],"version-history":[{"count":0,"href":"https:\/\/www.2beauty.com.br\/blog\/wp-json\/wp\/v2\/posts\/87924\/revisions"}],"wp:featuredmedia":[{"embeddable":true,"href":"https:\/\/www.2beauty.com.br\/blog\/wp-json\/wp\/v2\/media\/87925"}],"wp:attachment":[{"href":"https:\/\/www.2beauty.com.br\/blog\/wp-json\/wp\/v2\/media?parent=87924"}],"wp:term":[{"taxonomy":"category","embeddable":true,"href":"https:\/\/www.2beauty.com.br\/blog\/wp-json\/wp\/v2\/categories?post=87924"},{"taxonomy":"post_tag","embeddable":true,"href":"https:\/\/www.2beauty.com.br\/blog\/wp-json\/wp\/v2\/tags?post=87924"}],"curies":[{"name":"wp","href":"https:\/\/api.w.org\/{rel}","templated":true}]}}