{"id":86486,"date":"2017-05-25T08:10:41","date_gmt":"2017-05-25T10:10:41","guid":{"rendered":"https:\/\/www.2beauty.com.br\/blog\/?p=86486"},"modified":"2019-02-15T16:09:50","modified_gmt":"2019-02-15T18:09:50","slug":"resenha-corretivo-liquido-bruna-tavares","status":"publish","type":"post","link":"https:\/\/www.2beauty.com.br\/blog\/2017\/05\/resenha-corretivo-liquido-bruna-tavares\/","title":{"rendered":"Resenha: Corretivo L\u00edquido Bruna Tavares"},"content":{"rendered":"<p><a href=\"https:\/\/www.2beauty.com.br\/blog\/wp-content\/uploads\/2017\/05\/corretivo1.jpg\"><img fetchpriority=\"high\" decoding=\"async\" class=\"aligncenter wp-image-86488 size-full\" src=\"https:\/\/www.2beauty.com.br\/blog\/wp-content\/uploads\/2017\/05\/corretivo1.jpg\" alt=\"Corretivo L\u00edquido Bruna Tavares\" width=\"900\" height=\"600\" srcset=\"https:\/\/www.2beauty.com.br\/blog\/wp-content\/uploads\/2017\/05\/corretivo1.jpg 900w, https:\/\/www.2beauty.com.br\/blog\/wp-content\/uploads\/2017\/05\/corretivo1-580x387.jpg 580w, https:\/\/www.2beauty.com.br\/blog\/wp-content\/uploads\/2017\/05\/corretivo1-860x573.jpg 860w, https:\/\/www.2beauty.com.br\/blog\/wp-content\/uploads\/2017\/05\/corretivo1-768x512.jpg 768w, https:\/\/www.2beauty.com.br\/blog\/wp-content\/uploads\/2017\/05\/corretivo1-620x413.jpg 620w\" sizes=\"(max-width: 900px) 100vw, 900px\" \/><\/a><\/p>\n<p style=\"text-align: center\"><img decoding=\"async\" title=\"Estrela\" src=\"https:\/\/www.2beauty.com.br\/blog\/images\/star.gif\" alt=\"Estrela\" \/><img decoding=\"async\" title=\"Estrela\" src=\"https:\/\/www.2beauty.com.br\/blog\/images\/star.gif\" alt=\"Estrela\" \/><img decoding=\"async\" title=\"Estrela\" src=\"https:\/\/www.2beauty.com.br\/blog\/images\/star.gif\" alt=\"Estrela\" \/><img decoding=\"async\" title=\"Estrela\" src=\"https:\/\/www.2beauty.com.br\/blog\/images\/star.gif\" alt=\"Estrela\" \/><img decoding=\"async\" title=\"Estrela\" src=\"https:\/\/www.2beauty.com.br\/blog\/images\/star2.gif\" alt=\"Estrela\" \/><\/p>\n<p style=\"text-align: center\"><strong>Quatro estrelinhas<\/strong><\/p>\n<p>Amigas de pele oleosa, esse \u00e9 um bom corretivo pra voc\u00eas, porque o corretivo l\u00edquido Bruna Tavares \u00e9 super sequinho e muito resistente.<\/p>\n<h3>A descri\u00e7\u00e3o diz o seguinte:<\/h3>\n<blockquote><p>O corretivo da linha Bruna Tavares foi desenvolvido com uma f\u00f3rmula inovadora a base de silicone e \u00e1gua que garante \u00f3tima cobertura, toque geladinho e longa dura\u00e7\u00e3o. Tudo isso para atender pele oleosas, mistas e secas. Aplique com leves batidinhas e arrase!<\/p><\/blockquote>\n<p>A linha tem cinco cores em tom da pele e duas tonalidades coloridas &#8211; Yellow e Peach &#8211; feitas para cancelar o sub-tom das olheiras.<\/p>\n<p>Os tubinhos <a href=\"https:\/\/www.tblogsshop.com.br\/produtos\/face\" target=\"_blank\" rel=\"noopener noreferrer\">custam R$36,90 reais<\/a> e podem ser adquiridos no e-commerce de T.Blogs.<\/p>\n<p><a href=\"https:\/\/www.2beauty.com.br\/blog\/wp-content\/uploads\/2017\/05\/corretivo3.jpg\"><img decoding=\"async\" class=\"aligncenter wp-image-86490 size-full\" src=\"https:\/\/www.2beauty.com.br\/blog\/wp-content\/uploads\/2017\/05\/corretivo3.jpg\" alt=\"Corretivo L\u00edquido Bruna Tavares\" width=\"900\" height=\"600\" srcset=\"https:\/\/www.2beauty.com.br\/blog\/wp-content\/uploads\/2017\/05\/corretivo3.jpg 900w, https:\/\/www.2beauty.com.br\/blog\/wp-content\/uploads\/2017\/05\/corretivo3-580x387.jpg 580w, https:\/\/www.2beauty.com.br\/blog\/wp-content\/uploads\/2017\/05\/corretivo3-768x512.jpg 768w, https:\/\/www.2beauty.com.br\/blog\/wp-content\/uploads\/2017\/05\/corretivo3-620x413.jpg 620w\" sizes=\"(max-width: 900px) 100vw, 900px\" \/><\/a><\/p>\n<p><a href=\"https:\/\/www.2beauty.com.br\/blog\/wp-content\/uploads\/2017\/05\/corretivo2.jpg\"><img decoding=\"async\" class=\"aligncenter wp-image-86489 size-full\" src=\"https:\/\/www.2beauty.com.br\/blog\/wp-content\/uploads\/2017\/05\/corretivo2.jpg\" alt=\"Ingredientes Corretivo L\u00edquido Bruna Tavares\" width=\"900\" height=\"186\" srcset=\"https:\/\/www.2beauty.com.br\/blog\/wp-content\/uploads\/2017\/05\/corretivo2.jpg 900w, https:\/\/www.2beauty.com.br\/blog\/wp-content\/uploads\/2017\/05\/corretivo2-580x120.jpg 580w, https:\/\/www.2beauty.com.br\/blog\/wp-content\/uploads\/2017\/05\/corretivo2-768x159.jpg 768w, https:\/\/www.2beauty.com.br\/blog\/wp-content\/uploads\/2017\/05\/corretivo2-620x128.jpg 620w\" sizes=\"(max-width: 900px) 100vw, 900px\" \/><\/a><\/p>\n<figure id=\"attachment_86492\" aria-describedby=\"caption-attachment-86492\" style=\"width: 900px\" class=\"wp-caption aligncenter\"><a href=\"https:\/\/www.2beauty.com.br\/blog\/wp-content\/uploads\/2017\/05\/corretivo5.jpg\"><img loading=\"lazy\" decoding=\"async\" class=\"wp-image-86492 size-full\" src=\"https:\/\/www.2beauty.com.br\/blog\/wp-content\/uploads\/2017\/05\/corretivo5.jpg\" alt=\"Corretivo L\u00edquido Bruna Tavares\" width=\"900\" height=\"517\" srcset=\"https:\/\/www.2beauty.com.br\/blog\/wp-content\/uploads\/2017\/05\/corretivo5.jpg 900w, https:\/\/www.2beauty.com.br\/blog\/wp-content\/uploads\/2017\/05\/corretivo5-580x333.jpg 580w, https:\/\/www.2beauty.com.br\/blog\/wp-content\/uploads\/2017\/05\/corretivo5-768x441.jpg 768w, https:\/\/www.2beauty.com.br\/blog\/wp-content\/uploads\/2017\/05\/corretivo5-620x356.jpg 620w\" sizes=\"(max-width: 900px) 100vw, 900px\" \/><\/a><figcaption id=\"caption-attachment-86492\" class=\"wp-caption-text\">Ingredientes + amostrinhas (tons 20, 30 e 40)<\/figcaption><\/figure>\n<p>Testei tr\u00eas das tonalidades cor da pele:<\/p>\n<ul>\n<li><strong>20<\/strong>: corretivo clarinho de fundo rosado.<\/li>\n<li><strong>30<\/strong>: corretivo de tom m\u00e9dio claro que \u00e9 descrito como de fundo neutro no release (achei ele levemente amarelado).<\/li>\n<li><strong>40<\/strong>: corretivo de tom m\u00e9dio escuro com fundo amarelado.<\/li>\n<\/ul>\n<p>A cor 30 \u00e9 a que <strong>melhor se adaptou \u00e0s minhas olheiras<\/strong>, mas \u00e0s vezes misturo ela com um pouco da cor 20 para deixar os olhos mais &#8220;iluminados&#8221;.<\/p>\n<p>Os corretivos tem textura l\u00edquida que seca r\u00e1pido. Tipo, <strong>SUPER r\u00e1pido<\/strong>. Se voc\u00ea enrolar muito, pode ser dif\u00edcil de esfumar.<\/p>\n<p>D\u00e1 pra aplicar o produto com os dedos, com pincel ou com esponja e, dentre esses tr\u00eas modos, acho que o corretivo rende mais com os dedos, porque assim ele n\u00e3o perde cobertura ao ser esfumado.<\/p>\n<p>Com isso em mente, uso os dedos, mas gosto de <strong>finalizar com esponja<\/strong> para garantir que o acabamento fique mais sutil \/ natural.<\/p>\n<p><a href=\"https:\/\/www.2beauty.com.br\/blog\/wp-content\/uploads\/2017\/05\/corretivo6.jpg\"><img loading=\"lazy\" decoding=\"async\" class=\"aligncenter wp-image-86493 size-full\" src=\"https:\/\/www.2beauty.com.br\/blog\/wp-content\/uploads\/2017\/05\/corretivo6.jpg\" alt=\"Corretivo L\u00edquido Bruna Tavares\" width=\"900\" height=\"600\" srcset=\"https:\/\/www.2beauty.com.br\/blog\/wp-content\/uploads\/2017\/05\/corretivo6.jpg 900w, https:\/\/www.2beauty.com.br\/blog\/wp-content\/uploads\/2017\/05\/corretivo6-580x387.jpg 580w, https:\/\/www.2beauty.com.br\/blog\/wp-content\/uploads\/2017\/05\/corretivo6-768x512.jpg 768w, https:\/\/www.2beauty.com.br\/blog\/wp-content\/uploads\/2017\/05\/corretivo6-620x413.jpg 620w\" sizes=\"(max-width: 900px) 100vw, 900px\" \/><\/a><\/p>\n<figure id=\"attachment_86494\" aria-describedby=\"caption-attachment-86494\" style=\"width: 900px\" class=\"wp-caption aligncenter\"><a href=\"https:\/\/www.2beauty.com.br\/blog\/wp-content\/uploads\/2017\/05\/corretivo7.jpg\"><img loading=\"lazy\" decoding=\"async\" class=\"wp-image-86494 size-full\" src=\"https:\/\/www.2beauty.com.br\/blog\/wp-content\/uploads\/2017\/05\/corretivo7.jpg\" alt=\"Corretivo L\u00edquido Bruna Tavares\" width=\"900\" height=\"600\" srcset=\"https:\/\/www.2beauty.com.br\/blog\/wp-content\/uploads\/2017\/05\/corretivo7.jpg 900w, https:\/\/www.2beauty.com.br\/blog\/wp-content\/uploads\/2017\/05\/corretivo7-580x387.jpg 580w, https:\/\/www.2beauty.com.br\/blog\/wp-content\/uploads\/2017\/05\/corretivo7-768x512.jpg 768w, https:\/\/www.2beauty.com.br\/blog\/wp-content\/uploads\/2017\/05\/corretivo7-620x413.jpg 620w\" sizes=\"(max-width: 900px) 100vw, 900px\" \/><\/a><figcaption id=\"caption-attachment-86494\" class=\"wp-caption-text\">Olheiras ao natural e com o corretivo (20 + 30) &#8211; camada leve<\/figcaption><\/figure>\n<p><strong>A pigmenta\u00e7\u00e3o \u00e9 boa<\/strong> e o corretivo rende bastante. Dependendo do quanto voc\u00ea usa de produto, a cobertura passa de m\u00e9dia \u00e0 alta.<\/p>\n<p>Vale dizer que ao aplicar em grande quantidade, <strong>a corre\u00e7\u00e3o fica mais aparente e com aspecto mais pesado<\/strong>, at\u00e9 por conta do acabamento. Falando nisso, o corretivo \u00e9 t\u00e3o sequinho que n\u00e3o precisa ser assentado, especialmente se voc\u00ea n\u00e3o tem problema de oleosidade, porque ele n\u00e3o transfere.<\/p>\n<p>At\u00e9 recomendo evitar o p\u00f3 e caprichar no hidratante antes da maquiagem <strong>caso sua pele seja normal ou seca<\/strong>, porque o acabamento matte + p\u00f3 podem deixar a \u00e1rea dos olhos com aspecto ressecado \/ craquelado.<\/p>\n<p>De resto, <strong>a fixa\u00e7\u00e3o \u00e9 excelente<\/strong>! O corretivo se mant\u00e9m firme e forte o dia todo. S\u00f3 sai com demaquilante&#8230;<\/p>\n<figure id=\"attachment_86588\" aria-describedby=\"caption-attachment-86588\" style=\"width: 900px\" class=\"wp-caption aligncenter\"><a href=\"https:\/\/www.2beauty.com.br\/blog\/wp-content\/uploads\/2017\/05\/benefit5.jpg\"><img loading=\"lazy\" decoding=\"async\" class=\"wp-image-86588 size-full\" src=\"https:\/\/www.2beauty.com.br\/blog\/wp-content\/uploads\/2017\/05\/benefit5.jpg\" alt=\"Corretivo L\u00edquido Bruna Tavares\" width=\"900\" height=\"600\" srcset=\"https:\/\/www.2beauty.com.br\/blog\/wp-content\/uploads\/2017\/05\/benefit5.jpg 900w, https:\/\/www.2beauty.com.br\/blog\/wp-content\/uploads\/2017\/05\/benefit5-580x387.jpg 580w, https:\/\/www.2beauty.com.br\/blog\/wp-content\/uploads\/2017\/05\/benefit5-768x512.jpg 768w, https:\/\/www.2beauty.com.br\/blog\/wp-content\/uploads\/2017\/05\/benefit5-620x413.jpg 620w\" sizes=\"(max-width: 900px) 100vw, 900px\" \/><\/a><figcaption id=\"caption-attachment-86588\" class=\"wp-caption-text\">Maquiagem pronta com base, corretivo, p\u00f3, etc. (batom Benefit Revved-Up Red)<\/figcaption><\/figure>\n<h3>Resumo<\/h3>\n<p>Bom pre\u00e7o, boa cobertura e boa fixa\u00e7\u00e3o. Quem tem pele oleosa vai adorar! Se a sua pele for seca, capriche nos creminhos ou opte por um corretivo mais hidratante.<\/p>\n<hr \/>\n<h3>Avalia\u00e7\u00e3o Geral<\/h3>\n<ul>\n<li>Textura e aplica\u00e7\u00e3o: 4\/5<\/li>\n<li>Cobertura e pigmenta\u00e7\u00e3o: 4\/5<\/li>\n<li>Fixa\u00e7\u00e3o: 5\/5<\/li>\n<li>Pre\u00e7o: 4\/5<\/li>\n<li>Apresenta\u00e7\u00e3o: 3\/5<\/li>\n<li>Realidade x Descri\u00e7\u00e3o oficial: 4\/5<\/li>\n<li><strong>M\u00e9dia: 4,0<br \/>\n<\/strong><\/li>\n<\/ul>\n<h5>Para visualizar a lista completa de crit\u00e9rios e notas, <a href=\"https:\/\/www.2beauty.com.br\/blog\/images\/avaliacao.gif\" target=\"_blank\" rel=\"noopener noreferrer\">clica aqui<\/a>.<\/h5>\n<hr \/>\n<p style=\"text-align: center\"><a href=\"https:\/\/www.tblogsshop.com.br\/produtos\/face\" target=\"_blank\" rel=\"noopener noreferrer\"><img loading=\"lazy\" decoding=\"async\" class=\"aligncenter wp-image-86488 size-thumbnail\" src=\"https:\/\/www.2beauty.com.br\/blog\/wp-content\/uploads\/2017\/05\/corretivo1-300x250.jpg\" alt=\"Corretivo L\u00edquido Bruna Tavares\" width=\"300\" height=\"250\" \/><\/a><\/p>\n<p style=\"text-align: center\">Corretivo L\u00edquido Bruna Tavares &#8211; <strong>R$36,90 reais<\/strong><br \/>\n<a href=\"https:\/\/www.tblogsshop.com.br\/produtos\/face\" target=\"_blank\" rel=\"noopener noreferrer\">Comprar na T.Blogs Shop<\/a><\/p>\n","protected":false},"excerpt":{"rendered":"<p>Quatro estrelinhas Amigas de pele oleosa, esse \u00e9 um bom corretivo pra voc\u00eas, porque o corretivo l\u00edquido Bruna Tavares \u00e9 super sequinho e muito resistente. A descri\u00e7\u00e3o diz o seguinte: O corretivo da linha Bruna Tavares foi desenvolvido com uma f\u00f3rmula inovadora a base de silicone e \u00e1gua que garante \u00f3tima cobertura, toque geladinho e longa dura\u00e7\u00e3o. Tudo isso para atender pele oleosas, mistas e secas. Aplique com leves batidinhas e arrase! A linha tem cinco cores em tom da pele e duas tonalidades coloridas &#8211; Yellow e Peach &#8211; feitas para cancelar o sub-tom das olheiras. Os tubinhos custam R$36,90 reais e podem ser adquiridos no e-commerce de T.Blogs. Testei tr\u00eas das tonalidades cor da pele: 20: corretivo clarinho de fundo rosado. 30: corretivo de tom m\u00e9dio claro que \u00e9 descrito como de fundo neutro no release (achei ele levemente amarelado). 40: corretivo de tom m\u00e9dio escuro com fundo amarelado. A cor 30 \u00e9 a que melhor se adaptou \u00e0s minhas olheiras, mas \u00e0s vezes misturo ela com um pouco da cor 20 para deixar os olhos mais &#8220;iluminados&#8221;. Os corretivos tem textura l\u00edquida que seca r\u00e1pido. Tipo, SUPER r\u00e1pido. Se voc\u00ea enrolar muito, pode ser dif\u00edcil de esfumar. D\u00e1 pra aplicar o produto com os dedos, com pincel ou com esponja e, dentre esses tr\u00eas modos, acho que o corretivo rende mais com os dedos, porque assim ele n\u00e3o perde cobertura ao ser esfumado. Com isso em mente, uso os dedos, mas gosto de finalizar com esponja para garantir que o acabamento fique mais sutil \/ natural. A pigmenta\u00e7\u00e3o \u00e9 boa e o corretivo rende bastante. Dependendo do quanto voc\u00ea usa de produto, a cobertura passa de m\u00e9dia \u00e0 alta. Vale dizer que ao aplicar em grande quantidade, a corre\u00e7\u00e3o fica mais aparente e com aspecto mais pesado, at\u00e9 por conta do acabamento. Falando nisso, o corretivo \u00e9 t\u00e3o sequinho que n\u00e3o precisa ser assentado, especialmente se voc\u00ea n\u00e3o tem problema de oleosidade, porque ele n\u00e3o transfere. At\u00e9 recomendo evitar o p\u00f3 e caprichar no hidratante antes da maquiagem caso sua pele seja normal ou seca, porque o acabamento matte + p\u00f3 podem deixar a \u00e1rea dos olhos com aspecto ressecado \/ craquelado. De resto, a fixa\u00e7\u00e3o \u00e9 excelente! O corretivo se mant\u00e9m firme e forte o dia todo. S\u00f3 sai com demaquilante&#8230; Resumo Bom pre\u00e7o, boa cobertura e boa fixa\u00e7\u00e3o. Quem tem pele oleosa vai adorar! Se a sua pele for seca, capriche nos creminhos ou opte por um corretivo mais hidratante. Avalia\u00e7\u00e3o Geral Textura e aplica\u00e7\u00e3o: 4\/5 Cobertura e pigmenta\u00e7\u00e3o: 4\/5 Fixa\u00e7\u00e3o: 5\/5 Pre\u00e7o: 4\/5 Apresenta\u00e7\u00e3o: 3\/5 Realidade x Descri\u00e7\u00e3o oficial: 4\/5 M\u00e9dia: 4,0 Para visualizar a lista completa de crit\u00e9rios e notas, clica aqui. Corretivo L\u00edquido Bruna Tavares &#8211; R$36,90 reais Comprar na T.Blogs Shop<\/p>\n","protected":false},"author":1,"featured_media":86488,"comment_status":"open","ping_status":"closed","sticky":false,"template":"","format":"standard","meta":{"_uag_custom_page_level_css":"","footnotes":""},"categories":[84],"tags":[4033,4118,4088,4128,3947],"class_list":["post-86486","post","type-post","status-publish","format-standard","has-post-thumbnail","hentry","category-maquiagem","tag-bruna-tavares","tag-corretivo","tag-maquiagem","tag-resenhas","tag-t-blogs"],"uagb_featured_image_src":{"full":["https:\/\/www.2beauty.com.br\/blog\/wp-content\/uploads\/2017\/05\/corretivo1.jpg",900,600,false],"thumbnail":["https:\/\/www.2beauty.com.br\/blog\/wp-content\/uploads\/2017\/05\/corretivo1-300x250.jpg",300,250,true],"medium":["https:\/\/www.2beauty.com.br\/blog\/wp-content\/uploads\/2017\/05\/corretivo1-580x387.jpg",580,387,true],"medium_large":["https:\/\/www.2beauty.com.br\/blog\/wp-content\/uploads\/2017\/05\/corretivo1-768x512.jpg",768,512,true],"large":["https:\/\/www.2beauty.com.br\/blog\/wp-content\/uploads\/2017\/05\/corretivo1-620x413.jpg",620,413,true],"1536x1536":["https:\/\/www.2beauty.com.br\/blog\/wp-content\/uploads\/2017\/05\/corretivo1.jpg",900,600,false],"2048x2048":["https:\/\/www.2beauty.com.br\/blog\/wp-content\/uploads\/2017\/05\/corretivo1.jpg",900,600,false],"ashe-slider-grid-thumbnail":["https:\/\/www.2beauty.com.br\/blog\/wp-content\/uploads\/2017\/05\/corretivo1.jpg",810,540,false],"ashe-full-thumbnail":["https:\/\/www.2beauty.com.br\/blog\/wp-content\/uploads\/2017\/05\/corretivo1.jpg",900,600,false],"ashe-grid-thumbnail":["https:\/\/www.2beauty.com.br\/blog\/wp-content\/uploads\/2017\/05\/corretivo1.jpg",495,330,false],"ashe-list-thumbnail":["https:\/\/www.2beauty.com.br\/blog\/wp-content\/uploads\/2017\/05\/corretivo1.jpg",300,200,false],"ashe-single-navigation":["https:\/\/www.2beauty.com.br\/blog\/wp-content\/uploads\/2017\/05\/corretivo1.jpg",75,50,false]},"uagb_author_info":{"display_name":"Marina Smith","author_link":"https:\/\/www.2beauty.com.br\/blog\/author\/marinasmith\/"},"uagb_comment_info":42,"uagb_excerpt":"Quatro estrelinhas Amigas de pele oleosa, esse \u00e9 um bom corretivo pra voc\u00eas, porque o corretivo l\u00edquido Bruna Tavares \u00e9 super sequinho e muito resistente. A descri\u00e7\u00e3o diz o seguinte: O corretivo da linha Bruna Tavares foi desenvolvido com uma f\u00f3rmula inovadora a base de silicone e \u00e1gua que garante \u00f3tima cobertura, toque geladinho e&hellip;","acf":[],"_links":{"self":[{"href":"https:\/\/www.2beauty.com.br\/blog\/wp-json\/wp\/v2\/posts\/86486","targetHints":{"allow":["GET"]}}],"collection":[{"href":"https:\/\/www.2beauty.com.br\/blog\/wp-json\/wp\/v2\/posts"}],"about":[{"href":"https:\/\/www.2beauty.com.br\/blog\/wp-json\/wp\/v2\/types\/post"}],"author":[{"embeddable":true,"href":"https:\/\/www.2beauty.com.br\/blog\/wp-json\/wp\/v2\/users\/1"}],"replies":[{"embeddable":true,"href":"https:\/\/www.2beauty.com.br\/blog\/wp-json\/wp\/v2\/comments?post=86486"}],"version-history":[{"count":0,"href":"https:\/\/www.2beauty.com.br\/blog\/wp-json\/wp\/v2\/posts\/86486\/revisions"}],"wp:featuredmedia":[{"embeddable":true,"href":"https:\/\/www.2beauty.com.br\/blog\/wp-json\/wp\/v2\/media\/86488"}],"wp:attachment":[{"href":"https:\/\/www.2beauty.com.br\/blog\/wp-json\/wp\/v2\/media?parent=86486"}],"wp:term":[{"taxonomy":"category","embeddable":true,"href":"https:\/\/www.2beauty.com.br\/blog\/wp-json\/wp\/v2\/categories?post=86486"},{"taxonomy":"post_tag","embeddable":true,"href":"https:\/\/www.2beauty.com.br\/blog\/wp-json\/wp\/v2\/tags?post=86486"}],"curies":[{"name":"wp","href":"https:\/\/api.w.org\/{rel}","templated":true}]}}