{"id":8310,"date":"2009-11-17T12:11:52","date_gmt":"2009-11-17T14:11:52","guid":{"rendered":"https:\/\/www.2beauty.com.br\/blog\/?p=8310"},"modified":"2019-02-15T16:13:19","modified_gmt":"2019-02-15T18:13:19","slug":"compreeenhas-avao","status":"publish","type":"post","link":"https:\/\/www.2beauty.com.br\/blog\/2009\/11\/compreeenhas-avao\/","title":{"rendered":"Compreeenhas: &#8220;Av\u00e3o&#8221;"},"content":{"rendered":"<p style=\"text-align: center;\"><a href=\"https:\/\/www.2beauty.com.br\/blog\/wp-content\/uploads\/2009\/11\/avon1.jpg\"><strong><img fetchpriority=\"high\" decoding=\"async\" class=\"alignnone size-full wp-image-8311\" title=\"avon1\" src=\"https:\/\/www.2beauty.com.br\/blog\/wp-content\/uploads\/2009\/11\/avon1.jpg\" alt=\"\" width=\"500\" height=\"375\" \/><\/strong><\/a><\/p>\n<p style=\"text-align: center;\"><strong>Tran\u00e7a <span style=\"text-decoration: line-through;\">Dif\u00edcil<\/span>\u00a0F\u00e1cil<\/strong><\/p>\n<p>Algu\u00e9m explica como se usa essa coisa? Parecia t\u00e3o simples no folheto da Avon, mas as instru\u00e7\u00f5es que acompanham o &#8220;Tran\u00e7a F\u00e1cil&#8221; s\u00e3o de pouca serventia.<\/p>\n<p>Boiei.<\/p>\n<p>Se algu\u00e9m tem este &#8220;instrumento&#8221; e sabe como usar, por favor, manifeste-se!<\/p>\n<p style=\"text-align: center;\"><a href=\"https:\/\/www.2beauty.com.br\/blog\/wp-content\/uploads\/2009\/11\/avon2.jpg\"><strong><img decoding=\"async\" class=\"alignnone size-full wp-image-8312\" title=\"avon2\" src=\"https:\/\/www.2beauty.com.br\/blog\/wp-content\/uploads\/2009\/11\/avon2.jpg\" alt=\"\" width=\"500\" height=\"375\" \/><\/strong><\/a><\/p>\n<p style=\"text-align: center;\"><a href=\"https:\/\/www.2beauty.com.br\/blog\/wp-content\/uploads\/2009\/11\/avon4.jpg\"><strong><img decoding=\"async\" class=\"alignnone size-full wp-image-8313\" title=\"avon4\" src=\"https:\/\/www.2beauty.com.br\/blog\/wp-content\/uploads\/2009\/11\/avon4.jpg\" alt=\"\" width=\"500\" height=\"375\" \/><\/strong><\/a><\/p>\n<p style=\"text-align: center;\"><strong>Quarteto Summer Bronze<\/strong><\/p>\n<p>Eu me diverti bastante com o <a href=\"https:\/\/www.2beauty.com.br\/blog\/2009\/09\/02\/look-malva\/\" target=\"_self\">Quarteto Cole\u00e7\u00e3o Luxo<\/a>, ent\u00e3o resolvi experimentar outras cores.<\/p>\n<p>Comprei o Quarteto Summer Bronze e o Cole\u00e7\u00e3o Fashion, mas n\u00e3o fiquei t\u00e3o impressionada.<\/p>\n<p>Com ou sem primer, ambos s\u00e3o fraquinhos.<\/p>\n<p>O Summer Bronze tem um verde escuro e um verde lim\u00e3o\u00a0bem interessantes, mas os tons de lil\u00e1s e violeta s\u00e3o meio deprimentes, pouco pigmentados e puro breeeeelho.<\/p>\n<p>Decepcionei, mas vou tentar dar um jeito de\u00a0aproveitar as sombras da melhor forma poss\u00edvel.\u00a0Talvez um l\u00e1pis verde ou preto como base ajude na pigmenta\u00e7\u00e3o das benditas.<\/p>\n<p style=\"text-align: center;\"><a href=\"https:\/\/www.2beauty.com.br\/blog\/wp-content\/uploads\/2009\/11\/avon3.jpg\"><strong><img loading=\"lazy\" decoding=\"async\" class=\"alignnone size-full wp-image-8314\" title=\"avon3\" src=\"https:\/\/www.2beauty.com.br\/blog\/wp-content\/uploads\/2009\/11\/avon3.jpg\" alt=\"\" width=\"500\" height=\"375\" \/><\/strong><\/a><\/p>\n<p style=\"text-align: center;\"><a href=\"https:\/\/www.2beauty.com.br\/blog\/wp-content\/uploads\/2009\/11\/avon5.jpg\"><strong><img loading=\"lazy\" decoding=\"async\" class=\"alignnone size-full wp-image-8315\" title=\"avon5\" src=\"https:\/\/www.2beauty.com.br\/blog\/wp-content\/uploads\/2009\/11\/avon5.jpg\" alt=\"\" width=\"500\" height=\"375\" \/><\/strong><\/a><\/p>\n<p style=\"text-align: center;\"><strong>Quarteto Cole\u00e7\u00e3o Fashion<\/strong><\/p>\n<p>Achei os tons desse estojo mais\u00a0pigmentadinhos que os do Summer Bronze, mas a combina\u00e7\u00e3o de cores \u00e9 uma das mais feias que eu j\u00e1 vi na vida.<\/p>\n<p>Foi meu namorado que escolheu pra mim&#8230; * rs rs rs *<\/p>\n<p>Sozinhas, elas s\u00e3o bacanas e o\u00a0estojo \u00e9 bonitinho e tals, mas \u00e9 complicado de combinar verde, rosa e azul no olho, n\u00e9am? Voc\u00eas v\u00e3o ver nas fotos do final do post&#8230;<\/p>\n<p style=\"text-align: center;\"><a href=\"https:\/\/www.2beauty.com.br\/blog\/wp-content\/uploads\/2009\/11\/avon6.jpg\"><strong><img loading=\"lazy\" decoding=\"async\" class=\"alignnone size-full wp-image-8316\" title=\"avon6\" src=\"https:\/\/www.2beauty.com.br\/blog\/wp-content\/uploads\/2009\/11\/avon6.jpg\" alt=\"\" width=\"500\" height=\"375\" \/><\/strong><\/a><\/p>\n<p style=\"text-align: center;\"><strong>Parentes<\/strong><\/p>\n<p style=\"text-align: left;\">A cor mais us\u00e1vel da Cole\u00e7\u00e3o Fashion \u00e9 o branco, que\u00a0tem um brilho dourado super bonito e lembra m\u00f3\u00f3\u00f3\u00f3\u00f3ito a sombra Solar White da MAC.<\/p>\n<p style=\"text-align: left;\">S\u00e3o quase id\u00eanticas!\u00a0<\/p>\n<p style=\"text-align: center;\"><a href=\"https:\/\/www.2beauty.com.br\/blog\/wp-content\/uploads\/2009\/11\/avon7.jpg\"><strong><img loading=\"lazy\" decoding=\"async\" class=\"alignnone size-full wp-image-8317\" title=\"avon7\" src=\"https:\/\/www.2beauty.com.br\/blog\/wp-content\/uploads\/2009\/11\/avon7.jpg\" alt=\"\" width=\"300\" height=\"250\" \/><\/strong><\/a><strong>\u00a0<\/strong><a href=\"https:\/\/www.2beauty.com.br\/blog\/wp-content\/uploads\/2009\/11\/avon8.jpg\"><strong><img loading=\"lazy\" decoding=\"async\" class=\"alignnone size-full wp-image-8318\" title=\"avon8\" src=\"https:\/\/www.2beauty.com.br\/blog\/wp-content\/uploads\/2009\/11\/avon8.jpg\" alt=\"\" width=\"300\" height=\"250\" \/><\/strong><\/a><\/p>\n<p style=\"text-align: center;\"><strong>Sem primer e com primer e l\u00e1pis de base<\/strong><\/p>\n<p>Experimentei dois makes com o mesmo estojo.<\/p>\n<p>O primeiro eu fiz como estava indicado na embalagem da Avon:\u00a0apliquei\u00a0sombra branca na margem da sobrancelha, sombra rosa no c\u00f4ncavo, verde na p\u00e1lpebra m\u00f3vel e azul como delineador na base dos c\u00edlios. Tudo isso sem primer, tudo isso um caos.<\/p>\n<p>Pode falar&#8230; ficou com cara de poooooooooooooobre!<\/p>\n<p>O segundo make eu fiz com a ajuda de primer e um pouco de l\u00e1pis preto borrado na p\u00e1lpebra como base.<\/p>\n<p>Passei a sombra verde no canto interno e centro da p\u00e1lpebra, azul no canto externo, rosa no c\u00f4ncavo e branco na margem da sobrancelha.<\/p>\n<p>O l\u00e1pis melhorou bastante a pigmenta\u00e7\u00e3o, mas n\u00e3o ajudou muito no quesito classe e ryqueza do look, n\u00e9am?<\/p>\n<p>A combina\u00e7\u00e3o do verde com o azul ficou legal, mas o rosa deu um super toque cafona pro make. * rs rs rs *<\/p>\n<p>Resumindo: Nada contra rosa ou azul ou verde do Quarteto Cole\u00e7\u00e3o Fashion, mas usar os tr\u00eas juntos \u00e9\u00a0complicado&#8230;<\/p>\n","protected":false},"excerpt":{"rendered":"<p>Tran\u00e7a Dif\u00edcil\u00a0F\u00e1cil Algu\u00e9m explica como se usa essa coisa? Parecia t\u00e3o simples no folheto da Avon, mas as instru\u00e7\u00f5es que acompanham o &#8220;Tran\u00e7a F\u00e1cil&#8221; s\u00e3o de pouca serventia. Boiei. Se algu\u00e9m tem este &#8220;instrumento&#8221; e sabe como usar, por favor, manifeste-se! Quarteto Summer Bronze Eu me diverti bastante com o Quarteto Cole\u00e7\u00e3o Luxo, ent\u00e3o resolvi experimentar outras cores. Comprei o Quarteto Summer Bronze e o Cole\u00e7\u00e3o Fashion, mas n\u00e3o fiquei t\u00e3o impressionada. Com ou sem primer, ambos s\u00e3o fraquinhos. O Summer Bronze tem um verde escuro e um verde lim\u00e3o\u00a0bem interessantes, mas os tons de lil\u00e1s e violeta s\u00e3o meio deprimentes, pouco pigmentados e puro breeeeelho. Decepcionei, mas vou tentar dar um jeito de\u00a0aproveitar as sombras da melhor forma poss\u00edvel.\u00a0Talvez um l\u00e1pis verde ou preto como base ajude na pigmenta\u00e7\u00e3o das benditas. Quarteto Cole\u00e7\u00e3o Fashion Achei os tons desse estojo mais\u00a0pigmentadinhos que os do Summer Bronze, mas a combina\u00e7\u00e3o de cores \u00e9 uma das mais feias que eu j\u00e1 vi na vida. Foi meu namorado que escolheu pra mim&#8230; * rs rs rs * Sozinhas, elas s\u00e3o bacanas e o\u00a0estojo \u00e9 bonitinho e tals, mas \u00e9 complicado de combinar verde, rosa e azul no olho, n\u00e9am? Voc\u00eas v\u00e3o ver nas fotos do final do post&#8230; Parentes A cor mais us\u00e1vel da Cole\u00e7\u00e3o Fashion \u00e9 o branco, que\u00a0tem um brilho dourado super bonito e lembra m\u00f3\u00f3\u00f3\u00f3\u00f3ito a sombra Solar White da MAC. S\u00e3o quase id\u00eanticas!\u00a0 \u00a0 Sem primer e com primer e l\u00e1pis de base Experimentei dois makes com o mesmo estojo. O primeiro eu fiz como estava indicado na embalagem da Avon:\u00a0apliquei\u00a0sombra branca na margem da sobrancelha, sombra rosa no c\u00f4ncavo, verde na p\u00e1lpebra m\u00f3vel e azul como delineador na base dos c\u00edlios. Tudo isso sem primer, tudo isso um caos. Pode falar&#8230; ficou com cara de poooooooooooooobre! O segundo make eu fiz com a ajuda de primer e um pouco de l\u00e1pis preto borrado na p\u00e1lpebra como base. Passei a sombra verde no canto interno e centro da p\u00e1lpebra, azul no canto externo, rosa no c\u00f4ncavo e branco na margem da sobrancelha. O l\u00e1pis melhorou bastante a pigmenta\u00e7\u00e3o, mas n\u00e3o ajudou muito no quesito classe e ryqueza do look, n\u00e9am? A combina\u00e7\u00e3o do verde com o azul ficou legal, mas o rosa deu um super toque cafona pro make. * rs rs rs * Resumindo: Nada contra rosa ou azul ou verde do Quarteto Cole\u00e7\u00e3o Fashion, mas usar os tr\u00eas juntos \u00e9\u00a0complicado&#8230;<\/p>\n","protected":false},"author":1,"featured_media":0,"comment_status":"open","ping_status":"open","sticky":false,"template":"","format":"standard","meta":{"_uag_custom_page_level_css":"","footnotes":""},"categories":[1],"tags":[273,1312,1123,1257,1311],"class_list":["post-8310","post","type-post","status-publish","format-standard","hentry","category-geral","tag-avon","tag-colecao-fashion","tag-quarteto-de-sombras","tag-summer-bronze","tag-tranca-facil"],"uagb_featured_image_src":{"full":false,"thumbnail":false,"medium":false,"medium_large":false,"large":false,"1536x1536":false,"2048x2048":false,"ashe-slider-grid-thumbnail":false,"ashe-full-thumbnail":false,"ashe-grid-thumbnail":false,"ashe-list-thumbnail":false,"ashe-single-navigation":false},"uagb_author_info":{"display_name":"Marina Smith","author_link":"https:\/\/www.2beauty.com.br\/blog\/author\/marinasmith\/"},"uagb_comment_info":122,"uagb_excerpt":"Tran\u00e7a Dif\u00edcil\u00a0F\u00e1cil Algu\u00e9m explica como se usa essa coisa? Parecia t\u00e3o simples no folheto da Avon, mas as instru\u00e7\u00f5es que acompanham o &#8220;Tran\u00e7a F\u00e1cil&#8221; s\u00e3o de pouca serventia. Boiei. Se algu\u00e9m tem este &#8220;instrumento&#8221; e sabe como usar, por favor, manifeste-se! Quarteto Summer Bronze Eu me diverti bastante com o Quarteto Cole\u00e7\u00e3o Luxo, ent\u00e3o resolvi&hellip;","acf":[],"_links":{"self":[{"href":"https:\/\/www.2beauty.com.br\/blog\/wp-json\/wp\/v2\/posts\/8310","targetHints":{"allow":["GET"]}}],"collection":[{"href":"https:\/\/www.2beauty.com.br\/blog\/wp-json\/wp\/v2\/posts"}],"about":[{"href":"https:\/\/www.2beauty.com.br\/blog\/wp-json\/wp\/v2\/types\/post"}],"author":[{"embeddable":true,"href":"https:\/\/www.2beauty.com.br\/blog\/wp-json\/wp\/v2\/users\/1"}],"replies":[{"embeddable":true,"href":"https:\/\/www.2beauty.com.br\/blog\/wp-json\/wp\/v2\/comments?post=8310"}],"version-history":[{"count":0,"href":"https:\/\/www.2beauty.com.br\/blog\/wp-json\/wp\/v2\/posts\/8310\/revisions"}],"wp:attachment":[{"href":"https:\/\/www.2beauty.com.br\/blog\/wp-json\/wp\/v2\/media?parent=8310"}],"wp:term":[{"taxonomy":"category","embeddable":true,"href":"https:\/\/www.2beauty.com.br\/blog\/wp-json\/wp\/v2\/categories?post=8310"},{"taxonomy":"post_tag","embeddable":true,"href":"https:\/\/www.2beauty.com.br\/blog\/wp-json\/wp\/v2\/tags?post=8310"}],"curies":[{"name":"wp","href":"https:\/\/api.w.org\/{rel}","templated":true}]}}