{"id":83022,"date":"2017-04-18T17:11:00","date_gmt":"2017-04-18T19:11:00","guid":{"rendered":"https:\/\/www.2beauty.com.br\/blog\/?p=83022"},"modified":"2019-02-15T16:09:52","modified_gmt":"2019-02-15T18:09:52","slug":"cabelo-prancha-ga-ma-italy-mini-ceramic-ion","status":"publish","type":"post","link":"https:\/\/www.2beauty.com.br\/blog\/2017\/04\/cabelo-prancha-ga-ma-italy-mini-ceramic-ion\/","title":{"rendered":"Prancha Mini Ceramic Ion GA.MA Italy"},"content":{"rendered":"<p><a href=\"https:\/\/www.2beauty.com.br\/blog\/wp-content\/uploads\/2017\/04\/prancha8.jpg\"><img fetchpriority=\"high\" decoding=\"async\" class=\"aligncenter wp-image-83023\" src=\"https:\/\/www.2beauty.com.br\/blog\/wp-content\/uploads\/2017\/04\/prancha8.jpg\" alt=\"\" width=\"900\" height=\"588\" srcset=\"https:\/\/www.2beauty.com.br\/blog\/wp-content\/uploads\/2017\/04\/prancha8.jpg 720w, https:\/\/www.2beauty.com.br\/blog\/wp-content\/uploads\/2017\/04\/prancha8-580x378.jpg 580w, https:\/\/www.2beauty.com.br\/blog\/wp-content\/uploads\/2017\/04\/prancha8-620x404.jpg 620w\" sizes=\"(max-width: 900px) 100vw, 900px\" \/><\/a><\/p>\n<p>Assim que botei o p\u00e9 em casa ao chegar de viagem com mala e tudo, o porteiro me entregou uma caixa grande da GA.MA e eu n\u00e3o esperei filmar os recebidos pra abrir, porque estava precisando de um secador novo.<\/p>\n<p>Rolou esperan\u00e7a da caixa conter um desses, mas o que veio no pacote foi essa mini prancha bivolt.<\/p>\n<blockquote><p>Ela pesa apenas 173 gramas, tem 18cm de comprimento e quando voc\u00ea guarda na bolsa t\u00e9rmica que a acompanha, ocupa o mesmo espa\u00e7o que uma n\u00e9cessaire m\u00e9dia dentro da bolsa.<\/p><\/blockquote>\n<p>N\u00e3o tenho o costume de carregar a chapinha pra onde for, mas para viagens curtas ou nas quais voc\u00ea quer levar apenas o m\u00ednimo necess\u00e1rio pra n\u00e3o despachar mala, acho que \u00e9 uma op\u00e7\u00e3o interessante.<\/p>\n<figure id=\"attachment_83028\" aria-describedby=\"caption-attachment-83028\" style=\"width: 900px\" class=\"wp-caption aligncenter\"><a href=\"https:\/\/www.2beauty.com.br\/blog\/wp-content\/uploads\/2017\/04\/prancha9.jpg\"><img decoding=\"async\" class=\"wp-image-83028\" src=\"https:\/\/www.2beauty.com.br\/blog\/wp-content\/uploads\/2017\/04\/prancha9.jpg\" alt=\"\" width=\"900\" height=\"588\" srcset=\"https:\/\/www.2beauty.com.br\/blog\/wp-content\/uploads\/2017\/04\/prancha9.jpg 720w, https:\/\/www.2beauty.com.br\/blog\/wp-content\/uploads\/2017\/04\/prancha9-580x378.jpg 580w, https:\/\/www.2beauty.com.br\/blog\/wp-content\/uploads\/2017\/04\/prancha9-620x404.jpg 620w\" sizes=\"(max-width: 900px) 100vw, 900px\" \/><\/a><figcaption id=\"caption-attachment-83028\" class=\"wp-caption-text\">Bolsa t\u00e9rmica<\/figcaption><\/figure>\n<p>Tem apenas um bot\u00e3o de liga e desligas, sua temperatura m\u00e1xima \u00e9 de 200 graus e, de acordo com o site da marca:<\/p>\n<blockquote><p>&#8220;Conta com a tecnologia Nano Silver, com fun\u00e7\u00e3o bactericida, e grande emiss\u00e3o de \u00edons negativos, deixando os cabelos muito mais lisos e longe do efeito frizz por muito mais tempo.&#8221;<\/p><\/blockquote>\n<p>Antes de testar, achei que n\u00e3o fosse dar certo, porque j\u00e1 havia me aventurado sem muito sucesso com uma mini prancha Tabajara quando minha mala foi perdida numa conex\u00e3o Roma &#8211; Berlim.<\/p>\n<p>Felizmente, a prancha da GA.MA \u00e9 melhor do que a prancha baratinha da farm\u00e1cia da esta\u00e7\u00e3o central.<\/p>\n<p><a href=\"https:\/\/www.2beauty.com.br\/blog\/wp-content\/uploads\/2017\/04\/prancha6.jpg\"><img decoding=\"async\" class=\"aligncenter wp-image-83025\" src=\"https:\/\/www.2beauty.com.br\/blog\/wp-content\/uploads\/2017\/04\/prancha6.jpg\" alt=\"\" width=\"900\" height=\"588\" srcset=\"https:\/\/www.2beauty.com.br\/blog\/wp-content\/uploads\/2017\/04\/prancha6.jpg 720w, https:\/\/www.2beauty.com.br\/blog\/wp-content\/uploads\/2017\/04\/prancha6-580x378.jpg 580w, https:\/\/www.2beauty.com.br\/blog\/wp-content\/uploads\/2017\/04\/prancha6-620x404.jpg 620w\" sizes=\"(max-width: 900px) 100vw, 900px\" \/><\/a><\/p>\n<div id='gallery-1' class='gallery galleryid-83022 gallery-columns-2 gallery-size-medium'><figure class='gallery-item'>\n\t\t\t<div class='gallery-icon landscape'>\n\t\t\t\t<a href='https:\/\/www.2beauty.com.br\/blog\/wp-content\/uploads\/2017\/04\/prancha4.jpg'><img loading=\"lazy\" decoding=\"async\" width=\"580\" height=\"379\" src=\"https:\/\/www.2beauty.com.br\/blog\/wp-content\/uploads\/2017\/04\/prancha4-580x379.jpg\" class=\"attachment-medium size-medium\" alt=\"\" aria-describedby=\"gallery-1-83026\" srcset=\"https:\/\/www.2beauty.com.br\/blog\/wp-content\/uploads\/2017\/04\/prancha4-580x379.jpg 580w, https:\/\/www.2beauty.com.br\/blog\/wp-content\/uploads\/2017\/04\/prancha4-620x405.jpg 620w, https:\/\/www.2beauty.com.br\/blog\/wp-content\/uploads\/2017\/04\/prancha4.jpg 720w\" sizes=\"(max-width: 580px) 100vw, 580px\" \/><\/a>\n\t\t\t<\/div>\n\t\t\t\t<figcaption class='wp-caption-text gallery-caption' id='gallery-1-83026'>\n\t\t\t\tCriando ondas\n\t\t\t\t<\/figcaption><\/figure><figure class='gallery-item'>\n\t\t\t<div class='gallery-icon landscape'>\n\t\t\t\t<a href='https:\/\/www.2beauty.com.br\/blog\/wp-content\/uploads\/2017\/04\/prancha1.jpg'><img loading=\"lazy\" decoding=\"async\" width=\"580\" height=\"378\" src=\"https:\/\/www.2beauty.com.br\/blog\/wp-content\/uploads\/2017\/04\/prancha1-580x378.jpg\" class=\"attachment-medium size-medium\" alt=\"\" aria-describedby=\"gallery-1-83029\" srcset=\"https:\/\/www.2beauty.com.br\/blog\/wp-content\/uploads\/2017\/04\/prancha1-580x378.jpg 580w, https:\/\/www.2beauty.com.br\/blog\/wp-content\/uploads\/2017\/04\/prancha1-620x404.jpg 620w, https:\/\/www.2beauty.com.br\/blog\/wp-content\/uploads\/2017\/04\/prancha1.jpg 720w\" sizes=\"(max-width: 580px) 100vw, 580px\" \/><\/a>\n\t\t\t<\/div>\n\t\t\t\t<figcaption class='wp-caption-text gallery-caption' id='gallery-1-83029'>\n\t\t\t\tCabelo pronto\n\t\t\t\t<\/figcaption><\/figure>\n\t\t<\/div>\n\n<p>Ela faz um bom trabalho alisando e tamb\u00e9m criando ondas, s\u00f3 que como ela \u00e9 pequena, levo quase o dobro do tempo para arrumar o cabelo, porque preciso separ\u00e1-lo em mechas menores.<\/p>\n<p>Outra desvantagem \u00e9 que o cabo n\u00e3o gira.<\/p>\n<blockquote><p>Esse detalhe n\u00e3o complica muito a vida, mas ainda prefiro a minha prancha de tamanho normal que \u00e9 mais r\u00e1pida e tem cabo que gira 360 graus, porque o fio n\u00e3o atrapalha independente do sentido pro qual puxo a mecha.<\/p><\/blockquote>\n<p>Al\u00e9m do tempo e do cabo, outra diferen\u00e7a \u00e9 o tipo de ondulado que ela cria. Como \u00e9 menor, o ondulado \u00e9 mais fechado.<\/p>\n<p><a href=\"https:\/\/www.2beauty.com.br\/blog\/wp-content\/uploads\/2017\/04\/prancha2.jpg\"><img loading=\"lazy\" decoding=\"async\" class=\"aligncenter wp-image-83030\" src=\"https:\/\/www.2beauty.com.br\/blog\/wp-content\/uploads\/2017\/04\/prancha2.jpg\" alt=\"\" width=\"900\" height=\"588\" srcset=\"https:\/\/www.2beauty.com.br\/blog\/wp-content\/uploads\/2017\/04\/prancha2.jpg 720w, https:\/\/www.2beauty.com.br\/blog\/wp-content\/uploads\/2017\/04\/prancha2-580x378.jpg 580w, https:\/\/www.2beauty.com.br\/blog\/wp-content\/uploads\/2017\/04\/prancha2-620x404.jpg 620w\" sizes=\"(max-width: 900px) 100vw, 900px\" \/><\/a><\/p>\n<p><a href=\"https:\/\/www.2beauty.com.br\/blog\/wp-content\/uploads\/2017\/04\/prancha3.jpg\"><img loading=\"lazy\" decoding=\"async\" class=\"aligncenter wp-image-83031\" src=\"https:\/\/www.2beauty.com.br\/blog\/wp-content\/uploads\/2017\/04\/prancha3.jpg\" alt=\"\" width=\"900\" height=\"588\" srcset=\"https:\/\/www.2beauty.com.br\/blog\/wp-content\/uploads\/2017\/04\/prancha3.jpg 720w, https:\/\/www.2beauty.com.br\/blog\/wp-content\/uploads\/2017\/04\/prancha3-580x378.jpg 580w, https:\/\/www.2beauty.com.br\/blog\/wp-content\/uploads\/2017\/04\/prancha3-620x404.jpg 620w\" sizes=\"(max-width: 900px) 100vw, 900px\" \/><\/a><\/p>\n<blockquote><p>Pra quem tem muito cabelo, n\u00e3o vale a pena no dia a dia, mas se voc\u00ea tem cabelo curto ou est\u00e1 em busca de ferramentas pequenas e leves para levar na bolsa ou na mala de viagem, ela n\u00e3o faz feio.<\/p><\/blockquote>\n<p>Demora mais tempo pra modelar (no caso de muito cabelo), mas o resultado \u00e9 bonito :)<\/p>\n<p>A prancha Mini Ceramic Ion GA.MA <a href=\"https:\/\/gamaitaly.com.br\/pranchas\/108-app2150.html\" target=\"_blank\" rel=\"noopener noreferrer\">custa R$99,90 reais no e-commerce da marca<\/a>.<\/p>\n","protected":false},"excerpt":{"rendered":"<p>Assim que botei o p\u00e9 em casa ao chegar de viagem com mala e tudo, o porteiro me entregou uma caixa grande da GA.MA e eu n\u00e3o esperei filmar os recebidos pra abrir, porque estava precisando de um secador novo. Rolou esperan\u00e7a da caixa conter um desses, mas o que veio no pacote foi essa mini prancha bivolt. Ela pesa apenas 173 gramas, tem 18cm de comprimento e quando voc\u00ea guarda na bolsa t\u00e9rmica que a acompanha, ocupa o mesmo espa\u00e7o que uma n\u00e9cessaire m\u00e9dia dentro da bolsa. N\u00e3o tenho o costume de carregar a chapinha pra onde for, mas para viagens curtas ou nas quais voc\u00ea quer levar apenas o m\u00ednimo necess\u00e1rio pra n\u00e3o despachar mala, acho que \u00e9 uma op\u00e7\u00e3o interessante. Tem apenas um bot\u00e3o de liga e desligas, sua temperatura m\u00e1xima \u00e9 de 200 graus e, de acordo com o site da marca: &#8220;Conta com a tecnologia Nano Silver, com fun\u00e7\u00e3o bactericida, e grande emiss\u00e3o de \u00edons negativos, deixando os cabelos muito mais lisos e longe do efeito frizz por muito mais tempo.&#8221; Antes de testar, achei que n\u00e3o fosse dar certo, porque j\u00e1 havia me aventurado sem muito sucesso com uma mini prancha Tabajara quando minha mala foi perdida numa conex\u00e3o Roma &#8211; Berlim. Felizmente, a prancha da GA.MA \u00e9 melhor do que a prancha baratinha da farm\u00e1cia da esta\u00e7\u00e3o central. Ela faz um bom trabalho alisando e tamb\u00e9m criando ondas, s\u00f3 que como ela \u00e9 pequena, levo quase o dobro do tempo para arrumar o cabelo, porque preciso separ\u00e1-lo em mechas menores. Outra desvantagem \u00e9 que o cabo n\u00e3o gira. Esse detalhe n\u00e3o complica muito a vida, mas ainda prefiro a minha prancha de tamanho normal que \u00e9 mais r\u00e1pida e tem cabo que gira 360 graus, porque o fio n\u00e3o atrapalha independente do sentido pro qual puxo a mecha. Al\u00e9m do tempo e do cabo, outra diferen\u00e7a \u00e9 o tipo de ondulado que ela cria. Como \u00e9 menor, o ondulado \u00e9 mais fechado. Pra quem tem muito cabelo, n\u00e3o vale a pena no dia a dia, mas se voc\u00ea tem cabelo curto ou est\u00e1 em busca de ferramentas pequenas e leves para levar na bolsa ou na mala de viagem, ela n\u00e3o faz feio. Demora mais tempo pra modelar (no caso de muito cabelo), mas o resultado \u00e9 bonito :) A prancha Mini Ceramic Ion GA.MA custa R$99,90 reais no e-commerce da marca.<\/p>\n","protected":false},"author":1,"featured_media":83026,"comment_status":"open","ping_status":"open","sticky":false,"template":"","format":"standard","meta":{"_uag_custom_page_level_css":"","footnotes":""},"categories":[694],"tags":[4153,2559],"class_list":["post-83022","post","type-post","status-publish","format-standard","has-post-thumbnail","hentry","category-cabelo","tag-cabelo","tag-ga-ma-italy"],"uagb_featured_image_src":{"full":["https:\/\/www.2beauty.com.br\/blog\/wp-content\/uploads\/2017\/04\/prancha4.jpg",720,470,false],"thumbnail":["https:\/\/www.2beauty.com.br\/blog\/wp-content\/uploads\/2017\/04\/prancha4-300x250.jpg",300,250,true],"medium":["https:\/\/www.2beauty.com.br\/blog\/wp-content\/uploads\/2017\/04\/prancha4-580x379.jpg",580,379,true],"medium_large":["https:\/\/www.2beauty.com.br\/blog\/wp-content\/uploads\/2017\/04\/prancha4.jpg",720,470,false],"large":["https:\/\/www.2beauty.com.br\/blog\/wp-content\/uploads\/2017\/04\/prancha4-620x405.jpg",620,405,true],"1536x1536":["https:\/\/www.2beauty.com.br\/blog\/wp-content\/uploads\/2017\/04\/prancha4.jpg",720,470,false],"2048x2048":["https:\/\/www.2beauty.com.br\/blog\/wp-content\/uploads\/2017\/04\/prancha4.jpg",720,470,false],"ashe-slider-grid-thumbnail":["https:\/\/www.2beauty.com.br\/blog\/wp-content\/uploads\/2017\/04\/prancha4.jpg",720,470,false],"ashe-full-thumbnail":["https:\/\/www.2beauty.com.br\/blog\/wp-content\/uploads\/2017\/04\/prancha4.jpg",720,470,false],"ashe-grid-thumbnail":["https:\/\/www.2beauty.com.br\/blog\/wp-content\/uploads\/2017\/04\/prancha4.jpg",500,326,false],"ashe-list-thumbnail":["https:\/\/www.2beauty.com.br\/blog\/wp-content\/uploads\/2017\/04\/prancha4.jpg",300,196,false],"ashe-single-navigation":["https:\/\/www.2beauty.com.br\/blog\/wp-content\/uploads\/2017\/04\/prancha4.jpg",75,49,false]},"uagb_author_info":{"display_name":"Marina Smith","author_link":"https:\/\/www.2beauty.com.br\/blog\/author\/marinasmith\/"},"uagb_comment_info":18,"uagb_excerpt":"Assim que botei o p\u00e9 em casa ao chegar de viagem com mala e tudo, o porteiro me entregou uma caixa grande da GA.MA e eu n\u00e3o esperei filmar os recebidos pra abrir, porque estava precisando de um secador novo. Rolou esperan\u00e7a da caixa conter um desses, mas o que veio no pacote foi essa&hellip;","acf":[],"_links":{"self":[{"href":"https:\/\/www.2beauty.com.br\/blog\/wp-json\/wp\/v2\/posts\/83022","targetHints":{"allow":["GET"]}}],"collection":[{"href":"https:\/\/www.2beauty.com.br\/blog\/wp-json\/wp\/v2\/posts"}],"about":[{"href":"https:\/\/www.2beauty.com.br\/blog\/wp-json\/wp\/v2\/types\/post"}],"author":[{"embeddable":true,"href":"https:\/\/www.2beauty.com.br\/blog\/wp-json\/wp\/v2\/users\/1"}],"replies":[{"embeddable":true,"href":"https:\/\/www.2beauty.com.br\/blog\/wp-json\/wp\/v2\/comments?post=83022"}],"version-history":[{"count":0,"href":"https:\/\/www.2beauty.com.br\/blog\/wp-json\/wp\/v2\/posts\/83022\/revisions"}],"wp:featuredmedia":[{"embeddable":true,"href":"https:\/\/www.2beauty.com.br\/blog\/wp-json\/wp\/v2\/media\/83026"}],"wp:attachment":[{"href":"https:\/\/www.2beauty.com.br\/blog\/wp-json\/wp\/v2\/media?parent=83022"}],"wp:term":[{"taxonomy":"category","embeddable":true,"href":"https:\/\/www.2beauty.com.br\/blog\/wp-json\/wp\/v2\/categories?post=83022"},{"taxonomy":"post_tag","embeddable":true,"href":"https:\/\/www.2beauty.com.br\/blog\/wp-json\/wp\/v2\/tags?post=83022"}],"curies":[{"name":"wp","href":"https:\/\/api.w.org\/{rel}","templated":true}]}}