{"id":82539,"date":"2017-03-10T02:51:59","date_gmt":"2017-03-10T04:51:59","guid":{"rendered":"https:\/\/www.2beauty.com.br\/blog\/?p=82539"},"modified":"2017-03-10T02:51:59","modified_gmt":"2017-03-10T04:51:59","slug":"video-favoritos-dos-ultimos-tempos-marco-2017","status":"publish","type":"post","link":"https:\/\/www.2beauty.com.br\/blog\/2017\/03\/video-favoritos-dos-ultimos-tempos-marco-2017\/","title":{"rendered":"V\u00eddeo: Favoritos dos \u00faltimos tempos (mar\u00e7o 2017)"},"content":{"rendered":"<p><iframe src=\"https:\/\/www.youtube.com\/embed\/vT6GwJhfmos?ecver=1\" width=\"720\" height=\"405\" frameborder=\"0\"><\/iframe><br \/>\nGente, faz o favor de n\u00e3o reparar no meu nariz sujo de batom da metade do v\u00eddeo em diante, ok? #Pobremas hehehe<\/p>\n<h3>Produtinhos na ordem de apari\u00e7\u00e3o:<\/h3>\n<ul>\n<li>Duo Blush Compacto Jequiti Aviva P\u00eassego<\/li>\n<li>M\u00e1scara Eudora Diva Alongamento Perfeito<\/li>\n<li>Base Le Teint Touche \u00c9clat YSL cor B50 Beige<\/li>\n<li>Delineador MAC Fluidline cor Dipdown<\/li>\n<li>Esmaltes Marronlino e Cinzinha de Quem Disse, Berenice?<\/li>\n<li>Esmalte Te Contei? da Impala<\/li>\n<li>Endurecedor de Unhas Marina Smith<\/li>\n<li>Batom L\u00edquido Matte Tracta cor Jennifer<\/li>\n<li>L\u00e1pis Labial Quem Disse, Berenice? cor Marronis<\/li>\n<li>Batom Matte Met\u00e1lico Quem Disse, Berenice? cor Marronluz<\/li>\n<\/ul>\n","protected":false},"excerpt":{"rendered":"<p>Gente, faz o favor de n\u00e3o reparar no meu nariz sujo de batom da metade do v\u00eddeo em diante, ok? #Pobremas hehehe Produtinhos na ordem de apari\u00e7\u00e3o: Duo Blush Compacto Jequiti Aviva P\u00eassego M\u00e1scara Eudora Diva Alongamento Perfeito Base Le Teint Touche \u00c9clat YSL cor B50 Beige Delineador MAC Fluidline cor Dipdown Esmaltes Marronlino e Cinzinha de Quem Disse, Berenice? Esmalte Te Contei? da Impala Endurecedor de Unhas Marina Smith Batom L\u00edquido Matte Tracta cor Jennifer L\u00e1pis Labial Quem Disse, Berenice? cor Marronis Batom Matte Met\u00e1lico Quem Disse, Berenice? cor Marronluz<\/p>\n","protected":false},"author":1,"featured_media":82540,"comment_status":"open","ping_status":"open","sticky":false,"template":"","format":"standard","meta":{"_uag_custom_page_level_css":"","footnotes":""},"categories":[1],"tags":[4138],"class_list":["post-82539","post","type-post","status-publish","format-standard","has-post-thumbnail","hentry","category-geral","tag-videos"],"uagb_featured_image_src":{"full":["https:\/\/www.2beauty.com.br\/blog\/wp-content\/uploads\/2017\/03\/youtube_thumb.jpg",1280,720,false],"thumbnail":["https:\/\/www.2beauty.com.br\/blog\/wp-content\/uploads\/2017\/03\/youtube_thumb-300x250.jpg",300,250,true],"medium":["https:\/\/www.2beauty.com.br\/blog\/wp-content\/uploads\/2017\/03\/youtube_thumb-580x326.jpg",580,326,true],"medium_large":["https:\/\/www.2beauty.com.br\/blog\/wp-content\/uploads\/2017\/03\/youtube_thumb-768x432.jpg",768,432,true],"large":["https:\/\/www.2beauty.com.br\/blog\/wp-content\/uploads\/2017\/03\/youtube_thumb-620x349.jpg",620,349,true],"1536x1536":["https:\/\/www.2beauty.com.br\/blog\/wp-content\/uploads\/2017\/03\/youtube_thumb.jpg",1280,720,false],"2048x2048":["https:\/\/www.2beauty.com.br\/blog\/wp-content\/uploads\/2017\/03\/youtube_thumb.jpg",1280,720,false],"ashe-slider-grid-thumbnail":["https:\/\/www.2beauty.com.br\/blog\/wp-content\/uploads\/2017\/03\/youtube_thumb.jpg",960,540,false],"ashe-full-thumbnail":["https:\/\/www.2beauty.com.br\/blog\/wp-content\/uploads\/2017\/03\/youtube_thumb.jpg",1140,641,false],"ashe-grid-thumbnail":["https:\/\/www.2beauty.com.br\/blog\/wp-content\/uploads\/2017\/03\/youtube_thumb.jpg",500,281,false],"ashe-list-thumbnail":["https:\/\/www.2beauty.com.br\/blog\/wp-content\/uploads\/2017\/03\/youtube_thumb.jpg",300,169,false],"ashe-single-navigation":["https:\/\/www.2beauty.com.br\/blog\/wp-content\/uploads\/2017\/03\/youtube_thumb.jpg",75,42,false]},"uagb_author_info":{"display_name":"Marina Smith","author_link":"https:\/\/www.2beauty.com.br\/blog\/author\/marinasmith\/"},"uagb_comment_info":14,"uagb_excerpt":"Gente, faz o favor de n\u00e3o reparar no meu nariz sujo de batom da metade do v\u00eddeo em diante, ok? #Pobremas hehehe Produtinhos na ordem de apari\u00e7\u00e3o: Duo Blush Compacto Jequiti Aviva P\u00eassego M\u00e1scara Eudora Diva Alongamento Perfeito Base Le Teint Touche \u00c9clat YSL cor B50 Beige Delineador MAC Fluidline cor Dipdown Esmaltes Marronlino e&hellip;","acf":[],"_links":{"self":[{"href":"https:\/\/www.2beauty.com.br\/blog\/wp-json\/wp\/v2\/posts\/82539","targetHints":{"allow":["GET"]}}],"collection":[{"href":"https:\/\/www.2beauty.com.br\/blog\/wp-json\/wp\/v2\/posts"}],"about":[{"href":"https:\/\/www.2beauty.com.br\/blog\/wp-json\/wp\/v2\/types\/post"}],"author":[{"embeddable":true,"href":"https:\/\/www.2beauty.com.br\/blog\/wp-json\/wp\/v2\/users\/1"}],"replies":[{"embeddable":true,"href":"https:\/\/www.2beauty.com.br\/blog\/wp-json\/wp\/v2\/comments?post=82539"}],"version-history":[{"count":0,"href":"https:\/\/www.2beauty.com.br\/blog\/wp-json\/wp\/v2\/posts\/82539\/revisions"}],"wp:featuredmedia":[{"embeddable":true,"href":"https:\/\/www.2beauty.com.br\/blog\/wp-json\/wp\/v2\/media\/82540"}],"wp:attachment":[{"href":"https:\/\/www.2beauty.com.br\/blog\/wp-json\/wp\/v2\/media?parent=82539"}],"wp:term":[{"taxonomy":"category","embeddable":true,"href":"https:\/\/www.2beauty.com.br\/blog\/wp-json\/wp\/v2\/categories?post=82539"},{"taxonomy":"post_tag","embeddable":true,"href":"https:\/\/www.2beauty.com.br\/blog\/wp-json\/wp\/v2\/tags?post=82539"}],"curies":[{"name":"wp","href":"https:\/\/api.w.org\/{rel}","templated":true}]}}