{"id":82260,"date":"2017-03-14T14:00:49","date_gmt":"2017-03-14T16:00:49","guid":{"rendered":"https:\/\/www.2beauty.com.br\/blog\/?p=82260"},"modified":"2019-02-15T16:09:54","modified_gmt":"2019-02-15T18:09:54","slug":"resenha-tracta-base-matte-media-cobertura","status":"publish","type":"post","link":"https:\/\/www.2beauty.com.br\/blog\/2017\/03\/resenha-tracta-base-matte-media-cobertura\/","title":{"rendered":"Resenha: Tracta Base Matte M\u00e9dia Cobertura"},"content":{"rendered":"<p><a href=\"https:\/\/www.2beauty.com.br\/blog\/wp-content\/uploads\/2017\/03\/tracta1.jpg\"><img fetchpriority=\"high\" decoding=\"async\" class=\"aligncenter wp-image-82261\" src=\"https:\/\/www.2beauty.com.br\/blog\/wp-content\/uploads\/2017\/03\/tracta1.jpg\" alt=\"tracta1\" width=\"900\" height=\"588\" srcset=\"https:\/\/www.2beauty.com.br\/blog\/wp-content\/uploads\/2017\/03\/tracta1.jpg 720w, https:\/\/www.2beauty.com.br\/blog\/wp-content\/uploads\/2017\/03\/tracta1-580x378.jpg 580w, https:\/\/www.2beauty.com.br\/blog\/wp-content\/uploads\/2017\/03\/tracta1-620x404.jpg 620w\" sizes=\"(max-width: 900px) 100vw, 900px\" \/><\/a><\/p>\n<p style=\"text-align: center\"><img decoding=\"async\" title=\"Estrela\" src=\"https:\/\/www.2beauty.com.br\/blog\/images\/star.gif\" alt=\"Estrela\" \/><img decoding=\"async\" title=\"Estrela\" src=\"https:\/\/www.2beauty.com.br\/blog\/images\/star.gif\" alt=\"Estrela\" \/><img decoding=\"async\" title=\"Estrela\" src=\"https:\/\/www.2beauty.com.br\/blog\/images\/star.gif\" alt=\"Estrela\" \/><img decoding=\"async\" title=\"Estrela\" src=\"https:\/\/www.2beauty.com.br\/blog\/images\/star3.gif\" alt=\"Estrela\" \/><img decoding=\"async\" title=\"Estrela\" src=\"https:\/\/www.2beauty.com.br\/blog\/images\/star2.gif\" alt=\"Estrela\" \/><\/p>\n<p style=\"text-align: center\"><strong>3,6 estrelinhas<\/strong><\/p>\n<p>A Base Matte M\u00e9dia Cobertura \u00e9 a vers\u00e3o mais &#8220;light&#8221; da Base Matte Alta Cobertura criada pela Tracta (<a href=\"https:\/\/www.2beauty.com.br\/blog\/2016\/04\/07\/resenha-base-matte-tracta\/\" target=\"_blank\" rel=\"noopener noreferrer\">resenha aqui<\/a>). Comparada \u00e0 irm\u00e3 mais velha, ela cobre menos, mas n\u00e3o transfere tanto e tem sensa\u00e7\u00e3o mais leve sobre a pele.<\/p>\n<h3>A descri\u00e7\u00e3o diz o seguinte:<\/h3>\n<blockquote><p>Uniformiza a pele e suaviza as imperfei\u00e7\u00f5es.<br \/>\nOil free.<br \/>\nSecagem r\u00e1pida.<br \/>\nCont\u00e9m Vitamina E, um poderoso hidratante e anti oxidante que combate os radicais livres.<br \/>\nIndicado: para todos tipos de pele.<\/p><\/blockquote>\n<p>O produto est\u00e1 dispon\u00edvel em quatro cores (01, 02, 03 e 04) e a bisnaga com 40g <a href=\"https:\/\/www.shopbela.com.br\/base-de-media-cobertura-e-efeito-matte-tracta-40g-p2658\/\" target=\"_blank\" rel=\"noopener noreferrer\">custa em torno de R$30,00 reais em farm\u00e1cias, lojas e sites<\/a>.<\/p>\n<p style=\"text-align: center\"><strong><a href=\"https:\/\/www.2beauty.com.br\/blog\/wp-content\/uploads\/2017\/03\/tracta2.jpg\"><img decoding=\"async\" class=\"wp-image-82262 aligncenter\" src=\"https:\/\/www.2beauty.com.br\/blog\/wp-content\/uploads\/2017\/03\/tracta2.jpg\" alt=\"tracta2\" width=\"900\" height=\"588\" srcset=\"https:\/\/www.2beauty.com.br\/blog\/wp-content\/uploads\/2017\/03\/tracta2.jpg 720w, https:\/\/www.2beauty.com.br\/blog\/wp-content\/uploads\/2017\/03\/tracta2-580x379.jpg 580w, https:\/\/www.2beauty.com.br\/blog\/wp-content\/uploads\/2017\/03\/tracta2-620x405.jpg 620w\" sizes=\"(max-width: 900px) 100vw, 900px\" \/><\/a><\/strong><\/p>\n<figure id=\"attachment_82263\" aria-describedby=\"caption-attachment-82263\" style=\"width: 900px\" class=\"wp-caption aligncenter\"><a href=\"https:\/\/www.2beauty.com.br\/blog\/wp-content\/uploads\/2017\/03\/tracta3.jpg\"><img decoding=\"async\" class=\"wp-image-82263\" src=\"https:\/\/www.2beauty.com.br\/blog\/wp-content\/uploads\/2017\/03\/tracta3.jpg\" alt=\"tracta3\" width=\"900\" height=\"588\" srcset=\"https:\/\/www.2beauty.com.br\/blog\/wp-content\/uploads\/2017\/03\/tracta3.jpg 720w, https:\/\/www.2beauty.com.br\/blog\/wp-content\/uploads\/2017\/03\/tracta3-580x378.jpg 580w, https:\/\/www.2beauty.com.br\/blog\/wp-content\/uploads\/2017\/03\/tracta3-620x404.jpg 620w\" sizes=\"(max-width: 900px) 100vw, 900px\" \/><\/a><figcaption id=\"caption-attachment-82263\" class=\"wp-caption-text\">Ingredientes e amostrinhas<\/figcaption><\/figure>\n<p>Recebi as quatro tonalidades da linha e fiquei com as cores #02 e #03 para testar, porque s\u00e3o as mais pr\u00f3ximas ao tom natural da minha pele.<\/p>\n<p>#02 \u00e9 uma cor m\u00e9dia de fundo mais alaranjado e #03 \u00e9 uma cor m\u00e9dia de fundo mais amarelado.<\/p>\n<p>Caso voc\u00ea queira ver as quatro op\u00e7\u00f5es, no <a href=\"https:\/\/www.brunamalheiros.com\" target=\"_blank\" rel=\"noopener noreferrer\">blog da Bruna Malheiros<\/a> tem uma foto com amostrinhas que \u00e9 bem fiel \u00e0 realidade. <a href=\"https:\/\/www.brunamalheiros.com\/wp-content\/uploads\/2016\/12\/base4.jpg\" target=\"_blank\" rel=\"noopener noreferrer\">Clica aqui pra ver<\/a>!<\/p>\n<blockquote><p>PS: Fiz misturinha com #02 e #03 para as fotos da resenha, mas, no dia a dia, acabo usando o tom #03 sozinho mesmo.<\/p><\/blockquote>\n<figure id=\"attachment_82264\" aria-describedby=\"caption-attachment-82264\" style=\"width: 900px\" class=\"wp-caption aligncenter\"><a href=\"https:\/\/www.2beauty.com.br\/blog\/wp-content\/uploads\/2017\/03\/tracta4.jpg\"><img loading=\"lazy\" decoding=\"async\" class=\"wp-image-82264\" src=\"https:\/\/www.2beauty.com.br\/blog\/wp-content\/uploads\/2017\/03\/tracta4.jpg\" alt=\"tracta4\" width=\"900\" height=\"588\" srcset=\"https:\/\/www.2beauty.com.br\/blog\/wp-content\/uploads\/2017\/03\/tracta4.jpg 720w, https:\/\/www.2beauty.com.br\/blog\/wp-content\/uploads\/2017\/03\/tracta4-580x378.jpg 580w, https:\/\/www.2beauty.com.br\/blog\/wp-content\/uploads\/2017\/03\/tracta4-620x404.jpg 620w\" sizes=\"(max-width: 900px) 100vw, 900px\" \/><\/a><figcaption id=\"caption-attachment-82264\" class=\"wp-caption-text\">Antes e depois (misturinha tom #02 e #03)<\/figcaption><\/figure>\n<figure id=\"attachment_82265\" aria-describedby=\"caption-attachment-82265\" style=\"width: 900px\" class=\"wp-caption aligncenter\"><a href=\"https:\/\/www.2beauty.com.br\/blog\/wp-content\/uploads\/2017\/03\/tracta5.jpg\"><img loading=\"lazy\" decoding=\"async\" class=\"wp-image-82265\" src=\"https:\/\/www.2beauty.com.br\/blog\/wp-content\/uploads\/2017\/03\/tracta5.jpg\" alt=\"tracta5\" width=\"900\" height=\"588\" srcset=\"https:\/\/www.2beauty.com.br\/blog\/wp-content\/uploads\/2017\/03\/tracta5.jpg 720w, https:\/\/www.2beauty.com.br\/blog\/wp-content\/uploads\/2017\/03\/tracta5-580x378.jpg 580w, https:\/\/www.2beauty.com.br\/blog\/wp-content\/uploads\/2017\/03\/tracta5-620x404.jpg 620w\" sizes=\"(max-width: 900px) 100vw, 900px\" \/><\/a><figcaption id=\"caption-attachment-82265\" class=\"wp-caption-text\">Close acabamento + teste do lencinho<\/figcaption><\/figure>\n<blockquote><p>A textura do produto \u00e9 mais encorpada e a cobertura \u00e9 do tipo m\u00e9dia mais para alta do que para m\u00e9dia &#8220;normal&#8221;.<\/p><\/blockquote>\n<p>Acabo complementando a maquiagem com corretivo, mas n\u00e3o \u00e9 por falta de cobertura da base, viu? \u00c9 pela necessidade de dar um efeito mais iluminado aos olhos e disfar\u00e7ar a cova que tenho abaixo deles.<\/p>\n<p>O acabamento \u00e9 sequinho natural ou &#8220;aveludado light&#8221; e mesmo depois de seca, a base transfere um pouco.<\/p>\n<figure id=\"attachment_82266\" aria-describedby=\"caption-attachment-82266\" style=\"width: 900px\" class=\"wp-caption aligncenter\"><a href=\"https:\/\/www.2beauty.com.br\/blog\/wp-content\/uploads\/2017\/03\/tracta6.jpg\"><img loading=\"lazy\" decoding=\"async\" class=\"wp-image-82266\" src=\"https:\/\/www.2beauty.com.br\/blog\/wp-content\/uploads\/2017\/03\/tracta6.jpg\" alt=\"tracta6\" width=\"900\" height=\"588\" srcset=\"https:\/\/www.2beauty.com.br\/blog\/wp-content\/uploads\/2017\/03\/tracta6.jpg 720w, https:\/\/www.2beauty.com.br\/blog\/wp-content\/uploads\/2017\/03\/tracta6-580x378.jpg 580w, https:\/\/www.2beauty.com.br\/blog\/wp-content\/uploads\/2017\/03\/tracta6-620x404.jpg 620w\" sizes=\"(max-width: 900px) 100vw, 900px\" \/><\/a><figcaption id=\"caption-attachment-82266\" class=\"wp-caption-text\">Close textura desigual no nariz<\/figcaption><\/figure>\n<p>Comparada \u00e0 Base Matte Alta Cobertura da mesma marca, o acabamento n\u00e3o \u00e9 t\u00e3o matte, mas a sensa\u00e7\u00e3o na pele \u00e9 mais confort\u00e1vel e o n\u00edvel de transfer\u00eancia \u00e9 mais baixo.<\/p>\n<blockquote><p>Ainda assim, tive alguns problemas com esse produto, porque ele ressaltou os poros na lateral do meu nariz. Sabe quando parece que a base entra nos poros e faz uma mini piscina? Ent\u00e3o&#8230;<\/p><\/blockquote>\n<p>Fora isso, notei que algumas linhas finas ficaram mais vis\u00edveis depois da maquiagem.<\/p>\n<p>Nada absurdo, mas me incomodou um pouquinho, porque eram linhas que eu n\u00e3o via com a pele nua hehehe<\/p>\n<p style=\"text-align: center\"><strong> <a href=\"https:\/\/www.2beauty.com.br\/blog\/wp-content\/uploads\/2017\/03\/tracta8.jpg\"><img loading=\"lazy\" decoding=\"async\" class=\"aligncenter wp-image-82268\" src=\"https:\/\/www.2beauty.com.br\/blog\/wp-content\/uploads\/2017\/03\/tracta8.jpg\" alt=\"tracta8\" width=\"900\" height=\"588\" srcset=\"https:\/\/www.2beauty.com.br\/blog\/wp-content\/uploads\/2017\/03\/tracta8.jpg 720w, https:\/\/www.2beauty.com.br\/blog\/wp-content\/uploads\/2017\/03\/tracta8-580x378.jpg 580w, https:\/\/www.2beauty.com.br\/blog\/wp-content\/uploads\/2017\/03\/tracta8-620x404.jpg 620w\" sizes=\"(max-width: 900px) 100vw, 900px\" \/><\/a><\/strong><\/p>\n<p style=\"text-align: center\"><strong> <a href=\"https:\/\/www.2beauty.com.br\/blog\/wp-content\/uploads\/2017\/03\/tracta9.jpg\"><img loading=\"lazy\" decoding=\"async\" class=\"aligncenter wp-image-82269\" src=\"https:\/\/www.2beauty.com.br\/blog\/wp-content\/uploads\/2017\/03\/tracta9.jpg\" alt=\"tracta9\" width=\"900\" height=\"588\" srcset=\"https:\/\/www.2beauty.com.br\/blog\/wp-content\/uploads\/2017\/03\/tracta9.jpg 720w, https:\/\/www.2beauty.com.br\/blog\/wp-content\/uploads\/2017\/03\/tracta9-580x378.jpg 580w, https:\/\/www.2beauty.com.br\/blog\/wp-content\/uploads\/2017\/03\/tracta9-620x404.jpg 620w\" sizes=\"(max-width: 900px) 100vw, 900px\" \/><\/a><\/strong><\/p>\n<figure id=\"attachment_82270\" aria-describedby=\"caption-attachment-82270\" style=\"width: 900px\" class=\"wp-caption aligncenter\"><a href=\"https:\/\/www.2beauty.com.br\/blog\/wp-content\/uploads\/2017\/03\/tracta10.jpg\"><img loading=\"lazy\" decoding=\"async\" class=\"wp-image-82270\" src=\"https:\/\/www.2beauty.com.br\/blog\/wp-content\/uploads\/2017\/03\/tracta10.jpg\" alt=\"tracta10\" width=\"900\" height=\"588\" srcset=\"https:\/\/www.2beauty.com.br\/blog\/wp-content\/uploads\/2017\/03\/tracta10.jpg 720w, https:\/\/www.2beauty.com.br\/blog\/wp-content\/uploads\/2017\/03\/tracta10-580x378.jpg 580w, https:\/\/www.2beauty.com.br\/blog\/wp-content\/uploads\/2017\/03\/tracta10-620x404.jpg 620w\" sizes=\"(max-width: 900px) 100vw, 900px\" \/><\/a><figcaption id=\"caption-attachment-82270\" class=\"wp-caption-text\">Maquiagem pronta (batom QDB? na cor Marronluz)<\/figcaption><\/figure>\n<p>De resto, achei a fixa\u00e7\u00e3o digna.<\/p>\n<blockquote><p>A base n\u00e3o ajuda no controle da oleosidade e eu acabo o dia com o nariz e a testa lustrosos, s\u00f3 que fora o brilho chato, depois de oito horas a pele ainda est\u00e1 bem maquiada \/ coberta.<\/p><\/blockquote>\n<p>Com um retoque de p\u00f3 ou lencinho matificante, o rosto fica pronto pra outra, viu?<\/p>\n<figure id=\"attachment_82267\" aria-describedby=\"caption-attachment-82267\" style=\"width: 900px\" class=\"wp-caption aligncenter\"><a href=\"https:\/\/www.2beauty.com.br\/blog\/wp-content\/uploads\/2017\/03\/tracta7.jpg\"><img loading=\"lazy\" decoding=\"async\" class=\"wp-image-82267\" src=\"https:\/\/www.2beauty.com.br\/blog\/wp-content\/uploads\/2017\/03\/tracta7.jpg\" alt=\"tracta7\" width=\"900\" height=\"588\" srcset=\"https:\/\/www.2beauty.com.br\/blog\/wp-content\/uploads\/2017\/03\/tracta7.jpg 720w, https:\/\/www.2beauty.com.br\/blog\/wp-content\/uploads\/2017\/03\/tracta7-580x378.jpg 580w, https:\/\/www.2beauty.com.br\/blog\/wp-content\/uploads\/2017\/03\/tracta7-620x404.jpg 620w\" sizes=\"(max-width: 900px) 100vw, 900px\" \/><\/a><figcaption id=\"caption-attachment-82267\" class=\"wp-caption-text\">Maquiagem ao final do dia<\/figcaption><\/figure>\n<h3>Resumo<\/h3>\n<p>N\u00e3o \u00e9 a base ideal pra quem prefere maquiagem com pegada mais natural, mas se voc\u00ea j\u00e1 gosta da Base Matte Alta Cobertura da Tracta e est\u00e1 em busca de algo um pouco mais leve pra todo dia, a Base Matte M\u00e9dia Cobertura n\u00e3o vai te decepcionar.<\/p>\n<hr \/>\n<h3>Avalia\u00e7\u00e3o Geral<\/h3>\n<ul>\n<li>Textura e aplica\u00e7\u00e3o: 3\/5<\/li>\n<li>Cobertura e pigmenta\u00e7\u00e3o: 4\/5<\/li>\n<li>Fixa\u00e7\u00e3o: 4\/5<\/li>\n<li>Pre\u00e7o: 5\/5<\/li>\n<li>Apresenta\u00e7\u00e3o: 2\/5<\/li>\n<li>Realidade x Descri\u00e7\u00e3o oficial: 4\/5<\/li>\n<li><strong>M\u00e9dia: 3,6<\/strong><\/li>\n<\/ul>\n<h5>Para visualizar a lista completa de crit\u00e9rios e notas, <a href=\"https:\/\/www.2beauty.com.br\/blog\/images\/avaliacao.gif\" target=\"_blank\" rel=\"noopener noreferrer\">clica aqui<\/a>.<\/h5>\n<hr \/>\n<p style=\"text-align: center\"><a href=\"https:\/\/www.shopbela.com.br\/base-de-media-cobertura-e-efeito-matte-tracta-40g-p2658\/\" target=\"_blank\" rel=\"noopener noreferrer\"><img loading=\"lazy\" decoding=\"async\" class=\"aligncenter size-thumbnail wp-image-82262\" src=\"https:\/\/www.2beauty.com.br\/blog\/wp-content\/uploads\/2017\/03\/tracta2-300x250.jpg\" alt=\"\" width=\"300\" height=\"250\" \/><\/a><\/p>\n<p style=\"text-align: center\">Tracta Base Matte M\u00e9dia Cobertura &#8211; <strong>R$30,00 reais<\/strong><br \/>\n<a href=\"https:\/\/www.shopbela.com.br\/base-de-media-cobertura-e-efeito-matte-tracta-40g-p2658\/\" target=\"_blank\" rel=\"noopener noreferrer\">Comprar na ShopBela<\/a><\/p>\n","protected":false},"excerpt":{"rendered":"<p>3,6 estrelinhas A Base Matte M\u00e9dia Cobertura \u00e9 a vers\u00e3o mais &#8220;light&#8221; da Base Matte Alta Cobertura criada pela Tracta (resenha aqui). Comparada \u00e0 irm\u00e3 mais velha, ela cobre menos, mas n\u00e3o transfere tanto e tem sensa\u00e7\u00e3o mais leve sobre a pele. A descri\u00e7\u00e3o diz o seguinte: Uniformiza a pele e suaviza as imperfei\u00e7\u00f5es. Oil free. Secagem r\u00e1pida. Cont\u00e9m Vitamina E, um poderoso hidratante e anti oxidante que combate os radicais livres. Indicado: para todos tipos de pele. O produto est\u00e1 dispon\u00edvel em quatro cores (01, 02, 03 e 04) e a bisnaga com 40g custa em torno de R$30,00 reais em farm\u00e1cias, lojas e sites. Recebi as quatro tonalidades da linha e fiquei com as cores #02 e #03 para testar, porque s\u00e3o as mais pr\u00f3ximas ao tom natural da minha pele. #02 \u00e9 uma cor m\u00e9dia de fundo mais alaranjado e #03 \u00e9 uma cor m\u00e9dia de fundo mais amarelado. Caso voc\u00ea queira ver as quatro op\u00e7\u00f5es, no blog da Bruna Malheiros tem uma foto com amostrinhas que \u00e9 bem fiel \u00e0 realidade. Clica aqui pra ver! PS: Fiz misturinha com #02 e #03 para as fotos da resenha, mas, no dia a dia, acabo usando o tom #03 sozinho mesmo. A textura do produto \u00e9 mais encorpada e a cobertura \u00e9 do tipo m\u00e9dia mais para alta do que para m\u00e9dia &#8220;normal&#8221;. Acabo complementando a maquiagem com corretivo, mas n\u00e3o \u00e9 por falta de cobertura da base, viu? \u00c9 pela necessidade de dar um efeito mais iluminado aos olhos e disfar\u00e7ar a cova que tenho abaixo deles. O acabamento \u00e9 sequinho natural ou &#8220;aveludado light&#8221; e mesmo depois de seca, a base transfere um pouco. Comparada \u00e0 Base Matte Alta Cobertura da mesma marca, o acabamento n\u00e3o \u00e9 t\u00e3o matte, mas a sensa\u00e7\u00e3o na pele \u00e9 mais confort\u00e1vel e o n\u00edvel de transfer\u00eancia \u00e9 mais baixo. Ainda assim, tive alguns problemas com esse produto, porque ele ressaltou os poros na lateral do meu nariz. Sabe quando parece que a base entra nos poros e faz uma mini piscina? Ent\u00e3o&#8230; Fora isso, notei que algumas linhas finas ficaram mais vis\u00edveis depois da maquiagem. Nada absurdo, mas me incomodou um pouquinho, porque eram linhas que eu n\u00e3o via com a pele nua hehehe De resto, achei a fixa\u00e7\u00e3o digna. A base n\u00e3o ajuda no controle da oleosidade e eu acabo o dia com o nariz e a testa lustrosos, s\u00f3 que fora o brilho chato, depois de oito horas a pele ainda est\u00e1 bem maquiada \/ coberta. Com um retoque de p\u00f3 ou lencinho matificante, o rosto fica pronto pra outra, viu? Resumo N\u00e3o \u00e9 a base ideal pra quem prefere maquiagem com pegada mais natural, mas se voc\u00ea j\u00e1 gosta da Base Matte Alta Cobertura da Tracta e est\u00e1 em busca de algo um pouco mais leve pra todo dia, a Base Matte M\u00e9dia Cobertura n\u00e3o vai te decepcionar. Avalia\u00e7\u00e3o Geral Textura e aplica\u00e7\u00e3o: 3\/5 Cobertura e pigmenta\u00e7\u00e3o: 4\/5 Fixa\u00e7\u00e3o: 4\/5 Pre\u00e7o: 5\/5 Apresenta\u00e7\u00e3o: 2\/5 Realidade x Descri\u00e7\u00e3o oficial: 4\/5 M\u00e9dia: 3,6 Para visualizar a lista completa de crit\u00e9rios e notas, clica aqui. Tracta Base Matte M\u00e9dia Cobertura &#8211; R$30,00 reais Comprar na ShopBela<\/p>\n","protected":false},"author":1,"featured_media":82262,"comment_status":"open","ping_status":"open","sticky":false,"template":"","format":"standard","meta":{"_uag_custom_page_level_css":"","footnotes":""},"categories":[84],"tags":[4110,4088,4128,1794],"class_list":["post-82260","post","type-post","status-publish","format-standard","has-post-thumbnail","hentry","category-maquiagem","tag-base","tag-maquiagem","tag-resenhas","tag-tracta"],"uagb_featured_image_src":{"full":["https:\/\/www.2beauty.com.br\/blog\/wp-content\/uploads\/2017\/03\/tracta2.jpg",720,470,false],"thumbnail":["https:\/\/www.2beauty.com.br\/blog\/wp-content\/uploads\/2017\/03\/tracta2-300x250.jpg",300,250,true],"medium":["https:\/\/www.2beauty.com.br\/blog\/wp-content\/uploads\/2017\/03\/tracta2-580x379.jpg",580,379,true],"medium_large":["https:\/\/www.2beauty.com.br\/blog\/wp-content\/uploads\/2017\/03\/tracta2.jpg",720,470,false],"large":["https:\/\/www.2beauty.com.br\/blog\/wp-content\/uploads\/2017\/03\/tracta2-620x405.jpg",620,405,true],"1536x1536":["https:\/\/www.2beauty.com.br\/blog\/wp-content\/uploads\/2017\/03\/tracta2.jpg",720,470,false],"2048x2048":["https:\/\/www.2beauty.com.br\/blog\/wp-content\/uploads\/2017\/03\/tracta2.jpg",720,470,false],"ashe-slider-grid-thumbnail":["https:\/\/www.2beauty.com.br\/blog\/wp-content\/uploads\/2017\/03\/tracta2.jpg",720,470,false],"ashe-full-thumbnail":["https:\/\/www.2beauty.com.br\/blog\/wp-content\/uploads\/2017\/03\/tracta2.jpg",720,470,false],"ashe-grid-thumbnail":["https:\/\/www.2beauty.com.br\/blog\/wp-content\/uploads\/2017\/03\/tracta2.jpg",500,326,false],"ashe-list-thumbnail":["https:\/\/www.2beauty.com.br\/blog\/wp-content\/uploads\/2017\/03\/tracta2.jpg",300,196,false],"ashe-single-navigation":["https:\/\/www.2beauty.com.br\/blog\/wp-content\/uploads\/2017\/03\/tracta2.jpg",75,49,false]},"uagb_author_info":{"display_name":"Marina Smith","author_link":"https:\/\/www.2beauty.com.br\/blog\/author\/marinasmith\/"},"uagb_comment_info":21,"uagb_excerpt":"3,6 estrelinhas A Base Matte M\u00e9dia Cobertura \u00e9 a vers\u00e3o mais &#8220;light&#8221; da Base Matte Alta Cobertura criada pela Tracta (resenha aqui). Comparada \u00e0 irm\u00e3 mais velha, ela cobre menos, mas n\u00e3o transfere tanto e tem sensa\u00e7\u00e3o mais leve sobre a pele. A descri\u00e7\u00e3o diz o seguinte: Uniformiza a pele e suaviza as imperfei\u00e7\u00f5es. Oil&hellip;","acf":[],"_links":{"self":[{"href":"https:\/\/www.2beauty.com.br\/blog\/wp-json\/wp\/v2\/posts\/82260","targetHints":{"allow":["GET"]}}],"collection":[{"href":"https:\/\/www.2beauty.com.br\/blog\/wp-json\/wp\/v2\/posts"}],"about":[{"href":"https:\/\/www.2beauty.com.br\/blog\/wp-json\/wp\/v2\/types\/post"}],"author":[{"embeddable":true,"href":"https:\/\/www.2beauty.com.br\/blog\/wp-json\/wp\/v2\/users\/1"}],"replies":[{"embeddable":true,"href":"https:\/\/www.2beauty.com.br\/blog\/wp-json\/wp\/v2\/comments?post=82260"}],"version-history":[{"count":0,"href":"https:\/\/www.2beauty.com.br\/blog\/wp-json\/wp\/v2\/posts\/82260\/revisions"}],"wp:featuredmedia":[{"embeddable":true,"href":"https:\/\/www.2beauty.com.br\/blog\/wp-json\/wp\/v2\/media\/82262"}],"wp:attachment":[{"href":"https:\/\/www.2beauty.com.br\/blog\/wp-json\/wp\/v2\/media?parent=82260"}],"wp:term":[{"taxonomy":"category","embeddable":true,"href":"https:\/\/www.2beauty.com.br\/blog\/wp-json\/wp\/v2\/categories?post=82260"},{"taxonomy":"post_tag","embeddable":true,"href":"https:\/\/www.2beauty.com.br\/blog\/wp-json\/wp\/v2\/tags?post=82260"}],"curies":[{"name":"wp","href":"https:\/\/api.w.org\/{rel}","templated":true}]}}