{"id":8196,"date":"2009-11-11T16:17:03","date_gmt":"2009-11-11T18:17:03","guid":{"rendered":"https:\/\/www.2beauty.com.br\/blog\/?p=8196"},"modified":"2019-02-15T16:13:19","modified_gmt":"2019-02-15T18:13:19","slug":"pinceis-duda-molinos-chegaram","status":"publish","type":"post","link":"https:\/\/www.2beauty.com.br\/blog\/2009\/11\/pinceis-duda-molinos-chegaram\/","title":{"rendered":"Pinc\u00e9is Duda Molinos: chegaram!"},"content":{"rendered":"<p style=\"text-align: center;\"><a href=\"https:\/\/www.2beauty.com.br\/blog\/wp-content\/uploads\/2009\/11\/duda1.jpg\"><strong><img fetchpriority=\"high\" decoding=\"async\" class=\"alignnone size-full wp-image-8197\" title=\"duda1\" src=\"https:\/\/www.2beauty.com.br\/blog\/wp-content\/uploads\/2009\/11\/duda1.jpg\" alt=\"\" width=\"500\" height=\"520\" \/><\/strong><\/a><\/p>\n<p style=\"text-align: center;\"><strong>Kit de pinc\u00e9is Duda Molinos<\/strong><\/p>\n<p>Eu quase ca\u00ed de bunda no ch\u00e3o quando abri uma caixa enviada pelo marketing da Vult na <span style=\"text-decoration: line-through;\">\u00faltima ter\u00e7a<\/span> segunda-feira. Eram os benditos pinc\u00e9is do Duda Molinos!<\/p>\n<p>Eles existem!!!<\/p>\n<p>S\u00f3 pra constar, ainda rola toda uma dancinha da alegria, mas agora acompanhada de gritinhos com a ajuda da X\u00fa\u00fa\u00fa\u00fa\u00falia. \u00c9 <em>tipoassim<\/em>:<\/p>\n<blockquote><p>Marina: OOOOOOOOOOOOOHMYGOOOOOOOOD!<\/p>\n<p>X\u00falia: OHMYGOOHMYGODOHMYGOD!<\/p>\n<p>(pausa para palminhas)<\/p><\/blockquote>\n<p>Levei os queridos pra casa, dei banho pra tirar aquele cheirinho de tinta\/guardado e esperei secar.<\/p>\n<p>Durante o banho, ca\u00edram alguns toquinhos de cerdas dos pinc\u00e9is de p\u00f3 e blush e umas duas ou tr\u00eas cerdas pretas do duo-fiber. A \u00e1gua saiu beeem suja!<\/p>\n<p style=\"text-align: center;\"><a href=\"https:\/\/www.2beauty.com.br\/blog\/wp-content\/uploads\/2009\/11\/duda2.jpg\"><strong><img decoding=\"async\" class=\"alignnone size-full wp-image-8198\" title=\"duda2\" src=\"https:\/\/www.2beauty.com.br\/blog\/wp-content\/uploads\/2009\/11\/duda2.jpg\" alt=\"\" width=\"580\" srcset=\"https:\/\/www.2beauty.com.br\/blog\/wp-content\/uploads\/2009\/11\/duda2.jpg 580w, https:\/\/www.2beauty.com.br\/blog\/wp-content\/uploads\/2009\/11\/duda2-499x375.jpg 499w\" sizes=\"(max-width: 580px) 100vw, 580px\" \/><\/strong><\/a><\/p>\n<p style=\"text-align: center;\"><strong>De pertinho: 110, 109, 108, 107, 106, 105, 104, 103 e 102<\/strong><\/p>\n<p style=\"text-align: center;\"><a href=\"https:\/\/www.2beauty.com.br\/blog\/wp-content\/uploads\/2009\/11\/duda3.jpg\"><strong><img decoding=\"async\" class=\"alignnone size-full wp-image-8199\" title=\"duda3\" src=\"https:\/\/www.2beauty.com.br\/blog\/wp-content\/uploads\/2009\/11\/duda3.jpg\" alt=\"\" width=\"580\" srcset=\"https:\/\/www.2beauty.com.br\/blog\/wp-content\/uploads\/2009\/11\/duda3.jpg 580w, https:\/\/www.2beauty.com.br\/blog\/wp-content\/uploads\/2009\/11\/duda3-499x375.jpg 499w\" sizes=\"(max-width: 580px) 100vw, 580px\" \/><\/strong><\/a><\/p>\n<p style=\"text-align: center;\"><strong>De pertinho: 107, 106, 105,\u00a0104, 103, 102 e\u00a0101<\/strong><\/p>\n<p>O kit do Duda Molinos cont\u00e9m 10 pinc\u00e9is. S\u00e3o eles:<\/p>\n<ul>\n<li>101 &#8211; Pincel de p\u00f3<\/li>\n<li>102 &#8211; Pincel duo-fiber (para p\u00f3\/blush\/iluminador\/base)<\/li>\n<li>103 &#8211; Pincel de blush chanfrado<\/li>\n<li>104 &#8211; Pincel de base<\/li>\n<li>105 &#8211; Pincel para esfumar sombra<\/li>\n<li>106 &#8211; Pincel para aplicar sombra<\/li>\n<li>107 &#8211; Pincel chanfrado para delinear<\/li>\n<li>108 &#8211; Pincel para escovar a sobrancelha e os c\u00edlios<\/li>\n<li>109 &#8211; Pincel de l\u00e1bios<\/li>\n<li>110 &#8211; Pincel de corretivo<\/li>\n<\/ul>\n<p>Al\u00e9m dos pinc\u00e9is, o kit tamb\u00e9m tem um estojo de nylon preto com um bolsinho para guardar algumas makes.<\/p>\n<p>Achei tudo super digno e bem acabado!<\/p>\n<p>O valor do kit completo \u00e9 R$180 e a gente sabe que a vida n\u00e3o t\u00e1 f\u00e1cil, n\u00e9am?\u00a0D\u00f3i\u00a0no bolso\u00a0s\u00f3 de pensar em pagar este valor de uma\u00a0s\u00f3 vez.<\/p>\n<p>A partir do ano que vem, os pinc\u00e9is tamb\u00e9m estar\u00e3o dispon\u00edveis fora do kit. Bem melhor! D\u00e1 pra comprar aos poucos.<\/p>\n<p>Eu ainda n\u00e3o sei quanto ser\u00e1 o pre\u00e7o de cada um, mas se voc\u00ea dividir o valor do kit pelo n\u00famero de pinc\u00e9is, d\u00e1 R$18 por unidade. N\u00e3o \u00e9 absurdo, j\u00e1 que o pincel de p\u00f3 da Avon t\u00e1 custando R$20 e alguma coisa\u00a0e um modelo similar do Botic\u00e1rio sai por R$30 e poucos.<\/p>\n<p><strong>Vamos \u00e0s compara\u00e7\u00f5es e primeiras impress\u00f5es&#8230;<\/strong><\/p>\n<p style=\"text-align: center;\"><a href=\"https:\/\/www.2beauty.com.br\/blog\/wp-content\/uploads\/2009\/11\/duda4.jpg\"><strong><img decoding=\"async\" class=\"alignnone size-full wp-image-8200\" title=\"duda4\" src=\"https:\/\/www.2beauty.com.br\/blog\/wp-content\/uploads\/2009\/11\/duda4.jpg\" alt=\"\" width=\"500\" height=\"375\" \/><\/strong><\/a><\/p>\n<p style=\"text-align: center;\"><strong>MAC 150 x Duda Molinos 101 x Sigma SS150<\/strong><\/p>\n<p>O pincel de p\u00f3 do Duda tem o domo um pouco menor e menos arredondado que os modelos da MAC ou Sigma.<\/p>\n<p>Muito digno! As cerdas s\u00e3o macias e o pincel\u00a0passa p\u00f3 direitinho no rosto todo.<\/p>\n<p style=\"text-align: center;\"><a href=\"https:\/\/www.2beauty.com.br\/blog\/wp-content\/uploads\/2009\/11\/duda5.jpg\"><strong><img decoding=\"async\" class=\"alignnone size-full wp-image-8201\" title=\"duda5\" src=\"https:\/\/www.2beauty.com.br\/blog\/wp-content\/uploads\/2009\/11\/duda5.jpg\" alt=\"\" width=\"500\" height=\"375\" \/><\/strong><\/a><\/p>\n<p style=\"text-align: center;\"><strong>MAC 187 x Duda Molinos 102 x Sigma SS187<\/strong><\/p>\n<p style=\"text-align: center;\"><a href=\"https:\/\/www.2beauty.com.br\/blog\/wp-content\/uploads\/2009\/11\/duda6.jpg\"><strong><img loading=\"lazy\" decoding=\"async\" class=\"alignnone size-full wp-image-8202\" title=\"duda6\" src=\"https:\/\/www.2beauty.com.br\/blog\/wp-content\/uploads\/2009\/11\/duda6.jpg\" alt=\"\" width=\"500\" height=\"375\" \/><\/strong><\/a><\/p>\n<p style=\"text-align: center;\"><strong>Close-up das cerdas: MAC, Duda e Sigma<\/strong><\/p>\n<p>Ainda\u00a0n\u00e3o fiz make com o duo-fiber, mas passei no rosto pra ver que tal.<\/p>\n<p>Ele \u00e9 macio e tive a impress\u00e3o que, diferente dos modelinhos 187 Sigma e MAC, este n\u00e3o tem cerdas pretinhas mais curtas ao redor das brancas. Me pareceu\u00a0tudo junto e do mesmo tamanho.<\/p>\n<p>S\u00f3 maquiando pra falar mais dele (em breve!).<\/p>\n<p style=\"text-align: center;\"><a href=\"https:\/\/www.2beauty.com.br\/blog\/wp-content\/uploads\/2009\/11\/duda7.jpg\"><strong><img loading=\"lazy\" decoding=\"async\" class=\"alignnone size-full wp-image-8203\" title=\"duda7\" src=\"https:\/\/www.2beauty.com.br\/blog\/wp-content\/uploads\/2009\/11\/duda7.jpg\" alt=\"\" width=\"500\" height=\"375\" \/><\/strong><\/a><\/p>\n<p style=\"text-align: center;\"><strong>MAC 168 x Duda Molinos 103 x Sigma SS168<\/strong><\/p>\n<p>O pincel de blush chanfrado \u00e9 macio e aplica cor direitinho.\u00a0O modelinho \u00e9 bem vers\u00e1til, porque tamb\u00e9m serve pra iluminador e bronzeador.<\/p>\n<p>Al\u00e9m da cor das cerdas, notei que elas tamb\u00e9m s\u00e3o um pouco mais longas que as do 168 da MAC e do 168 da Sigma.<\/p>\n<p style=\"text-align: center;\"><a href=\"https:\/\/www.2beauty.com.br\/blog\/wp-content\/uploads\/2009\/11\/duda8.jpg\"><strong><img loading=\"lazy\" decoding=\"async\" class=\"alignnone size-full wp-image-8204\" title=\"duda8\" src=\"https:\/\/www.2beauty.com.br\/blog\/wp-content\/uploads\/2009\/11\/duda8.jpg\" alt=\"\" width=\"500\" height=\"375\" \/><\/strong><\/a><\/p>\n<p style=\"text-align: center;\"><strong>MAC 190 x Duda Molinos 104 x Sigma SS190<\/strong><\/p>\n<p style=\"text-align: center;\"><a href=\"https:\/\/www.2beauty.com.br\/blog\/wp-content\/uploads\/2009\/11\/duda9.jpg\"><strong><img loading=\"lazy\" decoding=\"async\" class=\"alignnone size-full wp-image-8205\" title=\"duda9\" src=\"https:\/\/www.2beauty.com.br\/blog\/wp-content\/uploads\/2009\/11\/duda9.jpg\" alt=\"\" width=\"500\" height=\"375\" \/><\/strong><\/a><\/p>\n<p style=\"text-align: center;\"><strong>De ladinho: MAC, Duda e Sigma<\/strong><\/p>\n<p>O pincel de base eu achei super parecido com o da Sigma, s\u00f3 que um tiquiiinho mais largo e pontudo. Tanto o Sigma quanto o modelo do Duda s\u00e3o\u00a0mais gordinhos e fofinhos que o da MAC.<\/p>\n<p>O pincel aplicou base bem, sem deixar marquinhas de cerda no rosto ou coisa do tipo.<\/p>\n<p style=\"text-align: center;\"><a href=\"https:\/\/www.2beauty.com.br\/blog\/wp-content\/uploads\/2009\/11\/duda10.jpg\"><strong><img loading=\"lazy\" decoding=\"async\" class=\"alignnone size-full wp-image-8206\" title=\"duda10\" src=\"https:\/\/www.2beauty.com.br\/blog\/wp-content\/uploads\/2009\/11\/duda10.jpg\" alt=\"\" width=\"500\" height=\"375\" \/><\/strong><\/a><\/p>\n<p style=\"text-align: center;\"><strong>MAC 224 x Duda Molinos 105 x Sigma SS224<\/strong><\/p>\n<p>O pincel que todo mundo quer experimentar, porque FINALMENTE temos uma op\u00e7\u00e3o de pincel nacional similar ao\u00a0 cl\u00e1ssico esfumador 224 da MAC.<\/p>\n<p>Fiz um make de olhos bem rapidinho com ele e com o outro pincel de sombra do kit e achei o esfumado \u00f3timo (fotos no final do post).<\/p>\n<p>Pra melhorar, s\u00f3 se as cerdas fossem mais macias. Vou experimentar passar um condicionador no pr\u00f3ximo banho, porque depois de muito vai e vem pra esfumar a sombra, o pincel pinicou um pouco a minha p\u00e1lpebra.<\/p>\n<p style=\"text-align: center;\"><a href=\"https:\/\/www.2beauty.com.br\/blog\/wp-content\/uploads\/2009\/11\/duda11.jpg\"><strong><img loading=\"lazy\" decoding=\"async\" class=\"alignnone size-full wp-image-8207\" title=\"duda11\" src=\"https:\/\/www.2beauty.com.br\/blog\/wp-content\/uploads\/2009\/11\/duda11.jpg\" alt=\"\" width=\"500\" height=\"375\" \/><\/strong><\/a><\/p>\n<p style=\"text-align: center;\"><strong>MAC 239 x Duda Molinos 106 x Sigma SS239<\/strong><\/p>\n<p>O pincel para aplicar sombra \u00e9 beeeem diferente dos modelinhos da MAC ou da Sigma.<\/p>\n<p>Ele \u00e9 mais largo, mas n\u00e3o \u00e9 t\u00e3o denso quanto os outros. Se voc\u00ea olhar de lado, \u00e9 suuuper fininho.<\/p>\n<p>Acho\u00a0que as cerdas desse pincel s\u00e3o artificiais, mas n\u00e3o tenho certeza absoluuuta. Me pareceram artificiais pelo toque.<\/p>\n<p>Eu gosto mais de pinc\u00e9is densos, mas mesmo ele n\u00e3o sendo assim, serviu seu prop\u00f3sito e aplicou\u00a0sombra direitinho (fotos no final do post).<\/p>\n<p style=\"text-align: center;\"><a href=\"https:\/\/www.2beauty.com.br\/blog\/wp-content\/uploads\/2009\/11\/duda13.jpg\"><strong><img loading=\"lazy\" decoding=\"async\" class=\"alignnone size-full wp-image-8209\" title=\"duda13\" src=\"https:\/\/www.2beauty.com.br\/blog\/wp-content\/uploads\/2009\/11\/duda13.jpg\" alt=\"\" width=\"500\" height=\"375\" \/><\/strong><\/a><\/p>\n<p style=\"text-align: center;\"><strong>MAC 194 x Duda Molinos 110 x Sigma SS194<\/strong><\/p>\n<p>As cerdas\u00a0do pincel de corretivo\u00a0s\u00e3o compridas como\u00a0as da MAC, mas o corte \u00e9 mais larguinho como o do Sigma.<\/p>\n<p>Espalhou corretivo super bem e eu acho que tamb\u00e9m super quebra um galho como pincel de sombra cremosa.<\/p>\n<p style=\"text-align: center;\"><a href=\"https:\/\/www.2beauty.com.br\/blog\/wp-content\/uploads\/2009\/11\/duda12.jpg\"><strong><img loading=\"lazy\" decoding=\"async\" class=\"alignnone size-full wp-image-8208\" title=\"duda12\" src=\"https:\/\/www.2beauty.com.br\/blog\/wp-content\/uploads\/2009\/11\/duda12.jpg\" alt=\"\" width=\"500\" height=\"375\" \/><\/strong><\/a><\/p>\n<p style=\"text-align: center;\"><strong>Duda Molinos 109, 108 e 107<\/strong><\/p>\n<p>O pincel de boca \u00e9 lindo e \u00e9 do tipo que desencaixa da base para ser guardado com seguran\u00e7a dentro da bolsa.<\/p>\n<p>O pincel de sobrancelha tamb\u00e9m \u00e9 bacana, mas\u00a0\u00e9 uma coisa que n\u00e3o tem muito como errar, n\u00e9? Dos mais caros aos de camel\u00f4, \u00e9 tudo muito parecido.<\/p>\n<p>Por fim, o pincel chanfrado para delinear! Ele tem a ponta bem fininha e \u00e9 todo estreitinho. Ainda n\u00e3o experimentei no olho, mas acho que vai ser \u00f3timo pra fazer tracinho bem fininho com Fluidline ou delineador l\u00edquido na\u00a0linha dos c\u00edlios.<\/p>\n<p>&#8211; &#8211; &#8211; &#8211; &#8211;<\/p>\n<p>Bati algumas fotos do olho que eu fiz com os pinc\u00e9is de sombra do Duda.<\/p>\n<p><strong>Confere:<\/strong><\/p>\n<p style=\"text-align: center;\"><a href=\"https:\/\/www.2beauty.com.br\/blog\/wp-content\/uploads\/2009\/11\/duda14.jpg\"><strong><img loading=\"lazy\" decoding=\"async\" class=\"alignnone size-full wp-image-8210\" title=\"duda14\" src=\"https:\/\/www.2beauty.com.br\/blog\/wp-content\/uploads\/2009\/11\/duda14.jpg\" alt=\"\" width=\"300\" height=\"250\" \/><\/strong><\/a><strong>\u00a0<\/strong><a href=\"https:\/\/www.2beauty.com.br\/blog\/wp-content\/uploads\/2009\/11\/duda15.jpg\"><strong><img loading=\"lazy\" decoding=\"async\" class=\"alignnone size-full wp-image-8211\" title=\"duda15\" src=\"https:\/\/www.2beauty.com.br\/blog\/wp-content\/uploads\/2009\/11\/duda15.jpg\" alt=\"\" width=\"300\" height=\"250\" \/><\/strong><\/a><\/p>\n<p style=\"text-align: center;\"><strong>Aplicando sombra com o 106 e esfumando com o 105<\/strong><\/p>\n<p style=\"text-align: center;\"><a href=\"https:\/\/www.2beauty.com.br\/blog\/wp-content\/uploads\/2009\/11\/duda16.jpg\"><strong><img loading=\"lazy\" decoding=\"async\" class=\"alignnone size-full wp-image-8212\" title=\"duda16\" src=\"https:\/\/www.2beauty.com.br\/blog\/wp-content\/uploads\/2009\/11\/duda16.jpg\" alt=\"\" width=\"300\" height=\"250\" \/><\/strong><\/a><strong>\u00a0<\/strong><a href=\"https:\/\/www.2beauty.com.br\/blog\/wp-content\/uploads\/2009\/11\/duda17.jpg\"><strong><img loading=\"lazy\" decoding=\"async\" class=\"alignnone size-full wp-image-8213\" title=\"duda17\" src=\"https:\/\/www.2beauty.com.br\/blog\/wp-content\/uploads\/2009\/11\/duda17.jpg\" alt=\"\" width=\"300\" height=\"250\" \/><\/strong><\/a><\/p>\n<p style=\"text-align: center;\"><strong>Prontinho!<\/strong><\/p>\n","protected":false},"excerpt":{"rendered":"<p>Kit de pinc\u00e9is Duda Molinos Eu quase ca\u00ed de bunda no ch\u00e3o quando abri uma caixa enviada pelo marketing da Vult na \u00faltima ter\u00e7a segunda-feira. Eram os benditos pinc\u00e9is do Duda Molinos! Eles existem!!! S\u00f3 pra constar, ainda rola toda uma dancinha da alegria, mas agora acompanhada de gritinhos com a ajuda da X\u00fa\u00fa\u00fa\u00fa\u00falia. \u00c9 tipoassim: Marina: OOOOOOOOOOOOOHMYGOOOOOOOOD! X\u00falia: OHMYGOOHMYGODOHMYGOD! (pausa para palminhas) Levei os queridos pra casa, dei banho pra tirar aquele cheirinho de tinta\/guardado e esperei secar. Durante o banho, ca\u00edram alguns toquinhos de cerdas dos pinc\u00e9is de p\u00f3 e blush e umas duas ou tr\u00eas cerdas pretas do duo-fiber. A \u00e1gua saiu beeem suja! De pertinho: 110, 109, 108, 107, 106, 105, 104, 103 e 102 De pertinho: 107, 106, 105,\u00a0104, 103, 102 e\u00a0101 O kit do Duda Molinos cont\u00e9m 10 pinc\u00e9is. S\u00e3o eles: 101 &#8211; Pincel de p\u00f3 102 &#8211; Pincel duo-fiber (para p\u00f3\/blush\/iluminador\/base) 103 &#8211; Pincel de blush chanfrado 104 &#8211; Pincel de base 105 &#8211; Pincel para esfumar sombra 106 &#8211; Pincel para aplicar sombra 107 &#8211; Pincel chanfrado para delinear 108 &#8211; Pincel para escovar a sobrancelha e os c\u00edlios 109 &#8211; Pincel de l\u00e1bios 110 &#8211; Pincel de corretivo Al\u00e9m dos pinc\u00e9is, o kit tamb\u00e9m tem um estojo de nylon preto com um bolsinho para guardar algumas makes. Achei tudo super digno e bem acabado! O valor do kit completo \u00e9 R$180 e a gente sabe que a vida n\u00e3o t\u00e1 f\u00e1cil, n\u00e9am?\u00a0D\u00f3i\u00a0no bolso\u00a0s\u00f3 de pensar em pagar este valor de uma\u00a0s\u00f3 vez. A partir do ano que vem, os pinc\u00e9is tamb\u00e9m estar\u00e3o dispon\u00edveis fora do kit. Bem melhor! D\u00e1 pra comprar aos poucos. Eu ainda n\u00e3o sei quanto ser\u00e1 o pre\u00e7o de cada um, mas se voc\u00ea dividir o valor do kit pelo n\u00famero de pinc\u00e9is, d\u00e1 R$18 por unidade. N\u00e3o \u00e9 absurdo, j\u00e1 que o pincel de p\u00f3 da Avon t\u00e1 custando R$20 e alguma coisa\u00a0e um modelo similar do Botic\u00e1rio sai por R$30 e poucos. Vamos \u00e0s compara\u00e7\u00f5es e primeiras impress\u00f5es&#8230; MAC 150 x Duda Molinos 101 x Sigma SS150 O pincel de p\u00f3 do Duda tem o domo um pouco menor e menos arredondado que os modelos da MAC ou Sigma. Muito digno! As cerdas s\u00e3o macias e o pincel\u00a0passa p\u00f3 direitinho no rosto todo. MAC 187 x Duda Molinos 102 x Sigma SS187 Close-up das cerdas: MAC, Duda e Sigma Ainda\u00a0n\u00e3o fiz make com o duo-fiber, mas passei no rosto pra ver que tal. Ele \u00e9 macio e tive a impress\u00e3o que, diferente dos modelinhos 187 Sigma e MAC, este n\u00e3o tem cerdas pretinhas mais curtas ao redor das brancas. Me pareceu\u00a0tudo junto e do mesmo tamanho. S\u00f3 maquiando pra falar mais dele (em breve!). MAC 168 x Duda Molinos 103 x Sigma SS168 O pincel de blush chanfrado \u00e9 macio e aplica cor direitinho.\u00a0O modelinho \u00e9 bem vers\u00e1til, porque tamb\u00e9m serve pra iluminador e bronzeador. Al\u00e9m da cor das cerdas, notei que elas tamb\u00e9m s\u00e3o um pouco mais longas que as do 168 da MAC e do 168 da Sigma. MAC 190 x Duda Molinos 104 x Sigma SS190 De ladinho: MAC, Duda e Sigma O pincel de base eu achei super parecido com o da Sigma, s\u00f3 que um tiquiiinho mais largo e pontudo. Tanto o Sigma quanto o modelo do Duda s\u00e3o\u00a0mais gordinhos e fofinhos que o da MAC. O pincel aplicou base bem, sem deixar marquinhas de cerda no rosto ou coisa do tipo. MAC 224 x Duda Molinos 105 x Sigma SS224 O pincel que todo mundo quer experimentar, porque FINALMENTE temos uma op\u00e7\u00e3o de pincel nacional similar ao\u00a0 cl\u00e1ssico esfumador 224 da MAC. Fiz um make de olhos bem rapidinho com ele e com o outro pincel de sombra do kit e achei o esfumado \u00f3timo (fotos no final do post). Pra melhorar, s\u00f3 se as cerdas fossem mais macias. Vou experimentar passar um condicionador no pr\u00f3ximo banho, porque depois de muito vai e vem pra esfumar a sombra, o pincel pinicou um pouco a minha p\u00e1lpebra. MAC 239 x Duda Molinos 106 x Sigma SS239 O pincel para aplicar sombra \u00e9 beeeem diferente dos modelinhos da MAC ou da Sigma. Ele \u00e9 mais largo, mas n\u00e3o \u00e9 t\u00e3o denso quanto os outros. Se voc\u00ea olhar de lado, \u00e9 suuuper fininho. Acho\u00a0que as cerdas desse pincel s\u00e3o artificiais, mas n\u00e3o tenho certeza absoluuuta. Me pareceram artificiais pelo toque. Eu gosto mais de pinc\u00e9is densos, mas mesmo ele n\u00e3o sendo assim, serviu seu prop\u00f3sito e aplicou\u00a0sombra direitinho (fotos no final do post). MAC 194 x Duda Molinos 110 x Sigma SS194 As cerdas\u00a0do pincel de corretivo\u00a0s\u00e3o compridas como\u00a0as da MAC, mas o corte \u00e9 mais larguinho como o do Sigma. Espalhou corretivo super bem e eu acho que tamb\u00e9m super quebra um galho como pincel de sombra cremosa. Duda Molinos 109, 108 e 107 O pincel de boca \u00e9 lindo e \u00e9 do tipo que desencaixa da base para ser guardado com seguran\u00e7a dentro da bolsa. O pincel de sobrancelha tamb\u00e9m \u00e9 bacana, mas\u00a0\u00e9 uma coisa que n\u00e3o tem muito como errar, n\u00e9? Dos mais caros aos de camel\u00f4, \u00e9 tudo muito parecido. Por fim, o pincel chanfrado para delinear! Ele tem a ponta bem fininha e \u00e9 todo estreitinho. Ainda n\u00e3o experimentei no olho, mas acho que vai ser \u00f3timo pra fazer tracinho bem fininho com Fluidline ou delineador l\u00edquido na\u00a0linha dos c\u00edlios. &#8211; &#8211; &#8211; &#8211; &#8211; Bati algumas fotos do olho que eu fiz com os pinc\u00e9is de sombra do Duda. Confere: \u00a0 Aplicando sombra com o 106 e esfumando com o 105 \u00a0 Prontinho!<\/p>\n","protected":false},"author":1,"featured_media":0,"comment_status":"open","ping_status":"open","sticky":false,"template":"","format":"standard","meta":{"_uag_custom_page_level_css":"","footnotes":""},"categories":[84],"tags":[256,1035,4122,546,247],"class_list":["post-8196","post","type-post","status-publish","format-standard","hentry","category-maquiagem","tag-duda-molinos","tag-kit-de-pinceis","tag-pinceis","tag-pincel","tag-vult"],"uagb_featured_image_src":{"full":false,"thumbnail":false,"medium":false,"medium_large":false,"large":false,"1536x1536":false,"2048x2048":false,"ashe-slider-grid-thumbnail":false,"ashe-full-thumbnail":false,"ashe-grid-thumbnail":false,"ashe-list-thumbnail":false,"ashe-single-navigation":false},"uagb_author_info":{"display_name":"Marina Smith","author_link":"https:\/\/www.2beauty.com.br\/blog\/author\/marinasmith\/"},"uagb_comment_info":97,"uagb_excerpt":"Kit de pinc\u00e9is Duda Molinos Eu quase ca\u00ed de bunda no ch\u00e3o quando abri uma caixa enviada pelo marketing da Vult na \u00faltima ter\u00e7a segunda-feira. Eram os benditos pinc\u00e9is do Duda Molinos! Eles existem!!! S\u00f3 pra constar, ainda rola toda uma dancinha da alegria, mas agora acompanhada de gritinhos com a ajuda da X\u00fa\u00fa\u00fa\u00fa\u00falia. \u00c9&hellip;","acf":[],"_links":{"self":[{"href":"https:\/\/www.2beauty.com.br\/blog\/wp-json\/wp\/v2\/posts\/8196","targetHints":{"allow":["GET"]}}],"collection":[{"href":"https:\/\/www.2beauty.com.br\/blog\/wp-json\/wp\/v2\/posts"}],"about":[{"href":"https:\/\/www.2beauty.com.br\/blog\/wp-json\/wp\/v2\/types\/post"}],"author":[{"embeddable":true,"href":"https:\/\/www.2beauty.com.br\/blog\/wp-json\/wp\/v2\/users\/1"}],"replies":[{"embeddable":true,"href":"https:\/\/www.2beauty.com.br\/blog\/wp-json\/wp\/v2\/comments?post=8196"}],"version-history":[{"count":0,"href":"https:\/\/www.2beauty.com.br\/blog\/wp-json\/wp\/v2\/posts\/8196\/revisions"}],"wp:attachment":[{"href":"https:\/\/www.2beauty.com.br\/blog\/wp-json\/wp\/v2\/media?parent=8196"}],"wp:term":[{"taxonomy":"category","embeddable":true,"href":"https:\/\/www.2beauty.com.br\/blog\/wp-json\/wp\/v2\/categories?post=8196"},{"taxonomy":"post_tag","embeddable":true,"href":"https:\/\/www.2beauty.com.br\/blog\/wp-json\/wp\/v2\/tags?post=8196"}],"curies":[{"name":"wp","href":"https:\/\/api.w.org\/{rel}","templated":true}]}}