{"id":81619,"date":"2017-02-07T04:00:06","date_gmt":"2017-02-07T06:00:06","guid":{"rendered":"https:\/\/www.2beauty.com.br\/blog\/?p=81619"},"modified":"2019-02-15T16:09:56","modified_gmt":"2019-02-15T18:09:56","slug":"fragrancia-em-gel-verbena-loccitane-en-provence","status":"publish","type":"post","link":"https:\/\/www.2beauty.com.br\/blog\/2017\/02\/fragrancia-em-gel-verbena-loccitane-en-provence\/","title":{"rendered":"Perfume: Verveine Touche Parfum de L&#8217;Occitane en Provence"},"content":{"rendered":"<p><a href=\"https:\/\/www.2beauty.com.br\/blog\/wp-content\/uploads\/2017\/02\/loccitane2.jpg\"><img fetchpriority=\"high\" decoding=\"async\" class=\"aligncenter wp-image-81621\" src=\"https:\/\/www.2beauty.com.br\/blog\/wp-content\/uploads\/2017\/02\/loccitane2.jpg\" alt=\"\" width=\"900\" height=\"588\" srcset=\"https:\/\/www.2beauty.com.br\/blog\/wp-content\/uploads\/2017\/02\/loccitane2.jpg 720w, https:\/\/www.2beauty.com.br\/blog\/wp-content\/uploads\/2017\/02\/loccitane2-580x378.jpg 580w, https:\/\/www.2beauty.com.br\/blog\/wp-content\/uploads\/2017\/02\/loccitane2-620x404.jpg 620w\" sizes=\"(max-width: 900px) 100vw, 900px\" \/><\/a><\/p>\n<p><a href=\"https:\/\/www.2beauty.com.br\/blog\/wp-content\/uploads\/2017\/02\/loccitane3.jpg\"><img decoding=\"async\" class=\"aligncenter wp-image-81622\" src=\"https:\/\/www.2beauty.com.br\/blog\/wp-content\/uploads\/2017\/02\/loccitane3.jpg\" alt=\"\" width=\"900\" height=\"588\" srcset=\"https:\/\/www.2beauty.com.br\/blog\/wp-content\/uploads\/2017\/02\/loccitane3.jpg 720w, https:\/\/www.2beauty.com.br\/blog\/wp-content\/uploads\/2017\/02\/loccitane3-580x378.jpg 580w, https:\/\/www.2beauty.com.br\/blog\/wp-content\/uploads\/2017\/02\/loccitane3-620x404.jpg 620w\" sizes=\"(max-width: 900px) 100vw, 900px\" \/><\/a><\/p>\n<p>Sou apaixonada pela <strong>fragr\u00e2ncia Verbena da L&#8217;Occitane<\/strong> n\u00e3o s\u00f3 por ela me lembrar da s\u00e9rie The Vampire Diaries, mas pelo cheiro verde e c\u00edtrico que \u00e9 muy fresco AND maravilhoso.<\/p>\n<p><strong>Verbena \u00e9 um dos meus perfumes preferidos de todos os tempos!<\/strong> Combina com final de semana, com dia bonito e com qualquer ocasi\u00e3o alegre. Uso em mim e no meu apartamento tamb\u00e9m, especialmente quando tenho visita em casa.<\/p>\n<p>Gosto borrifar as almofadas da sala pra deixar tudo mais cheiroso e aconchegante :)<\/p>\n<p>A vers\u00e3o em gel do perfume Verbena faz parte dos lan\u00e7amentos que encerram o anivers\u00e1rio de 40 anos da L&#8217;Occitane. Al\u00e9m dela, a linha Verbena <a href=\"https:\/\/br.loccitane.com\/linha-verbena,43,2,4566,0.htm#xcms_position=carouselItem1#xcms_campaign=loccitane\" target=\"_blank\" rel=\"noopener noreferrer\">recebeu novos produtos e design comemorativo<\/a> de edi\u00e7\u00e3o limitada.<\/p>\n<p><strong><a href=\"https:\/\/www.2beauty.com.br\/blog\/wp-content\/uploads\/2017\/02\/loccitane1.jpg\"><img decoding=\"async\" class=\"aligncenter wp-image-81620\" src=\"https:\/\/www.2beauty.com.br\/blog\/wp-content\/uploads\/2017\/02\/loccitane1.jpg\" alt=\"loccitane1\" width=\"900\" height=\"588\" srcset=\"https:\/\/www.2beauty.com.br\/blog\/wp-content\/uploads\/2017\/02\/loccitane1.jpg 720w, https:\/\/www.2beauty.com.br\/blog\/wp-content\/uploads\/2017\/02\/loccitane1-580x379.jpg 580w, https:\/\/www.2beauty.com.br\/blog\/wp-content\/uploads\/2017\/02\/loccitane1-620x405.jpg 620w\" sizes=\"(max-width: 900px) 100vw, 900px\" \/><\/a><\/strong><\/p>\n<figure id=\"attachment_81623\" aria-describedby=\"caption-attachment-81623\" style=\"width: 900px\" class=\"wp-caption aligncenter\"><a href=\"https:\/\/www.2beauty.com.br\/blog\/wp-content\/uploads\/2017\/02\/loccitane4.jpg\"><img loading=\"lazy\" decoding=\"async\" class=\"wp-image-81623\" src=\"https:\/\/www.2beauty.com.br\/blog\/wp-content\/uploads\/2017\/02\/loccitane4.jpg\" alt=\"loccitane4\" width=\"900\" height=\"588\" srcset=\"https:\/\/www.2beauty.com.br\/blog\/wp-content\/uploads\/2017\/02\/loccitane4.jpg 720w, https:\/\/www.2beauty.com.br\/blog\/wp-content\/uploads\/2017\/02\/loccitane4-580x378.jpg 580w, https:\/\/www.2beauty.com.br\/blog\/wp-content\/uploads\/2017\/02\/loccitane4-620x404.jpg 620w\" sizes=\"(max-width: 900px) 100vw, 900px\" \/><\/a><figcaption id=\"caption-attachment-81623\" class=\"wp-caption-text\">Ingredientes<\/figcaption><\/figure>\n<p>O bacana da fragr\u00e2ncia em gel \u00e9 que al\u00e9m do cheiro gostoso, sua <strong>embalagem de bisnaga e textura de gel<\/strong> fazem dela um item pr\u00e1tico de carregar na bolsa para se perfumar a qualquer hora e em qualquer lugar.<\/p>\n<p>Estou usando loucamente, mas tem um por\u00e9m: o cheiro <strong>n\u00e3o dura muito tempo na pele.<\/strong> Em mim, noto o gel perfumado por duas ou tr\u00eas horas.<\/p>\n<p>O pre\u00e7o tamb\u00e9m n\u00e3o ajuda, j\u00e1 que a bisnaga de 14ml <a href=\"https:\/\/br.loccitane.com\/fragrancia-em-gel-verbena-40anos,43,2,4566,1015352.htm\" target=\"_blank\" rel=\"noopener noreferrer\">custa R$95,00 reais nas lojas da marca<\/a>.<\/p>\n","protected":false},"excerpt":{"rendered":"<p>Sou apaixonada pela fragr\u00e2ncia Verbena da L&#8217;Occitane n\u00e3o s\u00f3 por ela me lembrar da s\u00e9rie The Vampire Diaries, mas pelo cheiro verde e c\u00edtrico que \u00e9 muy fresco AND maravilhoso. Verbena \u00e9 um dos meus perfumes preferidos de todos os tempos! Combina com final de semana, com dia bonito e com qualquer ocasi\u00e3o alegre. Uso em mim e no meu apartamento tamb\u00e9m, especialmente quando tenho visita em casa. Gosto borrifar as almofadas da sala pra deixar tudo mais cheiroso e aconchegante :) A vers\u00e3o em gel do perfume Verbena faz parte dos lan\u00e7amentos que encerram o anivers\u00e1rio de 40 anos da L&#8217;Occitane. Al\u00e9m dela, a linha Verbena recebeu novos produtos e design comemorativo de edi\u00e7\u00e3o limitada. O bacana da fragr\u00e2ncia em gel \u00e9 que al\u00e9m do cheiro gostoso, sua embalagem de bisnaga e textura de gel fazem dela um item pr\u00e1tico de carregar na bolsa para se perfumar a qualquer hora e em qualquer lugar. Estou usando loucamente, mas tem um por\u00e9m: o cheiro n\u00e3o dura muito tempo na pele. Em mim, noto o gel perfumado por duas ou tr\u00eas horas. O pre\u00e7o tamb\u00e9m n\u00e3o ajuda, j\u00e1 que a bisnaga de 14ml custa R$95,00 reais nas lojas da marca.<\/p>\n","protected":false},"author":1,"featured_media":81620,"comment_status":"open","ping_status":"open","sticky":false,"template":"","format":"standard","meta":{"_uag_custom_page_level_css":"","footnotes":""},"categories":[1],"tags":[3584,1636],"class_list":["post-81619","post","type-post","status-publish","format-standard","has-post-thumbnail","hentry","category-geral","tag-loccitane-en-provence","tag-perfumes"],"uagb_featured_image_src":{"full":["https:\/\/www.2beauty.com.br\/blog\/wp-content\/uploads\/2017\/02\/loccitane1.jpg",720,470,false],"thumbnail":["https:\/\/www.2beauty.com.br\/blog\/wp-content\/uploads\/2017\/02\/loccitane1-300x250.jpg",300,250,true],"medium":["https:\/\/www.2beauty.com.br\/blog\/wp-content\/uploads\/2017\/02\/loccitane1-580x379.jpg",580,379,true],"medium_large":["https:\/\/www.2beauty.com.br\/blog\/wp-content\/uploads\/2017\/02\/loccitane1.jpg",720,470,false],"large":["https:\/\/www.2beauty.com.br\/blog\/wp-content\/uploads\/2017\/02\/loccitane1-620x405.jpg",620,405,true],"1536x1536":["https:\/\/www.2beauty.com.br\/blog\/wp-content\/uploads\/2017\/02\/loccitane1.jpg",720,470,false],"2048x2048":["https:\/\/www.2beauty.com.br\/blog\/wp-content\/uploads\/2017\/02\/loccitane1.jpg",720,470,false],"ashe-slider-grid-thumbnail":["https:\/\/www.2beauty.com.br\/blog\/wp-content\/uploads\/2017\/02\/loccitane1.jpg",720,470,false],"ashe-full-thumbnail":["https:\/\/www.2beauty.com.br\/blog\/wp-content\/uploads\/2017\/02\/loccitane1.jpg",720,470,false],"ashe-grid-thumbnail":["https:\/\/www.2beauty.com.br\/blog\/wp-content\/uploads\/2017\/02\/loccitane1.jpg",500,326,false],"ashe-list-thumbnail":["https:\/\/www.2beauty.com.br\/blog\/wp-content\/uploads\/2017\/02\/loccitane1.jpg",300,196,false],"ashe-single-navigation":["https:\/\/www.2beauty.com.br\/blog\/wp-content\/uploads\/2017\/02\/loccitane1.jpg",75,49,false]},"uagb_author_info":{"display_name":"Marina Smith","author_link":"https:\/\/www.2beauty.com.br\/blog\/author\/marinasmith\/"},"uagb_comment_info":11,"uagb_excerpt":"Sou apaixonada pela fragr\u00e2ncia Verbena da L&#8217;Occitane n\u00e3o s\u00f3 por ela me lembrar da s\u00e9rie The Vampire Diaries, mas pelo cheiro verde e c\u00edtrico que \u00e9 muy fresco AND maravilhoso. Verbena \u00e9 um dos meus perfumes preferidos de todos os tempos! Combina com final de semana, com dia bonito e com qualquer ocasi\u00e3o alegre. Uso&hellip;","acf":[],"_links":{"self":[{"href":"https:\/\/www.2beauty.com.br\/blog\/wp-json\/wp\/v2\/posts\/81619","targetHints":{"allow":["GET"]}}],"collection":[{"href":"https:\/\/www.2beauty.com.br\/blog\/wp-json\/wp\/v2\/posts"}],"about":[{"href":"https:\/\/www.2beauty.com.br\/blog\/wp-json\/wp\/v2\/types\/post"}],"author":[{"embeddable":true,"href":"https:\/\/www.2beauty.com.br\/blog\/wp-json\/wp\/v2\/users\/1"}],"replies":[{"embeddable":true,"href":"https:\/\/www.2beauty.com.br\/blog\/wp-json\/wp\/v2\/comments?post=81619"}],"version-history":[{"count":0,"href":"https:\/\/www.2beauty.com.br\/blog\/wp-json\/wp\/v2\/posts\/81619\/revisions"}],"wp:featuredmedia":[{"embeddable":true,"href":"https:\/\/www.2beauty.com.br\/blog\/wp-json\/wp\/v2\/media\/81620"}],"wp:attachment":[{"href":"https:\/\/www.2beauty.com.br\/blog\/wp-json\/wp\/v2\/media?parent=81619"}],"wp:term":[{"taxonomy":"category","embeddable":true,"href":"https:\/\/www.2beauty.com.br\/blog\/wp-json\/wp\/v2\/categories?post=81619"},{"taxonomy":"post_tag","embeddable":true,"href":"https:\/\/www.2beauty.com.br\/blog\/wp-json\/wp\/v2\/tags?post=81619"}],"curies":[{"name":"wp","href":"https:\/\/api.w.org\/{rel}","templated":true}]}}