{"id":81201,"date":"2017-02-09T20:00:22","date_gmt":"2017-02-09T22:00:22","guid":{"rendered":"https:\/\/www.2beauty.com.br\/blog\/?p=81201"},"modified":"2019-02-15T16:09:56","modified_gmt":"2019-02-15T18:09:56","slug":"resenha-artdeco-most-wanted-contouring-palette-cool","status":"publish","type":"post","link":"https:\/\/www.2beauty.com.br\/blog\/2017\/02\/resenha-artdeco-most-wanted-contouring-palette-cool\/","title":{"rendered":"Resenha: ArtDeco Most Wanted Contouring Palette &#8211; Cool"},"content":{"rendered":"<p><a href=\"https:\/\/www.2beauty.com.br\/blog\/wp-content\/uploads\/2017\/01\/wanted5.jpg\"><img fetchpriority=\"high\" decoding=\"async\" class=\"size-full wp-image-81206 aligncenter\" src=\"https:\/\/www.2beauty.com.br\/blog\/wp-content\/uploads\/2017\/01\/wanted5.jpg\" alt=\"wanted5\" width=\"720\" height=\"470\" srcset=\"https:\/\/www.2beauty.com.br\/blog\/wp-content\/uploads\/2017\/01\/wanted5.jpg 720w, https:\/\/www.2beauty.com.br\/blog\/wp-content\/uploads\/2017\/01\/wanted5-580x378.jpg 580w, https:\/\/www.2beauty.com.br\/blog\/wp-content\/uploads\/2017\/01\/wanted5-620x404.jpg 620w\" sizes=\"(max-width: 720px) 100vw, 720px\" \/><\/a><\/p>\n<p><a href=\"https:\/\/www.2beauty.com.br\/blog\/wp-content\/uploads\/2017\/01\/wanted1.jpg\"><img decoding=\"async\" class=\"size-full wp-image-81202 aligncenter\" src=\"https:\/\/www.2beauty.com.br\/blog\/wp-content\/uploads\/2017\/01\/wanted1.jpg\" alt=\"wanted1\" width=\"720\" height=\"470\" srcset=\"https:\/\/www.2beauty.com.br\/blog\/wp-content\/uploads\/2017\/01\/wanted1.jpg 720w, https:\/\/www.2beauty.com.br\/blog\/wp-content\/uploads\/2017\/01\/wanted1-580x379.jpg 580w, https:\/\/www.2beauty.com.br\/blog\/wp-content\/uploads\/2017\/01\/wanted1-620x405.jpg 620w\" sizes=\"(max-width: 720px) 100vw, 720px\" \/><\/a><\/p>\n<p style=\"text-align: center\"><img decoding=\"async\" style=\"width: 30px;height: 30px\" title=\"Star\" src=\"https:\/\/www.2beauty.com.br\/blog\/images\/star.gif\" alt=\"Star\" width=\"30\" height=\"30\" align=\"top\" border=\"0\" \/><img decoding=\"async\" style=\"width: 30px;height: 30px\" title=\"Star\" src=\"https:\/\/www.2beauty.com.br\/blog\/images\/star.gif\" alt=\"Star\" width=\"30\" height=\"30\" align=\"top\" border=\"0\" \/><img decoding=\"async\" style=\"width: 30px;height: 30px\" title=\"Star\" src=\"https:\/\/www.2beauty.com.br\/blog\/images\/star.gif\" alt=\"Star\" width=\"30\" height=\"30\" align=\"top\" border=\"0\" \/><img loading=\"lazy\" decoding=\"async\" style=\"width: 30px;height: 30px\" title=\"Star\" src=\"https:\/\/www.2beauty.com.br\/blog\/images\/star3.gif\" alt=\"Star\" width=\"30\" height=\"30\" align=\"top\" border=\"0\" \/><img loading=\"lazy\" decoding=\"async\" style=\"width: 30px;height: 30px\" title=\"Star\" src=\"https:\/\/www.2beauty.com.br\/blog\/images\/star2.gif\" alt=\"Star\" width=\"30\" height=\"30\" align=\"top\" border=\"0\" \/><\/p>\n<p style=\"text-align: center\"><strong>3,8 estrelinhas<\/strong><\/p>\n<p>Enquanto estava viajando, vi essa palette com blush, bronzeador e iluminador da ArtDeco na Douglas do centrinho de Bonn e acabei n\u00e3o resistindo&#8230;<\/p>\n<p><strong>Vamos \u00e0 descri\u00e7\u00e3o (que eu traduzi do site gringo da marca):<\/strong><\/p>\n<blockquote><p>A Most Wanted Contouring Palette \u00e9 de edi\u00e7\u00e3o limitada e cont\u00e9m 6 p\u00f3s maravilhosamente macios para contorno, strobing e blush.<\/p>\n<p>E o melhor de tudo: A palette conta com p\u00f3 de contorno escuro em tr\u00eas tons harm\u00f4nicos. As possibilidades s\u00e3o infinitas para atingir facilmente as tend\u00eancias de maquiagem do momento e real\u00e7ar seu rosto.<\/p>\n<p>6 cores de edi\u00e7\u00e3o limitada para contorno, strobing e blush:<br \/>\n&#8211; 1 iluminador e 3 tons escuros de contorno em degrad\u00ea harm\u00f4nico.<br \/>\n&#8211; 1 p\u00f3 claro para strobing.<br \/>\n&#8211; 1 blush.<\/p>\n<p>Cont\u00e9m dicas de maquiagem para look natural, dram\u00e1tico ou da moda.<br \/>\nApropriado para pele sens\u00edvel. Livre de perfume.<\/p><\/blockquote>\n<p>Al\u00e9m da vers\u00e3o que testei (Cool &#8211; tons frios), a palette tamb\u00e9m est\u00e1 dispon\u00edvel na vers\u00e3o Warm &#8211; tons quentes.<\/p>\n<p>Elas <a href=\"https:\/\/www.douglas.de\/douglas\/Make-up-Teint-Contouring-Artdeco-Puder-Most-Wanted-Contouring-Palette_productbrand_3001030452.html?sourceRef=9Lwlrxycw&amp;productEntryPoint=\" target=\"_blank\">custam \u20ac24,99 euros<\/a> cada.<\/p>\n<p style=\"text-align: center\"><strong><a href=\"https:\/\/www.2beauty.com.br\/blog\/wp-content\/uploads\/2017\/01\/wanted2.jpg\"><img loading=\"lazy\" decoding=\"async\" class=\"alignnone size-full wp-image-81203\" src=\"https:\/\/www.2beauty.com.br\/blog\/wp-content\/uploads\/2017\/01\/wanted2.jpg\" alt=\"wanted2\" width=\"720\" height=\"243\" srcset=\"https:\/\/www.2beauty.com.br\/blog\/wp-content\/uploads\/2017\/01\/wanted2.jpg 720w, https:\/\/www.2beauty.com.br\/blog\/wp-content\/uploads\/2017\/01\/wanted2-580x195.jpg 580w, https:\/\/www.2beauty.com.br\/blog\/wp-content\/uploads\/2017\/01\/wanted2-620x209.jpg 620w\" sizes=\"(max-width: 720px) 100vw, 720px\" \/><\/a>\u00a0<\/strong><\/p>\n<p style=\"text-align: center\"><strong> <a href=\"https:\/\/www.2beauty.com.br\/blog\/wp-content\/uploads\/2017\/01\/wanted4.jpg\"><img loading=\"lazy\" decoding=\"async\" class=\"alignnone size-full wp-image-81205\" src=\"https:\/\/www.2beauty.com.br\/blog\/wp-content\/uploads\/2017\/01\/wanted4.jpg\" alt=\"wanted4\" width=\"720\" height=\"330\" srcset=\"https:\/\/www.2beauty.com.br\/blog\/wp-content\/uploads\/2017\/01\/wanted4.jpg 720w, https:\/\/www.2beauty.com.br\/blog\/wp-content\/uploads\/2017\/01\/wanted4-580x265.jpg 580w, https:\/\/www.2beauty.com.br\/blog\/wp-content\/uploads\/2017\/01\/wanted4-620x284.jpg 620w\" sizes=\"(max-width: 720px) 100vw, 720px\" \/><\/a>\u00a0 <\/strong><\/p>\n<p style=\"text-align: center\"><strong><a href=\"https:\/\/www.2beauty.com.br\/blog\/wp-content\/uploads\/2017\/01\/wanted6.jpg\"><img decoding=\"async\" class=\"alignnone size-full wp-image-81207\" src=\"https:\/\/www.2beauty.com.br\/blog\/wp-content\/uploads\/2017\/01\/wanted6.jpg\" alt=\"wanted6\" width=\"720\" srcset=\"https:\/\/www.2beauty.com.br\/blog\/wp-content\/uploads\/2017\/01\/wanted6.jpg 711w, https:\/\/www.2beauty.com.br\/blog\/wp-content\/uploads\/2017\/01\/wanted6-580x174.jpg 580w, https:\/\/www.2beauty.com.br\/blog\/wp-content\/uploads\/2017\/01\/wanted6-620x186.jpg 620w\" sizes=\"(max-width: 711px) 100vw, 711px\" \/><\/a><\/strong><\/p>\n<p style=\"text-align: center\"><strong> <a href=\"https:\/\/www.2beauty.com.br\/blog\/wp-content\/uploads\/2017\/01\/wanted7.jpg\"><img decoding=\"async\" class=\"alignnone size-full wp-image-81208\" src=\"https:\/\/www.2beauty.com.br\/blog\/wp-content\/uploads\/2017\/01\/wanted7.jpg\" alt=\"wanted7\" width=\"720\" srcset=\"https:\/\/www.2beauty.com.br\/blog\/wp-content\/uploads\/2017\/01\/wanted7.jpg 711w, https:\/\/www.2beauty.com.br\/blog\/wp-content\/uploads\/2017\/01\/wanted7-580x174.jpg 580w, https:\/\/www.2beauty.com.br\/blog\/wp-content\/uploads\/2017\/01\/wanted7-620x186.jpg 620w\" sizes=\"(max-width: 711px) 100vw, 711px\" \/><\/a><\/strong><\/p>\n<p style=\"text-align: center\"><strong><a href=\"https:\/\/www.2beauty.com.br\/blog\/wp-content\/uploads\/2017\/01\/wanted3.jpg\"><img loading=\"lazy\" decoding=\"async\" class=\"alignnone size-full wp-image-81204\" src=\"https:\/\/www.2beauty.com.br\/blog\/wp-content\/uploads\/2017\/01\/wanted3.jpg\" alt=\"wanted3\" width=\"720\" height=\"192\" srcset=\"https:\/\/www.2beauty.com.br\/blog\/wp-content\/uploads\/2017\/01\/wanted3.jpg 720w, https:\/\/www.2beauty.com.br\/blog\/wp-content\/uploads\/2017\/01\/wanted3-580x154.jpg 580w, https:\/\/www.2beauty.com.br\/blog\/wp-content\/uploads\/2017\/01\/wanted3-620x165.jpg 620w\" sizes=\"(max-width: 720px) 100vw, 720px\" \/><\/a><\/strong><\/p>\n<p style=\"text-align: center\"><strong>Amostrinhas e ingredientes<\/strong><\/p>\n<blockquote><p>A embalagem da palette \u00e9 bonitinha e vem com dicas de aplica\u00e7\u00e3o na parte de tr\u00e1s + um espelho de tamanho bem legal na parte interna da tampa.<\/p><\/blockquote>\n<p>Como ela \u00e9 feita de papel\u00e3o mais duro, recomendo tomar cuidado ao guardar ou carregar por a\u00ed.<\/p>\n<p>Comprei o estojo em tons frios \/ vers\u00e3o Cool, porque acho que bronzeador de fundo frio fica mais natural.<\/p>\n<p><strong>Na ordem das amostrinhas:<\/strong><\/p>\n<ul>\n<li><strong>Highlight<\/strong> &#8211; P\u00f3 matte bem claro de tom amarelado (que parece MUITO com o Amarelinho da linha do blog) para fazer contorno.<\/li>\n<li><strong>Blush<\/strong> &#8211; Blush cor de p\u00eassego com acabamento matte.<\/li>\n<li><strong>Strobing<\/strong> &#8211; Iluminador p\u00e9rola cintilante.<\/li>\n<li><strong>Contour 1<\/strong> &#8211; P\u00f3 bronzeador m\u00e9dio de fundo frio.<\/li>\n<li><strong>Contour 2<\/strong> -P\u00f3 bronzeador claro de fundo neutro.<\/li>\n<li><strong>Contour 3<\/strong> &#8211; P\u00f3 bronzeador escuro de fundo quente \/ meio alaranjado.<\/li>\n<\/ul>\n<p style=\"text-align: center\"><strong><a href=\"https:\/\/www.2beauty.com.br\/blog\/wp-content\/uploads\/2017\/01\/wanted8.jpg\"><img loading=\"lazy\" decoding=\"async\" class=\"alignnone size-full wp-image-81209\" src=\"https:\/\/www.2beauty.com.br\/blog\/wp-content\/uploads\/2017\/01\/wanted8.jpg\" alt=\"wanted8\" width=\"720\" height=\"470\" srcset=\"https:\/\/www.2beauty.com.br\/blog\/wp-content\/uploads\/2017\/01\/wanted8.jpg 720w, https:\/\/www.2beauty.com.br\/blog\/wp-content\/uploads\/2017\/01\/wanted8-580x378.jpg 580w, https:\/\/www.2beauty.com.br\/blog\/wp-content\/uploads\/2017\/01\/wanted8-620x404.jpg 620w\" sizes=\"(max-width: 720px) 100vw, 720px\" \/><\/a><\/strong><\/p>\n<p style=\"text-align: center\"><strong> <a href=\"https:\/\/www.2beauty.com.br\/blog\/wp-content\/uploads\/2017\/01\/wanted9.jpg\"><img loading=\"lazy\" decoding=\"async\" class=\"alignnone size-full wp-image-81210\" src=\"https:\/\/www.2beauty.com.br\/blog\/wp-content\/uploads\/2017\/01\/wanted9.jpg\" alt=\"wanted9\" width=\"720\" height=\"470\" srcset=\"https:\/\/www.2beauty.com.br\/blog\/wp-content\/uploads\/2017\/01\/wanted9.jpg 720w, https:\/\/www.2beauty.com.br\/blog\/wp-content\/uploads\/2017\/01\/wanted9-580x378.jpg 580w, https:\/\/www.2beauty.com.br\/blog\/wp-content\/uploads\/2017\/01\/wanted9-620x404.jpg 620w\" sizes=\"(max-width: 720px) 100vw, 720px\" \/><\/a><\/strong><\/p>\n<p style=\"text-align: center\"><strong>Strobing + Blush + Contour 1 no car\u00e3o<\/strong><\/p>\n<p>A textura geral da palette \u00e9 bem macia, s\u00f3 que os p\u00f3s s\u00e3o muuuito esfarelentos.<\/p>\n<p>N\u00e3o \u00e9 um super problema, mas o foi o que eu menos gostei sobre esse estojo.<\/p>\n<p>Quanto \u00e0 pigmenta\u00e7\u00e3o, a do blush \u00e9 MARA e a dos bronzeadores e do iluminador para contorno \u00e9 boa.<\/p>\n<p>Achei o tom cintilante para strobing ok, mas a intensidade do brilho cai bastante se voc\u00ea resolver esfumar.<\/p>\n<p>Pra ele ficar mais aparente, o melhor \u00e9 depositar bastante produto nas t\u00eamporas e n\u00e3o mexer muito.<\/p>\n<blockquote><p>Tendo em vista o meu tom de pele, uso apenas a cor de contorno m\u00e9dia (Contour 1) e ignoro as outras duas, j\u00e1 que o tom claro n\u00e3o aparece no meu rosto e o tom escuro fica alaranjado demais.<\/p><\/blockquote>\n<p>De resto, adorei a cor do blush e gostei bastante do iluminador para contorno.<\/p>\n<p>\u00c0s vezes uso ele para assentar o corretivo e iluminar a \u00e1rea dos olhos j\u00e1 que seu tom \u00e9 muito pr\u00f3ximo ao do <a href=\"https:\/\/www.2beauty.com.br\/blog\/2016\/02\/05\/video-aplicacao-do-amarelinho-e-como-eu-faco-a-minha-pele-rapidinho-no-dia-a-dia\/\" target=\"_blank\">Amarelinho<\/a>.<\/p>\n<p style=\"text-align: center\"><strong><a href=\"https:\/\/www.2beauty.com.br\/blog\/wp-content\/uploads\/2017\/01\/wanted10.jpg\"><img loading=\"lazy\" decoding=\"async\" class=\"alignnone size-full wp-image-81211\" src=\"https:\/\/www.2beauty.com.br\/blog\/wp-content\/uploads\/2017\/01\/wanted10.jpg\" alt=\"wanted10\" width=\"720\" height=\"470\" srcset=\"https:\/\/www.2beauty.com.br\/blog\/wp-content\/uploads\/2017\/01\/wanted10.jpg 720w, https:\/\/www.2beauty.com.br\/blog\/wp-content\/uploads\/2017\/01\/wanted10-580x378.jpg 580w, https:\/\/www.2beauty.com.br\/blog\/wp-content\/uploads\/2017\/01\/wanted10-620x404.jpg 620w\" sizes=\"(max-width: 720px) 100vw, 720px\" \/><\/a><\/strong><\/p>\n<p style=\"text-align: center\"><strong> <a href=\"https:\/\/www.2beauty.com.br\/blog\/wp-content\/uploads\/2017\/01\/wanted11.jpg\"><img loading=\"lazy\" decoding=\"async\" class=\"alignnone size-full wp-image-81212\" src=\"https:\/\/www.2beauty.com.br\/blog\/wp-content\/uploads\/2017\/01\/wanted11.jpg\" alt=\"wanted11\" width=\"720\" height=\"470\" srcset=\"https:\/\/www.2beauty.com.br\/blog\/wp-content\/uploads\/2017\/01\/wanted11.jpg 720w, https:\/\/www.2beauty.com.br\/blog\/wp-content\/uploads\/2017\/01\/wanted11-580x378.jpg 580w, https:\/\/www.2beauty.com.br\/blog\/wp-content\/uploads\/2017\/01\/wanted11-620x404.jpg 620w\" sizes=\"(max-width: 720px) 100vw, 720px\" \/><\/a><\/strong><\/p>\n<p style=\"text-align: center\"><strong>Maquiagem no in\u00edcio e ao final do dia<\/strong><\/p>\n<p>E a fixa\u00e7\u00e3o?<\/p>\n<p>Achei \u00f3tima! Mesmo no ver\u00e3o, as bochechas e t\u00eamporas acabam o dia de forma digna.<\/p>\n<p><strong>Resumindo:<\/strong><\/p>\n<blockquote><p>\u00c9 esfarelenta e o p\u00f3 com brilho perde a intensidade ao ser esfumado, mas a pigmenta\u00e7\u00e3o das outras cores \u00e9 \u00f3tima e a fixa\u00e7\u00e3o \u00e9 muito boa.<\/p><\/blockquote>\n<p><span class=\"titresenha\">Detalhes da nota:<\/span><\/p>\n<div id=\"resenha\">\n<div class=\"notas\">Textura\/Aplica\u00e7\u00e3o: 3\/5<br \/>\nCobertura\/Pigmenta\u00e7\u00e3o: 4\/5<br \/>\nFixa\u00e7\u00e3o: 5\/5<br \/>\nPre\u00e7o: 3\/5<br \/>\nApresenta\u00e7\u00e3o: 4\/5<br \/>\nRela\u00e7\u00e3o Realidade x Descri\u00e7\u00e3o Oficial: 4\/5<br \/>\n<span class=\"media\">M\u00e9dia: 3,8<br \/>\n<\/span><\/div>\n<p>Para visualizar a lista completa de crit\u00e9rios e notas, <a href=\"https:\/\/www.2beauty.com.br\/blog\/images\/avaliacao.gif\" target=\"_blank\">clique aqui<\/a>.<\/p>\n<\/div>\n","protected":false},"excerpt":{"rendered":"<p>3,8 estrelinhas Enquanto estava viajando, vi essa palette com blush, bronzeador e iluminador da ArtDeco na Douglas do centrinho de Bonn e acabei n\u00e3o resistindo&#8230; Vamos \u00e0 descri\u00e7\u00e3o (que eu traduzi do site gringo da marca): A Most Wanted Contouring Palette \u00e9 de edi\u00e7\u00e3o limitada e cont\u00e9m 6 p\u00f3s maravilhosamente macios para contorno, strobing e blush. E o melhor de tudo: A palette conta com p\u00f3 de contorno escuro em tr\u00eas tons harm\u00f4nicos. As possibilidades s\u00e3o infinitas para atingir facilmente as tend\u00eancias de maquiagem do momento e real\u00e7ar seu rosto. 6 cores de edi\u00e7\u00e3o limitada para contorno, strobing e blush: &#8211; 1 iluminador e 3 tons escuros de contorno em degrad\u00ea harm\u00f4nico. &#8211; 1 p\u00f3 claro para strobing. &#8211; 1 blush. Cont\u00e9m dicas de maquiagem para look natural, dram\u00e1tico ou da moda. Apropriado para pele sens\u00edvel. Livre de perfume. Al\u00e9m da vers\u00e3o que testei (Cool &#8211; tons frios), a palette tamb\u00e9m est\u00e1 dispon\u00edvel na vers\u00e3o Warm &#8211; tons quentes. Elas custam \u20ac24,99 euros cada. \u00a0 \u00a0 Amostrinhas e ingredientes A embalagem da palette \u00e9 bonitinha e vem com dicas de aplica\u00e7\u00e3o na parte de tr\u00e1s + um espelho de tamanho bem legal na parte interna da tampa. Como ela \u00e9 feita de papel\u00e3o mais duro, recomendo tomar cuidado ao guardar ou carregar por a\u00ed. Comprei o estojo em tons frios \/ vers\u00e3o Cool, porque acho que bronzeador de fundo frio fica mais natural. Na ordem das amostrinhas: Highlight &#8211; P\u00f3 matte bem claro de tom amarelado (que parece MUITO com o Amarelinho da linha do blog) para fazer contorno. Blush &#8211; Blush cor de p\u00eassego com acabamento matte. Strobing &#8211; Iluminador p\u00e9rola cintilante. Contour 1 &#8211; P\u00f3 bronzeador m\u00e9dio de fundo frio. Contour 2 -P\u00f3 bronzeador claro de fundo neutro. Contour 3 &#8211; P\u00f3 bronzeador escuro de fundo quente \/ meio alaranjado. Strobing + Blush + Contour 1 no car\u00e3o A textura geral da palette \u00e9 bem macia, s\u00f3 que os p\u00f3s s\u00e3o muuuito esfarelentos. N\u00e3o \u00e9 um super problema, mas o foi o que eu menos gostei sobre esse estojo. Quanto \u00e0 pigmenta\u00e7\u00e3o, a do blush \u00e9 MARA e a dos bronzeadores e do iluminador para contorno \u00e9 boa. Achei o tom cintilante para strobing ok, mas a intensidade do brilho cai bastante se voc\u00ea resolver esfumar. Pra ele ficar mais aparente, o melhor \u00e9 depositar bastante produto nas t\u00eamporas e n\u00e3o mexer muito. Tendo em vista o meu tom de pele, uso apenas a cor de contorno m\u00e9dia (Contour 1) e ignoro as outras duas, j\u00e1 que o tom claro n\u00e3o aparece no meu rosto e o tom escuro fica alaranjado demais. De resto, adorei a cor do blush e gostei bastante do iluminador para contorno. \u00c0s vezes uso ele para assentar o corretivo e iluminar a \u00e1rea dos olhos j\u00e1 que seu tom \u00e9 muito pr\u00f3ximo ao do Amarelinho. Maquiagem no in\u00edcio e ao final do dia E a fixa\u00e7\u00e3o? Achei \u00f3tima! Mesmo no ver\u00e3o, as bochechas e t\u00eamporas acabam o dia de forma digna. Resumindo: \u00c9 esfarelenta e o p\u00f3 com brilho perde a intensidade ao ser esfumado, mas a pigmenta\u00e7\u00e3o das outras cores \u00e9 \u00f3tima e a fixa\u00e7\u00e3o \u00e9 muito boa. Detalhes da nota: Textura\/Aplica\u00e7\u00e3o: 3\/5 Cobertura\/Pigmenta\u00e7\u00e3o: 4\/5 Fixa\u00e7\u00e3o: 5\/5 Pre\u00e7o: 3\/5 Apresenta\u00e7\u00e3o: 4\/5 Rela\u00e7\u00e3o Realidade x Descri\u00e7\u00e3o Oficial: 4\/5 M\u00e9dia: 3,8 Para visualizar a lista completa de crit\u00e9rios e notas, clique aqui.<\/p>\n","protected":false},"author":1,"featured_media":81202,"comment_status":"open","ping_status":"open","sticky":false,"template":"","format":"standard","meta":{"_uag_custom_page_level_css":"","footnotes":""},"categories":[84],"tags":[545,4115,4116,4117,4088,3011,4128],"class_list":["post-81201","post","type-post","status-publish","format-standard","has-post-thumbnail","hentry","category-maquiagem","tag-artdeco","tag-blush","tag-bronzeador","tag-iluminador","tag-maquiagem","tag-palettes-2","tag-resenhas"],"uagb_featured_image_src":{"full":["https:\/\/www.2beauty.com.br\/blog\/wp-content\/uploads\/2017\/01\/wanted1.jpg",720,470,false],"thumbnail":["https:\/\/www.2beauty.com.br\/blog\/wp-content\/uploads\/2017\/01\/wanted1-300x250.jpg",300,250,true],"medium":["https:\/\/www.2beauty.com.br\/blog\/wp-content\/uploads\/2017\/01\/wanted1-580x379.jpg",580,379,true],"medium_large":["https:\/\/www.2beauty.com.br\/blog\/wp-content\/uploads\/2017\/01\/wanted1.jpg",720,470,false],"large":["https:\/\/www.2beauty.com.br\/blog\/wp-content\/uploads\/2017\/01\/wanted1-620x405.jpg",620,405,true],"1536x1536":["https:\/\/www.2beauty.com.br\/blog\/wp-content\/uploads\/2017\/01\/wanted1.jpg",720,470,false],"2048x2048":["https:\/\/www.2beauty.com.br\/blog\/wp-content\/uploads\/2017\/01\/wanted1.jpg",720,470,false],"ashe-slider-grid-thumbnail":["https:\/\/www.2beauty.com.br\/blog\/wp-content\/uploads\/2017\/01\/wanted1.jpg",720,470,false],"ashe-full-thumbnail":["https:\/\/www.2beauty.com.br\/blog\/wp-content\/uploads\/2017\/01\/wanted1.jpg",720,470,false],"ashe-grid-thumbnail":["https:\/\/www.2beauty.com.br\/blog\/wp-content\/uploads\/2017\/01\/wanted1.jpg",500,326,false],"ashe-list-thumbnail":["https:\/\/www.2beauty.com.br\/blog\/wp-content\/uploads\/2017\/01\/wanted1.jpg",300,196,false],"ashe-single-navigation":["https:\/\/www.2beauty.com.br\/blog\/wp-content\/uploads\/2017\/01\/wanted1.jpg",75,49,false]},"uagb_author_info":{"display_name":"Marina Smith","author_link":"https:\/\/www.2beauty.com.br\/blog\/author\/marinasmith\/"},"uagb_comment_info":6,"uagb_excerpt":"3,8 estrelinhas Enquanto estava viajando, vi essa palette com blush, bronzeador e iluminador da ArtDeco na Douglas do centrinho de Bonn e acabei n\u00e3o resistindo&#8230; Vamos \u00e0 descri\u00e7\u00e3o (que eu traduzi do site gringo da marca): A Most Wanted Contouring Palette \u00e9 de edi\u00e7\u00e3o limitada e cont\u00e9m 6 p\u00f3s maravilhosamente macios para contorno, strobing e&hellip;","acf":[],"_links":{"self":[{"href":"https:\/\/www.2beauty.com.br\/blog\/wp-json\/wp\/v2\/posts\/81201","targetHints":{"allow":["GET"]}}],"collection":[{"href":"https:\/\/www.2beauty.com.br\/blog\/wp-json\/wp\/v2\/posts"}],"about":[{"href":"https:\/\/www.2beauty.com.br\/blog\/wp-json\/wp\/v2\/types\/post"}],"author":[{"embeddable":true,"href":"https:\/\/www.2beauty.com.br\/blog\/wp-json\/wp\/v2\/users\/1"}],"replies":[{"embeddable":true,"href":"https:\/\/www.2beauty.com.br\/blog\/wp-json\/wp\/v2\/comments?post=81201"}],"version-history":[{"count":0,"href":"https:\/\/www.2beauty.com.br\/blog\/wp-json\/wp\/v2\/posts\/81201\/revisions"}],"wp:featuredmedia":[{"embeddable":true,"href":"https:\/\/www.2beauty.com.br\/blog\/wp-json\/wp\/v2\/media\/81202"}],"wp:attachment":[{"href":"https:\/\/www.2beauty.com.br\/blog\/wp-json\/wp\/v2\/media?parent=81201"}],"wp:term":[{"taxonomy":"category","embeddable":true,"href":"https:\/\/www.2beauty.com.br\/blog\/wp-json\/wp\/v2\/categories?post=81201"},{"taxonomy":"post_tag","embeddable":true,"href":"https:\/\/www.2beauty.com.br\/blog\/wp-json\/wp\/v2\/tags?post=81201"}],"curies":[{"name":"wp","href":"https:\/\/api.w.org\/{rel}","templated":true}]}}