{"id":81191,"date":"2017-01-25T03:40:41","date_gmt":"2017-01-25T05:40:41","guid":{"rendered":"https:\/\/www.2beauty.com.br\/blog\/?p=81191"},"modified":"2019-02-15T16:09:57","modified_gmt":"2019-02-15T18:09:57","slug":"resenha-mascara-para-sobrancelha-tracta","status":"publish","type":"post","link":"https:\/\/www.2beauty.com.br\/blog\/2017\/01\/resenha-mascara-para-sobrancelha-tracta\/","title":{"rendered":"Resenha: M\u00e1scara para Sobrancelha Tracta"},"content":{"rendered":"<p><a href=\"https:\/\/www.2beauty.com.br\/blog\/wp-content\/uploads\/2017\/01\/tracta12.jpg\"><img fetchpriority=\"high\" decoding=\"async\" class=\"size-full wp-image-81192 aligncenter\" src=\"https:\/\/www.2beauty.com.br\/blog\/wp-content\/uploads\/2017\/01\/tracta12.jpg\" alt=\"tracta1\" width=\"720\" height=\"470\" srcset=\"https:\/\/www.2beauty.com.br\/blog\/wp-content\/uploads\/2017\/01\/tracta12.jpg 720w, https:\/\/www.2beauty.com.br\/blog\/wp-content\/uploads\/2017\/01\/tracta12-580x379.jpg 580w, https:\/\/www.2beauty.com.br\/blog\/wp-content\/uploads\/2017\/01\/tracta12-620x405.jpg 620w\" sizes=\"(max-width: 720px) 100vw, 720px\" \/><\/a><br \/>\n<a href=\"https:\/\/www.2beauty.com.br\/blog\/wp-content\/uploads\/2017\/01\/tracta22.jpg\"><img decoding=\"async\" class=\"size-full wp-image-81193 aligncenter\" src=\"https:\/\/www.2beauty.com.br\/blog\/wp-content\/uploads\/2017\/01\/tracta22.jpg\" alt=\"tracta2\" width=\"720\" height=\"470\" srcset=\"https:\/\/www.2beauty.com.br\/blog\/wp-content\/uploads\/2017\/01\/tracta22.jpg 720w, https:\/\/www.2beauty.com.br\/blog\/wp-content\/uploads\/2017\/01\/tracta22-580x378.jpg 580w, https:\/\/www.2beauty.com.br\/blog\/wp-content\/uploads\/2017\/01\/tracta22-620x404.jpg 620w\" sizes=\"(max-width: 720px) 100vw, 720px\" \/><\/a><\/p>\n<p style=\"text-align: center\"><img decoding=\"async\" style=\"width: 30px;height: 30px\" title=\"Star\" src=\"https:\/\/www.2beauty.com.br\/blog\/images\/star.gif\" alt=\"Star\" width=\"30\" height=\"30\" align=\"top\" border=\"0\" \/><img decoding=\"async\" style=\"width: 30px;height: 30px\" title=\"Star\" src=\"https:\/\/www.2beauty.com.br\/blog\/images\/star.gif\" alt=\"Star\" width=\"30\" height=\"30\" align=\"top\" border=\"0\" \/><img decoding=\"async\" style=\"width: 30px;height: 30px\" title=\"Star\" src=\"https:\/\/www.2beauty.com.br\/blog\/images\/star.gif\" alt=\"Star\" width=\"30\" height=\"30\" align=\"top\" border=\"0\" \/><img loading=\"lazy\" decoding=\"async\" style=\"width: 30px;height: 30px\" title=\"Star\" src=\"https:\/\/www.2beauty.com.br\/blog\/images\/star3.gif\" alt=\"Star\" width=\"30\" height=\"30\" align=\"top\" border=\"0\" \/><img loading=\"lazy\" decoding=\"async\" style=\"width: 30px;height: 30px\" title=\"Star\" src=\"https:\/\/www.2beauty.com.br\/blog\/images\/star2.gif\" alt=\"Star\" width=\"30\" height=\"30\" align=\"top\" border=\"0\" \/><\/p>\n<p style=\"text-align: center\"><strong>3,6 estrelinhas<\/strong><\/p>\n<p>O aplicador n\u00e3o \u00e9 perfeito, mas achei esse gel \u00f3timo para dar uma refor\u00e7ada no desenho da sobrancelha e deixar os pelinhos no lugar o dia todo.<\/p>\n<p><strong>A descri\u00e7\u00e3o diz o seguinte:<\/strong><\/p>\n<blockquote><p>Oferece efeito natural, preenche, define e \u00e9 de longa dura\u00e7\u00e3o. Tudo isso sem deixar res\u00edduos. O maravilhoso aplicador associado \u00e0 textura em gel alcan\u00e7a todos os fios da sobrancelha de maneira uniforme e de uma s\u00f3 vez com efeito imediato e natural.<\/p><\/blockquote>\n<p>A m\u00e1scara est\u00e1 dispon\u00edvel nos tons Bege e Cinza e um tubinho de 5g <a href=\"https:\/\/www.lojasrenner.com.br\/p\/mascara-de-sobrancelha-tracta-542100794-542100831\" target=\"_blank\">custa R$25,00 reais em lojas e perfumarias<\/a>.<\/p>\n<p style=\"text-align: center\"><strong><a href=\"https:\/\/www.2beauty.com.br\/blog\/wp-content\/uploads\/2017\/01\/tracta32.jpg\"><img loading=\"lazy\" decoding=\"async\" class=\"alignnone size-full wp-image-81194\" src=\"https:\/\/www.2beauty.com.br\/blog\/wp-content\/uploads\/2017\/01\/tracta32.jpg\" alt=\"tracta3\" width=\"720\" height=\"470\" srcset=\"https:\/\/www.2beauty.com.br\/blog\/wp-content\/uploads\/2017\/01\/tracta32.jpg 720w, https:\/\/www.2beauty.com.br\/blog\/wp-content\/uploads\/2017\/01\/tracta32-580x378.jpg 580w, https:\/\/www.2beauty.com.br\/blog\/wp-content\/uploads\/2017\/01\/tracta32-620x404.jpg 620w\" sizes=\"(max-width: 720px) 100vw, 720px\" \/><\/a><\/strong><\/p>\n<p style=\"text-align: center\"><strong>Amostrinhas (Bege e Cinza)<\/strong><\/p>\n<p>Uso a cor Cinza que \u00e9 indicada para pessoas de cabelo mais escuro.<\/p>\n<p>Achei o tom marrom acinzentado \u00f3timo para refor\u00e7ar as sobrancelhas sem deixar o preenchimento muito \u00f3bvio.<\/p>\n<p>Fora isso, a textura \u00e9 bacana e depois que o gel seca, os pelinhos n\u00e3o ficam duros ou ressecados.<\/p>\n<blockquote><p>A embalagem da m\u00e1scara n\u00e3o \u00e9 grande, mas comparada com outra m\u00e1scara de sobrancelhas pequena, <a href=\"https:\/\/www.2beauty.com.br\/blog\/2016\/09\/15\/resenha-mascara-pera-sobrancelha-de-quem-disse-berenice-cor-escurita\/\" target=\"_blank\">a da Quem Disse, Berenice?<\/a>, o custo x benef\u00edcio \u00e9 mais interessante.<\/p><\/blockquote>\n<p style=\"text-align: left\">Ela tem 5g e custa R$25,00 reais, enquanto o produto da QDB? (que \u00e9 muito bom tamb\u00e9m, diga-se de passagem) tem 3,5g e custa quase R$40,00 reais.<\/p>\n<p style=\"text-align: center\"><strong><a href=\"https:\/\/www.2beauty.com.br\/blog\/wp-content\/uploads\/2017\/01\/tracta51.jpg\"><img loading=\"lazy\" decoding=\"async\" class=\"alignnone size-full wp-image-81196\" src=\"https:\/\/www.2beauty.com.br\/blog\/wp-content\/uploads\/2017\/01\/tracta51.jpg\" alt=\"tracta5\" width=\"720\" height=\"470\" srcset=\"https:\/\/www.2beauty.com.br\/blog\/wp-content\/uploads\/2017\/01\/tracta51.jpg 720w, https:\/\/www.2beauty.com.br\/blog\/wp-content\/uploads\/2017\/01\/tracta51-580x378.jpg 580w, https:\/\/www.2beauty.com.br\/blog\/wp-content\/uploads\/2017\/01\/tracta51-620x404.jpg 620w\" sizes=\"(max-width: 720px) 100vw, 720px\" \/><\/a><\/strong><\/p>\n<p style=\"text-align: center\"><strong>Aplica\u00e7\u00e3o tom Cinza<\/strong><\/p>\n<blockquote><p>O aplicador parece um ouri\u00e7o e, mesmo sendo mais largo do que a minha sobrancelha, consigo preencher sem borrar fora do desenho gra\u00e7as ao seu formato arredondado.<\/p><\/blockquote>\n<p>O que n\u00e3o \u00e9 t\u00e3o bom assim no design dessa escovinha \u00e9 que ela deposita cor, por\u00e9m n\u00e3o escova com tanta efici\u00eancia quanto uma escova com formato de r\u00edmel, sabe?<\/p>\n<p>O gel tem boa cobertura e para n\u00e3o ficar com aspecto empapado, acabo usando um pincel de sobrancelha ou escova de r\u00edmel limpa para escovar e espalhar melhor o produto.<\/p>\n<p style=\"text-align: center\"><strong><a href=\"https:\/\/www.2beauty.com.br\/blog\/wp-content\/uploads\/2017\/01\/tracta41.jpg\"><img loading=\"lazy\" decoding=\"async\" class=\"alignnone size-full wp-image-81195\" src=\"https:\/\/www.2beauty.com.br\/blog\/wp-content\/uploads\/2017\/01\/tracta41.jpg\" alt=\"tracta4\" width=\"720\" height=\"470\" srcset=\"https:\/\/www.2beauty.com.br\/blog\/wp-content\/uploads\/2017\/01\/tracta41.jpg 720w, https:\/\/www.2beauty.com.br\/blog\/wp-content\/uploads\/2017\/01\/tracta41-580x378.jpg 580w, https:\/\/www.2beauty.com.br\/blog\/wp-content\/uploads\/2017\/01\/tracta41-620x404.jpg 620w\" sizes=\"(max-width: 720px) 100vw, 720px\" \/><\/a><\/strong><\/p>\n<p style=\"text-align: center\"><strong><a href=\"https:\/\/www.2beauty.com.br\/blog\/wp-content\/uploads\/2017\/01\/tracta8.jpg\"><img loading=\"lazy\" decoding=\"async\" class=\"alignnone size-full wp-image-81198\" src=\"https:\/\/www.2beauty.com.br\/blog\/wp-content\/uploads\/2017\/01\/tracta8.jpg\" alt=\"tracta8\" width=\"720\" height=\"470\" srcset=\"https:\/\/www.2beauty.com.br\/blog\/wp-content\/uploads\/2017\/01\/tracta8.jpg 720w, https:\/\/www.2beauty.com.br\/blog\/wp-content\/uploads\/2017\/01\/tracta8-580x378.jpg 580w, https:\/\/www.2beauty.com.br\/blog\/wp-content\/uploads\/2017\/01\/tracta8-620x404.jpg 620w\" sizes=\"(max-width: 720px) 100vw, 720px\" \/><\/a><\/strong><\/p>\n<p style=\"text-align: center\"><strong><a href=\"https:\/\/www.2beauty.com.br\/blog\/wp-content\/uploads\/2017\/01\/tracta71.jpg\"><img loading=\"lazy\" decoding=\"async\" class=\"alignnone size-full wp-image-81197\" src=\"https:\/\/www.2beauty.com.br\/blog\/wp-content\/uploads\/2017\/01\/tracta71.jpg\" alt=\"tracta7\" width=\"720\" height=\"470\" srcset=\"https:\/\/www.2beauty.com.br\/blog\/wp-content\/uploads\/2017\/01\/tracta71.jpg 720w, https:\/\/www.2beauty.com.br\/blog\/wp-content\/uploads\/2017\/01\/tracta71-580x378.jpg 580w, https:\/\/www.2beauty.com.br\/blog\/wp-content\/uploads\/2017\/01\/tracta71-620x404.jpg 620w\" sizes=\"(max-width: 720px) 100vw, 720px\" \/><\/a><\/strong><\/p>\n<p style=\"text-align: center\"><strong>Antes e depois + car\u00e3o<\/strong><\/p>\n<p>N\u00e3o encontrei informa\u00e7\u00e3o se a f\u00f3rmula \u00e9 \u00e0 prova d&#8217;\u00e1gua, mas acho que \u00e9 pelo menos resistente.<\/p>\n<p>Fiz um teste r\u00e1pido e esfreguei o dedo indicador molhado com \u00e1gua sobre as sobrancelhas e ele saiu limpinho!<\/p>\n<p><strong>Resumindo:<\/strong><\/p>\n<blockquote><p>Pra quem n\u00e3o tem muitas falhas, a m\u00e1scara d\u00e1 conta de preencher e definir sobrancelhas sozinha. O aplicador poderia ser melhor, mas o produto cobre mais do que eu esperava e \u00e9 muito resistente.<\/p><\/blockquote>\n<p><span class=\"titresenha\">Detalhes da nota:<\/span><\/p>\n<div id=\"resenha\">\n<div class=\"notas\">Textura\/Aplica\u00e7\u00e3o: 4\/5<br \/>\nCobertura\/Pigmenta\u00e7\u00e3o: 3\/5<br \/>\nFixa\u00e7\u00e3o: 5\/5<br \/>\nPre\u00e7o: 4\/5<br \/>\nApresenta\u00e7\u00e3o: 2\/5<br \/>\nRela\u00e7\u00e3o Realidade x Descri\u00e7\u00e3o Oficial: 4\/5<br \/>\n<span class=\"media\">M\u00e9dia: 3,6<\/span><\/div>\n<p>Para visualizar a lista completa de crit\u00e9rios e notas, <a href=\"https:\/\/www.2beauty.com.br\/blog\/images\/avaliacao.gif\" target=\"_blank\">clique aqui<\/a>.<\/p>\n<\/div>\n","protected":false},"excerpt":{"rendered":"<p>3,6 estrelinhas O aplicador n\u00e3o \u00e9 perfeito, mas achei esse gel \u00f3timo para dar uma refor\u00e7ada no desenho da sobrancelha e deixar os pelinhos no lugar o dia todo. A descri\u00e7\u00e3o diz o seguinte: Oferece efeito natural, preenche, define e \u00e9 de longa dura\u00e7\u00e3o. Tudo isso sem deixar res\u00edduos. O maravilhoso aplicador associado \u00e0 textura em gel alcan\u00e7a todos os fios da sobrancelha de maneira uniforme e de uma s\u00f3 vez com efeito imediato e natural. A m\u00e1scara est\u00e1 dispon\u00edvel nos tons Bege e Cinza e um tubinho de 5g custa R$25,00 reais em lojas e perfumarias. Amostrinhas (Bege e Cinza) Uso a cor Cinza que \u00e9 indicada para pessoas de cabelo mais escuro. Achei o tom marrom acinzentado \u00f3timo para refor\u00e7ar as sobrancelhas sem deixar o preenchimento muito \u00f3bvio. Fora isso, a textura \u00e9 bacana e depois que o gel seca, os pelinhos n\u00e3o ficam duros ou ressecados. A embalagem da m\u00e1scara n\u00e3o \u00e9 grande, mas comparada com outra m\u00e1scara de sobrancelhas pequena, a da Quem Disse, Berenice?, o custo x benef\u00edcio \u00e9 mais interessante. Ela tem 5g e custa R$25,00 reais, enquanto o produto da QDB? (que \u00e9 muito bom tamb\u00e9m, diga-se de passagem) tem 3,5g e custa quase R$40,00 reais. Aplica\u00e7\u00e3o tom Cinza O aplicador parece um ouri\u00e7o e, mesmo sendo mais largo do que a minha sobrancelha, consigo preencher sem borrar fora do desenho gra\u00e7as ao seu formato arredondado. O que n\u00e3o \u00e9 t\u00e3o bom assim no design dessa escovinha \u00e9 que ela deposita cor, por\u00e9m n\u00e3o escova com tanta efici\u00eancia quanto uma escova com formato de r\u00edmel, sabe? O gel tem boa cobertura e para n\u00e3o ficar com aspecto empapado, acabo usando um pincel de sobrancelha ou escova de r\u00edmel limpa para escovar e espalhar melhor o produto. Antes e depois + car\u00e3o N\u00e3o encontrei informa\u00e7\u00e3o se a f\u00f3rmula \u00e9 \u00e0 prova d&#8217;\u00e1gua, mas acho que \u00e9 pelo menos resistente. Fiz um teste r\u00e1pido e esfreguei o dedo indicador molhado com \u00e1gua sobre as sobrancelhas e ele saiu limpinho! Resumindo: Pra quem n\u00e3o tem muitas falhas, a m\u00e1scara d\u00e1 conta de preencher e definir sobrancelhas sozinha. O aplicador poderia ser melhor, mas o produto cobre mais do que eu esperava e \u00e9 muito resistente. Detalhes da nota: Textura\/Aplica\u00e7\u00e3o: 4\/5 Cobertura\/Pigmenta\u00e7\u00e3o: 3\/5 Fixa\u00e7\u00e3o: 5\/5 Pre\u00e7o: 4\/5 Apresenta\u00e7\u00e3o: 2\/5 Rela\u00e7\u00e3o Realidade x Descri\u00e7\u00e3o Oficial: 4\/5 M\u00e9dia: 3,6 Para visualizar a lista completa de crit\u00e9rios e notas, clique aqui.<\/p>\n","protected":false},"author":1,"featured_media":81192,"comment_status":"open","ping_status":"open","sticky":false,"template":"","format":"standard","meta":{"_uag_custom_page_level_css":"","footnotes":""},"categories":[84],"tags":[4088,4025,4128,1794],"class_list":["post-81191","post","type-post","status-publish","format-standard","has-post-thumbnail","hentry","category-maquiagem","tag-maquiagem","tag-mascara-para-sobrancelhas","tag-resenhas","tag-tracta"],"uagb_featured_image_src":{"full":["https:\/\/www.2beauty.com.br\/blog\/wp-content\/uploads\/2017\/01\/tracta12.jpg",720,470,false],"thumbnail":["https:\/\/www.2beauty.com.br\/blog\/wp-content\/uploads\/2017\/01\/tracta12-300x250.jpg",300,250,true],"medium":["https:\/\/www.2beauty.com.br\/blog\/wp-content\/uploads\/2017\/01\/tracta12-580x379.jpg",580,379,true],"medium_large":["https:\/\/www.2beauty.com.br\/blog\/wp-content\/uploads\/2017\/01\/tracta12.jpg",720,470,false],"large":["https:\/\/www.2beauty.com.br\/blog\/wp-content\/uploads\/2017\/01\/tracta12-620x405.jpg",620,405,true],"1536x1536":["https:\/\/www.2beauty.com.br\/blog\/wp-content\/uploads\/2017\/01\/tracta12.jpg",720,470,false],"2048x2048":["https:\/\/www.2beauty.com.br\/blog\/wp-content\/uploads\/2017\/01\/tracta12.jpg",720,470,false],"ashe-slider-grid-thumbnail":["https:\/\/www.2beauty.com.br\/blog\/wp-content\/uploads\/2017\/01\/tracta12.jpg",720,470,false],"ashe-full-thumbnail":["https:\/\/www.2beauty.com.br\/blog\/wp-content\/uploads\/2017\/01\/tracta12.jpg",720,470,false],"ashe-grid-thumbnail":["https:\/\/www.2beauty.com.br\/blog\/wp-content\/uploads\/2017\/01\/tracta12.jpg",500,326,false],"ashe-list-thumbnail":["https:\/\/www.2beauty.com.br\/blog\/wp-content\/uploads\/2017\/01\/tracta12.jpg",300,196,false],"ashe-single-navigation":["https:\/\/www.2beauty.com.br\/blog\/wp-content\/uploads\/2017\/01\/tracta12.jpg",75,49,false]},"uagb_author_info":{"display_name":"Marina Smith","author_link":"https:\/\/www.2beauty.com.br\/blog\/author\/marinasmith\/"},"uagb_comment_info":11,"uagb_excerpt":"3,6 estrelinhas O aplicador n\u00e3o \u00e9 perfeito, mas achei esse gel \u00f3timo para dar uma refor\u00e7ada no desenho da sobrancelha e deixar os pelinhos no lugar o dia todo. A descri\u00e7\u00e3o diz o seguinte: Oferece efeito natural, preenche, define e \u00e9 de longa dura\u00e7\u00e3o. Tudo isso sem deixar res\u00edduos. O maravilhoso aplicador associado \u00e0 textura&hellip;","acf":[],"_links":{"self":[{"href":"https:\/\/www.2beauty.com.br\/blog\/wp-json\/wp\/v2\/posts\/81191","targetHints":{"allow":["GET"]}}],"collection":[{"href":"https:\/\/www.2beauty.com.br\/blog\/wp-json\/wp\/v2\/posts"}],"about":[{"href":"https:\/\/www.2beauty.com.br\/blog\/wp-json\/wp\/v2\/types\/post"}],"author":[{"embeddable":true,"href":"https:\/\/www.2beauty.com.br\/blog\/wp-json\/wp\/v2\/users\/1"}],"replies":[{"embeddable":true,"href":"https:\/\/www.2beauty.com.br\/blog\/wp-json\/wp\/v2\/comments?post=81191"}],"version-history":[{"count":0,"href":"https:\/\/www.2beauty.com.br\/blog\/wp-json\/wp\/v2\/posts\/81191\/revisions"}],"wp:featuredmedia":[{"embeddable":true,"href":"https:\/\/www.2beauty.com.br\/blog\/wp-json\/wp\/v2\/media\/81192"}],"wp:attachment":[{"href":"https:\/\/www.2beauty.com.br\/blog\/wp-json\/wp\/v2\/media?parent=81191"}],"wp:term":[{"taxonomy":"category","embeddable":true,"href":"https:\/\/www.2beauty.com.br\/blog\/wp-json\/wp\/v2\/categories?post=81191"},{"taxonomy":"post_tag","embeddable":true,"href":"https:\/\/www.2beauty.com.br\/blog\/wp-json\/wp\/v2\/tags?post=81191"}],"curies":[{"name":"wp","href":"https:\/\/api.w.org\/{rel}","templated":true}]}}