{"id":80774,"date":"2017-01-16T11:40:38","date_gmt":"2017-01-16T13:40:38","guid":{"rendered":"https:\/\/www.2beauty.com.br\/blog\/?p=80774"},"modified":"2019-02-15T16:09:58","modified_gmt":"2019-02-15T18:09:58","slug":"resenha-delineador-liquido-para-olhos-super-black-da-tracta","status":"publish","type":"post","link":"https:\/\/www.2beauty.com.br\/blog\/2017\/01\/resenha-delineador-liquido-para-olhos-super-black-da-tracta\/","title":{"rendered":"Resenha: Delineador L\u00edquido para Olhos Super Black da Tracta"},"content":{"rendered":"<p><a href=\"https:\/\/www.2beauty.com.br\/blog\/wp-content\/uploads\/2017\/01\/tracta11.jpg\"><img fetchpriority=\"high\" decoding=\"async\" class=\"size-full wp-image-80775 aligncenter\" src=\"https:\/\/www.2beauty.com.br\/blog\/wp-content\/uploads\/2017\/01\/tracta11.jpg\" alt=\"tracta1\" width=\"720\" height=\"470\" srcset=\"https:\/\/www.2beauty.com.br\/blog\/wp-content\/uploads\/2017\/01\/tracta11.jpg 720w, https:\/\/www.2beauty.com.br\/blog\/wp-content\/uploads\/2017\/01\/tracta11-580x379.jpg 580w, https:\/\/www.2beauty.com.br\/blog\/wp-content\/uploads\/2017\/01\/tracta11-620x405.jpg 620w\" sizes=\"(max-width: 720px) 100vw, 720px\" \/><\/a><\/p>\n<p style=\"text-align: center\"><img decoding=\"async\" style=\"width: 30px;height: 30px\" title=\"Star\" src=\"https:\/\/www.2beauty.com.br\/blog\/images\/star.gif\" alt=\"Star\" width=\"30\" height=\"30\" align=\"top\" border=\"0\" \/><img decoding=\"async\" style=\"width: 30px;height: 30px\" title=\"Star\" src=\"https:\/\/www.2beauty.com.br\/blog\/images\/star.gif\" alt=\"Star\" width=\"30\" height=\"30\" align=\"top\" border=\"0\" \/><img decoding=\"async\" style=\"width: 30px;height: 30px\" title=\"Star\" src=\"https:\/\/www.2beauty.com.br\/blog\/images\/star.gif\" alt=\"Star\" width=\"30\" height=\"30\" align=\"top\" border=\"0\" \/><img decoding=\"async\" style=\"width: 30px;height: 30px\" title=\"Star\" src=\"https:\/\/www.2beauty.com.br\/blog\/images\/star2.gif\" alt=\"Star\" width=\"30\" height=\"30\" align=\"top\" border=\"0\" \/><img decoding=\"async\" style=\"width: 30px;height: 30px\" title=\"Star\" src=\"https:\/\/www.2beauty.com.br\/blog\/images\/star2.gif\" alt=\"Star\" width=\"30\" height=\"30\" align=\"top\" border=\"0\" \/><\/p>\n<p style=\"text-align: center\"><strong>3,1 estrelinhas<\/strong><\/p>\n<p>Spoiler alert:<\/p>\n<p>\u00c9 black, mas n\u00e3o \u00e9 super&#8230;<\/p>\n<p><strong>A descri\u00e7\u00e3o diz o seguinte:<\/strong><\/p>\n<blockquote><p>Delineador l\u00edquido \u00e0 prova d&#8217;\u00e1gua. Alta cobertura, cor intensa, secagem r\u00e1pida e tra\u00e7o preciso.<\/p><\/blockquote>\n<p>O delineador <a href=\"https:\/\/www.supergloss.com.br\/delineador-liquido-para-olhos-super-black-tracta-p126\/\" target=\"_blank\">custa de R$22,oo a R$27,00 reais em lojas e sites como Super Gloss<\/a> e <a href=\"https:\/\/www.shopbela.com.br\/delineador-liquido-super-black-tracta-p998\/\" target=\"_blank\">Shop Bela<\/a>.<\/p>\n<p style=\"text-align: center\"><strong><a href=\"https:\/\/www.2beauty.com.br\/blog\/wp-content\/uploads\/2017\/01\/tracta21.jpg\"><img loading=\"lazy\" decoding=\"async\" class=\"size-full wp-image-80776 alignnone\" src=\"https:\/\/www.2beauty.com.br\/blog\/wp-content\/uploads\/2017\/01\/tracta21.jpg\" alt=\"tracta2\" width=\"720\" height=\"470\" srcset=\"https:\/\/www.2beauty.com.br\/blog\/wp-content\/uploads\/2017\/01\/tracta21.jpg 720w, https:\/\/www.2beauty.com.br\/blog\/wp-content\/uploads\/2017\/01\/tracta21-580x378.jpg 580w, https:\/\/www.2beauty.com.br\/blog\/wp-content\/uploads\/2017\/01\/tracta21-620x404.jpg 620w\" sizes=\"(max-width: 720px) 100vw, 720px\" \/><\/a><\/strong><\/p>\n<p style=\"text-align: center\"><strong><a href=\"https:\/\/www.2beauty.com.br\/blog\/wp-content\/uploads\/2017\/01\/tracta31.jpg\"><img loading=\"lazy\" decoding=\"async\" class=\"alignnone size-full wp-image-80777\" src=\"https:\/\/www.2beauty.com.br\/blog\/wp-content\/uploads\/2017\/01\/tracta31.jpg\" alt=\"tracta3\" width=\"720\" height=\"470\" srcset=\"https:\/\/www.2beauty.com.br\/blog\/wp-content\/uploads\/2017\/01\/tracta31.jpg 720w, https:\/\/www.2beauty.com.br\/blog\/wp-content\/uploads\/2017\/01\/tracta31-580x378.jpg 580w, https:\/\/www.2beauty.com.br\/blog\/wp-content\/uploads\/2017\/01\/tracta31-620x404.jpg 620w\" sizes=\"(max-width: 720px) 100vw, 720px\" \/><\/a><\/strong><\/p>\n<p style=\"text-align: center\"><a href=\"https:\/\/www.2beauty.com.br\/blog\/wp-content\/uploads\/2017\/01\/tracta6.jpg\"><img loading=\"lazy\" decoding=\"async\" class=\"alignnone size-full wp-image-80780\" src=\"https:\/\/www.2beauty.com.br\/blog\/wp-content\/uploads\/2017\/01\/tracta6.jpg\" alt=\"tracta6\" width=\"720\" height=\"75\" srcset=\"https:\/\/www.2beauty.com.br\/blog\/wp-content\/uploads\/2017\/01\/tracta6.jpg 720w, https:\/\/www.2beauty.com.br\/blog\/wp-content\/uploads\/2017\/01\/tracta6-580x60.jpg 580w, https:\/\/www.2beauty.com.br\/blog\/wp-content\/uploads\/2017\/01\/tracta6-620x64.jpg 620w\" sizes=\"(max-width: 720px) 100vw, 720px\" \/><\/a><\/p>\n<p style=\"text-align: center\"><strong>Aplicador, amostrinha e ingredientes<\/strong><\/p>\n<p>Ele vem com aplicador de ponta fininha, aquele modelinho cl\u00e1ssico de delineador l\u00edquido.<\/p>\n<p>Sua textura \u00e9 bem l\u00edquida e fina e \u00e9 a\u00ed que rola o &#8220;pobrema&#8221; na hora da aplica\u00e7\u00e3o&#8230;<\/p>\n<blockquote><p>Porque se voc\u00ea pressionar um pouco mais o aplicador sobre a p\u00e1lpebra, o preto n\u00e3o pega\/n\u00e3o fica bem preto e quando voc\u00ea vai passar uma segunda dem\u00e3o, a pontinha do aplicador tira aquela primeira camada do lugar.<\/p><\/blockquote>\n<p>Depois de algumas tentativas, descobri que pra ele ficar bem homog\u00eaneo, eu tenho que encostar o pincel de leve e aos poucos, sem puxar, sabe?<\/p>\n<p style=\"text-align: center\"><strong> <a href=\"https:\/\/www.2beauty.com.br\/blog\/wp-content\/uploads\/2017\/01\/tracta4.jpg\"><img loading=\"lazy\" decoding=\"async\" class=\"alignnone size-full wp-image-80778\" src=\"https:\/\/www.2beauty.com.br\/blog\/wp-content\/uploads\/2017\/01\/tracta4.jpg\" alt=\"tracta4\" width=\"720\" height=\"470\" srcset=\"https:\/\/www.2beauty.com.br\/blog\/wp-content\/uploads\/2017\/01\/tracta4.jpg 720w, https:\/\/www.2beauty.com.br\/blog\/wp-content\/uploads\/2017\/01\/tracta4-580x378.jpg 580w, https:\/\/www.2beauty.com.br\/blog\/wp-content\/uploads\/2017\/01\/tracta4-620x404.jpg 620w\" sizes=\"(max-width: 720px) 100vw, 720px\" \/><\/a><\/strong><\/p>\n<p style=\"text-align: center\"><strong> <a href=\"https:\/\/www.2beauty.com.br\/blog\/wp-content\/uploads\/2017\/01\/tracta5.jpg\"><img loading=\"lazy\" decoding=\"async\" class=\"alignnone size-full wp-image-80779\" src=\"https:\/\/www.2beauty.com.br\/blog\/wp-content\/uploads\/2017\/01\/tracta5.jpg\" alt=\"tracta5\" width=\"720\" height=\"470\" srcset=\"https:\/\/www.2beauty.com.br\/blog\/wp-content\/uploads\/2017\/01\/tracta5.jpg 720w, https:\/\/www.2beauty.com.br\/blog\/wp-content\/uploads\/2017\/01\/tracta5-580x378.jpg 580w, https:\/\/www.2beauty.com.br\/blog\/wp-content\/uploads\/2017\/01\/tracta5-620x404.jpg 620w\" sizes=\"(max-width: 720px) 100vw, 720px\" \/><\/a>\u00a0<\/strong><\/p>\n<p style=\"text-align: center\"><strong>Delineador no car\u00e3o<br \/>\n<\/strong><\/p>\n<blockquote><p>O tom de preto em si n\u00e3o \u00e9 o preto mais preto que eu j\u00e1 vi na vida, mas \u00e9 ok e o tempo de secagem \u00e9 normal.<\/p><\/blockquote>\n<p>N\u00e3o morri de amores, mas tenho que dizer que a fixa\u00e7\u00e3o \u00e9 muito boa.<\/p>\n<p>Depois de um dia inteiro, ele n\u00e3o carimbou minha p\u00e1lpebra e n\u00e3o borrou o cantinho interno ou a parte de baixo do olho.<\/p>\n<p>Quanto a ele ser \u00e0 prova d&#8217;\u00e1gua, se molhar e n\u00e3o mexer, ele fica no lugar.<\/p>\n<p>Mas se voc\u00ea esfregar um pouquinho, ele sai.<\/p>\n<p>Por conta disso, \u00e9 melhor evitar filmes muito tristes caso voc\u00ea se maquie com ele.<\/p>\n<p style=\"text-align: center\"><strong><a href=\"https:\/\/www.2beauty.com.br\/blog\/wp-content\/uploads\/2017\/01\/tracta7.jpg\"><img loading=\"lazy\" decoding=\"async\" class=\"alignnone size-full wp-image-80781\" src=\"https:\/\/www.2beauty.com.br\/blog\/wp-content\/uploads\/2017\/01\/tracta7.jpg\" alt=\"tracta7\" width=\"720\" height=\"470\" srcset=\"https:\/\/www.2beauty.com.br\/blog\/wp-content\/uploads\/2017\/01\/tracta7.jpg 720w, https:\/\/www.2beauty.com.br\/blog\/wp-content\/uploads\/2017\/01\/tracta7-580x378.jpg 580w, https:\/\/www.2beauty.com.br\/blog\/wp-content\/uploads\/2017\/01\/tracta7-620x404.jpg 620w\" sizes=\"(max-width: 720px) 100vw, 720px\" \/><\/a><\/strong><\/p>\n<p style=\"text-align: center\"><strong>Close do antes e depois<\/strong><\/p>\n<p><strong>Resumindo:<\/strong><\/p>\n<blockquote><p>N\u00e3o cumpre muito do que promete.<\/p>\n<p>A pigmenta\u00e7\u00e3o e a intensidade do preto deixam a desejar, mas a fixa\u00e7\u00e3o \u00e9 bacana.<\/p><\/blockquote>\n<p><span class=\"titresenha\">Detalhes da nota:<\/span><\/p>\n<div id=\"resenha\">\n<div class=\"notas\">Textura\/Aplica\u00e7\u00e3o: 3\/5<br \/>\nCobertura\/Pigmenta\u00e7\u00e3o: 2\/5<br \/>\nFixa\u00e7\u00e3o: 5\/5<br \/>\nPre\u00e7o: 4\/5<br \/>\nApresenta\u00e7\u00e3o: 3\/5<br \/>\nRela\u00e7\u00e3o Realidade x Descri\u00e7\u00e3o Oficial: 2\/5<br \/>\n<span class=\"media\">M\u00e9dia: 3,1 <\/span><\/div>\n<p>Para visualizar a lista completa de crit\u00e9rios e notas, <a href=\"https:\/\/www.2beauty.com.br\/blog\/images\/avaliacao.gif\" target=\"_blank\">clique aqui<\/a>.<\/p>\n<\/div>\n","protected":false},"excerpt":{"rendered":"<p>3,1 estrelinhas Spoiler alert: \u00c9 black, mas n\u00e3o \u00e9 super&#8230; A descri\u00e7\u00e3o diz o seguinte: Delineador l\u00edquido \u00e0 prova d&#8217;\u00e1gua. Alta cobertura, cor intensa, secagem r\u00e1pida e tra\u00e7o preciso. O delineador custa de R$22,oo a R$27,00 reais em lojas e sites como Super Gloss e Shop Bela. Aplicador, amostrinha e ingredientes Ele vem com aplicador de ponta fininha, aquele modelinho cl\u00e1ssico de delineador l\u00edquido. Sua textura \u00e9 bem l\u00edquida e fina e \u00e9 a\u00ed que rola o &#8220;pobrema&#8221; na hora da aplica\u00e7\u00e3o&#8230; Porque se voc\u00ea pressionar um pouco mais o aplicador sobre a p\u00e1lpebra, o preto n\u00e3o pega\/n\u00e3o fica bem preto e quando voc\u00ea vai passar uma segunda dem\u00e3o, a pontinha do aplicador tira aquela primeira camada do lugar. Depois de algumas tentativas, descobri que pra ele ficar bem homog\u00eaneo, eu tenho que encostar o pincel de leve e aos poucos, sem puxar, sabe? \u00a0 Delineador no car\u00e3o O tom de preto em si n\u00e3o \u00e9 o preto mais preto que eu j\u00e1 vi na vida, mas \u00e9 ok e o tempo de secagem \u00e9 normal. N\u00e3o morri de amores, mas tenho que dizer que a fixa\u00e7\u00e3o \u00e9 muito boa. Depois de um dia inteiro, ele n\u00e3o carimbou minha p\u00e1lpebra e n\u00e3o borrou o cantinho interno ou a parte de baixo do olho. Quanto a ele ser \u00e0 prova d&#8217;\u00e1gua, se molhar e n\u00e3o mexer, ele fica no lugar. Mas se voc\u00ea esfregar um pouquinho, ele sai. Por conta disso, \u00e9 melhor evitar filmes muito tristes caso voc\u00ea se maquie com ele. Close do antes e depois Resumindo: N\u00e3o cumpre muito do que promete. A pigmenta\u00e7\u00e3o e a intensidade do preto deixam a desejar, mas a fixa\u00e7\u00e3o \u00e9 bacana. Detalhes da nota: Textura\/Aplica\u00e7\u00e3o: 3\/5 Cobertura\/Pigmenta\u00e7\u00e3o: 2\/5 Fixa\u00e7\u00e3o: 5\/5 Pre\u00e7o: 4\/5 Apresenta\u00e7\u00e3o: 3\/5 Rela\u00e7\u00e3o Realidade x Descri\u00e7\u00e3o Oficial: 2\/5 M\u00e9dia: 3,1 Para visualizar a lista completa de crit\u00e9rios e notas, clique aqui.<\/p>\n","protected":false},"author":1,"featured_media":80775,"comment_status":"open","ping_status":"open","sticky":false,"template":"","format":"standard","meta":{"_uag_custom_page_level_css":"","footnotes":""},"categories":[84],"tags":[4119,4088,4128,1794],"class_list":["post-80774","post","type-post","status-publish","format-standard","has-post-thumbnail","hentry","category-maquiagem","tag-delineador","tag-maquiagem","tag-resenhas","tag-tracta"],"uagb_featured_image_src":{"full":["https:\/\/www.2beauty.com.br\/blog\/wp-content\/uploads\/2017\/01\/tracta11.jpg",720,470,false],"thumbnail":["https:\/\/www.2beauty.com.br\/blog\/wp-content\/uploads\/2017\/01\/tracta11-300x250.jpg",300,250,true],"medium":["https:\/\/www.2beauty.com.br\/blog\/wp-content\/uploads\/2017\/01\/tracta11-580x379.jpg",580,379,true],"medium_large":["https:\/\/www.2beauty.com.br\/blog\/wp-content\/uploads\/2017\/01\/tracta11.jpg",720,470,false],"large":["https:\/\/www.2beauty.com.br\/blog\/wp-content\/uploads\/2017\/01\/tracta11-620x405.jpg",620,405,true],"1536x1536":["https:\/\/www.2beauty.com.br\/blog\/wp-content\/uploads\/2017\/01\/tracta11.jpg",720,470,false],"2048x2048":["https:\/\/www.2beauty.com.br\/blog\/wp-content\/uploads\/2017\/01\/tracta11.jpg",720,470,false],"ashe-slider-grid-thumbnail":["https:\/\/www.2beauty.com.br\/blog\/wp-content\/uploads\/2017\/01\/tracta11.jpg",720,470,false],"ashe-full-thumbnail":["https:\/\/www.2beauty.com.br\/blog\/wp-content\/uploads\/2017\/01\/tracta11.jpg",720,470,false],"ashe-grid-thumbnail":["https:\/\/www.2beauty.com.br\/blog\/wp-content\/uploads\/2017\/01\/tracta11.jpg",500,326,false],"ashe-list-thumbnail":["https:\/\/www.2beauty.com.br\/blog\/wp-content\/uploads\/2017\/01\/tracta11.jpg",300,196,false],"ashe-single-navigation":["https:\/\/www.2beauty.com.br\/blog\/wp-content\/uploads\/2017\/01\/tracta11.jpg",75,49,false]},"uagb_author_info":{"display_name":"Marina Smith","author_link":"https:\/\/www.2beauty.com.br\/blog\/author\/marinasmith\/"},"uagb_comment_info":9,"uagb_excerpt":"3,1 estrelinhas Spoiler alert: \u00c9 black, mas n\u00e3o \u00e9 super&#8230; A descri\u00e7\u00e3o diz o seguinte: Delineador l\u00edquido \u00e0 prova d&#8217;\u00e1gua. Alta cobertura, cor intensa, secagem r\u00e1pida e tra\u00e7o preciso. O delineador custa de R$22,oo a R$27,00 reais em lojas e sites como Super Gloss e Shop Bela. Aplicador, amostrinha e ingredientes Ele vem com aplicador&hellip;","acf":[],"_links":{"self":[{"href":"https:\/\/www.2beauty.com.br\/blog\/wp-json\/wp\/v2\/posts\/80774","targetHints":{"allow":["GET"]}}],"collection":[{"href":"https:\/\/www.2beauty.com.br\/blog\/wp-json\/wp\/v2\/posts"}],"about":[{"href":"https:\/\/www.2beauty.com.br\/blog\/wp-json\/wp\/v2\/types\/post"}],"author":[{"embeddable":true,"href":"https:\/\/www.2beauty.com.br\/blog\/wp-json\/wp\/v2\/users\/1"}],"replies":[{"embeddable":true,"href":"https:\/\/www.2beauty.com.br\/blog\/wp-json\/wp\/v2\/comments?post=80774"}],"version-history":[{"count":0,"href":"https:\/\/www.2beauty.com.br\/blog\/wp-json\/wp\/v2\/posts\/80774\/revisions"}],"wp:featuredmedia":[{"embeddable":true,"href":"https:\/\/www.2beauty.com.br\/blog\/wp-json\/wp\/v2\/media\/80775"}],"wp:attachment":[{"href":"https:\/\/www.2beauty.com.br\/blog\/wp-json\/wp\/v2\/media?parent=80774"}],"wp:term":[{"taxonomy":"category","embeddable":true,"href":"https:\/\/www.2beauty.com.br\/blog\/wp-json\/wp\/v2\/categories?post=80774"},{"taxonomy":"post_tag","embeddable":true,"href":"https:\/\/www.2beauty.com.br\/blog\/wp-json\/wp\/v2\/tags?post=80774"}],"curies":[{"name":"wp","href":"https:\/\/api.w.org\/{rel}","templated":true}]}}