{"id":75507,"date":"2016-07-11T17:30:57","date_gmt":"2016-07-11T19:30:57","guid":{"rendered":"https:\/\/www.2beauty.com.br\/blog\/?p=75507"},"modified":"2019-02-15T16:10:10","modified_gmt":"2019-02-15T18:10:10","slug":"o-la-em-casa-matt-damon","status":"publish","type":"post","link":"https:\/\/www.2beauty.com.br\/blog\/2016\/07\/o-la-em-casa-matt-damon\/","title":{"rendered":"\u00d4, l\u00e1 em casa&#8230; Matt Damon"},"content":{"rendered":"<figure id=\"attachment_86057\" aria-describedby=\"caption-attachment-86057\" style=\"width: 720px\" class=\"wp-caption aligncenter\"><a href=\"https:\/\/www.2beauty.com.br\/blog\/wp-content\/uploads\/2016\/07\/matt-1.jpg\"><img fetchpriority=\"high\" decoding=\"async\" class=\"size-full wp-image-86057\" src=\"https:\/\/www.2beauty.com.br\/blog\/wp-content\/uploads\/2016\/07\/matt-1.jpg\" alt=\"\" width=\"720\" height=\"932\" srcset=\"https:\/\/www.2beauty.com.br\/blog\/wp-content\/uploads\/2016\/07\/matt-1.jpg 720w, https:\/\/www.2beauty.com.br\/blog\/wp-content\/uploads\/2016\/07\/matt-1-580x751.jpg 580w, https:\/\/www.2beauty.com.br\/blog\/wp-content\/uploads\/2016\/07\/matt-1-336x435.jpg 336w, https:\/\/www.2beauty.com.br\/blog\/wp-content\/uploads\/2016\/07\/matt-1-620x803.jpg 620w\" sizes=\"(max-width: 720px) 100vw, 720px\" \/><\/a><figcaption id=\"caption-attachment-86057\" class=\"wp-caption-text\">Foto: Divulga\u00e7\u00e3o<\/figcaption><\/figure>\n<p>Ahhh, Matt&#8230; T\u00e3o elegante com seu terno nesta segunda-feira super chuvosa aqui no Sul.<\/p>\n<p>Percebam como o modelito real\u00e7a perfeitamente com os olhos maravilhosamente azuis dele!<br \/>\n<strong><br \/>\nTudo bom com voc\u00eas?<\/strong><\/p>\n<p><del>Por enquanto, vou ficar devendo o v\u00eddeo com a compila\u00e7\u00e3o de snaps da semana, porque ele est\u00e1 na minha fila de uploads do Youtube.<\/del><\/p>\n<p><del>Tem outro v\u00eddeo na frente dele e ainda falta umas duas horas pra transfer\u00eancia acabar.<\/del><\/p>\n<p><del>Como eu odeio essa longa (loooooonga) espera para liberar um v\u00eddeo de menos de 10 minutos&#8230;<\/del><\/p>\n<p><del>Eita, internet lerda!<\/del><\/p>\n<p>O upload finalmente acabou o\/<\/p>\n<p><a href=\"https:\/\/www.2beauty.com.br\/blog\/wp-content\/uploads\/2016\/07\/13.jpg\"><img decoding=\"async\" class=\"size-full wp-image-75508 aligncenter\" src=\"https:\/\/www.2beauty.com.br\/blog\/wp-content\/uploads\/2016\/07\/13.jpg\" alt=\"1\" width=\"720\" height=\"780\" srcset=\"https:\/\/www.2beauty.com.br\/blog\/wp-content\/uploads\/2016\/07\/13.jpg 720w, https:\/\/www.2beauty.com.br\/blog\/wp-content\/uploads\/2016\/07\/13-401x435.jpg 401w, https:\/\/www.2beauty.com.br\/blog\/wp-content\/uploads\/2016\/07\/13-620x671.jpg 620w\" sizes=\"(max-width: 720px) 100vw, 720px\" \/><\/a><\/p>\n<blockquote><p>O meu final de semana foi bem sossegado. Na sexta, visitei meu irm\u00e3o, minha cunhada e meus sobrinhos peludos. Comemos churrasco e eu aproveitei a ocasi\u00e3o para experimentar um vinho novo, o chileno Los Vascos.<\/p><\/blockquote>\n<p>Fiz uma pequena resenha sobre ele no SnapChat, mas o resumo \u00e9 o seguinte:<\/p>\n<p>Gostei de Los Vascos, s\u00f3 que Casal Garcia ainda \u00e9 melhor!<\/p>\n<p><strong>Casal Garcia \u00e9 sempre melhor ;) hehehe<\/strong><\/p>\n<p>No s\u00e1bado, almocei com meus pais, dormi um pouquinho e passei a noite trabalhando.<\/p>\n<p>Pra descontrair, tomei um vinho e gente! O vinho fez eu me sentir super criativa&#8230;<\/p>\n<p>Ainda n\u00e3o revisei tudo que escrevi naquela noite, mas pela leve ressaca de domingo, acho que em breve devo encontrar algumas p\u00e9rolas alcoolizadas nos meus posts.<\/p>\n<p>Outra novidade do finde \u00e9 que o primeiro lote do Amarel\u00e3o, o irm\u00e3o mais escuro do Amarelinho, <strong>finalmente est\u00e1 pronto<\/strong>.<\/p>\n<p>Ainda falta a Sephora encomendar e a gente enviar o pedido pro centro de distribui\u00e7\u00e3o deles. Infelizmente, essa parte leva um tempo&#8230;<\/p>\n<p>Acredito que at\u00e9 o final do m\u00eas ou, no mais tardar, in\u00edcio de agosto, ele j\u00e1 esteja dispon\u00edvel no site!<\/p>\n","protected":false},"excerpt":{"rendered":"<p>Ahhh, Matt&#8230; T\u00e3o elegante com seu terno nesta segunda-feira super chuvosa aqui no Sul. Percebam como o modelito real\u00e7a perfeitamente com os olhos maravilhosamente azuis dele! Tudo bom com voc\u00eas? Por enquanto, vou ficar devendo o v\u00eddeo com a compila\u00e7\u00e3o de snaps da semana, porque ele est\u00e1 na minha fila de uploads do Youtube. Tem outro v\u00eddeo na frente dele e ainda falta umas duas horas pra transfer\u00eancia acabar. Como eu odeio essa longa (loooooonga) espera para liberar um v\u00eddeo de menos de 10 minutos&#8230; Eita, internet lerda! O upload finalmente acabou o\/ O meu final de semana foi bem sossegado. Na sexta, visitei meu irm\u00e3o, minha cunhada e meus sobrinhos peludos. Comemos churrasco e eu aproveitei a ocasi\u00e3o para experimentar um vinho novo, o chileno Los Vascos. Fiz uma pequena resenha sobre ele no SnapChat, mas o resumo \u00e9 o seguinte: Gostei de Los Vascos, s\u00f3 que Casal Garcia ainda \u00e9 melhor! Casal Garcia \u00e9 sempre melhor ;) hehehe No s\u00e1bado, almocei com meus pais, dormi um pouquinho e passei a noite trabalhando. Pra descontrair, tomei um vinho e gente! O vinho fez eu me sentir super criativa&#8230; Ainda n\u00e3o revisei tudo que escrevi naquela noite, mas pela leve ressaca de domingo, acho que em breve devo encontrar algumas p\u00e9rolas alcoolizadas nos meus posts. Outra novidade do finde \u00e9 que o primeiro lote do Amarel\u00e3o, o irm\u00e3o mais escuro do Amarelinho, finalmente est\u00e1 pronto. Ainda falta a Sephora encomendar e a gente enviar o pedido pro centro de distribui\u00e7\u00e3o deles. Infelizmente, essa parte leva um tempo&#8230; Acredito que at\u00e9 o final do m\u00eas ou, no mais tardar, in\u00edcio de agosto, ele j\u00e1 esteja dispon\u00edvel no site!<\/p>\n","protected":false},"author":1,"featured_media":86057,"comment_status":"open","ping_status":"open","sticky":false,"template":"","format":"standard","meta":{"_uag_custom_page_level_css":"","footnotes":""},"categories":[1],"tags":[1126,822,4129],"class_list":["post-75507","post","type-post","status-publish","format-standard","has-post-thumbnail","hentry","category-geral","tag-matt-damon","tag-o-la-em-casa","tag-vidinha-e-novidades"],"uagb_featured_image_src":{"full":["https:\/\/www.2beauty.com.br\/blog\/wp-content\/uploads\/2016\/07\/matt-1.jpg",720,932,false],"thumbnail":["https:\/\/www.2beauty.com.br\/blog\/wp-content\/uploads\/2016\/07\/matt-1-300x250.jpg",300,250,true],"medium":["https:\/\/www.2beauty.com.br\/blog\/wp-content\/uploads\/2016\/07\/matt-1-336x435.jpg",336,435,true],"medium_large":["https:\/\/www.2beauty.com.br\/blog\/wp-content\/uploads\/2016\/07\/matt-1.jpg",720,932,false],"large":["https:\/\/www.2beauty.com.br\/blog\/wp-content\/uploads\/2016\/07\/matt-1-620x803.jpg",620,803,true],"1536x1536":["https:\/\/www.2beauty.com.br\/blog\/wp-content\/uploads\/2016\/07\/matt-1.jpg",720,932,false],"2048x2048":["https:\/\/www.2beauty.com.br\/blog\/wp-content\/uploads\/2016\/07\/matt-1.jpg",720,932,false],"ashe-slider-grid-thumbnail":["https:\/\/www.2beauty.com.br\/blog\/wp-content\/uploads\/2016\/07\/matt-1.jpg",417,540,false],"ashe-full-thumbnail":["https:\/\/www.2beauty.com.br\/blog\/wp-content\/uploads\/2016\/07\/matt-1.jpg",720,932,false],"ashe-grid-thumbnail":["https:\/\/www.2beauty.com.br\/blog\/wp-content\/uploads\/2016\/07\/matt-1.jpg",255,330,false],"ashe-list-thumbnail":["https:\/\/www.2beauty.com.br\/blog\/wp-content\/uploads\/2016\/07\/matt-1.jpg",232,300,false],"ashe-single-navigation":["https:\/\/www.2beauty.com.br\/blog\/wp-content\/uploads\/2016\/07\/matt-1.jpg",58,75,false]},"uagb_author_info":{"display_name":"Marina Smith","author_link":"https:\/\/www.2beauty.com.br\/blog\/author\/marinasmith\/"},"uagb_comment_info":30,"uagb_excerpt":"Ahhh, Matt&#8230; T\u00e3o elegante com seu terno nesta segunda-feira super chuvosa aqui no Sul. Percebam como o modelito real\u00e7a perfeitamente com os olhos maravilhosamente azuis dele! Tudo bom com voc\u00eas? Por enquanto, vou ficar devendo o v\u00eddeo com a compila\u00e7\u00e3o de snaps da semana, porque ele est\u00e1 na minha fila de uploads do Youtube. Tem&hellip;","acf":[],"_links":{"self":[{"href":"https:\/\/www.2beauty.com.br\/blog\/wp-json\/wp\/v2\/posts\/75507","targetHints":{"allow":["GET"]}}],"collection":[{"href":"https:\/\/www.2beauty.com.br\/blog\/wp-json\/wp\/v2\/posts"}],"about":[{"href":"https:\/\/www.2beauty.com.br\/blog\/wp-json\/wp\/v2\/types\/post"}],"author":[{"embeddable":true,"href":"https:\/\/www.2beauty.com.br\/blog\/wp-json\/wp\/v2\/users\/1"}],"replies":[{"embeddable":true,"href":"https:\/\/www.2beauty.com.br\/blog\/wp-json\/wp\/v2\/comments?post=75507"}],"version-history":[{"count":0,"href":"https:\/\/www.2beauty.com.br\/blog\/wp-json\/wp\/v2\/posts\/75507\/revisions"}],"wp:featuredmedia":[{"embeddable":true,"href":"https:\/\/www.2beauty.com.br\/blog\/wp-json\/wp\/v2\/media\/86057"}],"wp:attachment":[{"href":"https:\/\/www.2beauty.com.br\/blog\/wp-json\/wp\/v2\/media?parent=75507"}],"wp:term":[{"taxonomy":"category","embeddable":true,"href":"https:\/\/www.2beauty.com.br\/blog\/wp-json\/wp\/v2\/categories?post=75507"},{"taxonomy":"post_tag","embeddable":true,"href":"https:\/\/www.2beauty.com.br\/blog\/wp-json\/wp\/v2\/tags?post=75507"}],"curies":[{"name":"wp","href":"https:\/\/api.w.org\/{rel}","templated":true}]}}