{"id":75172,"date":"2016-07-04T14:00:05","date_gmt":"2016-07-04T16:00:05","guid":{"rendered":"https:\/\/www.2beauty.com.br\/blog\/?p=75172"},"modified":"2019-02-15T16:10:11","modified_gmt":"2019-02-15T18:10:11","slug":"cabelo-la-roche-posay-kerium-mascara-hidratante-reparadora","status":"publish","type":"post","link":"https:\/\/www.2beauty.com.br\/blog\/2016\/07\/cabelo-la-roche-posay-kerium-mascara-hidratante-reparadora\/","title":{"rendered":"Cabelo: La Roche-Posay Kerium M\u00e1scara Hidratante Reparadora"},"content":{"rendered":"<p style=\"text-align: center\"><strong><a href=\"https:\/\/www.2beauty.com.br\/blog\/wp-content\/uploads\/2016\/07\/mascara1.jpg\"><img fetchpriority=\"high\" decoding=\"async\" class=\"alignnone size-full wp-image-75179\" src=\"https:\/\/www.2beauty.com.br\/blog\/wp-content\/uploads\/2016\/07\/mascara1.jpg\" alt=\"mascara1\" width=\"720\" height=\"470\" srcset=\"https:\/\/www.2beauty.com.br\/blog\/wp-content\/uploads\/2016\/07\/mascara1.jpg 720w, https:\/\/www.2beauty.com.br\/blog\/wp-content\/uploads\/2016\/07\/mascara1-580x378.jpg 580w, https:\/\/www.2beauty.com.br\/blog\/wp-content\/uploads\/2016\/07\/mascara1-620x404.jpg 620w\" sizes=\"(max-width: 720px) 100vw, 720px\" \/><\/a><\/strong><\/p>\n<p style=\"text-align: center\"><strong><a href=\"https:\/\/www.2beauty.com.br\/blog\/wp-content\/uploads\/2016\/07\/mascara4.jpg\"><img decoding=\"async\" class=\"alignnone size-full wp-image-75182\" src=\"https:\/\/www.2beauty.com.br\/blog\/wp-content\/uploads\/2016\/07\/mascara4.jpg\" alt=\"mascara4\" width=\"720\" height=\"470\" srcset=\"https:\/\/www.2beauty.com.br\/blog\/wp-content\/uploads\/2016\/07\/mascara4.jpg 720w, https:\/\/www.2beauty.com.br\/blog\/wp-content\/uploads\/2016\/07\/mascara4-580x378.jpg 580w, https:\/\/www.2beauty.com.br\/blog\/wp-content\/uploads\/2016\/07\/mascara4-620x404.jpg 620w\" sizes=\"(max-width: 720px) 100vw, 720px\" \/><\/a><\/strong><\/p>\n<p style=\"text-align: center\"><strong>La Roche-Posay Kerium M\u00e1scara Hidratante Reparadora<\/strong><\/p>\n<p>Estou usando essa m\u00e1scara h\u00e1 um m\u00eas, mais ou menos, e estou gostando!<\/p>\n<p>Ela \u00e9 indicada para hidratar e nutrir cabelos mais secos e danificados e a promessa \u00e9 de deixar os fios mais macios, brilhantes e f\u00e1ceis de pentear.<\/p>\n<p>Como o meu picum\u00e3 est\u00e1 sem corte h\u00e1 uns 6 meses, as pontas est\u00e3o horrorosas!<\/p>\n<blockquote><p>A Kerium M\u00e1scara Hidratante tem ajudado com a hidrata\u00e7\u00e3o e o aspecto geral das pontinhas enquanto eu n\u00e3o marco um hor\u00e1rio para aparar o cabelo.<\/p><\/blockquote>\n<p>Sua f\u00f3rmula conta com Ceramida, Aloe Vera, Manteiga de Karit\u00e9 e \u00c1gua Termal de La Roche-Posay.<\/p>\n<p>A m\u00e1scara n\u00e3o cont\u00e9m silicone ou parabenos em sua composi\u00e7\u00e3o, mas cont\u00e9m \u00f3leo mineral.<\/p>\n<p>Eu sei que muita gente n\u00e3o curte \u00f3leo mineral em produtos para cabelo. No meu caso, n\u00e3o \u00e9 algo que cause problemas.<\/p>\n<p>A bisnaga de 200ml <a href=\"https:\/\/loja.laroche-posay.com.br\/kerium-mascara-nutre-hidrata-repara-cabelos-secos-e-danificados\/p\" target=\"_blank\">custa R$99,90 em farm\u00e1cias e na loja virtual da marca<\/a>.<\/p>\n<p style=\"text-align: center\"><strong><a href=\"https:\/\/www.2beauty.com.br\/blog\/wp-content\/uploads\/2016\/07\/mascara3.jpg\"><img decoding=\"async\" class=\"alignnone size-full wp-image-75181\" src=\"https:\/\/www.2beauty.com.br\/blog\/wp-content\/uploads\/2016\/07\/mascara3.jpg\" alt=\"mascara3\" width=\"720\" height=\"470\" srcset=\"https:\/\/www.2beauty.com.br\/blog\/wp-content\/uploads\/2016\/07\/mascara3.jpg 720w, https:\/\/www.2beauty.com.br\/blog\/wp-content\/uploads\/2016\/07\/mascara3-580x378.jpg 580w, https:\/\/www.2beauty.com.br\/blog\/wp-content\/uploads\/2016\/07\/mascara3-620x404.jpg 620w\" sizes=\"(max-width: 720px) 100vw, 720px\" \/><\/a><\/strong><\/p>\n<p style=\"text-align: center\"><strong><a href=\"https:\/\/www.2beauty.com.br\/blog\/wp-content\/uploads\/2016\/07\/mascara21.jpg\"><img loading=\"lazy\" decoding=\"async\" class=\"size-full wp-image-75218 alignnone\" src=\"https:\/\/www.2beauty.com.br\/blog\/wp-content\/uploads\/2016\/07\/mascara21.jpg\" alt=\"mascara2\" width=\"720\" height=\"470\" srcset=\"https:\/\/www.2beauty.com.br\/blog\/wp-content\/uploads\/2016\/07\/mascara21.jpg 720w, https:\/\/www.2beauty.com.br\/blog\/wp-content\/uploads\/2016\/07\/mascara21-580x378.jpg 580w, https:\/\/www.2beauty.com.br\/blog\/wp-content\/uploads\/2016\/07\/mascara21-620x404.jpg 620w\" sizes=\"(max-width: 720px) 100vw, 720px\" \/><\/a><\/strong><\/p>\n<p style=\"text-align: center\"><strong>Amostrinha e ingredientes<\/strong><\/p>\n<p>A indica\u00e7\u00e3o de uso \u00e9 aplicar o produto nos cabelos \u00famidos e limpos (ap\u00f3s o shampoo) e massagear da raiz \u00e0s pontas.<\/p>\n<blockquote><p>Para um tratamento r\u00e1pido, voc\u00ea deixa agir por 3 minutos antes de enxaguar. Para tratamento intensivo, o tempo de espera \u00e9 de 20 minutos.<\/p><\/blockquote>\n<p>Eu n\u00e3o gosto de aplicar condicionador ou m\u00e1scara na raiz do cabelo, porque ela fica pesada, ent\u00e3o aplico a m\u00e1scara apenas da metade da cabe\u00e7a para baixo e deixo agir pelos tr\u00eas minutos indicados na embalagem.<\/p>\n<p>Fa\u00e7o isso duas vezes por semana e o cabelo fica bem desembara\u00e7ado e muito macio.<\/p>\n<p>A m\u00e1scara n\u00e3o resolve por completo a quest\u00e3o das pontas duplas, mas atenua bastante aquele aspecto espigado, duro e seco.<\/p>\n<p>De resto, o cheiro da Kerium \u00e9 levinho e gostoso.<\/p>\n<p><strong>Mais algu\u00e9m testou essa m\u00e1scara? Tamb\u00e9m gostou?<\/strong><\/p>\n","protected":false},"excerpt":{"rendered":"<p>La Roche-Posay Kerium M\u00e1scara Hidratante Reparadora Estou usando essa m\u00e1scara h\u00e1 um m\u00eas, mais ou menos, e estou gostando! Ela \u00e9 indicada para hidratar e nutrir cabelos mais secos e danificados e a promessa \u00e9 de deixar os fios mais macios, brilhantes e f\u00e1ceis de pentear. Como o meu picum\u00e3 est\u00e1 sem corte h\u00e1 uns 6 meses, as pontas est\u00e3o horrorosas! A Kerium M\u00e1scara Hidratante tem ajudado com a hidrata\u00e7\u00e3o e o aspecto geral das pontinhas enquanto eu n\u00e3o marco um hor\u00e1rio para aparar o cabelo. Sua f\u00f3rmula conta com Ceramida, Aloe Vera, Manteiga de Karit\u00e9 e \u00c1gua Termal de La Roche-Posay. A m\u00e1scara n\u00e3o cont\u00e9m silicone ou parabenos em sua composi\u00e7\u00e3o, mas cont\u00e9m \u00f3leo mineral. Eu sei que muita gente n\u00e3o curte \u00f3leo mineral em produtos para cabelo. No meu caso, n\u00e3o \u00e9 algo que cause problemas. A bisnaga de 200ml custa R$99,90 em farm\u00e1cias e na loja virtual da marca. Amostrinha e ingredientes A indica\u00e7\u00e3o de uso \u00e9 aplicar o produto nos cabelos \u00famidos e limpos (ap\u00f3s o shampoo) e massagear da raiz \u00e0s pontas. Para um tratamento r\u00e1pido, voc\u00ea deixa agir por 3 minutos antes de enxaguar. Para tratamento intensivo, o tempo de espera \u00e9 de 20 minutos. Eu n\u00e3o gosto de aplicar condicionador ou m\u00e1scara na raiz do cabelo, porque ela fica pesada, ent\u00e3o aplico a m\u00e1scara apenas da metade da cabe\u00e7a para baixo e deixo agir pelos tr\u00eas minutos indicados na embalagem. Fa\u00e7o isso duas vezes por semana e o cabelo fica bem desembara\u00e7ado e muito macio. A m\u00e1scara n\u00e3o resolve por completo a quest\u00e3o das pontas duplas, mas atenua bastante aquele aspecto espigado, duro e seco. De resto, o cheiro da Kerium \u00e9 levinho e gostoso. Mais algu\u00e9m testou essa m\u00e1scara? Tamb\u00e9m gostou?<\/p>\n","protected":false},"author":1,"featured_media":75180,"comment_status":"open","ping_status":"open","sticky":false,"template":"","format":"standard","meta":{"_uag_custom_page_level_css":"","footnotes":""},"categories":[694],"tags":[4153,3957,1347],"class_list":["post-75172","post","type-post","status-publish","format-standard","has-post-thumbnail","hentry","category-cabelo","tag-cabelo","tag-la-roche","tag-la-roche-posay"],"uagb_featured_image_src":{"full":["https:\/\/www.2beauty.com.br\/blog\/wp-content\/uploads\/2016\/07\/mascara2.jpg",720,470,false],"thumbnail":["https:\/\/www.2beauty.com.br\/blog\/wp-content\/uploads\/2016\/07\/mascara2-300x250.jpg",300,250,true],"medium":["https:\/\/www.2beauty.com.br\/blog\/wp-content\/uploads\/2016\/07\/mascara2-580x379.jpg",580,379,true],"medium_large":["https:\/\/www.2beauty.com.br\/blog\/wp-content\/uploads\/2016\/07\/mascara2.jpg",720,470,false],"large":["https:\/\/www.2beauty.com.br\/blog\/wp-content\/uploads\/2016\/07\/mascara2-620x405.jpg",620,405,true],"1536x1536":["https:\/\/www.2beauty.com.br\/blog\/wp-content\/uploads\/2016\/07\/mascara2.jpg",720,470,false],"2048x2048":["https:\/\/www.2beauty.com.br\/blog\/wp-content\/uploads\/2016\/07\/mascara2.jpg",720,470,false],"ashe-slider-grid-thumbnail":["https:\/\/www.2beauty.com.br\/blog\/wp-content\/uploads\/2016\/07\/mascara2.jpg",720,470,false],"ashe-full-thumbnail":["https:\/\/www.2beauty.com.br\/blog\/wp-content\/uploads\/2016\/07\/mascara2.jpg",720,470,false],"ashe-grid-thumbnail":["https:\/\/www.2beauty.com.br\/blog\/wp-content\/uploads\/2016\/07\/mascara2.jpg",500,326,false],"ashe-list-thumbnail":["https:\/\/www.2beauty.com.br\/blog\/wp-content\/uploads\/2016\/07\/mascara2.jpg",300,196,false],"ashe-single-navigation":["https:\/\/www.2beauty.com.br\/blog\/wp-content\/uploads\/2016\/07\/mascara2.jpg",75,49,false]},"uagb_author_info":{"display_name":"Marina Smith","author_link":"https:\/\/www.2beauty.com.br\/blog\/author\/marinasmith\/"},"uagb_comment_info":19,"uagb_excerpt":"La Roche-Posay Kerium M\u00e1scara Hidratante Reparadora Estou usando essa m\u00e1scara h\u00e1 um m\u00eas, mais ou menos, e estou gostando! Ela \u00e9 indicada para hidratar e nutrir cabelos mais secos e danificados e a promessa \u00e9 de deixar os fios mais macios, brilhantes e f\u00e1ceis de pentear. Como o meu picum\u00e3 est\u00e1 sem corte h\u00e1 uns&hellip;","acf":[],"_links":{"self":[{"href":"https:\/\/www.2beauty.com.br\/blog\/wp-json\/wp\/v2\/posts\/75172","targetHints":{"allow":["GET"]}}],"collection":[{"href":"https:\/\/www.2beauty.com.br\/blog\/wp-json\/wp\/v2\/posts"}],"about":[{"href":"https:\/\/www.2beauty.com.br\/blog\/wp-json\/wp\/v2\/types\/post"}],"author":[{"embeddable":true,"href":"https:\/\/www.2beauty.com.br\/blog\/wp-json\/wp\/v2\/users\/1"}],"replies":[{"embeddable":true,"href":"https:\/\/www.2beauty.com.br\/blog\/wp-json\/wp\/v2\/comments?post=75172"}],"version-history":[{"count":0,"href":"https:\/\/www.2beauty.com.br\/blog\/wp-json\/wp\/v2\/posts\/75172\/revisions"}],"wp:featuredmedia":[{"embeddable":true,"href":"https:\/\/www.2beauty.com.br\/blog\/wp-json\/wp\/v2\/media\/75180"}],"wp:attachment":[{"href":"https:\/\/www.2beauty.com.br\/blog\/wp-json\/wp\/v2\/media?parent=75172"}],"wp:term":[{"taxonomy":"category","embeddable":true,"href":"https:\/\/www.2beauty.com.br\/blog\/wp-json\/wp\/v2\/categories?post=75172"},{"taxonomy":"post_tag","embeddable":true,"href":"https:\/\/www.2beauty.com.br\/blog\/wp-json\/wp\/v2\/tags?post=75172"}],"curies":[{"name":"wp","href":"https:\/\/api.w.org\/{rel}","templated":true}]}}