{"id":74456,"date":"2016-06-09T16:10:25","date_gmt":"2016-06-09T18:10:25","guid":{"rendered":"https:\/\/www.2beauty.com.br\/blog\/?p=74456"},"modified":"2019-02-15T16:10:13","modified_gmt":"2019-02-15T18:10:13","slug":"resenha-base-alta-cobertura-de-quem-disse-berenice","status":"publish","type":"post","link":"https:\/\/www.2beauty.com.br\/blog\/2016\/06\/resenha-base-alta-cobertura-de-quem-disse-berenice\/","title":{"rendered":"Resenha: Base Alta Cobertura de Quem Disse, Berenice?"},"content":{"rendered":"<p><a href=\"https:\/\/www.2beauty.com.br\/blog\/wp-content\/uploads\/2016\/06\/qdb1.jpg\"><img fetchpriority=\"high\" decoding=\"async\" class=\"size-full wp-image-74457 aligncenter\" src=\"https:\/\/www.2beauty.com.br\/blog\/wp-content\/uploads\/2016\/06\/qdb1.jpg\" alt=\"qdb1\" width=\"720\" height=\"470\" srcset=\"https:\/\/www.2beauty.com.br\/blog\/wp-content\/uploads\/2016\/06\/qdb1.jpg 720w, https:\/\/www.2beauty.com.br\/blog\/wp-content\/uploads\/2016\/06\/qdb1-580x379.jpg 580w, https:\/\/www.2beauty.com.br\/blog\/wp-content\/uploads\/2016\/06\/qdb1-620x405.jpg 620w\" sizes=\"(max-width: 720px) 100vw, 720px\" \/><\/a><\/p>\n<p><a href=\"https:\/\/www.2beauty.com.br\/blog\/wp-content\/uploads\/2016\/06\/qdb2.jpg\"><img decoding=\"async\" class=\"size-full wp-image-74458 aligncenter\" src=\"https:\/\/www.2beauty.com.br\/blog\/wp-content\/uploads\/2016\/06\/qdb2.jpg\" alt=\"qdb2\" width=\"720\" height=\"470\" srcset=\"https:\/\/www.2beauty.com.br\/blog\/wp-content\/uploads\/2016\/06\/qdb2.jpg 720w, https:\/\/www.2beauty.com.br\/blog\/wp-content\/uploads\/2016\/06\/qdb2-580x378.jpg 580w, https:\/\/www.2beauty.com.br\/blog\/wp-content\/uploads\/2016\/06\/qdb2-620x404.jpg 620w\" sizes=\"(max-width: 720px) 100vw, 720px\" \/><\/a><\/p>\n<p style=\"text-align: center\"><img decoding=\"async\" style=\"width: 30px;height: 30px\" title=\"Star\" src=\"https:\/\/www.2beauty.com.br\/blog\/images\/star.gif\" alt=\"Star\" width=\"30\" height=\"30\" align=\"top\" border=\"0\" \/><img decoding=\"async\" style=\"width: 30px;height: 30px\" title=\"Star\" src=\"https:\/\/www.2beauty.com.br\/blog\/images\/star.gif\" alt=\"Star\" width=\"30\" height=\"30\" align=\"top\" border=\"0\" \/><img decoding=\"async\" style=\"width: 30px;height: 30px\" title=\"Star\" src=\"https:\/\/www.2beauty.com.br\/blog\/images\/star.gif\" alt=\"Star\" width=\"30\" height=\"30\" align=\"top\" border=\"0\" \/><img loading=\"lazy\" decoding=\"async\" style=\"width: 30px;height: 30px\" title=\"Star\" src=\"https:\/\/www.2beauty.com.br\/blog\/images\/star3.gif\" alt=\"Star\" width=\"30\" height=\"30\" align=\"top\" border=\"0\" \/><img loading=\"lazy\" decoding=\"async\" style=\"width: 30px;height: 30px\" title=\"Star\" src=\"https:\/\/www.2beauty.com.br\/blog\/images\/star2.gif\" alt=\"Star\" width=\"30\" height=\"30\" align=\"top\" border=\"0\" \/><\/p>\n<p style=\"text-align: center\"><strong>3,6 estrelinhas<\/strong><\/p>\n<p>No geral, \u00e9 uma base ok, mas a cobertura n\u00e3o \u00e9 t\u00e3o alta assim e pegou de forma estranha em algumas \u00e1reas do meu rosto.<\/p>\n<p><strong>A descri\u00e7\u00e3o diz o seguinte:<\/strong><\/p>\n<blockquote><p>A base alta cobertura possui vitamina com a\u00e7\u00e3o antioxidante e ainda FPS 15 que a ajuda a proteger a pele da radia\u00e7\u00e3o solar. Al\u00e9m de ingredientes especiais que absorvem a oleosidade, n\u00e3o obstrui os poros e deixa a pele com aquele toque aveludado. Alta cobertura, efeito mate, longa dura\u00e7\u00e3o, n\u00e3o transfere, resistente a \u00e1gua e ao suor.<\/p>\n<p>Manchinhas de base na roupa? Nunca mais! Sabe quando estamos com a pele pronta e o celular toca? Da aquele medo de deixar a maquiagem toda no telefone, ou quando voc\u00ea mancha toda a camisa branquinha de base? A nova base alta cobertura tem tecnologia no transfer e n\u00e3o deixa manchinhas por ai, pra isso espere a absor\u00e7\u00e3o total do produto. Voc\u00ea nem vai precisar de filtro nas suas fotos!<\/p><\/blockquote>\n<p>A base est\u00e1 dispon\u00edvel em 10 tons que <a href=\"https:\/\/www.quemdisseberenice.com.br\/base-alta-cobertura-quem-disse-berenice--813778-p\/p\" target=\"_blank\">podem ser adquiridos nas lojas ou no site da marca por R$61,90 reais cada<\/a>.<\/p>\n<p style=\"text-align: center\"><strong> <a href=\"https:\/\/www.2beauty.com.br\/blog\/wp-content\/uploads\/2016\/06\/qdb4.jpg\"><img loading=\"lazy\" decoding=\"async\" class=\"alignnone size-full wp-image-74460\" src=\"https:\/\/www.2beauty.com.br\/blog\/wp-content\/uploads\/2016\/06\/qdb4.jpg\" alt=\"qdb4\" width=\"720\" height=\"470\" srcset=\"https:\/\/www.2beauty.com.br\/blog\/wp-content\/uploads\/2016\/06\/qdb4.jpg 720w, https:\/\/www.2beauty.com.br\/blog\/wp-content\/uploads\/2016\/06\/qdb4-580x378.jpg 580w, https:\/\/www.2beauty.com.br\/blog\/wp-content\/uploads\/2016\/06\/qdb4-620x404.jpg 620w\" sizes=\"(max-width: 720px) 100vw, 720px\" \/><\/a><\/strong><\/p>\n<p style=\"text-align: center\"><strong><a href=\"https:\/\/www.2beauty.com.br\/blog\/wp-content\/uploads\/2016\/06\/qdb3.jpg\"><img loading=\"lazy\" decoding=\"async\" class=\"alignnone size-full wp-image-74459\" src=\"https:\/\/www.2beauty.com.br\/blog\/wp-content\/uploads\/2016\/06\/qdb3.jpg\" alt=\"qdb3\" width=\"720\" height=\"200\" srcset=\"https:\/\/www.2beauty.com.br\/blog\/wp-content\/uploads\/2016\/06\/qdb3.jpg 720w, https:\/\/www.2beauty.com.br\/blog\/wp-content\/uploads\/2016\/06\/qdb3-580x161.jpg 580w, https:\/\/www.2beauty.com.br\/blog\/wp-content\/uploads\/2016\/06\/qdb3-620x172.jpg 620w\" sizes=\"(max-width: 720px) 100vw, 720px\" \/><\/a><\/strong><\/p>\n<p style=\"text-align: center\"><strong><a href=\"https:\/\/www.2beauty.com.br\/blog\/wp-content\/uploads\/2016\/06\/qdb5.jpg\"><img loading=\"lazy\" decoding=\"async\" class=\"alignnone size-full wp-image-74461\" src=\"https:\/\/www.2beauty.com.br\/blog\/wp-content\/uploads\/2016\/06\/qdb5.jpg\" alt=\"qdb5\" width=\"720\" height=\"470\" srcset=\"https:\/\/www.2beauty.com.br\/blog\/wp-content\/uploads\/2016\/06\/qdb5.jpg 720w, https:\/\/www.2beauty.com.br\/blog\/wp-content\/uploads\/2016\/06\/qdb5-580x378.jpg 580w, https:\/\/www.2beauty.com.br\/blog\/wp-content\/uploads\/2016\/06\/qdb5-620x404.jpg 620w\" sizes=\"(max-width: 720px) 100vw, 720px\" \/><\/a><\/strong><\/p>\n<p style=\"text-align: center\"><strong> <a href=\"https:\/\/www.2beauty.com.br\/blog\/wp-content\/uploads\/2016\/06\/qdb6.jpg\"><img loading=\"lazy\" decoding=\"async\" class=\"alignnone size-full wp-image-74462\" src=\"https:\/\/www.2beauty.com.br\/blog\/wp-content\/uploads\/2016\/06\/qdb6.jpg\" alt=\"qdb6\" width=\"720\" height=\"470\" srcset=\"https:\/\/www.2beauty.com.br\/blog\/wp-content\/uploads\/2016\/06\/qdb6.jpg 720w, https:\/\/www.2beauty.com.br\/blog\/wp-content\/uploads\/2016\/06\/qdb6-580x378.jpg 580w, https:\/\/www.2beauty.com.br\/blog\/wp-content\/uploads\/2016\/06\/qdb6-620x404.jpg 620w\" sizes=\"(max-width: 720px) 100vw, 720px\" \/><\/a><\/strong><\/p>\n<p style=\"text-align: center\"><strong>Ingredientes e amostrinhas dos tons #5, #6 e #7<\/strong><\/p>\n<p>Achei a variedade da linha boa, pois s\u00e3o 10 cores que v\u00e3o desde o branco palmito at\u00e9 o marrom bombom.<\/p>\n<p>Recebi todas os 10 tons via assessoria de imprensa e como sou uma s\u00f3, fiquei com algumas cores (#5, #6 e #7) e separei o restante para os desapegos do blog.<\/p>\n<blockquote><p>#5 e #6 s\u00e3o cores de tonalidade m\u00e9dia, a diferen\u00e7a \u00e9 que #5 \u00e9 mais amarelada e #6 \u00e9 mais rosada. J\u00e1 o tom #7 \u00e9 m\u00e9dio mais escurinho \/ bronzeado.<\/p><\/blockquote>\n<p>Nas fotos abaixo, estou usando uma mistura de duas partes da base cor #5 com uma parte da base cor #6.<\/p>\n<p style=\"text-align: center\"><strong><a href=\"https:\/\/www.2beauty.com.br\/blog\/wp-content\/uploads\/2016\/06\/qdb9.jpg\"><img loading=\"lazy\" decoding=\"async\" class=\"alignnone size-full wp-image-74463\" src=\"https:\/\/www.2beauty.com.br\/blog\/wp-content\/uploads\/2016\/06\/qdb9.jpg\" alt=\"qdb9\" width=\"720\" height=\"470\" srcset=\"https:\/\/www.2beauty.com.br\/blog\/wp-content\/uploads\/2016\/06\/qdb9.jpg 720w, https:\/\/www.2beauty.com.br\/blog\/wp-content\/uploads\/2016\/06\/qdb9-580x378.jpg 580w, https:\/\/www.2beauty.com.br\/blog\/wp-content\/uploads\/2016\/06\/qdb9-620x404.jpg 620w\" sizes=\"(max-width: 720px) 100vw, 720px\" \/><\/a><\/strong><\/p>\n<p style=\"text-align: center\"><strong>Pele ao natural e coberta pela base<\/strong><\/p>\n<p>Quanto \u00e0 textura, a nova base de Quem Disse, Berenice? \u00e9 um pouco mais encorpada do que bases de cobertura leve ou m\u00e9dia, mas n\u00e3o \u00e9 t\u00e3o pesada quanto outras bases de alta cobertura.<\/p>\n<p>O produto espalhou bem, exceto pelas laterais do meu nariz e p\u00e1lpebra.<\/p>\n<blockquote><p>Nessas \u00e1reas, a base acumulou bastante nos poros e dobrinhas. Mesmo esfumando muito, primeiro com um pincel kabuki flat top e depois com os dedos, ainda ficou meio marcado (vide fotos).<\/p><\/blockquote>\n<p>Isso j\u00e1 me aconteceu com outros produtos. Acho que \u00e9 por conta da f\u00f3rmula, porque a textura da base \u00e9 boa e rola um tempinho at\u00e9 que ela seque por completo.<\/p>\n<p style=\"text-align: center\"><strong><a href=\"https:\/\/www.2beauty.com.br\/blog\/wp-content\/uploads\/2016\/06\/qdb10.jpg\"><img loading=\"lazy\" decoding=\"async\" class=\"alignnone size-full wp-image-74464\" src=\"https:\/\/www.2beauty.com.br\/blog\/wp-content\/uploads\/2016\/06\/qdb10.jpg\" alt=\"qdb10\" width=\"720\" height=\"470\" srcset=\"https:\/\/www.2beauty.com.br\/blog\/wp-content\/uploads\/2016\/06\/qdb10.jpg 720w, https:\/\/www.2beauty.com.br\/blog\/wp-content\/uploads\/2016\/06\/qdb10-580x378.jpg 580w, https:\/\/www.2beauty.com.br\/blog\/wp-content\/uploads\/2016\/06\/qdb10-620x404.jpg 620w\" sizes=\"(max-width: 720px) 100vw, 720px\" \/><\/a><\/strong><\/p>\n<p style=\"text-align: center\"><strong>Close-up acabamento<\/strong><\/p>\n<blockquote><p>Quanto ao acabamento, a base fica com um toque mais aveludado depois que ela assenta sobre a pele.<\/p>\n<p>A sensa\u00e7\u00e3o no rosto \u00e9 confort\u00e1vel, ent\u00e3o diria que o efeito \u00e9 matte sem ser &#8220;seco&#8221;.<\/p><\/blockquote>\n<p>E a cobertura?<\/p>\n<p>Achei que ela est\u00e1 mais para m\u00e9dia potente do que para alta.<\/p>\n<p>Pro meu caso, \u00e9 mais do que suficiente! Mas se voc\u00ea tem muitas manchas ou olheiras super escuras, talvez fique desapontada quanto a esse aspecto.<\/p>\n<p>Quem quiser ver a base &#8220;em movimento&#8221;, <a href=\"https:\/\/www.youtube.com\/watch?v=oOh17tyYb58\" target=\"_blank\">clica aqui para assistir o \u00faltimo v\u00eddeo de recebidos<\/a>, porque filmei usando ela (+ um pouco de p\u00f3 na Zona T\u00a0 e corretivo nas olheiras).<\/p>\n<p style=\"text-align: center\"><a href=\"https:\/\/www.2beauty.com.br\/blog\/wp-content\/uploads\/2016\/06\/qdb11.jpg\"><img loading=\"lazy\" decoding=\"async\" class=\"alignnone size-full wp-image-74469\" src=\"https:\/\/www.2beauty.com.br\/blog\/wp-content\/uploads\/2016\/06\/qdb11.jpg\" alt=\"qdb11\" width=\"720\" height=\"332\" srcset=\"https:\/\/www.2beauty.com.br\/blog\/wp-content\/uploads\/2016\/06\/qdb11.jpg 720w, https:\/\/www.2beauty.com.br\/blog\/wp-content\/uploads\/2016\/06\/qdb11-580x267.jpg 580w, https:\/\/www.2beauty.com.br\/blog\/wp-content\/uploads\/2016\/06\/qdb11-620x285.jpg 620w\" sizes=\"(max-width: 720px) 100vw, 720px\" \/><\/a><\/p>\n<p style=\"text-align: center\"><strong>Teste de transfer\u00eancia<\/strong><\/p>\n<p style=\"text-align: center\"><strong><a href=\"https:\/\/www.2beauty.com.br\/blog\/wp-content\/uploads\/2016\/06\/qdb8.jpg\"><img loading=\"lazy\" decoding=\"async\" class=\"alignnone size-full wp-image-74466\" src=\"https:\/\/www.2beauty.com.br\/blog\/wp-content\/uploads\/2016\/06\/qdb8.jpg\" alt=\"qdb8\" width=\"720\" height=\"470\" srcset=\"https:\/\/www.2beauty.com.br\/blog\/wp-content\/uploads\/2016\/06\/qdb8.jpg 720w, https:\/\/www.2beauty.com.br\/blog\/wp-content\/uploads\/2016\/06\/qdb8-580x378.jpg 580w, https:\/\/www.2beauty.com.br\/blog\/wp-content\/uploads\/2016\/06\/qdb8-620x404.jpg 620w\" sizes=\"(max-width: 720px) 100vw, 720px\" \/><\/a><\/strong><\/p>\n<p style=\"text-align: center\"><strong>Maquiagem completa<br \/>\n<\/strong><\/p>\n<p style=\"text-align: left\">Logo depois de aplicada e seca, a base transfere pouco (vide teste do lencinho).<\/p>\n<blockquote>\n<p style=\"text-align: left\">Com o passar do dia e o surgimento do brilho na pele \/ contato com comida ou bebida, a transfer\u00eancia em guardanapos e afins \u00e9 mais alta, mas n\u00e3o \u00e9 nada absurdo ou fora do comum.<\/p>\n<\/blockquote>\n<p style=\"text-align: left\">Minha pele \u00e9 mista e est\u00e1 fazendo muito frio por aqui, ent\u00e3o n\u00e3o posso comentar definitivamente sobre a fixa\u00e7\u00e3o do produto.<\/p>\n<p style=\"text-align: left\">O que posso dizer \u00e9 que ela se portou muito bem nesses dias de inverno.<\/p>\n<p style=\"text-align: left\">Depois de mais de oito horas maquiada, a cobertura se manteve impec\u00e1vel e, fora um pouco de brilho no meu nariz, o resto da pele continuava sequinha.<\/p>\n<p style=\"text-align: left\">No calor do ver\u00e3o, as coisas podem mudar&#8230;<\/p>\n<p style=\"text-align: center\"><strong><a href=\"https:\/\/www.2beauty.com.br\/blog\/wp-content\/uploads\/2016\/06\/qdb7.jpg\"><img loading=\"lazy\" decoding=\"async\" class=\"alignnone size-full wp-image-74465\" src=\"https:\/\/www.2beauty.com.br\/blog\/wp-content\/uploads\/2016\/06\/qdb7.jpg\" alt=\"qdb7\" width=\"720\" height=\"470\" srcset=\"https:\/\/www.2beauty.com.br\/blog\/wp-content\/uploads\/2016\/06\/qdb7.jpg 720w, https:\/\/www.2beauty.com.br\/blog\/wp-content\/uploads\/2016\/06\/qdb7-580x378.jpg 580w, https:\/\/www.2beauty.com.br\/blog\/wp-content\/uploads\/2016\/06\/qdb7-620x404.jpg 620w\" sizes=\"(max-width: 720px) 100vw, 720px\" \/><\/a><\/strong><\/p>\n<p style=\"text-align: center\"><strong>Maquiagem sem retoques ao final do dia<\/strong><\/p>\n<p><strong>Resumindo:<\/strong><\/p>\n<blockquote><p>A cobertura est\u00e1 mais para &#8220;m\u00e9dia potente&#8221; do que para alta e o produto pode acumular nos poros como aconteceu comigo, mas, no geral, \u00e9 uma base que transfere pouco e que mant\u00e9m a cobertura por horas.<\/p>\n<p>Fora isso, \u00e9 sequinha sem ser desconfort\u00e1vel ou ter aspecto artificial e pesado.<\/p><\/blockquote>\n<div id=\"resenha\">\n<p><span class=\"titresenha\">Detalhes da nota:<\/span><\/p>\n<div class=\"notas\">Textura\/Aplica\u00e7\u00e3o: 4\/5<br \/>\nCobertura\/Pigmenta\u00e7\u00e3o: 4\/5<br \/>\nFixa\u00e7\u00e3o: 5\/5<br \/>\nPre\u00e7o: 3\/5<br \/>\nApresenta\u00e7\u00e3o: 3\/5<br \/>\nRela\u00e7\u00e3o Realidade x Descri\u00e7\u00e3o Oficial: 3\/5<br \/>\n<span class=\"media\">M\u00e9dia: 3,6<br \/>\n<\/span><\/div>\n<p>Para visualizar a lista completa de crit\u00e9rios e notas, <a href=\"https:\/\/www.2beauty.com.br\/blog\/images\/avaliacao.gif\" target=\"_blank\">clique aqui<\/a>.<\/p>\n<\/div>\n","protected":false},"excerpt":{"rendered":"<p>3,6 estrelinhas No geral, \u00e9 uma base ok, mas a cobertura n\u00e3o \u00e9 t\u00e3o alta assim e pegou de forma estranha em algumas \u00e1reas do meu rosto. A descri\u00e7\u00e3o diz o seguinte: A base alta cobertura possui vitamina com a\u00e7\u00e3o antioxidante e ainda FPS 15 que a ajuda a proteger a pele da radia\u00e7\u00e3o solar. Al\u00e9m de ingredientes especiais que absorvem a oleosidade, n\u00e3o obstrui os poros e deixa a pele com aquele toque aveludado. Alta cobertura, efeito mate, longa dura\u00e7\u00e3o, n\u00e3o transfere, resistente a \u00e1gua e ao suor. Manchinhas de base na roupa? Nunca mais! Sabe quando estamos com a pele pronta e o celular toca? Da aquele medo de deixar a maquiagem toda no telefone, ou quando voc\u00ea mancha toda a camisa branquinha de base? A nova base alta cobertura tem tecnologia no transfer e n\u00e3o deixa manchinhas por ai, pra isso espere a absor\u00e7\u00e3o total do produto. Voc\u00ea nem vai precisar de filtro nas suas fotos! A base est\u00e1 dispon\u00edvel em 10 tons que podem ser adquiridos nas lojas ou no site da marca por R$61,90 reais cada. Ingredientes e amostrinhas dos tons #5, #6 e #7 Achei a variedade da linha boa, pois s\u00e3o 10 cores que v\u00e3o desde o branco palmito at\u00e9 o marrom bombom. Recebi todas os 10 tons via assessoria de imprensa e como sou uma s\u00f3, fiquei com algumas cores (#5, #6 e #7) e separei o restante para os desapegos do blog. #5 e #6 s\u00e3o cores de tonalidade m\u00e9dia, a diferen\u00e7a \u00e9 que #5 \u00e9 mais amarelada e #6 \u00e9 mais rosada. J\u00e1 o tom #7 \u00e9 m\u00e9dio mais escurinho \/ bronzeado. Nas fotos abaixo, estou usando uma mistura de duas partes da base cor #5 com uma parte da base cor #6. Pele ao natural e coberta pela base Quanto \u00e0 textura, a nova base de Quem Disse, Berenice? \u00e9 um pouco mais encorpada do que bases de cobertura leve ou m\u00e9dia, mas n\u00e3o \u00e9 t\u00e3o pesada quanto outras bases de alta cobertura. O produto espalhou bem, exceto pelas laterais do meu nariz e p\u00e1lpebra. Nessas \u00e1reas, a base acumulou bastante nos poros e dobrinhas. Mesmo esfumando muito, primeiro com um pincel kabuki flat top e depois com os dedos, ainda ficou meio marcado (vide fotos). Isso j\u00e1 me aconteceu com outros produtos. Acho que \u00e9 por conta da f\u00f3rmula, porque a textura da base \u00e9 boa e rola um tempinho at\u00e9 que ela seque por completo. Close-up acabamento Quanto ao acabamento, a base fica com um toque mais aveludado depois que ela assenta sobre a pele. A sensa\u00e7\u00e3o no rosto \u00e9 confort\u00e1vel, ent\u00e3o diria que o efeito \u00e9 matte sem ser &#8220;seco&#8221;. E a cobertura? Achei que ela est\u00e1 mais para m\u00e9dia potente do que para alta. Pro meu caso, \u00e9 mais do que suficiente! Mas se voc\u00ea tem muitas manchas ou olheiras super escuras, talvez fique desapontada quanto a esse aspecto. Quem quiser ver a base &#8220;em movimento&#8221;, clica aqui para assistir o \u00faltimo v\u00eddeo de recebidos, porque filmei usando ela (+ um pouco de p\u00f3 na Zona T\u00a0 e corretivo nas olheiras). Teste de transfer\u00eancia Maquiagem completa Logo depois de aplicada e seca, a base transfere pouco (vide teste do lencinho). Com o passar do dia e o surgimento do brilho na pele \/ contato com comida ou bebida, a transfer\u00eancia em guardanapos e afins \u00e9 mais alta, mas n\u00e3o \u00e9 nada absurdo ou fora do comum. Minha pele \u00e9 mista e est\u00e1 fazendo muito frio por aqui, ent\u00e3o n\u00e3o posso comentar definitivamente sobre a fixa\u00e7\u00e3o do produto. O que posso dizer \u00e9 que ela se portou muito bem nesses dias de inverno. Depois de mais de oito horas maquiada, a cobertura se manteve impec\u00e1vel e, fora um pouco de brilho no meu nariz, o resto da pele continuava sequinha. No calor do ver\u00e3o, as coisas podem mudar&#8230; Maquiagem sem retoques ao final do dia Resumindo: A cobertura est\u00e1 mais para &#8220;m\u00e9dia potente&#8221; do que para alta e o produto pode acumular nos poros como aconteceu comigo, mas, no geral, \u00e9 uma base que transfere pouco e que mant\u00e9m a cobertura por horas. Fora isso, \u00e9 sequinha sem ser desconfort\u00e1vel ou ter aspecto artificial e pesado. Detalhes da nota: Textura\/Aplica\u00e7\u00e3o: 4\/5 Cobertura\/Pigmenta\u00e7\u00e3o: 4\/5 Fixa\u00e7\u00e3o: 5\/5 Pre\u00e7o: 3\/5 Apresenta\u00e7\u00e3o: 3\/5 Rela\u00e7\u00e3o Realidade x Descri\u00e7\u00e3o Oficial: 3\/5 M\u00e9dia: 3,6 Para visualizar a lista completa de crit\u00e9rios e notas, clique aqui.<\/p>\n","protected":false},"author":1,"featured_media":74457,"comment_status":"open","ping_status":"open","sticky":false,"template":"","format":"standard","meta":{"_uag_custom_page_level_css":"","footnotes":""},"categories":[84],"tags":[4110,4088,2882,4128],"class_list":["post-74456","post","type-post","status-publish","format-standard","has-post-thumbnail","hentry","category-maquiagem","tag-base","tag-maquiagem","tag-quem-disse-berenice","tag-resenhas"],"uagb_featured_image_src":{"full":["https:\/\/www.2beauty.com.br\/blog\/wp-content\/uploads\/2016\/06\/qdb1.jpg",720,470,false],"thumbnail":["https:\/\/www.2beauty.com.br\/blog\/wp-content\/uploads\/2016\/06\/qdb1-300x250.jpg",300,250,true],"medium":["https:\/\/www.2beauty.com.br\/blog\/wp-content\/uploads\/2016\/06\/qdb1-580x379.jpg",580,379,true],"medium_large":["https:\/\/www.2beauty.com.br\/blog\/wp-content\/uploads\/2016\/06\/qdb1.jpg",720,470,false],"large":["https:\/\/www.2beauty.com.br\/blog\/wp-content\/uploads\/2016\/06\/qdb1-620x405.jpg",620,405,true],"1536x1536":["https:\/\/www.2beauty.com.br\/blog\/wp-content\/uploads\/2016\/06\/qdb1.jpg",720,470,false],"2048x2048":["https:\/\/www.2beauty.com.br\/blog\/wp-content\/uploads\/2016\/06\/qdb1.jpg",720,470,false],"ashe-slider-grid-thumbnail":["https:\/\/www.2beauty.com.br\/blog\/wp-content\/uploads\/2016\/06\/qdb1.jpg",720,470,false],"ashe-full-thumbnail":["https:\/\/www.2beauty.com.br\/blog\/wp-content\/uploads\/2016\/06\/qdb1.jpg",720,470,false],"ashe-grid-thumbnail":["https:\/\/www.2beauty.com.br\/blog\/wp-content\/uploads\/2016\/06\/qdb1.jpg",500,326,false],"ashe-list-thumbnail":["https:\/\/www.2beauty.com.br\/blog\/wp-content\/uploads\/2016\/06\/qdb1.jpg",300,196,false],"ashe-single-navigation":["https:\/\/www.2beauty.com.br\/blog\/wp-content\/uploads\/2016\/06\/qdb1.jpg",75,49,false]},"uagb_author_info":{"display_name":"Marina Smith","author_link":"https:\/\/www.2beauty.com.br\/blog\/author\/marinasmith\/"},"uagb_comment_info":29,"uagb_excerpt":"3,6 estrelinhas No geral, \u00e9 uma base ok, mas a cobertura n\u00e3o \u00e9 t\u00e3o alta assim e pegou de forma estranha em algumas \u00e1reas do meu rosto. A descri\u00e7\u00e3o diz o seguinte: A base alta cobertura possui vitamina com a\u00e7\u00e3o antioxidante e ainda FPS 15 que a ajuda a proteger a pele da radia\u00e7\u00e3o solar.&hellip;","acf":[],"_links":{"self":[{"href":"https:\/\/www.2beauty.com.br\/blog\/wp-json\/wp\/v2\/posts\/74456","targetHints":{"allow":["GET"]}}],"collection":[{"href":"https:\/\/www.2beauty.com.br\/blog\/wp-json\/wp\/v2\/posts"}],"about":[{"href":"https:\/\/www.2beauty.com.br\/blog\/wp-json\/wp\/v2\/types\/post"}],"author":[{"embeddable":true,"href":"https:\/\/www.2beauty.com.br\/blog\/wp-json\/wp\/v2\/users\/1"}],"replies":[{"embeddable":true,"href":"https:\/\/www.2beauty.com.br\/blog\/wp-json\/wp\/v2\/comments?post=74456"}],"version-history":[{"count":0,"href":"https:\/\/www.2beauty.com.br\/blog\/wp-json\/wp\/v2\/posts\/74456\/revisions"}],"wp:featuredmedia":[{"embeddable":true,"href":"https:\/\/www.2beauty.com.br\/blog\/wp-json\/wp\/v2\/media\/74457"}],"wp:attachment":[{"href":"https:\/\/www.2beauty.com.br\/blog\/wp-json\/wp\/v2\/media?parent=74456"}],"wp:term":[{"taxonomy":"category","embeddable":true,"href":"https:\/\/www.2beauty.com.br\/blog\/wp-json\/wp\/v2\/categories?post=74456"},{"taxonomy":"post_tag","embeddable":true,"href":"https:\/\/www.2beauty.com.br\/blog\/wp-json\/wp\/v2\/tags?post=74456"}],"curies":[{"name":"wp","href":"https:\/\/api.w.org\/{rel}","templated":true}]}}