{"id":74388,"date":"2016-06-09T12:00:58","date_gmt":"2016-06-09T14:00:58","guid":{"rendered":"https:\/\/www.2beauty.com.br\/blog\/?p=74388"},"modified":"2019-02-15T16:10:13","modified_gmt":"2019-02-15T18:10:13","slug":"resenha-pincel-pro-duo-fibras-de-natura-una","status":"publish","type":"post","link":"https:\/\/www.2beauty.com.br\/blog\/2016\/06\/resenha-pincel-pro-duo-fibras-de-natura-una\/","title":{"rendered":"Resenha: Pincel Pro Duo Fibras de Natura Una"},"content":{"rendered":"<p><a href=\"https:\/\/www.2beauty.com.br\/blog\/wp-content\/uploads\/2016\/06\/natura11.jpg\"><img fetchpriority=\"high\" decoding=\"async\" class=\"size-full wp-image-74363 aligncenter\" src=\"https:\/\/www.2beauty.com.br\/blog\/wp-content\/uploads\/2016\/06\/natura11.jpg\" alt=\"natura1\" width=\"720\" height=\"470\" srcset=\"https:\/\/www.2beauty.com.br\/blog\/wp-content\/uploads\/2016\/06\/natura11.jpg 720w, https:\/\/www.2beauty.com.br\/blog\/wp-content\/uploads\/2016\/06\/natura11-580x378.jpg 580w, https:\/\/www.2beauty.com.br\/blog\/wp-content\/uploads\/2016\/06\/natura11-620x404.jpg 620w\" sizes=\"(max-width: 720px) 100vw, 720px\" \/><\/a><\/p>\n<p style=\"text-align: center\"><img decoding=\"async\" style=\"width: 30px;height: 30px\" title=\"Star\" src=\"https:\/\/www.2beauty.com.br\/blog\/images\/star.gif\" alt=\"Star\" width=\"30\" height=\"30\" align=\"top\" border=\"0\" \/><img decoding=\"async\" style=\"width: 30px;height: 30px\" title=\"Star\" src=\"https:\/\/www.2beauty.com.br\/blog\/images\/star.gif\" alt=\"Star\" width=\"30\" height=\"30\" align=\"top\" border=\"0\" \/><img decoding=\"async\" style=\"width: 30px;height: 30px\" title=\"Star\" src=\"https:\/\/www.2beauty.com.br\/blog\/images\/star.gif\" alt=\"Star\" width=\"30\" height=\"30\" align=\"top\" border=\"0\" \/><img decoding=\"async\" style=\"width: 30px;height: 30px\" title=\"Star\" src=\"https:\/\/www.2beauty.com.br\/blog\/images\/star3.gif\" alt=\"Star\" width=\"30\" height=\"30\" align=\"top\" border=\"0\" \/><img loading=\"lazy\" decoding=\"async\" style=\"width: 30px;height: 30px\" title=\"Star\" src=\"https:\/\/www.2beauty.com.br\/blog\/images\/star2.gif\" alt=\"Star\" width=\"30\" height=\"30\" align=\"top\" border=\"0\" \/><\/p>\n<p style=\"text-align: center\"><strong>3,6 estrelinhas<\/strong><\/p>\n<p>D\u00e1 pra chamar de &#8220;duo fibra&#8221; se s\u00f3 tem um tipo de cerda?<\/p>\n<p><strong>A descri\u00e7\u00e3o diz o seguinte:<\/strong><\/p>\n<blockquote><p>Duas camadas de cerdas, com pelos curtos e compridos, deposita pouco produto na pele, possibilitando acabamento super natura. Ideal para aplica\u00e7\u00e3o de bases l\u00edquidas, p\u00f3 e blush.<\/p>\n<p>Benef\u00edcios: Cerdas macias para uma aplica\u00e7\u00e3o suave e identifica\u00e7\u00e3o no cabo.<\/p><\/blockquote>\n<p>O pincel <a href=\"https:\/\/rede.natura.net\/espaco\/pincel-pro-duo-fibras-una-58406#detalhe-sobre-o-produto\" target=\"_blank\">custa R$56,90 reais e pode ser adquirido no site da marca<\/a> ou atrav\u00e9s de representantes Natura.<\/p>\n<p style=\"text-align: center\"><strong><a href=\"https:\/\/www.2beauty.com.br\/blog\/wp-content\/uploads\/2016\/06\/natura21.jpg\"><img loading=\"lazy\" decoding=\"async\" class=\"alignnone size-full wp-image-74364\" src=\"https:\/\/www.2beauty.com.br\/blog\/wp-content\/uploads\/2016\/06\/natura21.jpg\" alt=\"natura2\" width=\"720\" height=\"470\" srcset=\"https:\/\/www.2beauty.com.br\/blog\/wp-content\/uploads\/2016\/06\/natura21.jpg 720w, https:\/\/www.2beauty.com.br\/blog\/wp-content\/uploads\/2016\/06\/natura21-580x378.jpg 580w, https:\/\/www.2beauty.com.br\/blog\/wp-content\/uploads\/2016\/06\/natura21-620x404.jpg 620w\" sizes=\"(max-width: 720px) 100vw, 720px\" \/><\/a><\/strong><\/p>\n<p style=\"text-align: center\"><strong> <a href=\"https:\/\/www.2beauty.com.br\/blog\/wp-content\/uploads\/2016\/06\/natura31.jpg\"><img loading=\"lazy\" decoding=\"async\" class=\"alignnone size-full wp-image-74365\" src=\"https:\/\/www.2beauty.com.br\/blog\/wp-content\/uploads\/2016\/06\/natura31.jpg\" alt=\"natura3\" width=\"720\" height=\"470\" srcset=\"https:\/\/www.2beauty.com.br\/blog\/wp-content\/uploads\/2016\/06\/natura31.jpg 720w, https:\/\/www.2beauty.com.br\/blog\/wp-content\/uploads\/2016\/06\/natura31-580x378.jpg 580w, https:\/\/www.2beauty.com.br\/blog\/wp-content\/uploads\/2016\/06\/natura31-620x404.jpg 620w\" sizes=\"(max-width: 720px) 100vw, 720px\" \/><\/a><\/strong><\/p>\n<p style=\"text-align: center\"><strong>Detalhes cabo e domo<\/strong><\/p>\n<p>O pincel da Natura tem corte reto e \u00e9 feito de cerdas sint\u00e9ticas muito macias. Algumas mais curtinhas, em marrom, e outras mais longas, em branco.<\/p>\n<p>Ele n\u00e3o soltou cerdas durante o banho, mas soltou duas ou tr\u00eas ao aplicar base.<\/p>\n<p>Seu modelo lembra o 187 da MAC \u00e0 primeira vista, mas o pincel importado tem um mix de cerdas naturais de pelo de cabra com cerdas sint\u00e9ticas.<\/p>\n<blockquote><p>N\u00e3o sei se \u00e9 a diferen\u00e7a de material ou a densidade, j\u00e1 que as cerdas dos dois tem praticamente a mesma altura, mas o pincel da Natura \u00e9 mais mole que o da MAC.<\/p><\/blockquote>\n<p>O domo dobra com bastante facilidade, o que dificulta um pouco a vida quando voc\u00ea est\u00e1 tentando esfumar base l\u00edquida, por exemplo.<\/p>\n<p>Ainda assim, a tarefa n\u00e3o \u00e9 imposs\u00edvel.<\/p>\n<p style=\"text-align: center\"><strong><a href=\"https:\/\/www.2beauty.com.br\/blog\/wp-content\/uploads\/2016\/06\/natura41.jpg\"><img loading=\"lazy\" decoding=\"async\" class=\"alignnone size-full wp-image-74366\" src=\"https:\/\/www.2beauty.com.br\/blog\/wp-content\/uploads\/2016\/06\/natura41.jpg\" alt=\"natura4\" width=\"720\" height=\"470\" srcset=\"https:\/\/www.2beauty.com.br\/blog\/wp-content\/uploads\/2016\/06\/natura41.jpg 720w, https:\/\/www.2beauty.com.br\/blog\/wp-content\/uploads\/2016\/06\/natura41-580x379.jpg 580w, https:\/\/www.2beauty.com.br\/blog\/wp-content\/uploads\/2016\/06\/natura41-620x405.jpg 620w\" sizes=\"(max-width: 720px) 100vw, 720px\" \/><\/a><\/strong><\/p>\n<p style=\"text-align: center\"><strong>Pincel x rosto<\/strong><\/p>\n<p>A descri\u00e7\u00e3o diz que este modelo pode ser usado para aplica\u00e7\u00e3o de base, p\u00f3 e blush.<\/p>\n<p>Para base e p\u00f3 facial, achei o tamanho bacana. Para blush, \u00e9 um tanto grande&#8230;<\/p>\n<p>Das tr\u00eas op\u00e7\u00f5es, gostei mais dele para a aplica\u00e7\u00e3o de p\u00f3.<\/p>\n<p>Ele aplica pouca quantidade por vez e d\u00e1 um aspecto mais leve \u00e0 maquiagem.<\/p>\n<p>Se voc\u00ea quer mais cobertura com menos pinceladas, melhor optar por um kabuki.<\/p>\n<p><strong>Resumindo:<\/strong><\/p>\n<blockquote><p>\u00c9 um pincel meio mole e que n\u00e3o tem &#8220;duo&#8221; de cerdas como diz a descri\u00e7\u00e3o.<\/p>\n<p>Se voc\u00ea est\u00e1 em busca de um modelo macio que aplique p\u00f3 facial de maneira suave, ele n\u00e3o faz feio.<\/p>\n<p>No caso da base, o fato dele ser mole pode atrapalhar um pouco na hora de esfumar o produto.<\/p><\/blockquote>\n<div id=\"resenha\">\n<p><span class=\"titresenha\">Detalhes da nota:<\/span><\/p>\n<div class=\"notas\">Maciez: 5\/5<\/div>\n<div class=\"notas\">Efici\u00eancia: 3\/5<\/div>\n<div class=\"notas\">Tamanho\/Corte: 4\/5<\/div>\n<div class=\"notas\">Pre\u00e7o: 3\/5<\/div>\n<div class=\"notas\">Apresenta\u00e7\u00e3o: 3\/5<\/div>\n<div class=\"notas\"><span class=\"media\">M\u00e9dia: 3,6<br \/>\n<\/span><\/div>\n<\/div>\n","protected":false},"excerpt":{"rendered":"<p>3,6 estrelinhas D\u00e1 pra chamar de &#8220;duo fibra&#8221; se s\u00f3 tem um tipo de cerda? A descri\u00e7\u00e3o diz o seguinte: Duas camadas de cerdas, com pelos curtos e compridos, deposita pouco produto na pele, possibilitando acabamento super natura. Ideal para aplica\u00e7\u00e3o de bases l\u00edquidas, p\u00f3 e blush. Benef\u00edcios: Cerdas macias para uma aplica\u00e7\u00e3o suave e identifica\u00e7\u00e3o no cabo. O pincel custa R$56,90 reais e pode ser adquirido no site da marca ou atrav\u00e9s de representantes Natura. Detalhes cabo e domo O pincel da Natura tem corte reto e \u00e9 feito de cerdas sint\u00e9ticas muito macias. Algumas mais curtinhas, em marrom, e outras mais longas, em branco. Ele n\u00e3o soltou cerdas durante o banho, mas soltou duas ou tr\u00eas ao aplicar base. Seu modelo lembra o 187 da MAC \u00e0 primeira vista, mas o pincel importado tem um mix de cerdas naturais de pelo de cabra com cerdas sint\u00e9ticas. N\u00e3o sei se \u00e9 a diferen\u00e7a de material ou a densidade, j\u00e1 que as cerdas dos dois tem praticamente a mesma altura, mas o pincel da Natura \u00e9 mais mole que o da MAC. O domo dobra com bastante facilidade, o que dificulta um pouco a vida quando voc\u00ea est\u00e1 tentando esfumar base l\u00edquida, por exemplo. Ainda assim, a tarefa n\u00e3o \u00e9 imposs\u00edvel. Pincel x rosto A descri\u00e7\u00e3o diz que este modelo pode ser usado para aplica\u00e7\u00e3o de base, p\u00f3 e blush. Para base e p\u00f3 facial, achei o tamanho bacana. Para blush, \u00e9 um tanto grande&#8230; Das tr\u00eas op\u00e7\u00f5es, gostei mais dele para a aplica\u00e7\u00e3o de p\u00f3. Ele aplica pouca quantidade por vez e d\u00e1 um aspecto mais leve \u00e0 maquiagem. Se voc\u00ea quer mais cobertura com menos pinceladas, melhor optar por um kabuki. Resumindo: \u00c9 um pincel meio mole e que n\u00e3o tem &#8220;duo&#8221; de cerdas como diz a descri\u00e7\u00e3o. Se voc\u00ea est\u00e1 em busca de um modelo macio que aplique p\u00f3 facial de maneira suave, ele n\u00e3o faz feio. No caso da base, o fato dele ser mole pode atrapalhar um pouco na hora de esfumar o produto. Detalhes da nota: Maciez: 5\/5 Efici\u00eancia: 3\/5 Tamanho\/Corte: 4\/5 Pre\u00e7o: 3\/5 Apresenta\u00e7\u00e3o: 3\/5 M\u00e9dia: 3,6<\/p>\n","protected":false},"author":1,"featured_media":74366,"comment_status":"open","ping_status":"open","sticky":false,"template":"","format":"standard","meta":{"_uag_custom_page_level_css":"","footnotes":""},"categories":[84],"tags":[4088,365,4122,4128],"class_list":["post-74388","post","type-post","status-publish","format-standard","has-post-thumbnail","hentry","category-maquiagem","tag-maquiagem","tag-natura","tag-pinceis","tag-resenhas"],"uagb_featured_image_src":{"full":["https:\/\/www.2beauty.com.br\/blog\/wp-content\/uploads\/2016\/06\/natura41.jpg",720,470,false],"thumbnail":["https:\/\/www.2beauty.com.br\/blog\/wp-content\/uploads\/2016\/06\/natura41-300x250.jpg",300,250,true],"medium":["https:\/\/www.2beauty.com.br\/blog\/wp-content\/uploads\/2016\/06\/natura41-580x379.jpg",580,379,true],"medium_large":["https:\/\/www.2beauty.com.br\/blog\/wp-content\/uploads\/2016\/06\/natura41.jpg",720,470,false],"large":["https:\/\/www.2beauty.com.br\/blog\/wp-content\/uploads\/2016\/06\/natura41-620x405.jpg",620,405,true],"1536x1536":["https:\/\/www.2beauty.com.br\/blog\/wp-content\/uploads\/2016\/06\/natura41.jpg",720,470,false],"2048x2048":["https:\/\/www.2beauty.com.br\/blog\/wp-content\/uploads\/2016\/06\/natura41.jpg",720,470,false],"ashe-slider-grid-thumbnail":["https:\/\/www.2beauty.com.br\/blog\/wp-content\/uploads\/2016\/06\/natura41.jpg",720,470,false],"ashe-full-thumbnail":["https:\/\/www.2beauty.com.br\/blog\/wp-content\/uploads\/2016\/06\/natura41.jpg",720,470,false],"ashe-grid-thumbnail":["https:\/\/www.2beauty.com.br\/blog\/wp-content\/uploads\/2016\/06\/natura41.jpg",500,326,false],"ashe-list-thumbnail":["https:\/\/www.2beauty.com.br\/blog\/wp-content\/uploads\/2016\/06\/natura41.jpg",300,196,false],"ashe-single-navigation":["https:\/\/www.2beauty.com.br\/blog\/wp-content\/uploads\/2016\/06\/natura41.jpg",75,49,false]},"uagb_author_info":{"display_name":"Marina Smith","author_link":"https:\/\/www.2beauty.com.br\/blog\/author\/marinasmith\/"},"uagb_comment_info":9,"uagb_excerpt":"3,6 estrelinhas D\u00e1 pra chamar de &#8220;duo fibra&#8221; se s\u00f3 tem um tipo de cerda? A descri\u00e7\u00e3o diz o seguinte: Duas camadas de cerdas, com pelos curtos e compridos, deposita pouco produto na pele, possibilitando acabamento super natura. Ideal para aplica\u00e7\u00e3o de bases l\u00edquidas, p\u00f3 e blush. Benef\u00edcios: Cerdas macias para uma aplica\u00e7\u00e3o suave e&hellip;","acf":[],"_links":{"self":[{"href":"https:\/\/www.2beauty.com.br\/blog\/wp-json\/wp\/v2\/posts\/74388","targetHints":{"allow":["GET"]}}],"collection":[{"href":"https:\/\/www.2beauty.com.br\/blog\/wp-json\/wp\/v2\/posts"}],"about":[{"href":"https:\/\/www.2beauty.com.br\/blog\/wp-json\/wp\/v2\/types\/post"}],"author":[{"embeddable":true,"href":"https:\/\/www.2beauty.com.br\/blog\/wp-json\/wp\/v2\/users\/1"}],"replies":[{"embeddable":true,"href":"https:\/\/www.2beauty.com.br\/blog\/wp-json\/wp\/v2\/comments?post=74388"}],"version-history":[{"count":0,"href":"https:\/\/www.2beauty.com.br\/blog\/wp-json\/wp\/v2\/posts\/74388\/revisions"}],"wp:featuredmedia":[{"embeddable":true,"href":"https:\/\/www.2beauty.com.br\/blog\/wp-json\/wp\/v2\/media\/74366"}],"wp:attachment":[{"href":"https:\/\/www.2beauty.com.br\/blog\/wp-json\/wp\/v2\/media?parent=74388"}],"wp:term":[{"taxonomy":"category","embeddable":true,"href":"https:\/\/www.2beauty.com.br\/blog\/wp-json\/wp\/v2\/categories?post=74388"},{"taxonomy":"post_tag","embeddable":true,"href":"https:\/\/www.2beauty.com.br\/blog\/wp-json\/wp\/v2\/tags?post=74388"}],"curies":[{"name":"wp","href":"https:\/\/api.w.org\/{rel}","templated":true}]}}