{"id":74375,"date":"2016-06-09T11:00:04","date_gmt":"2016-06-09T13:00:04","guid":{"rendered":"https:\/\/www.2beauty.com.br\/blog\/?p=74375"},"modified":"2019-02-15T16:10:13","modified_gmt":"2019-02-15T18:10:13","slug":"promo-15-off-frete-gratis","status":"publish","type":"post","link":"https:\/\/www.2beauty.com.br\/blog\/2016\/06\/promo-15-off-frete-gratis\/","title":{"rendered":"Promo: 15% OFF + frete gr\u00e1tis! *"},"content":{"rendered":"<p><a href=\"https:\/\/www.epocacosmeticos.com.br\/?utm_source=2beauty&amp;utm_medium=post&amp;utm_campaign=fretegratis\" target=\"_blank\"><img fetchpriority=\"high\" decoding=\"async\" class=\"size-full wp-image-74376 aligncenter\" src=\"https:\/\/www.2beauty.com.br\/blog\/wp-content\/uploads\/2016\/06\/2beauty_frete_blog.png\" alt=\"2beauty_frete_blog\" width=\"720\" height=\"400\" srcset=\"https:\/\/www.2beauty.com.br\/blog\/wp-content\/uploads\/2016\/06\/2beauty_frete_blog.png 720w, https:\/\/www.2beauty.com.br\/blog\/wp-content\/uploads\/2016\/06\/2beauty_frete_blog-580x322.png 580w, https:\/\/www.2beauty.com.br\/blog\/wp-content\/uploads\/2016\/06\/2beauty_frete_blog-620x344.png 620w\" sizes=\"(max-width: 720px) 100vw, 720px\" \/><\/a><\/p>\n<blockquote><p>At\u00e9 domingo, voc\u00ea pode usar o cupom do blog (2BEAUTY) para <a href=\"https:\/\/www.epocacosmeticos.com.br\/?utm_source=2beauty&amp;utm_medium=post&amp;utm_campaign=fretegratis\" target=\"_blank\">realizar suas compras no site da \u00c9poca Cosm\u00e9ticos e receber 15% de desconto + frete gr\u00e1tis<\/a> :)<\/p>\n<p>Regrinhas: N\u00e3o h\u00e1 pre\u00e7o m\u00ednimo para as compras e o cupom \u00e9 v\u00e1lido para todo site, exceto produtos Dior e dermocosm\u00e9ticos.<\/p><\/blockquote>\n<p style=\"text-align: center\">. . . . . . . . . . .<\/p>\n<p>* O blog recebe uma comiss\u00e3o sobre o valor das vendas realizadas atrav\u00e9s do programa de afiliados da \u00c9poca Cosm\u00e9ticos.<\/p>\n","protected":false},"excerpt":{"rendered":"<p>At\u00e9 domingo, voc\u00ea pode usar o cupom do blog (2BEAUTY) para realizar suas compras no site da \u00c9poca Cosm\u00e9ticos e receber 15% de desconto + frete gr\u00e1tis :) Regrinhas: N\u00e3o h\u00e1 pre\u00e7o m\u00ednimo para as compras e o cupom \u00e9 v\u00e1lido para todo site, exceto produtos Dior e dermocosm\u00e9ticos. . . . . . . . . . . . * O blog recebe uma comiss\u00e3o sobre o valor das vendas realizadas atrav\u00e9s do programa de afiliados da \u00c9poca Cosm\u00e9ticos.<\/p>\n","protected":false},"author":1,"featured_media":74376,"comment_status":"open","ping_status":"open","sticky":false,"template":"","format":"standard","meta":{"_uag_custom_page_level_css":"","footnotes":""},"categories":[1],"tags":[3486,4131],"class_list":["post-74375","post","type-post","status-publish","format-standard","has-post-thumbnail","hentry","category-geral","tag-epoca-cosmeticos","tag-promocoes-e-descontos"],"uagb_featured_image_src":{"full":["https:\/\/www.2beauty.com.br\/blog\/wp-content\/uploads\/2016\/06\/2beauty_frete_blog.png",720,400,false],"thumbnail":["https:\/\/www.2beauty.com.br\/blog\/wp-content\/uploads\/2016\/06\/2beauty_frete_blog-300x250.png",300,250,true],"medium":["https:\/\/www.2beauty.com.br\/blog\/wp-content\/uploads\/2016\/06\/2beauty_frete_blog-580x322.png",580,322,true],"medium_large":["https:\/\/www.2beauty.com.br\/blog\/wp-content\/uploads\/2016\/06\/2beauty_frete_blog.png",720,400,false],"large":["https:\/\/www.2beauty.com.br\/blog\/wp-content\/uploads\/2016\/06\/2beauty_frete_blog-620x344.png",620,344,true],"1536x1536":["https:\/\/www.2beauty.com.br\/blog\/wp-content\/uploads\/2016\/06\/2beauty_frete_blog.png",720,400,false],"2048x2048":["https:\/\/www.2beauty.com.br\/blog\/wp-content\/uploads\/2016\/06\/2beauty_frete_blog.png",720,400,false],"ashe-slider-grid-thumbnail":["https:\/\/www.2beauty.com.br\/blog\/wp-content\/uploads\/2016\/06\/2beauty_frete_blog.png",720,400,false],"ashe-full-thumbnail":["https:\/\/www.2beauty.com.br\/blog\/wp-content\/uploads\/2016\/06\/2beauty_frete_blog.png",720,400,false],"ashe-grid-thumbnail":["https:\/\/www.2beauty.com.br\/blog\/wp-content\/uploads\/2016\/06\/2beauty_frete_blog.png",500,278,false],"ashe-list-thumbnail":["https:\/\/www.2beauty.com.br\/blog\/wp-content\/uploads\/2016\/06\/2beauty_frete_blog.png",300,167,false],"ashe-single-navigation":["https:\/\/www.2beauty.com.br\/blog\/wp-content\/uploads\/2016\/06\/2beauty_frete_blog.png",75,42,false]},"uagb_author_info":{"display_name":"Marina Smith","author_link":"https:\/\/www.2beauty.com.br\/blog\/author\/marinasmith\/"},"uagb_comment_info":8,"uagb_excerpt":"At\u00e9 domingo, voc\u00ea pode usar o cupom do blog (2BEAUTY) para realizar suas compras no site da \u00c9poca Cosm\u00e9ticos e receber 15% de desconto + frete gr\u00e1tis :) Regrinhas: N\u00e3o h\u00e1 pre\u00e7o m\u00ednimo para as compras e o cupom \u00e9 v\u00e1lido para todo site, exceto produtos Dior e dermocosm\u00e9ticos. . . . . . .&hellip;","acf":[],"_links":{"self":[{"href":"https:\/\/www.2beauty.com.br\/blog\/wp-json\/wp\/v2\/posts\/74375","targetHints":{"allow":["GET"]}}],"collection":[{"href":"https:\/\/www.2beauty.com.br\/blog\/wp-json\/wp\/v2\/posts"}],"about":[{"href":"https:\/\/www.2beauty.com.br\/blog\/wp-json\/wp\/v2\/types\/post"}],"author":[{"embeddable":true,"href":"https:\/\/www.2beauty.com.br\/blog\/wp-json\/wp\/v2\/users\/1"}],"replies":[{"embeddable":true,"href":"https:\/\/www.2beauty.com.br\/blog\/wp-json\/wp\/v2\/comments?post=74375"}],"version-history":[{"count":0,"href":"https:\/\/www.2beauty.com.br\/blog\/wp-json\/wp\/v2\/posts\/74375\/revisions"}],"wp:featuredmedia":[{"embeddable":true,"href":"https:\/\/www.2beauty.com.br\/blog\/wp-json\/wp\/v2\/media\/74376"}],"wp:attachment":[{"href":"https:\/\/www.2beauty.com.br\/blog\/wp-json\/wp\/v2\/media?parent=74375"}],"wp:term":[{"taxonomy":"category","embeddable":true,"href":"https:\/\/www.2beauty.com.br\/blog\/wp-json\/wp\/v2\/categories?post=74375"},{"taxonomy":"post_tag","embeddable":true,"href":"https:\/\/www.2beauty.com.br\/blog\/wp-json\/wp\/v2\/tags?post=74375"}],"curies":[{"name":"wp","href":"https:\/\/api.w.org\/{rel}","templated":true}]}}