{"id":72932,"date":"2016-04-07T13:50:57","date_gmt":"2016-04-07T15:50:57","guid":{"rendered":"https:\/\/www.2beauty.com.br\/blog\/?p=72932"},"modified":"2019-02-15T16:10:17","modified_gmt":"2019-02-15T18:10:17","slug":"resenha-base-matte-tracta","status":"publish","type":"post","link":"https:\/\/www.2beauty.com.br\/blog\/2016\/04\/resenha-base-matte-tracta\/","title":{"rendered":"Resenha: Tracta Base Matte Alta Cobertura"},"content":{"rendered":"<p><a href=\"https:\/\/www.2beauty.com.br\/blog\/wp-content\/uploads\/2016\/04\/tracta1.jpg\"><img fetchpriority=\"high\" decoding=\"async\" class=\"size-full wp-image-72933 aligncenter\" src=\"https:\/\/www.2beauty.com.br\/blog\/wp-content\/uploads\/2016\/04\/tracta1.jpg\" alt=\"tracta1\" width=\"720\" height=\"470\" srcset=\"https:\/\/www.2beauty.com.br\/blog\/wp-content\/uploads\/2016\/04\/tracta1.jpg 720w, https:\/\/www.2beauty.com.br\/blog\/wp-content\/uploads\/2016\/04\/tracta1-580x379.jpg 580w, https:\/\/www.2beauty.com.br\/blog\/wp-content\/uploads\/2016\/04\/tracta1-620x405.jpg 620w\" sizes=\"(max-width: 720px) 100vw, 720px\" \/><\/a><\/p>\n<p style=\"text-align: center\"><img decoding=\"async\" style=\"width: 30px;height: 30px\" title=\"Star\" src=\"https:\/\/www.2beauty.com.br\/blog\/images\/star.gif\" alt=\"Star\" width=\"30\" height=\"30\" align=\"top\" border=\"0\" \/><img decoding=\"async\" style=\"width: 30px;height: 30px\" title=\"Star\" src=\"https:\/\/www.2beauty.com.br\/blog\/images\/star.gif\" alt=\"Star\" width=\"30\" height=\"30\" align=\"top\" border=\"0\" \/><img decoding=\"async\" style=\"width: 30px;height: 30px\" title=\"Star\" src=\"https:\/\/www.2beauty.com.br\/blog\/images\/star.gif\" alt=\"Star\" width=\"30\" height=\"30\" align=\"top\" border=\"0\" \/><img decoding=\"async\" style=\"width: 30px;height: 30px\" title=\"Star\" src=\"https:\/\/www.2beauty.com.br\/blog\/images\/star3.gif\" alt=\"Star\" width=\"30\" height=\"30\" align=\"top\" border=\"0\" \/><img loading=\"lazy\" decoding=\"async\" style=\"width: 30px;height: 30px\" title=\"Star\" src=\"https:\/\/www.2beauty.com.br\/blog\/images\/star2.gif\" alt=\"Star\" width=\"30\" height=\"30\" align=\"top\" border=\"0\" \/><\/p>\n<p style=\"text-align: center\"><strong>3,8 estrelinhas<\/strong><\/p>\n<p>A cobertura da Base Matte Tracta \u00e9 EXCELENTE, mas infelizmente a sensa\u00e7\u00e3o na pele \u00e9 pesada e o produto transfere bastante.<\/p>\n<p><strong>A descri\u00e7\u00e3o diz o seguinte:<\/strong><\/p>\n<blockquote><p>F\u00f3rmula rica, inovadora e exuberante que oferece uma aplica\u00e7\u00e3o com alta cobertura, uniformiza a pele e suaviza as imperfei\u00e7\u00f5es. Cont\u00e9m Vitamina E, um poderoso hidratante e anti oxidante que combate os radicais livres, oil free e secagem r\u00e1pida. Indicado para todos tipos de pele.<\/p>\n<p>Benef\u00edcios:<br \/>\nOil free<br \/>\nVitamina E<br \/>\nAlta Cobertura<br \/>\nSecagem R\u00e1pida<\/p><\/blockquote>\n<p>A bisnaga de 40g <a href=\"https:\/\/www.supergloss.com.br\/base-matte-tracta-p895\/\" target=\"_blank\">custa em torno de R$30,00 reais em lojas e sites de cosm\u00e9ticos<\/a>.<\/p>\n<p style=\"text-align: center\"><strong><a href=\"https:\/\/www.2beauty.com.br\/blog\/wp-content\/uploads\/2016\/04\/tracta2.jpg\"><img loading=\"lazy\" decoding=\"async\" class=\"alignnone size-full wp-image-72934\" src=\"https:\/\/www.2beauty.com.br\/blog\/wp-content\/uploads\/2016\/04\/tracta2.jpg\" alt=\"tracta2\" width=\"720\" height=\"470\" srcset=\"https:\/\/www.2beauty.com.br\/blog\/wp-content\/uploads\/2016\/04\/tracta2.jpg 720w, https:\/\/www.2beauty.com.br\/blog\/wp-content\/uploads\/2016\/04\/tracta2-580x378.jpg 580w, https:\/\/www.2beauty.com.br\/blog\/wp-content\/uploads\/2016\/04\/tracta2-620x404.jpg 620w\" sizes=\"(max-width: 720px) 100vw, 720px\" \/><\/a><\/strong><\/p>\n<p style=\"text-align: center\"><strong> <a href=\"https:\/\/www.2beauty.com.br\/blog\/wp-content\/uploads\/2016\/04\/tracta3.jpg\"><img loading=\"lazy\" decoding=\"async\" class=\"alignnone size-full wp-image-72935\" src=\"https:\/\/www.2beauty.com.br\/blog\/wp-content\/uploads\/2016\/04\/tracta3.jpg\" alt=\"tracta3\" width=\"720\" height=\"470\" srcset=\"https:\/\/www.2beauty.com.br\/blog\/wp-content\/uploads\/2016\/04\/tracta3.jpg 720w, https:\/\/www.2beauty.com.br\/blog\/wp-content\/uploads\/2016\/04\/tracta3-580x378.jpg 580w, https:\/\/www.2beauty.com.br\/blog\/wp-content\/uploads\/2016\/04\/tracta3-620x404.jpg 620w\" sizes=\"(max-width: 720px) 100vw, 720px\" \/><\/a><\/strong><\/p>\n<p style=\"text-align: center\"><strong>Ingredientes e amostrinhas tons #03 e #04<\/strong><\/p>\n<blockquote><p>Recebi cinco das seis cores da linha e fiquei com os tons #03 e #04 para testar, porque eram os mais pr\u00f3ximos ao meu tom natural de pele.<\/p><\/blockquote>\n<p>Eu sou NC42 da MAC e o #04 foi o que ficou mais legal no meu rosto.<\/p>\n<p>Achei ele um pouco claro, mas \u00e9 melhor que o tom #03, porque o #03 \u00e9 meio laranja demais pra mim.<\/p>\n<p style=\"text-align: center\"><strong><a href=\"https:\/\/www.2beauty.com.br\/blog\/wp-content\/uploads\/2016\/04\/tracta4.jpg\"><img loading=\"lazy\" decoding=\"async\" class=\"alignnone size-full wp-image-72936\" src=\"https:\/\/www.2beauty.com.br\/blog\/wp-content\/uploads\/2016\/04\/tracta4.jpg\" alt=\"tracta4\" width=\"720\" height=\"470\" srcset=\"https:\/\/www.2beauty.com.br\/blog\/wp-content\/uploads\/2016\/04\/tracta4.jpg 720w, https:\/\/www.2beauty.com.br\/blog\/wp-content\/uploads\/2016\/04\/tracta4-580x378.jpg 580w, https:\/\/www.2beauty.com.br\/blog\/wp-content\/uploads\/2016\/04\/tracta4-620x404.jpg 620w\" sizes=\"(max-width: 720px) 100vw, 720px\" \/><\/a><\/strong><\/p>\n<p style=\"text-align: center\"><strong> <a href=\"https:\/\/www.2beauty.com.br\/blog\/wp-content\/uploads\/2016\/04\/tracta5.jpg\"><img loading=\"lazy\" decoding=\"async\" class=\"alignnone size-full wp-image-72937\" src=\"https:\/\/www.2beauty.com.br\/blog\/wp-content\/uploads\/2016\/04\/tracta5.jpg\" alt=\"tracta5\" width=\"720\" height=\"470\" srcset=\"https:\/\/www.2beauty.com.br\/blog\/wp-content\/uploads\/2016\/04\/tracta5.jpg 720w, https:\/\/www.2beauty.com.br\/blog\/wp-content\/uploads\/2016\/04\/tracta5-580x378.jpg 580w, https:\/\/www.2beauty.com.br\/blog\/wp-content\/uploads\/2016\/04\/tracta5-620x404.jpg 620w\" sizes=\"(max-width: 720px) 100vw, 720px\" \/><\/a><\/strong><\/p>\n<p style=\"text-align: center\"><strong>Rosto maquiado x ao natural e close-up acabamento<\/strong><\/p>\n<p>A base \u00e9 l\u00edquida, mas a seus textura \u00e9 bem encorpada, do tipo que n\u00e3o escorre.<\/p>\n<p>O acabamento na pele \u00e9 aveludado e a cobertura \u00e9 \u00f3tima!<\/p>\n<p>Tenho olheiras m\u00e9dias e n\u00e3o precisei complementar a maquiagem com corretivo, porque a base deu conta de cobrir tudo sozinha.<\/p>\n<blockquote><p>Adorei essa parte, mas n\u00e3o gostei da sensa\u00e7\u00e3o na pele e do aspecto ao vivo, porque o produto \u00e9 pesado e fica com cara de maquiagem.<\/p><\/blockquote>\n<p>A descri\u00e7\u00e3o fala em secagem r\u00e1pida, mas n\u00e3o notei a base mais seca depois de aplicada&#8230;<\/p>\n<p>A impress\u00e3o \u00e9 que ela fica sentada sobre \u00e0 pele ao inv\u00e9s de se misturar com ela.<\/p>\n<p>E se voc\u00ea tem pele madura, melhor evitar, porque ela ressalta\/acumula nas linhas finas.<\/p>\n<p style=\"text-align: center\"><strong><a href=\"https:\/\/www.2beauty.com.br\/blog\/wp-content\/uploads\/2016\/04\/tracta6.jpg\"><img loading=\"lazy\" decoding=\"async\" class=\"alignnone size-full wp-image-72938\" src=\"https:\/\/www.2beauty.com.br\/blog\/wp-content\/uploads\/2016\/04\/tracta6.jpg\" alt=\"tracta6\" width=\"720\" height=\"470\" srcset=\"https:\/\/www.2beauty.com.br\/blog\/wp-content\/uploads\/2016\/04\/tracta6.jpg 720w, https:\/\/www.2beauty.com.br\/blog\/wp-content\/uploads\/2016\/04\/tracta6-580x378.jpg 580w, https:\/\/www.2beauty.com.br\/blog\/wp-content\/uploads\/2016\/04\/tracta6-620x404.jpg 620w\" sizes=\"(max-width: 720px) 100vw, 720px\" \/><\/a><\/strong><\/p>\n<p style=\"text-align: center\"><strong> <a href=\"https:\/\/www.2beauty.com.br\/blog\/wp-content\/uploads\/2016\/04\/tracta7.jpg\"><img loading=\"lazy\" decoding=\"async\" class=\"alignnone size-full wp-image-72939\" src=\"https:\/\/www.2beauty.com.br\/blog\/wp-content\/uploads\/2016\/04\/tracta7.jpg\" alt=\"tracta7\" width=\"720\" height=\"470\" srcset=\"https:\/\/www.2beauty.com.br\/blog\/wp-content\/uploads\/2016\/04\/tracta7.jpg 720w, https:\/\/www.2beauty.com.br\/blog\/wp-content\/uploads\/2016\/04\/tracta7-580x378.jpg 580w, https:\/\/www.2beauty.com.br\/blog\/wp-content\/uploads\/2016\/04\/tracta7-620x404.jpg 620w\" sizes=\"(max-width: 720px) 100vw, 720px\" \/><\/a><\/strong><\/p>\n<p style=\"text-align: center\"><strong>Maquiagem pronta e pele ao final do dia<\/strong><\/p>\n<p>Nas fotos o efeito \u00e9 bonito, mas ao vivo n\u00e3o \u00e9 t\u00e3o legal.<\/p>\n<p>Quanto \u00e0 fixa\u00e7\u00e3o e controle da oleosidade, achei que ela transfere bastante mesmo depois de assentar minha zona T com Blot Powder da MAC e, ao final do dia (8 horas de uso), meu nariz e testa estavam bem oleosos.<\/p>\n<p><strong>Resumindo:<\/strong><\/p>\n<blockquote><p>Cobre tudo e o pre\u00e7o \u00e9 muito bom, mas acho que \u00e9 uma base pesada para todo dia, especialmente em locais mais quentes.<\/p>\n<p>Se voc\u00ea tem esse produto e n\u00e3o se deu bem com ele, recomendo tentar us\u00e1-lo como corretivo cremoso para aproveitar a alta cobertura.<\/p><\/blockquote>\n<div id=\"resenha\">\n<p><span class=\"titresenha\">Detalhes da nota:<\/span><\/p>\n<div class=\"notas\">Textura\/Aplica\u00e7\u00e3o: 4\/5<br \/>\nCobertura\/Pigmenta\u00e7\u00e3o: 5\/5<br \/>\nFixa\u00e7\u00e3o: 3\/5<br \/>\nPre\u00e7o: 5\/5<br \/>\nApresenta\u00e7\u00e3o: 2\/5<br \/>\nRela\u00e7\u00e3o Realidade x Descri\u00e7\u00e3o Oficial: 4\/5<br \/>\n<span class=\"media\">M\u00e9dia: 3,8<br \/>\n<\/span><\/div>\n<p>Para visualizar a lista completa de crit\u00e9rios e notas, <a href=\"https:\/\/www.2beauty.com.br\/blog\/images\/avaliacao.gif\" target=\"_blank\">clique aqui<\/a>.<\/p>\n<\/div>\n","protected":false},"excerpt":{"rendered":"<p>3,8 estrelinhas A cobertura da Base Matte Tracta \u00e9 EXCELENTE, mas infelizmente a sensa\u00e7\u00e3o na pele \u00e9 pesada e o produto transfere bastante. A descri\u00e7\u00e3o diz o seguinte: F\u00f3rmula rica, inovadora e exuberante que oferece uma aplica\u00e7\u00e3o com alta cobertura, uniformiza a pele e suaviza as imperfei\u00e7\u00f5es. Cont\u00e9m Vitamina E, um poderoso hidratante e anti oxidante que combate os radicais livres, oil free e secagem r\u00e1pida. Indicado para todos tipos de pele. Benef\u00edcios: Oil free Vitamina E Alta Cobertura Secagem R\u00e1pida A bisnaga de 40g custa em torno de R$30,00 reais em lojas e sites de cosm\u00e9ticos. Ingredientes e amostrinhas tons #03 e #04 Recebi cinco das seis cores da linha e fiquei com os tons #03 e #04 para testar, porque eram os mais pr\u00f3ximos ao meu tom natural de pele. Eu sou NC42 da MAC e o #04 foi o que ficou mais legal no meu rosto. Achei ele um pouco claro, mas \u00e9 melhor que o tom #03, porque o #03 \u00e9 meio laranja demais pra mim. Rosto maquiado x ao natural e close-up acabamento A base \u00e9 l\u00edquida, mas a seus textura \u00e9 bem encorpada, do tipo que n\u00e3o escorre. O acabamento na pele \u00e9 aveludado e a cobertura \u00e9 \u00f3tima! Tenho olheiras m\u00e9dias e n\u00e3o precisei complementar a maquiagem com corretivo, porque a base deu conta de cobrir tudo sozinha. Adorei essa parte, mas n\u00e3o gostei da sensa\u00e7\u00e3o na pele e do aspecto ao vivo, porque o produto \u00e9 pesado e fica com cara de maquiagem. A descri\u00e7\u00e3o fala em secagem r\u00e1pida, mas n\u00e3o notei a base mais seca depois de aplicada&#8230; A impress\u00e3o \u00e9 que ela fica sentada sobre \u00e0 pele ao inv\u00e9s de se misturar com ela. E se voc\u00ea tem pele madura, melhor evitar, porque ela ressalta\/acumula nas linhas finas. Maquiagem pronta e pele ao final do dia Nas fotos o efeito \u00e9 bonito, mas ao vivo n\u00e3o \u00e9 t\u00e3o legal. Quanto \u00e0 fixa\u00e7\u00e3o e controle da oleosidade, achei que ela transfere bastante mesmo depois de assentar minha zona T com Blot Powder da MAC e, ao final do dia (8 horas de uso), meu nariz e testa estavam bem oleosos. Resumindo: Cobre tudo e o pre\u00e7o \u00e9 muito bom, mas acho que \u00e9 uma base pesada para todo dia, especialmente em locais mais quentes. Se voc\u00ea tem esse produto e n\u00e3o se deu bem com ele, recomendo tentar us\u00e1-lo como corretivo cremoso para aproveitar a alta cobertura. Detalhes da nota: Textura\/Aplica\u00e7\u00e3o: 4\/5 Cobertura\/Pigmenta\u00e7\u00e3o: 5\/5 Fixa\u00e7\u00e3o: 3\/5 Pre\u00e7o: 5\/5 Apresenta\u00e7\u00e3o: 2\/5 Rela\u00e7\u00e3o Realidade x Descri\u00e7\u00e3o Oficial: 4\/5 M\u00e9dia: 3,8 Para visualizar a lista completa de crit\u00e9rios e notas, clique aqui.<\/p>\n","protected":false},"author":1,"featured_media":72933,"comment_status":"open","ping_status":"open","sticky":false,"template":"","format":"standard","meta":{"_uag_custom_page_level_css":"","footnotes":""},"categories":[84],"tags":[4110,4088,4128,1794],"class_list":["post-72932","post","type-post","status-publish","format-standard","has-post-thumbnail","hentry","category-maquiagem","tag-base","tag-maquiagem","tag-resenhas","tag-tracta"],"uagb_featured_image_src":{"full":["https:\/\/www.2beauty.com.br\/blog\/wp-content\/uploads\/2016\/04\/tracta1.jpg",720,470,false],"thumbnail":["https:\/\/www.2beauty.com.br\/blog\/wp-content\/uploads\/2016\/04\/tracta1-300x250.jpg",300,250,true],"medium":["https:\/\/www.2beauty.com.br\/blog\/wp-content\/uploads\/2016\/04\/tracta1-580x379.jpg",580,379,true],"medium_large":["https:\/\/www.2beauty.com.br\/blog\/wp-content\/uploads\/2016\/04\/tracta1.jpg",720,470,false],"large":["https:\/\/www.2beauty.com.br\/blog\/wp-content\/uploads\/2016\/04\/tracta1-620x405.jpg",620,405,true],"1536x1536":["https:\/\/www.2beauty.com.br\/blog\/wp-content\/uploads\/2016\/04\/tracta1.jpg",720,470,false],"2048x2048":["https:\/\/www.2beauty.com.br\/blog\/wp-content\/uploads\/2016\/04\/tracta1.jpg",720,470,false],"ashe-slider-grid-thumbnail":["https:\/\/www.2beauty.com.br\/blog\/wp-content\/uploads\/2016\/04\/tracta1.jpg",720,470,false],"ashe-full-thumbnail":["https:\/\/www.2beauty.com.br\/blog\/wp-content\/uploads\/2016\/04\/tracta1.jpg",720,470,false],"ashe-grid-thumbnail":["https:\/\/www.2beauty.com.br\/blog\/wp-content\/uploads\/2016\/04\/tracta1.jpg",500,326,false],"ashe-list-thumbnail":["https:\/\/www.2beauty.com.br\/blog\/wp-content\/uploads\/2016\/04\/tracta1.jpg",300,196,false],"ashe-single-navigation":["https:\/\/www.2beauty.com.br\/blog\/wp-content\/uploads\/2016\/04\/tracta1.jpg",75,49,false]},"uagb_author_info":{"display_name":"Marina Smith","author_link":"https:\/\/www.2beauty.com.br\/blog\/author\/marinasmith\/"},"uagb_comment_info":42,"uagb_excerpt":"3,8 estrelinhas A cobertura da Base Matte Tracta \u00e9 EXCELENTE, mas infelizmente a sensa\u00e7\u00e3o na pele \u00e9 pesada e o produto transfere bastante. A descri\u00e7\u00e3o diz o seguinte: F\u00f3rmula rica, inovadora e exuberante que oferece uma aplica\u00e7\u00e3o com alta cobertura, uniformiza a pele e suaviza as imperfei\u00e7\u00f5es. Cont\u00e9m Vitamina E, um poderoso hidratante e anti&hellip;","acf":[],"_links":{"self":[{"href":"https:\/\/www.2beauty.com.br\/blog\/wp-json\/wp\/v2\/posts\/72932","targetHints":{"allow":["GET"]}}],"collection":[{"href":"https:\/\/www.2beauty.com.br\/blog\/wp-json\/wp\/v2\/posts"}],"about":[{"href":"https:\/\/www.2beauty.com.br\/blog\/wp-json\/wp\/v2\/types\/post"}],"author":[{"embeddable":true,"href":"https:\/\/www.2beauty.com.br\/blog\/wp-json\/wp\/v2\/users\/1"}],"replies":[{"embeddable":true,"href":"https:\/\/www.2beauty.com.br\/blog\/wp-json\/wp\/v2\/comments?post=72932"}],"version-history":[{"count":0,"href":"https:\/\/www.2beauty.com.br\/blog\/wp-json\/wp\/v2\/posts\/72932\/revisions"}],"wp:featuredmedia":[{"embeddable":true,"href":"https:\/\/www.2beauty.com.br\/blog\/wp-json\/wp\/v2\/media\/72933"}],"wp:attachment":[{"href":"https:\/\/www.2beauty.com.br\/blog\/wp-json\/wp\/v2\/media?parent=72932"}],"wp:term":[{"taxonomy":"category","embeddable":true,"href":"https:\/\/www.2beauty.com.br\/blog\/wp-json\/wp\/v2\/categories?post=72932"},{"taxonomy":"post_tag","embeddable":true,"href":"https:\/\/www.2beauty.com.br\/blog\/wp-json\/wp\/v2\/tags?post=72932"}],"curies":[{"name":"wp","href":"https:\/\/api.w.org\/{rel}","templated":true}]}}