{"id":72177,"date":"2016-03-08T15:00:15","date_gmt":"2016-03-08T17:00:15","guid":{"rendered":"https:\/\/www.2beauty.com.br\/blog\/?p=72177"},"modified":"2019-02-15T16:10:19","modified_gmt":"2019-02-15T18:10:19","slug":"resenha-vult-lapiseira-retratil-total-black","status":"publish","type":"post","link":"https:\/\/www.2beauty.com.br\/blog\/2016\/03\/resenha-vult-lapiseira-retratil-total-black\/","title":{"rendered":"Resenha: Vult Lapiseira Retr\u00e1til Total Black"},"content":{"rendered":"<p><a href=\"https:\/\/www.2beauty.com.br\/blog\/wp-content\/uploads\/2016\/03\/vult1.jpg\"><img fetchpriority=\"high\" decoding=\"async\" class=\"size-full wp-image-72178 aligncenter\" src=\"https:\/\/www.2beauty.com.br\/blog\/wp-content\/uploads\/2016\/03\/vult1.jpg\" alt=\"vult1\" width=\"720\" height=\"470\" srcset=\"https:\/\/www.2beauty.com.br\/blog\/wp-content\/uploads\/2016\/03\/vult1.jpg 720w, https:\/\/www.2beauty.com.br\/blog\/wp-content\/uploads\/2016\/03\/vult1-580x378.jpg 580w, https:\/\/www.2beauty.com.br\/blog\/wp-content\/uploads\/2016\/03\/vult1-620x404.jpg 620w\" sizes=\"(max-width: 720px) 100vw, 720px\" \/><\/a><\/p>\n<p style=\"text-align: center\"><img decoding=\"async\" style=\"width: 30px;height: 30px\" title=\"Star\" src=\"https:\/\/www.2beauty.com.br\/blog\/images\/star.gif\" alt=\"Star\" width=\"30\" height=\"30\" align=\"top\" border=\"0\" \/><img decoding=\"async\" style=\"width: 30px;height: 30px\" title=\"Star\" src=\"https:\/\/www.2beauty.com.br\/blog\/images\/star.gif\" alt=\"Star\" width=\"30\" height=\"30\" align=\"top\" border=\"0\" \/><img decoding=\"async\" style=\"width: 30px;height: 30px\" title=\"Star\" src=\"https:\/\/www.2beauty.com.br\/blog\/images\/star.gif\" alt=\"Star\" width=\"30\" height=\"30\" align=\"top\" border=\"0\" \/><img decoding=\"async\" style=\"width: 30px;height: 30px\" title=\"Star\" src=\"https:\/\/www.2beauty.com.br\/blog\/images\/star.gif\" alt=\"Star\" width=\"30\" height=\"30\" align=\"top\" border=\"0\" \/><img decoding=\"async\" style=\"width: 30px;height: 30px\" title=\"Star\" src=\"https:\/\/www.2beauty.com.br\/blog\/images\/star2.gif\" alt=\"Star\" width=\"30\" height=\"30\" align=\"top\" border=\"0\" \/><\/p>\n<p style=\"text-align: center\"><strong>4,1 estrelinhas<\/strong><\/p>\n<p>Faz um tempinho, recebi um super kit da Vult com l\u00e1pis, delineador l\u00edquido, lapiseira&#8230; Enfim, recheado com todo tipo de produto para delinear os olhos.<\/p>\n<p><a href=\"https:\/\/www.2beauty.com.br\/blog\/2016\/01\/12\/resenha-vult-delineador-liquido-para-olhos-longa-duracao\/\" target=\"_blank\">J\u00e1 postei o delineador l\u00edquido<\/a> e hoje a resenha \u00e9 sobre a lapiseira retr\u00e1til.<\/p>\n<p><strong>A descri\u00e7\u00e3o diz o seguinte:<\/strong><\/p>\n<blockquote><p>Para um olhar com destaque! A Lapiseira Retr\u00e1til para Olhos de Longa Dura\u00e7\u00e3o da Vult \u00e9 de cor intensa e de alta cobertura. Ela promove uma aplica\u00e7\u00e3o uniforme e de f\u00e1cil deslizamento, com durabilidade de 10 horas ou mais.<\/p>\n<p>Apresenta um mecanismo retr\u00e1til que dispensa o uso de apontador.<\/p>\n<p>Dermatologicamente e oftalmologicamente testado.<\/p><\/blockquote>\n<p>A lapiseira custa em torno de R$16-18 reais em lojas e farm\u00e1cias (<a href=\"https:\/\/www.panvel.com\/panvel\/visualizarProduto.do?codigoItem=421780#prettyPhoto\" target=\"_blank\">R$16,64 nas Farm\u00e1cias Panvel<\/a> e <a href=\"https:\/\/www.shopbela.com.br\/lapiseira-retratil-para-olhos-total-black-longa-duracao-vult-p1528\/\" target=\"_blank\">R$17,90 na ShopBela<\/a>).<\/p>\n<p style=\"text-align: center\"><strong><a href=\"https:\/\/www.2beauty.com.br\/blog\/wp-content\/uploads\/2016\/03\/vult2.jpg\"><img loading=\"lazy\" decoding=\"async\" class=\"alignnone size-full wp-image-72179\" src=\"https:\/\/www.2beauty.com.br\/blog\/wp-content\/uploads\/2016\/03\/vult2.jpg\" alt=\"vult2\" width=\"720\" height=\"470\" srcset=\"https:\/\/www.2beauty.com.br\/blog\/wp-content\/uploads\/2016\/03\/vult2.jpg 720w, https:\/\/www.2beauty.com.br\/blog\/wp-content\/uploads\/2016\/03\/vult2-580x379.jpg 580w, https:\/\/www.2beauty.com.br\/blog\/wp-content\/uploads\/2016\/03\/vult2-620x405.jpg 620w\" sizes=\"(max-width: 720px) 100vw, 720px\" \/><\/a><\/strong><\/p>\n<p style=\"text-align: center\"><strong> <a href=\"https:\/\/www.2beauty.com.br\/blog\/wp-content\/uploads\/2016\/03\/vult3.jpg\"><img loading=\"lazy\" decoding=\"async\" class=\"alignnone size-full wp-image-72180\" src=\"https:\/\/www.2beauty.com.br\/blog\/wp-content\/uploads\/2016\/03\/vult3.jpg\" alt=\"vult3\" width=\"720\" height=\"470\" srcset=\"https:\/\/www.2beauty.com.br\/blog\/wp-content\/uploads\/2016\/03\/vult3.jpg 720w, https:\/\/www.2beauty.com.br\/blog\/wp-content\/uploads\/2016\/03\/vult3-580x378.jpg 580w, https:\/\/www.2beauty.com.br\/blog\/wp-content\/uploads\/2016\/03\/vult3-620x404.jpg 620w\" sizes=\"(max-width: 720px) 100vw, 720px\" \/><\/a><\/strong><\/p>\n<p style=\"text-align: center\"><strong>Amostrinha<\/strong><\/p>\n<p>O preto da lapiseira n\u00e3o \u00e9 o mais intenso da vida, mas \u00e9 bem pretinho e de acabamento mais sequinho.<\/p>\n<blockquote><p>A pigmenta\u00e7\u00e3o \u00e9 muito bacana e a textura da lapiseira \u00e9 boa: macia o suficiente para deslizar, mas n\u00e3o t\u00e3o cremosa que carimbe \/ borre a pele facilmente.<\/p><\/blockquote>\n<p>Como n\u00e3o \u00e9 poss\u00edvel apontar a lapiseira, a ponta fica mais grossa depois da primeira aplica\u00e7\u00e3o e a\u00ed \u00e9 complicado de fazer um tra\u00e7o bem fininho.<\/p>\n<p>Normal!<\/p>\n<p style=\"text-align: center\"><strong><a href=\"https:\/\/www.2beauty.com.br\/blog\/wp-content\/uploads\/2016\/03\/vult4.jpg\"><img loading=\"lazy\" decoding=\"async\" class=\"alignnone size-full wp-image-72181\" src=\"https:\/\/www.2beauty.com.br\/blog\/wp-content\/uploads\/2016\/03\/vult4.jpg\" alt=\"vult4\" width=\"720\" height=\"470\" srcset=\"https:\/\/www.2beauty.com.br\/blog\/wp-content\/uploads\/2016\/03\/vult4.jpg 720w, https:\/\/www.2beauty.com.br\/blog\/wp-content\/uploads\/2016\/03\/vult4-580x378.jpg 580w, https:\/\/www.2beauty.com.br\/blog\/wp-content\/uploads\/2016\/03\/vult4-620x404.jpg 620w\" sizes=\"(max-width: 720px) 100vw, 720px\" \/><\/a> <a href=\"https:\/\/www.2beauty.com.br\/blog\/wp-content\/uploads\/2016\/03\/vult5.jpg\"><img loading=\"lazy\" decoding=\"async\" class=\"alignnone size-full wp-image-72182\" src=\"https:\/\/www.2beauty.com.br\/blog\/wp-content\/uploads\/2016\/03\/vult5.jpg\" alt=\"vult5\" width=\"720\" height=\"300\" srcset=\"https:\/\/www.2beauty.com.br\/blog\/wp-content\/uploads\/2016\/03\/vult5.jpg 720w, https:\/\/www.2beauty.com.br\/blog\/wp-content\/uploads\/2016\/03\/vult5-580x241.jpg 580w, https:\/\/www.2beauty.com.br\/blog\/wp-content\/uploads\/2016\/03\/vult5-620x258.jpg 620w\" sizes=\"(max-width: 720px) 100vw, 720px\" \/><\/a><\/strong><\/p>\n<p style=\"text-align: center\"><strong>Maquiagem pela manh\u00e3<\/strong><\/p>\n<p>Favor n\u00e3o reparar no batom anos 90 na foto acima :)<\/p>\n<p>Eu estava fazendo fotos pro <a href=\"https:\/\/www.2beauty.com.br\/blog\/2016\/03\/03\/boca-colorida-batom-mac-all-i-want\/\" target=\"_blank\">post de amostrinhas do All I Want da Mariah Carey<\/a> al\u00e9m das fotos pra este post.<\/p>\n<p>Mas voltando ao assunto&#8230;<\/p>\n<p>Uma das promessas da lapiseira \u00e9 de longa dura\u00e7\u00e3o e pelo que eu pude testemunhar aqui em casa, o produto realmente \u00e9 muito resistente.<\/p>\n<blockquote><p>Fiquei com o olho delineado da manh\u00e3 \u00e0 noite e, exceto por um pequeno borradinho que apareceu no meu puxadinho (imagem abaixo), o tra\u00e7o estava super digno.<\/p><\/blockquote>\n<p style=\"text-align: center\"><strong><a href=\"https:\/\/www.2beauty.com.br\/blog\/wp-content\/uploads\/2016\/03\/vult6.jpg\"><img loading=\"lazy\" decoding=\"async\" class=\"alignnone size-full wp-image-72183\" src=\"https:\/\/www.2beauty.com.br\/blog\/wp-content\/uploads\/2016\/03\/vult6.jpg\" alt=\"vult6\" width=\"720\" height=\"300\" srcset=\"https:\/\/www.2beauty.com.br\/blog\/wp-content\/uploads\/2016\/03\/vult6.jpg 720w, https:\/\/www.2beauty.com.br\/blog\/wp-content\/uploads\/2016\/03\/vult6-580x241.jpg 580w, https:\/\/www.2beauty.com.br\/blog\/wp-content\/uploads\/2016\/03\/vult6-620x258.jpg 620w\" sizes=\"(max-width: 720px) 100vw, 720px\" \/><\/a><\/strong><\/p>\n<p style=\"text-align: center\"><strong>Maquiagem antes e depois (8 horas de uso)<\/strong><\/p>\n<p style=\"text-align: center\"><a href=\"https:\/\/www.2beauty.com.br\/blog\/wp-content\/uploads\/2016\/03\/vult8.jpg\"><img loading=\"lazy\" decoding=\"async\" class=\"alignnone size-full wp-image-72188\" src=\"https:\/\/www.2beauty.com.br\/blog\/wp-content\/uploads\/2016\/03\/vult8.jpg\" alt=\"vult8\" width=\"720\" height=\"470\" \/><\/a><\/p>\n<p style=\"text-align: center\"><strong>Teste da esfregada a seco e com \u00e1gua<\/strong><\/p>\n<p>Al\u00e9m de usar a lapiseira nos olhos, tamb\u00e9m fiz amostrinhas na m\u00e3o pra poder esfregar com o dedo a seco e com \u00e1gua e ver o que aconteceria.<\/p>\n<p>Em ambos os casos, com uma esfregada firme o aspecto da lapiseira n\u00e3o mudou.<\/p>\n<p>Vale comentar que depois de fazer a foto, esfreguei mais um tanto at\u00e9 os dois tracinhos sumirem da minha pele, ent\u00e3o d\u00e1 pra dizer que a lapiseira aguenta fric\u00e7\u00e3o sem borrar, mas s\u00f3 at\u00e9 um certo ponto.<\/p>\n<p><strong>Resumindo:<\/strong><\/p>\n<blockquote><p>A lapiseira \u00e9 baratinha e bem pigmentada. N\u00e3o faz tra\u00e7os super fininhos, mas \u00e9 mais resistente que um l\u00e1pis preto normal.<\/p><\/blockquote>\n<div id=\"resenha\">\n<p><span class=\"titresenha\">Detalhes da nota:<\/span><\/p>\n<div class=\"notas\">Textura\/Aplica\u00e7\u00e3o: 4\/5<br \/>\nCobertura\/Pigmenta\u00e7\u00e3o: 4\/5<br \/>\nFixa\u00e7\u00e3o: 5\/5<br \/>\nPre\u00e7o: 5\/5<br \/>\nApresenta\u00e7\u00e3o: 3\/5<br \/>\nRela\u00e7\u00e3o Realidade x Descri\u00e7\u00e3o Oficial: 4\/5<br \/>\n<span class=\"media\">M\u00e9dia: 4,1<br \/>\n<\/span><\/div>\n<p>Para visualizar a lista completa de crit\u00e9rios e notas, <a href=\"https:\/\/www.2beauty.com.br\/blog\/images\/avaliacao.gif\" target=\"_blank\">clique aqui<\/a>.<\/p>\n<\/div>\n","protected":false},"excerpt":{"rendered":"<p>4,1 estrelinhas Faz um tempinho, recebi um super kit da Vult com l\u00e1pis, delineador l\u00edquido, lapiseira&#8230; Enfim, recheado com todo tipo de produto para delinear os olhos. J\u00e1 postei o delineador l\u00edquido e hoje a resenha \u00e9 sobre a lapiseira retr\u00e1til. A descri\u00e7\u00e3o diz o seguinte: Para um olhar com destaque! A Lapiseira Retr\u00e1til para Olhos de Longa Dura\u00e7\u00e3o da Vult \u00e9 de cor intensa e de alta cobertura. Ela promove uma aplica\u00e7\u00e3o uniforme e de f\u00e1cil deslizamento, com durabilidade de 10 horas ou mais. Apresenta um mecanismo retr\u00e1til que dispensa o uso de apontador. Dermatologicamente e oftalmologicamente testado. A lapiseira custa em torno de R$16-18 reais em lojas e farm\u00e1cias (R$16,64 nas Farm\u00e1cias Panvel e R$17,90 na ShopBela). Amostrinha O preto da lapiseira n\u00e3o \u00e9 o mais intenso da vida, mas \u00e9 bem pretinho e de acabamento mais sequinho. A pigmenta\u00e7\u00e3o \u00e9 muito bacana e a textura da lapiseira \u00e9 boa: macia o suficiente para deslizar, mas n\u00e3o t\u00e3o cremosa que carimbe \/ borre a pele facilmente. Como n\u00e3o \u00e9 poss\u00edvel apontar a lapiseira, a ponta fica mais grossa depois da primeira aplica\u00e7\u00e3o e a\u00ed \u00e9 complicado de fazer um tra\u00e7o bem fininho. Normal! Maquiagem pela manh\u00e3 Favor n\u00e3o reparar no batom anos 90 na foto acima :) Eu estava fazendo fotos pro post de amostrinhas do All I Want da Mariah Carey al\u00e9m das fotos pra este post. Mas voltando ao assunto&#8230; Uma das promessas da lapiseira \u00e9 de longa dura\u00e7\u00e3o e pelo que eu pude testemunhar aqui em casa, o produto realmente \u00e9 muito resistente. Fiquei com o olho delineado da manh\u00e3 \u00e0 noite e, exceto por um pequeno borradinho que apareceu no meu puxadinho (imagem abaixo), o tra\u00e7o estava super digno. Maquiagem antes e depois (8 horas de uso) Teste da esfregada a seco e com \u00e1gua Al\u00e9m de usar a lapiseira nos olhos, tamb\u00e9m fiz amostrinhas na m\u00e3o pra poder esfregar com o dedo a seco e com \u00e1gua e ver o que aconteceria. Em ambos os casos, com uma esfregada firme o aspecto da lapiseira n\u00e3o mudou. Vale comentar que depois de fazer a foto, esfreguei mais um tanto at\u00e9 os dois tracinhos sumirem da minha pele, ent\u00e3o d\u00e1 pra dizer que a lapiseira aguenta fric\u00e7\u00e3o sem borrar, mas s\u00f3 at\u00e9 um certo ponto. Resumindo: A lapiseira \u00e9 baratinha e bem pigmentada. N\u00e3o faz tra\u00e7os super fininhos, mas \u00e9 mais resistente que um l\u00e1pis preto normal. Detalhes da nota: Textura\/Aplica\u00e7\u00e3o: 4\/5 Cobertura\/Pigmenta\u00e7\u00e3o: 4\/5 Fixa\u00e7\u00e3o: 5\/5 Pre\u00e7o: 5\/5 Apresenta\u00e7\u00e3o: 3\/5 Rela\u00e7\u00e3o Realidade x Descri\u00e7\u00e3o Oficial: 4\/5 M\u00e9dia: 4,1 Para visualizar a lista completa de crit\u00e9rios e notas, clique aqui.<\/p>\n","protected":false},"author":1,"featured_media":72179,"comment_status":"open","ping_status":"open","sticky":false,"template":"","format":"standard","meta":{"_uag_custom_page_level_css":"","footnotes":""},"categories":[84],"tags":[4119,4088,4128,247],"class_list":["post-72177","post","type-post","status-publish","format-standard","has-post-thumbnail","hentry","category-maquiagem","tag-delineador","tag-maquiagem","tag-resenhas","tag-vult"],"uagb_featured_image_src":{"full":["https:\/\/www.2beauty.com.br\/blog\/wp-content\/uploads\/2016\/03\/vult2.jpg",720,470,false],"thumbnail":["https:\/\/www.2beauty.com.br\/blog\/wp-content\/uploads\/2016\/03\/vult2-300x250.jpg",300,250,true],"medium":["https:\/\/www.2beauty.com.br\/blog\/wp-content\/uploads\/2016\/03\/vult2-580x379.jpg",580,379,true],"medium_large":["https:\/\/www.2beauty.com.br\/blog\/wp-content\/uploads\/2016\/03\/vult2.jpg",720,470,false],"large":["https:\/\/www.2beauty.com.br\/blog\/wp-content\/uploads\/2016\/03\/vult2-620x405.jpg",620,405,true],"1536x1536":["https:\/\/www.2beauty.com.br\/blog\/wp-content\/uploads\/2016\/03\/vult2.jpg",720,470,false],"2048x2048":["https:\/\/www.2beauty.com.br\/blog\/wp-content\/uploads\/2016\/03\/vult2.jpg",720,470,false],"ashe-slider-grid-thumbnail":["https:\/\/www.2beauty.com.br\/blog\/wp-content\/uploads\/2016\/03\/vult2.jpg",720,470,false],"ashe-full-thumbnail":["https:\/\/www.2beauty.com.br\/blog\/wp-content\/uploads\/2016\/03\/vult2.jpg",720,470,false],"ashe-grid-thumbnail":["https:\/\/www.2beauty.com.br\/blog\/wp-content\/uploads\/2016\/03\/vult2.jpg",500,326,false],"ashe-list-thumbnail":["https:\/\/www.2beauty.com.br\/blog\/wp-content\/uploads\/2016\/03\/vult2.jpg",300,196,false],"ashe-single-navigation":["https:\/\/www.2beauty.com.br\/blog\/wp-content\/uploads\/2016\/03\/vult2.jpg",75,49,false]},"uagb_author_info":{"display_name":"Marina Smith","author_link":"https:\/\/www.2beauty.com.br\/blog\/author\/marinasmith\/"},"uagb_comment_info":6,"uagb_excerpt":"4,1 estrelinhas Faz um tempinho, recebi um super kit da Vult com l\u00e1pis, delineador l\u00edquido, lapiseira&#8230; Enfim, recheado com todo tipo de produto para delinear os olhos. J\u00e1 postei o delineador l\u00edquido e hoje a resenha \u00e9 sobre a lapiseira retr\u00e1til. A descri\u00e7\u00e3o diz o seguinte: Para um olhar com destaque! A Lapiseira Retr\u00e1til para&hellip;","acf":[],"_links":{"self":[{"href":"https:\/\/www.2beauty.com.br\/blog\/wp-json\/wp\/v2\/posts\/72177","targetHints":{"allow":["GET"]}}],"collection":[{"href":"https:\/\/www.2beauty.com.br\/blog\/wp-json\/wp\/v2\/posts"}],"about":[{"href":"https:\/\/www.2beauty.com.br\/blog\/wp-json\/wp\/v2\/types\/post"}],"author":[{"embeddable":true,"href":"https:\/\/www.2beauty.com.br\/blog\/wp-json\/wp\/v2\/users\/1"}],"replies":[{"embeddable":true,"href":"https:\/\/www.2beauty.com.br\/blog\/wp-json\/wp\/v2\/comments?post=72177"}],"version-history":[{"count":0,"href":"https:\/\/www.2beauty.com.br\/blog\/wp-json\/wp\/v2\/posts\/72177\/revisions"}],"wp:featuredmedia":[{"embeddable":true,"href":"https:\/\/www.2beauty.com.br\/blog\/wp-json\/wp\/v2\/media\/72179"}],"wp:attachment":[{"href":"https:\/\/www.2beauty.com.br\/blog\/wp-json\/wp\/v2\/media?parent=72177"}],"wp:term":[{"taxonomy":"category","embeddable":true,"href":"https:\/\/www.2beauty.com.br\/blog\/wp-json\/wp\/v2\/categories?post=72177"},{"taxonomy":"post_tag","embeddable":true,"href":"https:\/\/www.2beauty.com.br\/blog\/wp-json\/wp\/v2\/tags?post=72177"}],"curies":[{"name":"wp","href":"https:\/\/api.w.org\/{rel}","templated":true}]}}