{"id":72022,"date":"2016-03-02T13:14:03","date_gmt":"2016-03-02T15:14:03","guid":{"rendered":"https:\/\/www.2beauty.com.br\/blog\/?p=72022"},"modified":"2019-02-15T16:10:19","modified_gmt":"2019-02-15T18:10:19","slug":"desapegos-de-marco-2","status":"publish","type":"post","link":"https:\/\/www.2beauty.com.br\/blog\/2016\/03\/desapegos-de-marco-2\/","title":{"rendered":"Desapegos de Mar\u00e7o"},"content":{"rendered":"<p><a href=\"https:\/\/www.2beauty.com.br\/blog\/wp-content\/uploads\/2016\/03\/desapego1.jpg\"><img fetchpriority=\"high\" decoding=\"async\" class=\"size-full wp-image-72023 aligncenter\" src=\"https:\/\/www.2beauty.com.br\/blog\/wp-content\/uploads\/2016\/03\/desapego1.jpg\" alt=\"desapego1\" width=\"720\" height=\"932\" srcset=\"https:\/\/www.2beauty.com.br\/blog\/wp-content\/uploads\/2016\/03\/desapego1.jpg 720w, https:\/\/www.2beauty.com.br\/blog\/wp-content\/uploads\/2016\/03\/desapego1-620x803.jpg 620w, https:\/\/www.2beauty.com.br\/blog\/wp-content\/uploads\/2016\/03\/desapego1-580x751.jpg 580w, https:\/\/www.2beauty.com.br\/blog\/wp-content\/uploads\/2016\/03\/desapego1-336x435.jpg 336w\" sizes=\"(max-width: 720px) 100vw, 720px\" \/><\/a><\/p>\n<p>O desapego de mar\u00e7o tem palette de sombras PHYNA, batons, creminhos, delineador, l\u00e1pis e mais uma por\u00e7\u00e3o de coisas :)<\/p>\n<blockquote><p>Para adotar estes produtinhos, deixe seu nome e e-mail para contato no formul\u00e1rio abaixo. Postarei o nome da pessoa escolhida para receber o kit no dia quatro de mar\u00e7o, sexta-feira.<\/p><\/blockquote>\n<p>Vale lembrar que como n\u00e3o d\u00e1 pra sortear os produtos do desapego (porque se o sorteio n\u00e3o for registrado com a Caixa, levo multa) e que muita gente reclama de concurso cultural, o kit ser\u00e1 distribu\u00eddo de forma mais simples:<\/p>\n<p><strong>Ao inv\u00e9s de sortear e ao inv\u00e9s de criar pergunta de concurso, escolherei aleatoriamente quem receber\u00e1 os produtos.<\/strong><\/p>\n<p>Loading&#8230;<\/p>\n","protected":false},"excerpt":{"rendered":"<p>O desapego de mar\u00e7o tem palette de sombras PHYNA, batons, creminhos, delineador, l\u00e1pis e mais uma por\u00e7\u00e3o de coisas :) Para adotar estes produtinhos, deixe seu nome e e-mail para contato no formul\u00e1rio abaixo. Postarei o nome da pessoa escolhida para receber o kit no dia quatro de mar\u00e7o, sexta-feira. Vale lembrar que como n\u00e3o d\u00e1 pra sortear os produtos do desapego (porque se o sorteio n\u00e3o for registrado com a Caixa, levo multa) e que muita gente reclama de concurso cultural, o kit ser\u00e1 distribu\u00eddo de forma mais simples: Ao inv\u00e9s de sortear e ao inv\u00e9s de criar pergunta de concurso, escolherei aleatoriamente quem receber\u00e1 os produtos. Loading&#8230;<\/p>\n","protected":false},"author":1,"featured_media":72023,"comment_status":"open","ping_status":"open","sticky":false,"template":"","format":"standard","meta":{"_uag_custom_page_level_css":"","footnotes":""},"categories":[1],"tags":[2280,4086],"class_list":["post-72022","post","type-post","status-publish","format-standard","has-post-thumbnail","hentry","category-geral","tag-desapegos","tag-geral"],"uagb_featured_image_src":{"full":["https:\/\/www.2beauty.com.br\/blog\/wp-content\/uploads\/2016\/03\/desapego1.jpg",720,932,false],"thumbnail":["https:\/\/www.2beauty.com.br\/blog\/wp-content\/uploads\/2016\/03\/desapego1-300x250.jpg",300,250,true],"medium":["https:\/\/www.2beauty.com.br\/blog\/wp-content\/uploads\/2016\/03\/desapego1-336x435.jpg",336,435,true],"medium_large":["https:\/\/www.2beauty.com.br\/blog\/wp-content\/uploads\/2016\/03\/desapego1.jpg",720,932,false],"large":["https:\/\/www.2beauty.com.br\/blog\/wp-content\/uploads\/2016\/03\/desapego1-620x803.jpg",620,803,true],"1536x1536":["https:\/\/www.2beauty.com.br\/blog\/wp-content\/uploads\/2016\/03\/desapego1.jpg",720,932,false],"2048x2048":["https:\/\/www.2beauty.com.br\/blog\/wp-content\/uploads\/2016\/03\/desapego1.jpg",720,932,false],"ashe-slider-grid-thumbnail":["https:\/\/www.2beauty.com.br\/blog\/wp-content\/uploads\/2016\/03\/desapego1.jpg",417,540,false],"ashe-full-thumbnail":["https:\/\/www.2beauty.com.br\/blog\/wp-content\/uploads\/2016\/03\/desapego1.jpg",720,932,false],"ashe-grid-thumbnail":["https:\/\/www.2beauty.com.br\/blog\/wp-content\/uploads\/2016\/03\/desapego1.jpg",255,330,false],"ashe-list-thumbnail":["https:\/\/www.2beauty.com.br\/blog\/wp-content\/uploads\/2016\/03\/desapego1.jpg",232,300,false],"ashe-single-navigation":["https:\/\/www.2beauty.com.br\/blog\/wp-content\/uploads\/2016\/03\/desapego1.jpg",58,75,false]},"uagb_author_info":{"display_name":"Marina Smith","author_link":"https:\/\/www.2beauty.com.br\/blog\/author\/marinasmith\/"},"uagb_comment_info":173,"uagb_excerpt":"O desapego de mar\u00e7o tem palette de sombras PHYNA, batons, creminhos, delineador, l\u00e1pis e mais uma por\u00e7\u00e3o de coisas :) Para adotar estes produtinhos, deixe seu nome e e-mail para contato no formul\u00e1rio abaixo. Postarei o nome da pessoa escolhida para receber o kit no dia quatro de mar\u00e7o, sexta-feira. Vale lembrar que como n\u00e3o&hellip;","acf":[],"_links":{"self":[{"href":"https:\/\/www.2beauty.com.br\/blog\/wp-json\/wp\/v2\/posts\/72022","targetHints":{"allow":["GET"]}}],"collection":[{"href":"https:\/\/www.2beauty.com.br\/blog\/wp-json\/wp\/v2\/posts"}],"about":[{"href":"https:\/\/www.2beauty.com.br\/blog\/wp-json\/wp\/v2\/types\/post"}],"author":[{"embeddable":true,"href":"https:\/\/www.2beauty.com.br\/blog\/wp-json\/wp\/v2\/users\/1"}],"replies":[{"embeddable":true,"href":"https:\/\/www.2beauty.com.br\/blog\/wp-json\/wp\/v2\/comments?post=72022"}],"version-history":[{"count":0,"href":"https:\/\/www.2beauty.com.br\/blog\/wp-json\/wp\/v2\/posts\/72022\/revisions"}],"wp:featuredmedia":[{"embeddable":true,"href":"https:\/\/www.2beauty.com.br\/blog\/wp-json\/wp\/v2\/media\/72023"}],"wp:attachment":[{"href":"https:\/\/www.2beauty.com.br\/blog\/wp-json\/wp\/v2\/media?parent=72022"}],"wp:term":[{"taxonomy":"category","embeddable":true,"href":"https:\/\/www.2beauty.com.br\/blog\/wp-json\/wp\/v2\/categories?post=72022"},{"taxonomy":"post_tag","embeddable":true,"href":"https:\/\/www.2beauty.com.br\/blog\/wp-json\/wp\/v2\/tags?post=72022"}],"curies":[{"name":"wp","href":"https:\/\/api.w.org\/{rel}","templated":true}]}}