{"id":70745,"date":"2016-01-12T15:58:39","date_gmt":"2016-01-12T17:58:39","guid":{"rendered":"https:\/\/www.2beauty.com.br\/blog\/?p=70745"},"modified":"2019-02-15T16:10:22","modified_gmt":"2019-02-15T18:10:22","slug":"boca-colorida-batons-matte-t-blogs-tons-tuka-sampaio-karol-pinheiro-e-frescurinha","status":"publish","type":"post","link":"https:\/\/www.2beauty.com.br\/blog\/2016\/01\/boca-colorida-batons-matte-t-blogs-tons-tuka-sampaio-karol-pinheiro-e-frescurinha\/","title":{"rendered":"Boca Colorida: Batons Matte T. Blogs (tons Tuka Sampaio, Karol Pinheiro e Frescurinha)"},"content":{"rendered":"<p style=\"text-align: center\"><strong><a href=\"https:\/\/www.2beauty.com.br\/blog\/wp-content\/uploads\/2016\/01\/tracta1.jpg\"><img fetchpriority=\"high\" decoding=\"async\" class=\"alignnone size-full wp-image-70746\" src=\"https:\/\/www.2beauty.com.br\/blog\/wp-content\/uploads\/2016\/01\/tracta1.jpg\" alt=\"tracta1\" width=\"720\" height=\"932\" srcset=\"https:\/\/www.2beauty.com.br\/blog\/wp-content\/uploads\/2016\/01\/tracta1.jpg 720w, https:\/\/www.2beauty.com.br\/blog\/wp-content\/uploads\/2016\/01\/tracta1-620x803.jpg 620w, https:\/\/www.2beauty.com.br\/blog\/wp-content\/uploads\/2016\/01\/tracta1-580x751.jpg 580w, https:\/\/www.2beauty.com.br\/blog\/wp-content\/uploads\/2016\/01\/tracta1-336x435.jpg 336w\" sizes=\"(max-width: 720px) 100vw, 720px\" \/><\/a><\/strong><\/p>\n<p style=\"text-align: center\"><strong>Batons T. Blogs tons Tuka Sampaio, Karol Pinheiro e Frescurinha<\/strong><\/p>\n<p>H\u00e1 tempos que n\u00e3o postava amostrinhas das novas cores de T. Blogs, ent\u00e3o aqui est\u00e3o tr\u00eas cores que chegaram na minha casa j\u00e1 faz um tempinho.<\/p>\n<blockquote><p>Os tons s\u00e3o das blogueiras <a href=\"https:\/\/www.tukasampaio.com.br\" target=\"_blank\">Tuka Sampaio<\/a>, <a href=\"https:\/\/karolpinheiro.com.br\" target=\"_blank\">Karol Pinheiro<\/a> e da minha conterr\u00e2nea ga\u00facha <a href=\"https:\/\/frescurinha.com.br\" target=\"_blank\">Julia do blog Frescurinha<\/a>.<\/p><\/blockquote>\n<p>A f\u00f3rmula dos batons cont\u00e9m vitamina E e promete acabamento matte com textura macia e emoliente.<\/p>\n<p>Uma unidade <a href=\"https:\/\/www.tblogsshop.com.br\/produtos-tblogs\/blog-edicao-v\" target=\"_blank\">custa R$26,72 na lojinha virtual de T. Blogs<\/a>.<\/p>\n<p style=\"text-align: center\"><strong><a href=\"https:\/\/www.2beauty.com.br\/blog\/wp-content\/uploads\/2016\/01\/tracta2.jpg\"><img decoding=\"async\" class=\"alignnone size-full wp-image-70747\" src=\"https:\/\/www.2beauty.com.br\/blog\/wp-content\/uploads\/2016\/01\/tracta2.jpg\" alt=\"tracta2\" width=\"720\" height=\"470\" srcset=\"https:\/\/www.2beauty.com.br\/blog\/wp-content\/uploads\/2016\/01\/tracta2.jpg 720w, https:\/\/www.2beauty.com.br\/blog\/wp-content\/uploads\/2016\/01\/tracta2-580x378.jpg 580w, https:\/\/www.2beauty.com.br\/blog\/wp-content\/uploads\/2016\/01\/tracta2-620x404.jpg 620w\" sizes=\"(max-width: 720px) 100vw, 720px\" \/><\/a><\/strong><\/p>\n<p style=\"text-align: center\"><strong><a href=\"https:\/\/www.2beauty.com.br\/blog\/wp-content\/uploads\/2016\/01\/tracta3.jpg\"><img decoding=\"async\" class=\"alignnone size-full wp-image-70748\" src=\"https:\/\/www.2beauty.com.br\/blog\/wp-content\/uploads\/2016\/01\/tracta3.jpg\" alt=\"tracta3\" width=\"720\" height=\"470\" srcset=\"https:\/\/www.2beauty.com.br\/blog\/wp-content\/uploads\/2016\/01\/tracta3.jpg 720w, https:\/\/www.2beauty.com.br\/blog\/wp-content\/uploads\/2016\/01\/tracta3-580x378.jpg 580w, https:\/\/www.2beauty.com.br\/blog\/wp-content\/uploads\/2016\/01\/tracta3-620x404.jpg 620w\" sizes=\"(max-width: 720px) 100vw, 720px\" \/><\/a><\/strong><\/p>\n<p style=\"text-align: center\"><strong>Amostrinhas e ingredientes<\/strong><\/p>\n<p>A cor da Tuka Sampaio \u00e9 um coral rosado e foi inspirada pelo batom Relentlessly Red da MAC.<\/p>\n<blockquote><p>N\u00e3o tenho esse tom pra comparar, mas pelo que vi de fotos, o batom da Tuka \u00e9 mais rosa e um pouco mais aberto que o da MAC.<\/p><\/blockquote>\n<p>Al\u00e9m disso, a cor da Tuka muda um pouco dependendo da luz.<\/p>\n<p>Tem horas que me parece mais coral e horas que me parece rosa&#8230;<\/p>\n<p>O batom da Karol Pinheiro rosinha bem p\u00e1lido e frio, meio cinza, meio roxinho&#8230;<\/p>\n<p>O tom \u00e9 bem diferente!<\/p>\n<p>J\u00e1 a cor do Frescurinha \u00e9 um coral mais alaranjado e a inspira\u00e7\u00e3o pro batom veio do cabelo ruivo (lindo!) da dona do blog.<\/p>\n<p style=\"text-align: center\"><strong><a href=\"https:\/\/www.2beauty.com.br\/blog\/wp-content\/uploads\/2016\/01\/tracta4.jpg\"><img loading=\"lazy\" decoding=\"async\" class=\"alignnone size-full wp-image-70749\" src=\"https:\/\/www.2beauty.com.br\/blog\/wp-content\/uploads\/2016\/01\/tracta4.jpg\" alt=\"tracta4\" width=\"720\" height=\"470\" srcset=\"https:\/\/www.2beauty.com.br\/blog\/wp-content\/uploads\/2016\/01\/tracta4.jpg 720w, https:\/\/www.2beauty.com.br\/blog\/wp-content\/uploads\/2016\/01\/tracta4-580x378.jpg 580w, https:\/\/www.2beauty.com.br\/blog\/wp-content\/uploads\/2016\/01\/tracta4-620x404.jpg 620w\" sizes=\"(max-width: 720px) 100vw, 720px\" \/><\/a><\/strong><\/p>\n<p style=\"text-align: center\"><strong>Tuka Sampaio<\/strong><\/p>\n<p style=\"text-align: center\"><strong><a href=\"https:\/\/www.2beauty.com.br\/blog\/wp-content\/uploads\/2016\/01\/tracta5.jpg\"><img loading=\"lazy\" decoding=\"async\" class=\"alignnone size-full wp-image-70750\" src=\"https:\/\/www.2beauty.com.br\/blog\/wp-content\/uploads\/2016\/01\/tracta5.jpg\" alt=\"tracta5\" width=\"720\" height=\"470\" srcset=\"https:\/\/www.2beauty.com.br\/blog\/wp-content\/uploads\/2016\/01\/tracta5.jpg 720w, https:\/\/www.2beauty.com.br\/blog\/wp-content\/uploads\/2016\/01\/tracta5-580x378.jpg 580w, https:\/\/www.2beauty.com.br\/blog\/wp-content\/uploads\/2016\/01\/tracta5-620x404.jpg 620w\" sizes=\"(max-width: 720px) 100vw, 720px\" \/><\/a><\/strong><\/p>\n<p style=\"text-align: center\"><strong>Karol Pinheiro<\/strong><\/p>\n<p style=\"text-align: center\"><strong><a href=\"https:\/\/www.2beauty.com.br\/blog\/wp-content\/uploads\/2016\/01\/tracta6.jpg\"><img loading=\"lazy\" decoding=\"async\" class=\"alignnone size-full wp-image-70751\" src=\"https:\/\/www.2beauty.com.br\/blog\/wp-content\/uploads\/2016\/01\/tracta6.jpg\" alt=\"tracta6\" width=\"720\" height=\"470\" srcset=\"https:\/\/www.2beauty.com.br\/blog\/wp-content\/uploads\/2016\/01\/tracta6.jpg 720w, https:\/\/www.2beauty.com.br\/blog\/wp-content\/uploads\/2016\/01\/tracta6-580x378.jpg 580w, https:\/\/www.2beauty.com.br\/blog\/wp-content\/uploads\/2016\/01\/tracta6-620x404.jpg 620w\" sizes=\"(max-width: 720px) 100vw, 720px\" \/><\/a><\/strong><\/p>\n<p style=\"text-align: center\"><strong>Frescurinha<\/strong><\/p>\n<p>Os tr\u00eas batons tem cobertura bacana e acabamento sequinho.<\/p>\n<blockquote><p>A textura n\u00e3o \u00e9 t\u00e3o macia quanto a de um batom cremoso, mas est\u00e1 longe de ser seca ou de dificultar a aplica\u00e7\u00e3o nos l\u00e1bios.<\/p><\/blockquote>\n<p>Por conta da pegada mais seca, eles transferem menos, mas n\u00e3o s\u00e3o de longa dura\u00e7\u00e3o.<\/p>\n<p>A cor da Tuka foi a que mais resistiu nos meus l\u00e1bios, porque \u00e9 a que mais mancha a pele.<\/p>\n<p>Depois de comer, a cobertura foi embora, mas a boca continuava rosada, como se tivesse aplicado um balm coloridinho.<\/p>\n<p style=\"text-align: center\"><strong><a href=\"https:\/\/www.2beauty.com.br\/blog\/wp-content\/uploads\/2016\/01\/tracta7.jpg\"><img loading=\"lazy\" decoding=\"async\" class=\"alignnone size-full wp-image-70752\" src=\"https:\/\/www.2beauty.com.br\/blog\/wp-content\/uploads\/2016\/01\/tracta7.jpg\" alt=\"tracta7\" width=\"720\" height=\"470\" srcset=\"https:\/\/www.2beauty.com.br\/blog\/wp-content\/uploads\/2016\/01\/tracta7.jpg 720w, https:\/\/www.2beauty.com.br\/blog\/wp-content\/uploads\/2016\/01\/tracta7-580x378.jpg 580w, https:\/\/www.2beauty.com.br\/blog\/wp-content\/uploads\/2016\/01\/tracta7-620x404.jpg 620w\" sizes=\"(max-width: 720px) 100vw, 720px\" \/><\/a><\/strong><\/p>\n<p style=\"text-align: center\"><strong><a href=\"https:\/\/www.2beauty.com.br\/blog\/wp-content\/uploads\/2016\/01\/tracta8.jpg\"><img loading=\"lazy\" decoding=\"async\" class=\"alignnone size-full wp-image-70753\" src=\"https:\/\/www.2beauty.com.br\/blog\/wp-content\/uploads\/2016\/01\/tracta8.jpg\" alt=\"tracta8\" width=\"720\" height=\"470\" srcset=\"https:\/\/www.2beauty.com.br\/blog\/wp-content\/uploads\/2016\/01\/tracta8.jpg 720w, https:\/\/www.2beauty.com.br\/blog\/wp-content\/uploads\/2016\/01\/tracta8-580x378.jpg 580w, https:\/\/www.2beauty.com.br\/blog\/wp-content\/uploads\/2016\/01\/tracta8-620x404.jpg 620w\" sizes=\"(max-width: 720px) 100vw, 720px\" \/><\/a><\/strong><\/p>\n<p style=\"text-align: center\"><strong>Tuka Sampaio, Karol Pinheiro e Frescurinha<\/strong><\/p>\n<p>Pra ver amostrinhas do batom da Tuka em outras pessoas, <a href=\"https:\/\/kathycastricini.com\/batom-da-vez\/batom-da-vez-tuka-sampaio\/\" target=\"_blank\">clica aqui<\/a> e <a href=\"https:\/\/www.taisewalber.com\/2015\/11\/batom-tuka-sampaio-para-tblogs.html\" target=\"_blank\">aqui<\/a>.<\/p>\n<p>Pra ver mais fotos e amostras da cor da Karol Pinheiro, <a href=\"https:\/\/juromano.com\/beleza\/batom-karol-pinheiro-da-t-blogs-testei\" target=\"_blank\">clica aqui<\/a> e <a href=\"https:\/\/www.abcdebeleza.com.br\/maquiagem\/batom-karol-pinheiro-da-tblogs\/\" target=\"_blank\">aqui<\/a>.<\/p>\n<p>Pra ver mais do Frescurinha, <a href=\"https:\/\/umbigosemfundo.com.br\/2015\/11\/01\/resenha-batom-frescurinha-da-t-blogs\/\" target=\"_blank\">clica aqui<\/a> e <a href=\"https:\/\/frescurinha.com.br\/2015\/08\/batom-frescurinha.html\" target=\"_blank\">aqui<\/a>.<\/p>\n","protected":false},"excerpt":{"rendered":"<p>Batons T. Blogs tons Tuka Sampaio, Karol Pinheiro e Frescurinha H\u00e1 tempos que n\u00e3o postava amostrinhas das novas cores de T. Blogs, ent\u00e3o aqui est\u00e3o tr\u00eas cores que chegaram na minha casa j\u00e1 faz um tempinho. Os tons s\u00e3o das blogueiras Tuka Sampaio, Karol Pinheiro e da minha conterr\u00e2nea ga\u00facha Julia do blog Frescurinha. A f\u00f3rmula dos batons cont\u00e9m vitamina E e promete acabamento matte com textura macia e emoliente. Uma unidade custa R$26,72 na lojinha virtual de T. Blogs. Amostrinhas e ingredientes A cor da Tuka Sampaio \u00e9 um coral rosado e foi inspirada pelo batom Relentlessly Red da MAC. N\u00e3o tenho esse tom pra comparar, mas pelo que vi de fotos, o batom da Tuka \u00e9 mais rosa e um pouco mais aberto que o da MAC. Al\u00e9m disso, a cor da Tuka muda um pouco dependendo da luz. Tem horas que me parece mais coral e horas que me parece rosa&#8230; O batom da Karol Pinheiro rosinha bem p\u00e1lido e frio, meio cinza, meio roxinho&#8230; O tom \u00e9 bem diferente! J\u00e1 a cor do Frescurinha \u00e9 um coral mais alaranjado e a inspira\u00e7\u00e3o pro batom veio do cabelo ruivo (lindo!) da dona do blog. Tuka Sampaio Karol Pinheiro Frescurinha Os tr\u00eas batons tem cobertura bacana e acabamento sequinho. A textura n\u00e3o \u00e9 t\u00e3o macia quanto a de um batom cremoso, mas est\u00e1 longe de ser seca ou de dificultar a aplica\u00e7\u00e3o nos l\u00e1bios. Por conta da pegada mais seca, eles transferem menos, mas n\u00e3o s\u00e3o de longa dura\u00e7\u00e3o. A cor da Tuka foi a que mais resistiu nos meus l\u00e1bios, porque \u00e9 a que mais mancha a pele. Depois de comer, a cobertura foi embora, mas a boca continuava rosada, como se tivesse aplicado um balm coloridinho. Tuka Sampaio, Karol Pinheiro e Frescurinha Pra ver amostrinhas do batom da Tuka em outras pessoas, clica aqui e aqui. Pra ver mais fotos e amostras da cor da Karol Pinheiro, clica aqui e aqui. Pra ver mais do Frescurinha, clica aqui e aqui.<\/p>\n","protected":false},"author":1,"featured_media":70746,"comment_status":"open","ping_status":"open","sticky":false,"template":"","format":"standard","meta":{"_uag_custom_page_level_css":"","footnotes":""},"categories":[84],"tags":[3975,4111,1576,4088,1794],"class_list":["post-70745","post","type-post","status-publish","format-standard","has-post-thumbnail","hentry","category-maquiagem","tag-amostrinha","tag-batom","tag-boca-colorida","tag-maquiagem","tag-tracta"],"uagb_featured_image_src":{"full":["https:\/\/www.2beauty.com.br\/blog\/wp-content\/uploads\/2016\/01\/tracta1.jpg",720,932,false],"thumbnail":["https:\/\/www.2beauty.com.br\/blog\/wp-content\/uploads\/2016\/01\/tracta1-300x250.jpg",300,250,true],"medium":["https:\/\/www.2beauty.com.br\/blog\/wp-content\/uploads\/2016\/01\/tracta1-336x435.jpg",336,435,true],"medium_large":["https:\/\/www.2beauty.com.br\/blog\/wp-content\/uploads\/2016\/01\/tracta1.jpg",720,932,false],"large":["https:\/\/www.2beauty.com.br\/blog\/wp-content\/uploads\/2016\/01\/tracta1-620x803.jpg",620,803,true],"1536x1536":["https:\/\/www.2beauty.com.br\/blog\/wp-content\/uploads\/2016\/01\/tracta1.jpg",720,932,false],"2048x2048":["https:\/\/www.2beauty.com.br\/blog\/wp-content\/uploads\/2016\/01\/tracta1.jpg",720,932,false],"ashe-slider-grid-thumbnail":["https:\/\/www.2beauty.com.br\/blog\/wp-content\/uploads\/2016\/01\/tracta1.jpg",417,540,false],"ashe-full-thumbnail":["https:\/\/www.2beauty.com.br\/blog\/wp-content\/uploads\/2016\/01\/tracta1.jpg",720,932,false],"ashe-grid-thumbnail":["https:\/\/www.2beauty.com.br\/blog\/wp-content\/uploads\/2016\/01\/tracta1.jpg",255,330,false],"ashe-list-thumbnail":["https:\/\/www.2beauty.com.br\/blog\/wp-content\/uploads\/2016\/01\/tracta1.jpg",232,300,false],"ashe-single-navigation":["https:\/\/www.2beauty.com.br\/blog\/wp-content\/uploads\/2016\/01\/tracta1.jpg",58,75,false]},"uagb_author_info":{"display_name":"Marina Smith","author_link":"https:\/\/www.2beauty.com.br\/blog\/author\/marinasmith\/"},"uagb_comment_info":19,"uagb_excerpt":"Batons T. Blogs tons Tuka Sampaio, Karol Pinheiro e Frescurinha H\u00e1 tempos que n\u00e3o postava amostrinhas das novas cores de T. Blogs, ent\u00e3o aqui est\u00e3o tr\u00eas cores que chegaram na minha casa j\u00e1 faz um tempinho. Os tons s\u00e3o das blogueiras Tuka Sampaio, Karol Pinheiro e da minha conterr\u00e2nea ga\u00facha Julia do blog Frescurinha. A&hellip;","acf":[],"_links":{"self":[{"href":"https:\/\/www.2beauty.com.br\/blog\/wp-json\/wp\/v2\/posts\/70745","targetHints":{"allow":["GET"]}}],"collection":[{"href":"https:\/\/www.2beauty.com.br\/blog\/wp-json\/wp\/v2\/posts"}],"about":[{"href":"https:\/\/www.2beauty.com.br\/blog\/wp-json\/wp\/v2\/types\/post"}],"author":[{"embeddable":true,"href":"https:\/\/www.2beauty.com.br\/blog\/wp-json\/wp\/v2\/users\/1"}],"replies":[{"embeddable":true,"href":"https:\/\/www.2beauty.com.br\/blog\/wp-json\/wp\/v2\/comments?post=70745"}],"version-history":[{"count":0,"href":"https:\/\/www.2beauty.com.br\/blog\/wp-json\/wp\/v2\/posts\/70745\/revisions"}],"wp:featuredmedia":[{"embeddable":true,"href":"https:\/\/www.2beauty.com.br\/blog\/wp-json\/wp\/v2\/media\/70746"}],"wp:attachment":[{"href":"https:\/\/www.2beauty.com.br\/blog\/wp-json\/wp\/v2\/media?parent=70745"}],"wp:term":[{"taxonomy":"category","embeddable":true,"href":"https:\/\/www.2beauty.com.br\/blog\/wp-json\/wp\/v2\/categories?post=70745"},{"taxonomy":"post_tag","embeddable":true,"href":"https:\/\/www.2beauty.com.br\/blog\/wp-json\/wp\/v2\/tags?post=70745"}],"curies":[{"name":"wp","href":"https:\/\/api.w.org\/{rel}","templated":true}]}}