{"id":70092,"date":"2015-12-10T18:39:53","date_gmt":"2015-12-10T20:39:53","guid":{"rendered":"https:\/\/www.2beauty.com.br\/blog\/?p=70092"},"modified":"2015-12-10T18:39:53","modified_gmt":"2015-12-10T20:39:53","slug":"video-amigo-secreto-sephora","status":"publish","type":"post","link":"https:\/\/www.2beauty.com.br\/blog\/2015\/12\/video-amigo-secreto-sephora\/","title":{"rendered":"V\u00eddeo: Amigo Secreto Sephora"},"content":{"rendered":"<p><iframe src=\"https:\/\/www.youtube.com\/embed\/tZPEDfdTVHU\" width=\"720\" height=\"405\" frameborder=\"0\"><\/iframe><\/p>\n<blockquote><p>O primeiro amigo secreto do meu Natal n\u00e3o poderia ser melhor!!!<br \/>\nFui convidada pela Sephora pra trocar presentes (lindos AND RHYCOS) com pessoas muito queridas.<br \/>\nAqui est\u00e1 o v\u00eddeo completo com quem participou!<\/p><\/blockquote>\n<p>E os presentes? Ganhei muita coisa legal, mas no v\u00eddeo s\u00f3 aparece <a href=\"https:\/\/www.sephora.com.br\/marc-jacobs-fragrance\/perfumes\/feminino\/marc-jacobs-mod-noir-eau-de-parfum-20931?idparceria=29247&amp;utm_source=2beauty&amp;utm_medium=blog&amp;utm_campaign=2beauty\" target=\"_blank\">o perfume MA-RA do Marc Jacobs<\/a> e a <a href=\"https:\/\/www.sephora.com.br\/make-up-for-ever\/maquiagem\/olhos\/estojo-de-sombras-artist-palette-volume-2---artistic-20210?idparceria=29247&amp;utm_source=2beauty&amp;utm_medium=blog&amp;utm_campaign=2beauty\" target=\"_blank\">palette incr\u00edvel da Make Up For Ever<\/a>!<br \/>\nPra ver o que enviei pra minha amiga secreta, assiste o v\u00eddeo :)<\/p>\n","protected":false},"excerpt":{"rendered":"<p>O primeiro amigo secreto do meu Natal n\u00e3o poderia ser melhor!!! Fui convidada pela Sephora pra trocar presentes (lindos AND RHYCOS) com pessoas muito queridas. Aqui est\u00e1 o v\u00eddeo completo com quem participou! E os presentes? Ganhei muita coisa legal, mas no v\u00eddeo s\u00f3 aparece o perfume MA-RA do Marc Jacobs e a palette incr\u00edvel da Make Up For Ever! Pra ver o que enviei pra minha amiga secreta, assiste o v\u00eddeo :)<\/p>\n","protected":false},"author":1,"featured_media":0,"comment_status":"open","ping_status":"open","sticky":false,"template":"","format":"standard","meta":{"_uag_custom_page_level_css":"","footnotes":""},"categories":[1],"tags":[4138],"class_list":["post-70092","post","type-post","status-publish","format-standard","hentry","category-geral","tag-videos"],"uagb_featured_image_src":{"full":false,"thumbnail":false,"medium":false,"medium_large":false,"large":false,"1536x1536":false,"2048x2048":false,"ashe-slider-grid-thumbnail":false,"ashe-full-thumbnail":false,"ashe-grid-thumbnail":false,"ashe-list-thumbnail":false,"ashe-single-navigation":false},"uagb_author_info":{"display_name":"Marina Smith","author_link":"https:\/\/www.2beauty.com.br\/blog\/author\/marinasmith\/"},"uagb_comment_info":1,"uagb_excerpt":"O primeiro amigo secreto do meu Natal n\u00e3o poderia ser melhor!!! Fui convidada pela Sephora pra trocar presentes (lindos AND RHYCOS) com pessoas muito queridas. Aqui est\u00e1 o v\u00eddeo completo com quem participou! E os presentes? Ganhei muita coisa legal, mas no v\u00eddeo s\u00f3 aparece o perfume MA-RA do Marc Jacobs e a palette incr\u00edvel&hellip;","acf":[],"_links":{"self":[{"href":"https:\/\/www.2beauty.com.br\/blog\/wp-json\/wp\/v2\/posts\/70092","targetHints":{"allow":["GET"]}}],"collection":[{"href":"https:\/\/www.2beauty.com.br\/blog\/wp-json\/wp\/v2\/posts"}],"about":[{"href":"https:\/\/www.2beauty.com.br\/blog\/wp-json\/wp\/v2\/types\/post"}],"author":[{"embeddable":true,"href":"https:\/\/www.2beauty.com.br\/blog\/wp-json\/wp\/v2\/users\/1"}],"replies":[{"embeddable":true,"href":"https:\/\/www.2beauty.com.br\/blog\/wp-json\/wp\/v2\/comments?post=70092"}],"version-history":[{"count":0,"href":"https:\/\/www.2beauty.com.br\/blog\/wp-json\/wp\/v2\/posts\/70092\/revisions"}],"wp:attachment":[{"href":"https:\/\/www.2beauty.com.br\/blog\/wp-json\/wp\/v2\/media?parent=70092"}],"wp:term":[{"taxonomy":"category","embeddable":true,"href":"https:\/\/www.2beauty.com.br\/blog\/wp-json\/wp\/v2\/categories?post=70092"},{"taxonomy":"post_tag","embeddable":true,"href":"https:\/\/www.2beauty.com.br\/blog\/wp-json\/wp\/v2\/tags?post=70092"}],"curies":[{"name":"wp","href":"https:\/\/api.w.org\/{rel}","templated":true}]}}