{"id":69632,"date":"2015-12-03T14:00:39","date_gmt":"2015-12-03T16:00:39","guid":{"rendered":"https:\/\/www.2beauty.com.br\/blog\/?p=69632"},"modified":"2019-02-15T16:10:25","modified_gmt":"2019-02-15T18:10:25","slug":"desapegos-de-natal","status":"publish","type":"post","link":"https:\/\/www.2beauty.com.br\/blog\/2015\/12\/desapegos-de-natal\/","title":{"rendered":"Desapegos de Natal"},"content":{"rendered":"<blockquote><p>Bota o CD da Simone pra tocar, porque o Natal est\u00e1 chegando e com ele, o post de desapegos mais recheado do ano!<\/p>\n<p>\u00c9 dezembro, ent\u00e3o ao inv\u00e9s de um kit, teremos quatro e cada um deles tem uma variedade \u00f3tima de produtos, olha s\u00f3:<\/p><\/blockquote>\n<p><a href=\"https:\/\/www.2beauty.com.br\/blog\/wp-content\/uploads\/2015\/12\/natal1.jpg\"><img fetchpriority=\"high\" decoding=\"async\" class=\"size-full wp-image-69827 aligncenter\" src=\"https:\/\/www.2beauty.com.br\/blog\/wp-content\/uploads\/2015\/12\/natal1.jpg\" alt=\"natal1\" width=\"720\" height=\"470\" srcset=\"https:\/\/www.2beauty.com.br\/blog\/wp-content\/uploads\/2015\/12\/natal1.jpg 720w, https:\/\/www.2beauty.com.br\/blog\/wp-content\/uploads\/2015\/12\/natal1-580x378.jpg 580w, https:\/\/www.2beauty.com.br\/blog\/wp-content\/uploads\/2015\/12\/natal1-620x404.jpg 620w\" sizes=\"(max-width: 720px) 100vw, 720px\" \/><\/a><\/p>\n<p><a href=\"https:\/\/www.2beauty.com.br\/blog\/wp-content\/uploads\/2015\/12\/natal2.jpg\"><img decoding=\"async\" class=\"size-full wp-image-69828 aligncenter\" src=\"https:\/\/www.2beauty.com.br\/blog\/wp-content\/uploads\/2015\/12\/natal2.jpg\" alt=\"natal2\" width=\"720\" height=\"470\" srcset=\"https:\/\/www.2beauty.com.br\/blog\/wp-content\/uploads\/2015\/12\/natal2.jpg 720w, https:\/\/www.2beauty.com.br\/blog\/wp-content\/uploads\/2015\/12\/natal2-580x378.jpg 580w, https:\/\/www.2beauty.com.br\/blog\/wp-content\/uploads\/2015\/12\/natal2-620x404.jpg 620w\" sizes=\"(max-width: 720px) 100vw, 720px\" \/><\/a><\/p>\n<p><a href=\"https:\/\/www.2beauty.com.br\/blog\/wp-content\/uploads\/2015\/12\/natal3.jpg\"><img decoding=\"async\" class=\"size-full wp-image-69829 aligncenter\" src=\"https:\/\/www.2beauty.com.br\/blog\/wp-content\/uploads\/2015\/12\/natal3.jpg\" alt=\"natal3\" width=\"720\" height=\"470\" srcset=\"https:\/\/www.2beauty.com.br\/blog\/wp-content\/uploads\/2015\/12\/natal3.jpg 720w, https:\/\/www.2beauty.com.br\/blog\/wp-content\/uploads\/2015\/12\/natal3-580x378.jpg 580w, https:\/\/www.2beauty.com.br\/blog\/wp-content\/uploads\/2015\/12\/natal3-620x404.jpg 620w\" sizes=\"(max-width: 720px) 100vw, 720px\" \/><\/a><\/p>\n<p><a href=\"https:\/\/www.2beauty.com.br\/blog\/wp-content\/uploads\/2015\/12\/natal4.jpg\"><img loading=\"lazy\" decoding=\"async\" class=\"size-full wp-image-69830 aligncenter\" src=\"https:\/\/www.2beauty.com.br\/blog\/wp-content\/uploads\/2015\/12\/natal4.jpg\" alt=\"natal4\" width=\"720\" height=\"470\" srcset=\"https:\/\/www.2beauty.com.br\/blog\/wp-content\/uploads\/2015\/12\/natal4.jpg 720w, https:\/\/www.2beauty.com.br\/blog\/wp-content\/uploads\/2015\/12\/natal4-580x378.jpg 580w, https:\/\/www.2beauty.com.br\/blog\/wp-content\/uploads\/2015\/12\/natal4-620x404.jpg 620w\" sizes=\"(max-width: 720px) 100vw, 720px\" \/><\/a><\/p>\n<blockquote><p>Para adotar estes produtinhos, deixe seu nome e e-mail para contato no formul\u00e1rio abaixo. Postarei os nomes das pessoas escolhidas para receber os kits no dia 08 de dezembro, ter\u00e7a-feira.<\/p><\/blockquote>\n<p>Vale lembrar que como n\u00e3o d\u00e1 pra sortear os produtos do desapego (porque se o sorteio n\u00e3o for registrado com a Caixa, levo multa) e que muita gente reclama de concurso cultural, os kits ser\u00e3o distribu\u00eddos de forma mais simples:<\/p>\n<p><strong>Ao inv\u00e9s de sortear e ao inv\u00e9s de criar pergunta de concurso, escolherei aleatoriamente quem receber\u00e1 os produtos.<\/strong><\/p>\n<p>Loading&#8230;<\/p>\n","protected":false},"excerpt":{"rendered":"<p>Bota o CD da Simone pra tocar, porque o Natal est\u00e1 chegando e com ele, o post de desapegos mais recheado do ano! \u00c9 dezembro, ent\u00e3o ao inv\u00e9s de um kit, teremos quatro e cada um deles tem uma variedade \u00f3tima de produtos, olha s\u00f3: Para adotar estes produtinhos, deixe seu nome e e-mail para contato no formul\u00e1rio abaixo. Postarei os nomes das pessoas escolhidas para receber os kits no dia 08 de dezembro, ter\u00e7a-feira. Vale lembrar que como n\u00e3o d\u00e1 pra sortear os produtos do desapego (porque se o sorteio n\u00e3o for registrado com a Caixa, levo multa) e que muita gente reclama de concurso cultural, os kits ser\u00e3o distribu\u00eddos de forma mais simples: Ao inv\u00e9s de sortear e ao inv\u00e9s de criar pergunta de concurso, escolherei aleatoriamente quem receber\u00e1 os produtos. Loading&#8230;<\/p>\n","protected":false},"author":1,"featured_media":69824,"comment_status":"open","ping_status":"open","sticky":false,"template":"","format":"standard","meta":{"_uag_custom_page_level_css":"","footnotes":""},"categories":[1],"tags":[2280,3960],"class_list":["post-69632","post","type-post","status-publish","format-standard","has-post-thumbnail","hentry","category-geral","tag-desapegos","tag-gerald"],"uagb_featured_image_src":{"full":["https:\/\/www.2beauty.com.br\/blog\/wp-content\/uploads\/2015\/12\/natal.jpg",720,472,false],"thumbnail":["https:\/\/www.2beauty.com.br\/blog\/wp-content\/uploads\/2015\/12\/natal-300x250.jpg",300,250,true],"medium":["https:\/\/www.2beauty.com.br\/blog\/wp-content\/uploads\/2015\/12\/natal-580x380.jpg",580,380,true],"medium_large":["https:\/\/www.2beauty.com.br\/blog\/wp-content\/uploads\/2015\/12\/natal.jpg",720,472,false],"large":["https:\/\/www.2beauty.com.br\/blog\/wp-content\/uploads\/2015\/12\/natal-620x406.jpg",620,406,true],"1536x1536":["https:\/\/www.2beauty.com.br\/blog\/wp-content\/uploads\/2015\/12\/natal.jpg",720,472,false],"2048x2048":["https:\/\/www.2beauty.com.br\/blog\/wp-content\/uploads\/2015\/12\/natal.jpg",720,472,false],"ashe-slider-grid-thumbnail":["https:\/\/www.2beauty.com.br\/blog\/wp-content\/uploads\/2015\/12\/natal.jpg",720,472,false],"ashe-full-thumbnail":["https:\/\/www.2beauty.com.br\/blog\/wp-content\/uploads\/2015\/12\/natal.jpg",720,472,false],"ashe-grid-thumbnail":["https:\/\/www.2beauty.com.br\/blog\/wp-content\/uploads\/2015\/12\/natal.jpg",500,328,false],"ashe-list-thumbnail":["https:\/\/www.2beauty.com.br\/blog\/wp-content\/uploads\/2015\/12\/natal.jpg",300,197,false],"ashe-single-navigation":["https:\/\/www.2beauty.com.br\/blog\/wp-content\/uploads\/2015\/12\/natal.jpg",75,49,false]},"uagb_author_info":{"display_name":"Marina Smith","author_link":"https:\/\/www.2beauty.com.br\/blog\/author\/marinasmith\/"},"uagb_comment_info":414,"uagb_excerpt":"Bota o CD da Simone pra tocar, porque o Natal est\u00e1 chegando e com ele, o post de desapegos mais recheado do ano! \u00c9 dezembro, ent\u00e3o ao inv\u00e9s de um kit, teremos quatro e cada um deles tem uma variedade \u00f3tima de produtos, olha s\u00f3: Para adotar estes produtinhos, deixe seu nome e e-mail para&hellip;","acf":[],"_links":{"self":[{"href":"https:\/\/www.2beauty.com.br\/blog\/wp-json\/wp\/v2\/posts\/69632","targetHints":{"allow":["GET"]}}],"collection":[{"href":"https:\/\/www.2beauty.com.br\/blog\/wp-json\/wp\/v2\/posts"}],"about":[{"href":"https:\/\/www.2beauty.com.br\/blog\/wp-json\/wp\/v2\/types\/post"}],"author":[{"embeddable":true,"href":"https:\/\/www.2beauty.com.br\/blog\/wp-json\/wp\/v2\/users\/1"}],"replies":[{"embeddable":true,"href":"https:\/\/www.2beauty.com.br\/blog\/wp-json\/wp\/v2\/comments?post=69632"}],"version-history":[{"count":0,"href":"https:\/\/www.2beauty.com.br\/blog\/wp-json\/wp\/v2\/posts\/69632\/revisions"}],"wp:featuredmedia":[{"embeddable":true,"href":"https:\/\/www.2beauty.com.br\/blog\/wp-json\/wp\/v2\/media\/69824"}],"wp:attachment":[{"href":"https:\/\/www.2beauty.com.br\/blog\/wp-json\/wp\/v2\/media?parent=69632"}],"wp:term":[{"taxonomy":"category","embeddable":true,"href":"https:\/\/www.2beauty.com.br\/blog\/wp-json\/wp\/v2\/categories?post=69632"},{"taxonomy":"post_tag","embeddable":true,"href":"https:\/\/www.2beauty.com.br\/blog\/wp-json\/wp\/v2\/tags?post=69632"}],"curies":[{"name":"wp","href":"https:\/\/api.w.org\/{rel}","templated":true}]}}