{"id":69317,"date":"2015-11-13T14:00:42","date_gmt":"2015-11-13T16:00:42","guid":{"rendered":"https:\/\/www.2beauty.com.br\/blog\/?p=69317"},"modified":"2019-02-15T16:10:26","modified_gmt":"2019-02-15T18:10:26","slug":"resenha-mascara-divina-prete-volume-alonga-curva-e-define-de-quem-disse-berenice","status":"publish","type":"post","link":"https:\/\/www.2beauty.com.br\/blog\/2015\/11\/resenha-mascara-divina-prete-volume-alonga-curva-e-define-de-quem-disse-berenice\/","title":{"rendered":"Resenha: M\u00e1scara Divina Pret\u00e9 Volume, Alonga, Curva e Define de Quem Disse, Berenice?"},"content":{"rendered":"<p><a href=\"https:\/\/www.2beauty.com.br\/blog\/wp-content\/uploads\/2015\/10\/qdb11.jpg\"><img fetchpriority=\"high\" decoding=\"async\" class=\"size-full wp-image-69318 aligncenter\" src=\"https:\/\/www.2beauty.com.br\/blog\/wp-content\/uploads\/2015\/10\/qdb11.jpg\" alt=\"qdb1\" width=\"720\" height=\"932\" srcset=\"https:\/\/www.2beauty.com.br\/blog\/wp-content\/uploads\/2015\/10\/qdb11.jpg 720w, https:\/\/www.2beauty.com.br\/blog\/wp-content\/uploads\/2015\/10\/qdb11-620x803.jpg 620w, https:\/\/www.2beauty.com.br\/blog\/wp-content\/uploads\/2015\/10\/qdb11-580x751.jpg 580w, https:\/\/www.2beauty.com.br\/blog\/wp-content\/uploads\/2015\/10\/qdb11-336x435.jpg 336w\" sizes=\"(max-width: 720px) 100vw, 720px\" \/><\/a><\/p>\n<p style=\"text-align: center\"><img decoding=\"async\" style=\"width: 30px;height: 30px\" title=\"Star\" src=\"https:\/\/www.2beauty.com.br\/blog\/images\/star.gif\" alt=\"Star\" width=\"30\" height=\"30\" align=\"top\" border=\"0\" \/><img decoding=\"async\" style=\"width: 30px;height: 30px\" title=\"Star\" src=\"https:\/\/www.2beauty.com.br\/blog\/images\/star.gif\" alt=\"Star\" width=\"30\" height=\"30\" align=\"top\" border=\"0\" \/><img decoding=\"async\" style=\"width: 30px;height: 30px\" title=\"Star\" src=\"https:\/\/www.2beauty.com.br\/blog\/images\/star.gif\" alt=\"Star\" width=\"30\" height=\"30\" align=\"top\" border=\"0\" \/><img decoding=\"async\" style=\"width: 30px;height: 30px\" title=\"Star\" src=\"https:\/\/www.2beauty.com.br\/blog\/images\/star.gif\" alt=\"Star\" width=\"30\" height=\"30\" align=\"top\" border=\"0\" \/><img decoding=\"async\" style=\"width: 30px;height: 30px\" title=\"Star\" src=\"https:\/\/www.2beauty.com.br\/blog\/images\/star2.gif\" alt=\"Star\" width=\"30\" height=\"30\" align=\"top\" border=\"0\" \/><\/p>\n<p style=\"text-align: center\"><strong>Quatro estrelinhas<\/strong><\/p>\n<p>Esse r\u00edmel promete tudo! O release (e o nome mais longo da hist\u00f3ria de m\u00e1scaras para c\u00edlios) diz que ela d\u00e1 volume, alonga, curva e define as pestanas.<\/p>\n<p><strong>A descri\u00e7\u00e3o diz o seguinte:<\/strong><\/p>\n<blockquote><p>Se voc\u00ea \u00e9 daquelas que n\u00e3o sai de casa sem m\u00e1scara e ama todos os efeitos juntos de uma s\u00f3 vez? C\u00edlios volumosos, longos, curvados e definidos, ent\u00e3o voc\u00ea encontrou sua m\u00e1scara perfeita!<\/p>\n<p>Testamos muuuitas f\u00f3rmulas e aplicadores e, sim, encontramos a m\u00e1scara faz-tudo. Pode acreditar, seus c\u00edlios v\u00e3o ficar divinos!<\/p><\/blockquote>\n<p>Um tubinho da M\u00e1scara Divina <a href=\"https:\/\/www.quemdisseberenice.com.br\/mascara-divina-prete-volume-alonga-curva-e-define-quem-disse--berenice-7-5g.htm\" target=\"_blank\">custa R$31,90 e pode ser adquirido nas lojas ou no site de Quem Disse, Berenice?<\/a>.<\/p>\n<p style=\"text-align: center\"><strong><a href=\"https:\/\/www.2beauty.com.br\/blog\/wp-content\/uploads\/2015\/10\/qdb21.jpg\"><img loading=\"lazy\" decoding=\"async\" class=\"alignnone size-full wp-image-69319\" src=\"https:\/\/www.2beauty.com.br\/blog\/wp-content\/uploads\/2015\/10\/qdb21.jpg\" alt=\"qdb2\" width=\"720\" height=\"470\" srcset=\"https:\/\/www.2beauty.com.br\/blog\/wp-content\/uploads\/2015\/10\/qdb21.jpg 720w, https:\/\/www.2beauty.com.br\/blog\/wp-content\/uploads\/2015\/10\/qdb21-580x378.jpg 580w, https:\/\/www.2beauty.com.br\/blog\/wp-content\/uploads\/2015\/10\/qdb21-620x404.jpg 620w\" sizes=\"(max-width: 720px) 100vw, 720px\" \/><\/a><\/strong><\/p>\n<p style=\"text-align: center\"><strong>Close-up aplicador<\/strong><\/p>\n<p>A embalagem rosa \u00e9 uma gracinha e o r\u00edmel tem aplicador reto, fininho e com muitas cerdas curtinhas.<\/p>\n<blockquote><p>Normalmente, este modelo de aplicador d\u00e1 mais defini\u00e7\u00e3o e alongamento aos c\u00edlios do que volume ou curvatura.<\/p><\/blockquote>\n<p>O r\u00edmel em si \u00e9 bem pretinho e sua textura \u00e9 do tipo que eu gosto:<\/p>\n<p>Nem muito grossa, nem muito l\u00edquida.<\/p>\n<p style=\"text-align: center\"><strong><a href=\"https:\/\/www.2beauty.com.br\/blog\/wp-content\/uploads\/2015\/10\/qdb31.jpg\"><img loading=\"lazy\" decoding=\"async\" class=\"alignnone size-full wp-image-69320\" src=\"https:\/\/www.2beauty.com.br\/blog\/wp-content\/uploads\/2015\/10\/qdb31.jpg\" alt=\"qdb3\" width=\"720\" height=\"600\" srcset=\"https:\/\/www.2beauty.com.br\/blog\/wp-content\/uploads\/2015\/10\/qdb31.jpg 720w, https:\/\/www.2beauty.com.br\/blog\/wp-content\/uploads\/2015\/10\/qdb31-300x250.jpg 300w, https:\/\/www.2beauty.com.br\/blog\/wp-content\/uploads\/2015\/10\/qdb31-522x435.jpg 522w, https:\/\/www.2beauty.com.br\/blog\/wp-content\/uploads\/2015\/10\/qdb31-620x516.jpg 620w\" sizes=\"(max-width: 720px) 100vw, 720px\" \/><\/a><\/strong><\/p>\n<p style=\"text-align: center\"><strong>C\u00edlios ao natural, com uma camada, com duas e com tr\u00eas<\/strong><\/p>\n<p>Com uma camada de produto j\u00e1 se nota um pouco de alongamento e at\u00e9 de curvatura.<\/p>\n<p>Com tr\u00eas, as pestanas ficam mais empinadas, separadas e curvadas.<\/p>\n<p>Tamb\u00e9m ficam mais volumosas, pero no mucho.<\/p>\n<blockquote><p>Ainda n\u00e3o arrisquei uma quarta camada, porque quando chego na terceira, ele amea\u00e7a criar gruminhos.<\/p><\/blockquote>\n<p style=\"text-align: center\"><strong><a href=\"https:\/\/www.2beauty.com.br\/blog\/wp-content\/uploads\/2015\/10\/qdb42.jpg\"><img loading=\"lazy\" decoding=\"async\" class=\"alignnone size-full wp-image-69321\" src=\"https:\/\/www.2beauty.com.br\/blog\/wp-content\/uploads\/2015\/10\/qdb42.jpg\" alt=\"qdb4\" width=\"720\" height=\"470\" srcset=\"https:\/\/www.2beauty.com.br\/blog\/wp-content\/uploads\/2015\/10\/qdb42.jpg 720w, https:\/\/www.2beauty.com.br\/blog\/wp-content\/uploads\/2015\/10\/qdb42-580x378.jpg 580w, https:\/\/www.2beauty.com.br\/blog\/wp-content\/uploads\/2015\/10\/qdb42-620x404.jpg 620w\" sizes=\"(max-width: 720px) 100vw, 720px\" \/><\/a><\/strong><\/p>\n<p style=\"text-align: center\"><strong><a href=\"https:\/\/www.2beauty.com.br\/blog\/wp-content\/uploads\/2015\/10\/qdb52.jpg\"><img loading=\"lazy\" decoding=\"async\" class=\"alignnone size-full wp-image-69322\" src=\"https:\/\/www.2beauty.com.br\/blog\/wp-content\/uploads\/2015\/10\/qdb52.jpg\" alt=\"qdb5\" width=\"720\" height=\"470\" srcset=\"https:\/\/www.2beauty.com.br\/blog\/wp-content\/uploads\/2015\/10\/qdb52.jpg 720w, https:\/\/www.2beauty.com.br\/blog\/wp-content\/uploads\/2015\/10\/qdb52-580x378.jpg 580w, https:\/\/www.2beauty.com.br\/blog\/wp-content\/uploads\/2015\/10\/qdb52-620x404.jpg 620w\" sizes=\"(max-width: 720px) 100vw, 720px\" \/><\/a><\/strong><\/p>\n<p style=\"text-align: center\"><strong>C\u00edlios com tr\u00eas camadas<\/strong><\/p>\n<p>N\u00e3o encontrei informa\u00e7\u00e3o se ele \u00e9 \u00e0 prova d&#8217;\u00e1gua ou n\u00e3o, ent\u00e3o tirei a prova na hora do banho.<\/p>\n<p>Resultado: \u00e9 resistente, mas n\u00e3o \u00e9 \u00e0 prova d&#8217;\u00e1gua.<\/p>\n<p>Ao molhar os olhos, o r\u00edmel n\u00e3o escorreu.<\/p>\n<p>Quando esfreguei os c\u00edlios \u00famidos, a m\u00e1scara soltou dos c\u00edlios em forma de floquinhos.<\/p>\n<p><strong>Resumindo:<\/strong><\/p>\n<blockquote><p>N\u00e3o \u00e9 a m\u00e1scara perfeita, porque n\u00e3o d\u00e1 volum\u00e3o, mas n\u00e3o deixa de ser boa, especialmente porque a curvatura \u00e9 legal e ela realmente alonga bastante os c\u00edlios.<\/p>\n<p>\u00c9 uma m\u00e1scara \u00f3tima para quem gosta de pestanas grandes e mais separadinhas.<\/p><\/blockquote>\n<div id=\"resenha\">\n<p><span class=\"titresenha\">Detalhes da nota:<\/span><\/p>\n<div class=\"notas\">Textura\/Aplica\u00e7\u00e3o: 5\/5<br \/>\nCobertura\/Pigmenta\u00e7\u00e3o: 5\/5<br \/>\nFixa\u00e7\u00e3o: 4\/5<br \/>\nPre\u00e7o: 4\/5<br \/>\nApresenta\u00e7\u00e3o: 3\/5<br \/>\nRela\u00e7\u00e3o Realidade x Descri\u00e7\u00e3o Oficial: 3\/5<br \/>\n<span class=\"media\">M\u00e9dia: 4,0<br \/>\n<\/span><\/div>\n<p>Para visualizar a lista completa de crit\u00e9rios e notas, <a href=\"https:\/\/www.2beauty.com.br\/blog\/images\/avaliacao.gif\" target=\"_blank\">clique aqui<\/a>.<\/p>\n<\/div>\n","protected":false},"excerpt":{"rendered":"<p>Quatro estrelinhas Esse r\u00edmel promete tudo! O release (e o nome mais longo da hist\u00f3ria de m\u00e1scaras para c\u00edlios) diz que ela d\u00e1 volume, alonga, curva e define as pestanas. A descri\u00e7\u00e3o diz o seguinte: Se voc\u00ea \u00e9 daquelas que n\u00e3o sai de casa sem m\u00e1scara e ama todos os efeitos juntos de uma s\u00f3 vez? C\u00edlios volumosos, longos, curvados e definidos, ent\u00e3o voc\u00ea encontrou sua m\u00e1scara perfeita! Testamos muuuitas f\u00f3rmulas e aplicadores e, sim, encontramos a m\u00e1scara faz-tudo. Pode acreditar, seus c\u00edlios v\u00e3o ficar divinos! Um tubinho da M\u00e1scara Divina custa R$31,90 e pode ser adquirido nas lojas ou no site de Quem Disse, Berenice?. Close-up aplicador A embalagem rosa \u00e9 uma gracinha e o r\u00edmel tem aplicador reto, fininho e com muitas cerdas curtinhas. Normalmente, este modelo de aplicador d\u00e1 mais defini\u00e7\u00e3o e alongamento aos c\u00edlios do que volume ou curvatura. O r\u00edmel em si \u00e9 bem pretinho e sua textura \u00e9 do tipo que eu gosto: Nem muito grossa, nem muito l\u00edquida. C\u00edlios ao natural, com uma camada, com duas e com tr\u00eas Com uma camada de produto j\u00e1 se nota um pouco de alongamento e at\u00e9 de curvatura. Com tr\u00eas, as pestanas ficam mais empinadas, separadas e curvadas. Tamb\u00e9m ficam mais volumosas, pero no mucho. Ainda n\u00e3o arrisquei uma quarta camada, porque quando chego na terceira, ele amea\u00e7a criar gruminhos. C\u00edlios com tr\u00eas camadas N\u00e3o encontrei informa\u00e7\u00e3o se ele \u00e9 \u00e0 prova d&#8217;\u00e1gua ou n\u00e3o, ent\u00e3o tirei a prova na hora do banho. Resultado: \u00e9 resistente, mas n\u00e3o \u00e9 \u00e0 prova d&#8217;\u00e1gua. Ao molhar os olhos, o r\u00edmel n\u00e3o escorreu. Quando esfreguei os c\u00edlios \u00famidos, a m\u00e1scara soltou dos c\u00edlios em forma de floquinhos. Resumindo: N\u00e3o \u00e9 a m\u00e1scara perfeita, porque n\u00e3o d\u00e1 volum\u00e3o, mas n\u00e3o deixa de ser boa, especialmente porque a curvatura \u00e9 legal e ela realmente alonga bastante os c\u00edlios. \u00c9 uma m\u00e1scara \u00f3tima para quem gosta de pestanas grandes e mais separadinhas. Detalhes da nota: Textura\/Aplica\u00e7\u00e3o: 5\/5 Cobertura\/Pigmenta\u00e7\u00e3o: 5\/5 Fixa\u00e7\u00e3o: 4\/5 Pre\u00e7o: 4\/5 Apresenta\u00e7\u00e3o: 3\/5 Rela\u00e7\u00e3o Realidade x Descri\u00e7\u00e3o Oficial: 3\/5 M\u00e9dia: 4,0 Para visualizar a lista completa de crit\u00e9rios e notas, clique aqui.<\/p>\n","protected":false},"author":1,"featured_media":69318,"comment_status":"open","ping_status":"open","sticky":false,"template":"","format":"standard","meta":{"_uag_custom_page_level_css":"","footnotes":""},"categories":[84],"tags":[4088,2882,4128,4125],"class_list":["post-69317","post","type-post","status-publish","format-standard","has-post-thumbnail","hentry","category-maquiagem","tag-maquiagem","tag-quem-disse-berenice","tag-resenhas","tag-rimel"],"uagb_featured_image_src":{"full":["https:\/\/www.2beauty.com.br\/blog\/wp-content\/uploads\/2015\/10\/qdb11.jpg",720,932,false],"thumbnail":["https:\/\/www.2beauty.com.br\/blog\/wp-content\/uploads\/2015\/10\/qdb11-300x250.jpg",300,250,true],"medium":["https:\/\/www.2beauty.com.br\/blog\/wp-content\/uploads\/2015\/10\/qdb11-336x435.jpg",336,435,true],"medium_large":["https:\/\/www.2beauty.com.br\/blog\/wp-content\/uploads\/2015\/10\/qdb11.jpg",720,932,false],"large":["https:\/\/www.2beauty.com.br\/blog\/wp-content\/uploads\/2015\/10\/qdb11-620x803.jpg",620,803,true],"1536x1536":["https:\/\/www.2beauty.com.br\/blog\/wp-content\/uploads\/2015\/10\/qdb11.jpg",720,932,false],"2048x2048":["https:\/\/www.2beauty.com.br\/blog\/wp-content\/uploads\/2015\/10\/qdb11.jpg",720,932,false],"ashe-slider-grid-thumbnail":["https:\/\/www.2beauty.com.br\/blog\/wp-content\/uploads\/2015\/10\/qdb11.jpg",417,540,false],"ashe-full-thumbnail":["https:\/\/www.2beauty.com.br\/blog\/wp-content\/uploads\/2015\/10\/qdb11.jpg",720,932,false],"ashe-grid-thumbnail":["https:\/\/www.2beauty.com.br\/blog\/wp-content\/uploads\/2015\/10\/qdb11.jpg",255,330,false],"ashe-list-thumbnail":["https:\/\/www.2beauty.com.br\/blog\/wp-content\/uploads\/2015\/10\/qdb11.jpg",232,300,false],"ashe-single-navigation":["https:\/\/www.2beauty.com.br\/blog\/wp-content\/uploads\/2015\/10\/qdb11.jpg",58,75,false]},"uagb_author_info":{"display_name":"Marina Smith","author_link":"https:\/\/www.2beauty.com.br\/blog\/author\/marinasmith\/"},"uagb_comment_info":20,"uagb_excerpt":"Quatro estrelinhas Esse r\u00edmel promete tudo! O release (e o nome mais longo da hist\u00f3ria de m\u00e1scaras para c\u00edlios) diz que ela d\u00e1 volume, alonga, curva e define as pestanas. A descri\u00e7\u00e3o diz o seguinte: Se voc\u00ea \u00e9 daquelas que n\u00e3o sai de casa sem m\u00e1scara e ama todos os efeitos juntos de uma s\u00f3&hellip;","acf":[],"_links":{"self":[{"href":"https:\/\/www.2beauty.com.br\/blog\/wp-json\/wp\/v2\/posts\/69317","targetHints":{"allow":["GET"]}}],"collection":[{"href":"https:\/\/www.2beauty.com.br\/blog\/wp-json\/wp\/v2\/posts"}],"about":[{"href":"https:\/\/www.2beauty.com.br\/blog\/wp-json\/wp\/v2\/types\/post"}],"author":[{"embeddable":true,"href":"https:\/\/www.2beauty.com.br\/blog\/wp-json\/wp\/v2\/users\/1"}],"replies":[{"embeddable":true,"href":"https:\/\/www.2beauty.com.br\/blog\/wp-json\/wp\/v2\/comments?post=69317"}],"version-history":[{"count":0,"href":"https:\/\/www.2beauty.com.br\/blog\/wp-json\/wp\/v2\/posts\/69317\/revisions"}],"wp:featuredmedia":[{"embeddable":true,"href":"https:\/\/www.2beauty.com.br\/blog\/wp-json\/wp\/v2\/media\/69318"}],"wp:attachment":[{"href":"https:\/\/www.2beauty.com.br\/blog\/wp-json\/wp\/v2\/media?parent=69317"}],"wp:term":[{"taxonomy":"category","embeddable":true,"href":"https:\/\/www.2beauty.com.br\/blog\/wp-json\/wp\/v2\/categories?post=69317"},{"taxonomy":"post_tag","embeddable":true,"href":"https:\/\/www.2beauty.com.br\/blog\/wp-json\/wp\/v2\/tags?post=69317"}],"curies":[{"name":"wp","href":"https:\/\/api.w.org\/{rel}","templated":true}]}}