{"id":6918,"date":"2009-09-10T12:03:52","date_gmt":"2009-09-10T14:03:52","guid":{"rendered":"https:\/\/www.2beauty.com.br\/blog\/?p=6918"},"modified":"2009-09-10T12:03:52","modified_gmt":"2009-09-10T14:03:52","slug":"hora-do-cabeleeenho-coque-para-o-picuma-rebelde","status":"publish","type":"post","link":"https:\/\/www.2beauty.com.br\/blog\/2009\/09\/hora-do-cabeleeenho-coque-para-o-picuma-rebelde\/","title":{"rendered":"Hora do Cabeleeenho: Coque para o picum\u00e3 rebelde"},"content":{"rendered":"<p style=\"text-align: center;\"><a href=\"https:\/\/www.2beauty.com.br\/blog\/wp-content\/uploads\/2009\/09\/tranca1.jpg\"><strong><img fetchpriority=\"high\" decoding=\"async\" class=\"alignnone size-full wp-image-6919\" title=\"tranca1\" src=\"https:\/\/www.2beauty.com.br\/blog\/wp-content\/uploads\/2009\/09\/tranca1.jpg\" alt=\"\" width=\"375\" height=\"500\" \/><\/strong><\/a><\/p>\n<p style=\"text-align: center;\"><strong>Trancinha + coque baixo<\/strong><\/p>\n<p>Quando o tempo est\u00e1 um coc\u00f4 e o meu cabelo fica rebelde\/arrepiado\/torto, fa\u00e7o um coque com trancinha que \u00e9 super r\u00e1pido (menos de 5 minutos!) e f\u00e1cil de fazer.<br \/>\n<strong>Abaixo est\u00e3o o v\u00eddeo e as foteeenhas:<\/strong><br \/>\n<object classid=\"clsid:d27cdb6e-ae6d-11cf-96b8-444553540000\" width=\"437\" height=\"370\" codebase=\"https:\/\/download.macromedia.com\/pub\/shockwave\/cabs\/flash\/swflash.cab#version=6,0,40,0\"><param name=\"id\" value=\"viddler_2a564603\" \/><param name=\"allowScriptAccess\" value=\"always\" \/><param name=\"allowFullScreen\" value=\"true\" \/><param name=\"src\" value=\"https:\/\/www.viddler.com\/player\/2a564603\/\" \/><embed id=\"viddler_2a564603\" type=\"application\/x-shockwave-flash\" width=\"437\" height=\"370\" src=\"https:\/\/www.viddler.com\/player\/2a564603\/\" allowfullscreen=\"true\" allowscriptaccess=\"always\"><\/embed><\/object><br \/>\nSe voc\u00ea n\u00e3o consegue ver o player do Viddler, \u00e9 s\u00f3 <a href=\"https:\/\/www.2beauty.com.br\/blog\/wp-content\/tranca.wmv\" target=\"_blank\">clicar aqui<\/a> para baixar o arquivo de v\u00eddeo.<\/p>\n<p style=\"text-align: center;\"><a href=\"https:\/\/www.2beauty.com.br\/blog\/wp-content\/uploads\/2009\/09\/tranca3.jpg\"><strong><img decoding=\"async\" class=\"alignnone size-full wp-image-6920\" title=\"tranca3\" src=\"https:\/\/www.2beauty.com.br\/blog\/wp-content\/uploads\/2009\/09\/tranca3.jpg\" alt=\"\" width=\"375\" height=\"500\" srcset=\"https:\/\/www.2beauty.com.br\/blog\/wp-content\/uploads\/2009\/09\/tranca3.jpg 375w, https:\/\/www.2beauty.com.br\/blog\/wp-content\/uploads\/2009\/09\/tranca3-281x375.jpg 281w\" sizes=\"(max-width: 375px) 100vw, 375px\" \/><\/strong><\/a><\/p>\n<p style=\"text-align: center;\"><strong>Trancinha + cabelo solto<\/strong><\/p>\n<p>A trancinha sozinha \u00e9 super legal, porque tira a franja do rosto e d\u00e1 um &#8220;tch\u00e3nanam&#8221; bacanoso no &#8220;visu&#8221;.<br \/>\nSe voc\u00ea quer uma coisa mais rycah, pode incrementar o coque com uma flor, um lacinho ou uma fitinha&#8230;<\/p>\n<p style=\"text-align: center;\"><a href=\"https:\/\/www.2beauty.com.br\/blog\/wp-content\/uploads\/2009\/09\/tranca2.jpg\"><strong><img decoding=\"async\" class=\"alignnone size-full wp-image-6921\" title=\"tranca2\" src=\"https:\/\/www.2beauty.com.br\/blog\/wp-content\/uploads\/2009\/09\/tranca2.jpg\" alt=\"\" width=\"500\" height=\"375\" \/><\/strong><\/a><\/p>\n<p style=\"text-align: center;\"><strong>Trancinha + coque baixo + flor<\/strong><\/p>\n<p>PS: Favor n\u00e3o reparar na sobrancelha descabelada e na boca podre de seca. Grata! :)<br \/>\nPS 2: Geeente, minha orelha \u00e9 enorme * rs rs rs *<br \/>\nImagina quando eu ficar mais velha&#8230; ABAPHA!<\/p>\n","protected":false},"excerpt":{"rendered":"<p>Trancinha + coque baixo Quando o tempo est\u00e1 um coc\u00f4 e o meu cabelo fica rebelde\/arrepiado\/torto, fa\u00e7o um coque com trancinha que \u00e9 super r\u00e1pido (menos de 5 minutos!) e f\u00e1cil de fazer. Abaixo est\u00e3o o v\u00eddeo e as foteeenhas: Se voc\u00ea n\u00e3o consegue ver o player do Viddler, \u00e9 s\u00f3 clicar aqui para baixar o arquivo de v\u00eddeo. Trancinha + cabelo solto A trancinha sozinha \u00e9 super legal, porque tira a franja do rosto e d\u00e1 um &#8220;tch\u00e3nanam&#8221; bacanoso no &#8220;visu&#8221;. Se voc\u00ea quer uma coisa mais rycah, pode incrementar o coque com uma flor, um lacinho ou uma fitinha&#8230; Trancinha + coque baixo + flor PS: Favor n\u00e3o reparar na sobrancelha descabelada e na boca podre de seca. Grata! :) PS 2: Geeente, minha orelha \u00e9 enorme * rs rs rs * Imagina quando eu ficar mais velha&#8230; ABAPHA!<\/p>\n","protected":false},"author":1,"featured_media":0,"comment_status":"open","ping_status":"open","sticky":false,"template":"","format":"standard","meta":{"_uag_custom_page_level_css":"","footnotes":""},"categories":[694],"tags":[4153,1131,1130,1132],"class_list":["post-6918","post","type-post","status-publish","format-standard","hentry","category-cabelo","tag-cabelo","tag-coque","tag-penteado","tag-tranca"],"uagb_featured_image_src":{"full":false,"thumbnail":false,"medium":false,"medium_large":false,"large":false,"1536x1536":false,"2048x2048":false,"ashe-slider-grid-thumbnail":false,"ashe-full-thumbnail":false,"ashe-grid-thumbnail":false,"ashe-list-thumbnail":false,"ashe-single-navigation":false},"uagb_author_info":{"display_name":"Marina Smith","author_link":"https:\/\/www.2beauty.com.br\/blog\/author\/marinasmith\/"},"uagb_comment_info":42,"uagb_excerpt":"Trancinha + coque baixo Quando o tempo est\u00e1 um coc\u00f4 e o meu cabelo fica rebelde\/arrepiado\/torto, fa\u00e7o um coque com trancinha que \u00e9 super r\u00e1pido (menos de 5 minutos!) e f\u00e1cil de fazer. Abaixo est\u00e3o o v\u00eddeo e as foteeenhas: Se voc\u00ea n\u00e3o consegue ver o player do Viddler, \u00e9 s\u00f3 clicar aqui para baixar&hellip;","acf":[],"_links":{"self":[{"href":"https:\/\/www.2beauty.com.br\/blog\/wp-json\/wp\/v2\/posts\/6918","targetHints":{"allow":["GET"]}}],"collection":[{"href":"https:\/\/www.2beauty.com.br\/blog\/wp-json\/wp\/v2\/posts"}],"about":[{"href":"https:\/\/www.2beauty.com.br\/blog\/wp-json\/wp\/v2\/types\/post"}],"author":[{"embeddable":true,"href":"https:\/\/www.2beauty.com.br\/blog\/wp-json\/wp\/v2\/users\/1"}],"replies":[{"embeddable":true,"href":"https:\/\/www.2beauty.com.br\/blog\/wp-json\/wp\/v2\/comments?post=6918"}],"version-history":[{"count":0,"href":"https:\/\/www.2beauty.com.br\/blog\/wp-json\/wp\/v2\/posts\/6918\/revisions"}],"wp:attachment":[{"href":"https:\/\/www.2beauty.com.br\/blog\/wp-json\/wp\/v2\/media?parent=6918"}],"wp:term":[{"taxonomy":"category","embeddable":true,"href":"https:\/\/www.2beauty.com.br\/blog\/wp-json\/wp\/v2\/categories?post=6918"},{"taxonomy":"post_tag","embeddable":true,"href":"https:\/\/www.2beauty.com.br\/blog\/wp-json\/wp\/v2\/tags?post=6918"}],"curies":[{"name":"wp","href":"https:\/\/api.w.org\/{rel}","templated":true}]}}