{"id":69153,"date":"2015-11-13T10:00:04","date_gmt":"2015-11-13T12:00:04","guid":{"rendered":"https:\/\/www.2beauty.com.br\/blog\/?p=69153"},"modified":"2019-02-15T16:10:26","modified_gmt":"2019-02-15T18:10:26","slug":"resenha-pincel-esfumador-curto-l63-luv-beauty","status":"publish","type":"post","link":"https:\/\/www.2beauty.com.br\/blog\/2015\/11\/resenha-pincel-esfumador-curto-l63-luv-beauty\/","title":{"rendered":"Resenha: Pincel Esfumador Curto L63 Luv Beauty"},"content":{"rendered":"<p><a href=\"https:\/\/www.2beauty.com.br\/blog\/wp-content\/uploads\/2015\/10\/luvesfumar1.jpg\"><img fetchpriority=\"high\" decoding=\"async\" class=\"size-full wp-image-69154 aligncenter\" src=\"https:\/\/www.2beauty.com.br\/blog\/wp-content\/uploads\/2015\/10\/luvesfumar1.jpg\" alt=\"luvesfumar1\" width=\"720\" height=\"470\" srcset=\"https:\/\/www.2beauty.com.br\/blog\/wp-content\/uploads\/2015\/10\/luvesfumar1.jpg 720w, https:\/\/www.2beauty.com.br\/blog\/wp-content\/uploads\/2015\/10\/luvesfumar1-580x379.jpg 580w, https:\/\/www.2beauty.com.br\/blog\/wp-content\/uploads\/2015\/10\/luvesfumar1-620x405.jpg 620w\" sizes=\"(max-width: 720px) 100vw, 720px\" \/><\/a><\/p>\n<p style=\"text-align: center\"><img decoding=\"async\" style=\"width: 30px;height: 30px\" title=\"Star\" src=\"https:\/\/www.2beauty.com.br\/blog\/images\/star.gif\" alt=\"Star\" width=\"30\" height=\"30\" align=\"top\" border=\"0\" \/><img decoding=\"async\" style=\"width: 30px;height: 30px\" title=\"Star\" src=\"https:\/\/www.2beauty.com.br\/blog\/images\/star.gif\" alt=\"Star\" width=\"30\" height=\"30\" align=\"top\" border=\"0\" \/><img decoding=\"async\" style=\"width: 30px;height: 30px\" title=\"Star\" src=\"https:\/\/www.2beauty.com.br\/blog\/images\/star.gif\" alt=\"Star\" width=\"30\" height=\"30\" align=\"top\" border=\"0\" \/><img decoding=\"async\" style=\"width: 30px;height: 30px\" title=\"Star\" src=\"https:\/\/www.2beauty.com.br\/blog\/images\/star.gif\" alt=\"Star\" width=\"30\" height=\"30\" align=\"top\" border=\"0\" \/><img decoding=\"async\" style=\"width: 30px;height: 30px\" title=\"Star\" src=\"https:\/\/www.2beauty.com.br\/blog\/images\/star2.gif\" alt=\"Star\" width=\"30\" height=\"30\" align=\"top\" border=\"0\" \/><\/p>\n<p style=\"text-align: center\"><strong>4,2 estrelinhas<\/strong><\/p>\n<p>Adoro esse modelinho de pincel, porque ao inv\u00e9s de marcar com l\u00e1pis ou delineador a parte de baixo do olho, prefiro esfumar sombra utilizando um pincel nesse formato.<\/p>\n<p>O efeito \u00e9 mais sutil e o tra\u00e7o com sombra dura mais (e borra menos) que um tra\u00e7o de l\u00e1pis ;)<\/p>\n<p><strong>A descri\u00e7\u00e3o diz o seguinte:<\/strong><\/p>\n<blockquote><p>Olhar poderoso. O formato curto e as cerdas naturais s\u00e3o ideais para esfumar sombra ou l\u00e1pis rente aos c\u00edlios superiores e inferiores e criar um efeito esfumado ultrasexy.<\/p><\/blockquote>\n<p>O pincel <a href=\"https:\/\/loja.luvbeauty.com.br\/pd-242797-l63-pincel-esfumador-curto.html?ct=&amp;p=1&amp;s=1\" target=\"_blank\">custa R$19,90 e pode ser adquirido na loja virtual da marca<\/a>.<\/p>\n<p style=\"text-align: center\"><strong><a href=\"https:\/\/www.2beauty.com.br\/blog\/wp-content\/uploads\/2015\/10\/luvesfumar2.jpg\"><img loading=\"lazy\" decoding=\"async\" class=\"alignnone size-full wp-image-69155\" src=\"https:\/\/www.2beauty.com.br\/blog\/wp-content\/uploads\/2015\/10\/luvesfumar2.jpg\" alt=\"luvesfumar2\" width=\"720\" height=\"470\" srcset=\"https:\/\/www.2beauty.com.br\/blog\/wp-content\/uploads\/2015\/10\/luvesfumar2.jpg 720w, https:\/\/www.2beauty.com.br\/blog\/wp-content\/uploads\/2015\/10\/luvesfumar2-580x378.jpg 580w, https:\/\/www.2beauty.com.br\/blog\/wp-content\/uploads\/2015\/10\/luvesfumar2-620x404.jpg 620w\" sizes=\"(max-width: 720px) 100vw, 720px\" \/><\/a><\/strong><\/p>\n<p style=\"text-align: center\"><strong>Em close<\/strong><\/p>\n<p>O L63 \u00e9 feito de cerdas naturais curtas e tem corte levemente arredondado (quase reto).<\/p>\n<p>N\u00e3o notei queda das cerdas durante o uso ou durante a limpeza.<\/p>\n<p>Sua base \u00e9 de madeira vermelha e seu ferrule \u00e9 de alum\u00ednio.<\/p>\n<p style=\"text-align: center\"><strong><a href=\"https:\/\/www.2beauty.com.br\/blog\/wp-content\/uploads\/2015\/10\/luvesfumar3.jpg\"><img loading=\"lazy\" decoding=\"async\" class=\"alignnone size-full wp-image-69156\" src=\"https:\/\/www.2beauty.com.br\/blog\/wp-content\/uploads\/2015\/10\/luvesfumar3.jpg\" alt=\"luvesfumar3\" width=\"720\" height=\"470\" srcset=\"https:\/\/www.2beauty.com.br\/blog\/wp-content\/uploads\/2015\/10\/luvesfumar3.jpg 720w, https:\/\/www.2beauty.com.br\/blog\/wp-content\/uploads\/2015\/10\/luvesfumar3-580x378.jpg 580w, https:\/\/www.2beauty.com.br\/blog\/wp-content\/uploads\/2015\/10\/luvesfumar3-620x404.jpg 620w\" sizes=\"(max-width: 720px) 100vw, 720px\" \/><\/a><\/strong><\/p>\n<p style=\"text-align: center\"><strong><a href=\"https:\/\/www.2beauty.com.br\/blog\/wp-content\/uploads\/2015\/10\/luvesfumar4.jpg\"><img loading=\"lazy\" decoding=\"async\" class=\"alignnone size-full wp-image-69157\" src=\"https:\/\/www.2beauty.com.br\/blog\/wp-content\/uploads\/2015\/10\/luvesfumar4.jpg\" alt=\"luvesfumar4\" width=\"720\" height=\"470\" srcset=\"https:\/\/www.2beauty.com.br\/blog\/wp-content\/uploads\/2015\/10\/luvesfumar4.jpg 720w, https:\/\/www.2beauty.com.br\/blog\/wp-content\/uploads\/2015\/10\/luvesfumar4-580x378.jpg 580w, https:\/\/www.2beauty.com.br\/blog\/wp-content\/uploads\/2015\/10\/luvesfumar4-620x404.jpg 620w\" sizes=\"(max-width: 720px) 100vw, 720px\" \/><\/a><\/strong><\/p>\n<p style=\"text-align: center\"><strong>Instru\u00e7\u00f5es, caracter\u00edsticas e comparativo de tamanho pincel x olho<\/strong><\/p>\n<p>As cerdas do pincel s\u00e3o macias, mas, por conta do tamanho mais curto, elas tem uma certa firmeza que \u00e9 super bacana para esfumar l\u00e1pis ou delineador e para aplicar sombra na parte de baixo do olho.<\/p>\n<blockquote><p>Comparado a alguns pinc\u00e9is que tenho em casa como o 214 da MAC e o pincel para esfumar da Mary Kay, o modelo da Luv \u00e9 um pouco mais gordinho e suas cerdas s\u00e3o mais curtas.<\/p><\/blockquote>\n<p style=\"text-align: center\"><strong><a href=\"https:\/\/www.2beauty.com.br\/blog\/wp-content\/uploads\/2015\/10\/luvesfumar5.jpg\"><img loading=\"lazy\" decoding=\"async\" class=\"alignnone size-full wp-image-69158\" src=\"https:\/\/www.2beauty.com.br\/blog\/wp-content\/uploads\/2015\/10\/luvesfumar5.jpg\" alt=\"luvesfumar5\" width=\"720\" height=\"470\" srcset=\"https:\/\/www.2beauty.com.br\/blog\/wp-content\/uploads\/2015\/10\/luvesfumar5.jpg 720w, https:\/\/www.2beauty.com.br\/blog\/wp-content\/uploads\/2015\/10\/luvesfumar5-580x378.jpg 580w, https:\/\/www.2beauty.com.br\/blog\/wp-content\/uploads\/2015\/10\/luvesfumar5-620x404.jpg 620w\" sizes=\"(max-width: 720px) 100vw, 720px\" \/><\/a><\/strong><\/p>\n<p style=\"text-align: center\"><strong>Pincel para esfumar Mary Kay, L63 Luv e 214 MAC<\/strong><\/p>\n<p>Na pr\u00e1tica, eles funcionam da mesma forma.<\/p>\n<p>O que pode mudar \u00e9 o n\u00edvel de precis\u00e3o, porque ele \u00e9 mais cheio.<\/p>\n<p><strong>Resumindo:<\/strong><\/p>\n<blockquote><p>\u00c9 um bom pincel para esfumar tra\u00e7o com sombra ou l\u00e1pis. Funciona direitinho e o pre\u00e7o \u00e9 bem legal!<\/p><\/blockquote>\n<div id=\"resenha\">\n<p><span class=\"titresenha\">Detalhes da nota:<\/span><\/p>\n<div class=\"notas\">Maciez: 4\/5<\/div>\n<div class=\"notas\">Efici\u00eancia: 5\/5<\/div>\n<div class=\"notas\">Tamanho\/Corte: 4\/5<\/div>\n<div class=\"notas\">Pre\u00e7o: 4\/5<\/div>\n<div class=\"notas\">Apresenta\u00e7\u00e3o: 4\/5<\/div>\n<div class=\"notas\"><span class=\"media\">M\u00e9dia: 4,2<br \/>\n<\/span><\/div>\n<\/div>\n","protected":false},"excerpt":{"rendered":"<p>4,2 estrelinhas Adoro esse modelinho de pincel, porque ao inv\u00e9s de marcar com l\u00e1pis ou delineador a parte de baixo do olho, prefiro esfumar sombra utilizando um pincel nesse formato. O efeito \u00e9 mais sutil e o tra\u00e7o com sombra dura mais (e borra menos) que um tra\u00e7o de l\u00e1pis ;) A descri\u00e7\u00e3o diz o seguinte: Olhar poderoso. O formato curto e as cerdas naturais s\u00e3o ideais para esfumar sombra ou l\u00e1pis rente aos c\u00edlios superiores e inferiores e criar um efeito esfumado ultrasexy. O pincel custa R$19,90 e pode ser adquirido na loja virtual da marca. Em close O L63 \u00e9 feito de cerdas naturais curtas e tem corte levemente arredondado (quase reto). N\u00e3o notei queda das cerdas durante o uso ou durante a limpeza. Sua base \u00e9 de madeira vermelha e seu ferrule \u00e9 de alum\u00ednio. Instru\u00e7\u00f5es, caracter\u00edsticas e comparativo de tamanho pincel x olho As cerdas do pincel s\u00e3o macias, mas, por conta do tamanho mais curto, elas tem uma certa firmeza que \u00e9 super bacana para esfumar l\u00e1pis ou delineador e para aplicar sombra na parte de baixo do olho. Comparado a alguns pinc\u00e9is que tenho em casa como o 214 da MAC e o pincel para esfumar da Mary Kay, o modelo da Luv \u00e9 um pouco mais gordinho e suas cerdas s\u00e3o mais curtas. Pincel para esfumar Mary Kay, L63 Luv e 214 MAC Na pr\u00e1tica, eles funcionam da mesma forma. O que pode mudar \u00e9 o n\u00edvel de precis\u00e3o, porque ele \u00e9 mais cheio. Resumindo: \u00c9 um bom pincel para esfumar tra\u00e7o com sombra ou l\u00e1pis. Funciona direitinho e o pre\u00e7o \u00e9 bem legal! Detalhes da nota: Maciez: 4\/5 Efici\u00eancia: 5\/5 Tamanho\/Corte: 4\/5 Pre\u00e7o: 4\/5 Apresenta\u00e7\u00e3o: 4\/5 M\u00e9dia: 4,2<\/p>\n","protected":false},"author":1,"featured_media":69154,"comment_status":"open","ping_status":"open","sticky":false,"template":"","format":"standard","meta":{"_uag_custom_page_level_css":"","footnotes":""},"categories":[84],"tags":[3956,4088,4122,4128],"class_list":["post-69153","post","type-post","status-publish","format-standard","has-post-thumbnail","hentry","category-maquiagem","tag-luv-beauty","tag-maquiagem","tag-pinceis","tag-resenhas"],"uagb_featured_image_src":{"full":["https:\/\/www.2beauty.com.br\/blog\/wp-content\/uploads\/2015\/10\/luvesfumar1.jpg",720,470,false],"thumbnail":["https:\/\/www.2beauty.com.br\/blog\/wp-content\/uploads\/2015\/10\/luvesfumar1-300x250.jpg",300,250,true],"medium":["https:\/\/www.2beauty.com.br\/blog\/wp-content\/uploads\/2015\/10\/luvesfumar1-580x379.jpg",580,379,true],"medium_large":["https:\/\/www.2beauty.com.br\/blog\/wp-content\/uploads\/2015\/10\/luvesfumar1.jpg",720,470,false],"large":["https:\/\/www.2beauty.com.br\/blog\/wp-content\/uploads\/2015\/10\/luvesfumar1-620x405.jpg",620,405,true],"1536x1536":["https:\/\/www.2beauty.com.br\/blog\/wp-content\/uploads\/2015\/10\/luvesfumar1.jpg",720,470,false],"2048x2048":["https:\/\/www.2beauty.com.br\/blog\/wp-content\/uploads\/2015\/10\/luvesfumar1.jpg",720,470,false],"ashe-slider-grid-thumbnail":["https:\/\/www.2beauty.com.br\/blog\/wp-content\/uploads\/2015\/10\/luvesfumar1.jpg",720,470,false],"ashe-full-thumbnail":["https:\/\/www.2beauty.com.br\/blog\/wp-content\/uploads\/2015\/10\/luvesfumar1.jpg",720,470,false],"ashe-grid-thumbnail":["https:\/\/www.2beauty.com.br\/blog\/wp-content\/uploads\/2015\/10\/luvesfumar1.jpg",500,326,false],"ashe-list-thumbnail":["https:\/\/www.2beauty.com.br\/blog\/wp-content\/uploads\/2015\/10\/luvesfumar1.jpg",300,196,false],"ashe-single-navigation":["https:\/\/www.2beauty.com.br\/blog\/wp-content\/uploads\/2015\/10\/luvesfumar1.jpg",75,49,false]},"uagb_author_info":{"display_name":"Marina Smith","author_link":"https:\/\/www.2beauty.com.br\/blog\/author\/marinasmith\/"},"uagb_comment_info":4,"uagb_excerpt":"4,2 estrelinhas Adoro esse modelinho de pincel, porque ao inv\u00e9s de marcar com l\u00e1pis ou delineador a parte de baixo do olho, prefiro esfumar sombra utilizando um pincel nesse formato. O efeito \u00e9 mais sutil e o tra\u00e7o com sombra dura mais (e borra menos) que um tra\u00e7o de l\u00e1pis ;) A descri\u00e7\u00e3o diz o&hellip;","acf":[],"_links":{"self":[{"href":"https:\/\/www.2beauty.com.br\/blog\/wp-json\/wp\/v2\/posts\/69153","targetHints":{"allow":["GET"]}}],"collection":[{"href":"https:\/\/www.2beauty.com.br\/blog\/wp-json\/wp\/v2\/posts"}],"about":[{"href":"https:\/\/www.2beauty.com.br\/blog\/wp-json\/wp\/v2\/types\/post"}],"author":[{"embeddable":true,"href":"https:\/\/www.2beauty.com.br\/blog\/wp-json\/wp\/v2\/users\/1"}],"replies":[{"embeddable":true,"href":"https:\/\/www.2beauty.com.br\/blog\/wp-json\/wp\/v2\/comments?post=69153"}],"version-history":[{"count":0,"href":"https:\/\/www.2beauty.com.br\/blog\/wp-json\/wp\/v2\/posts\/69153\/revisions"}],"wp:featuredmedia":[{"embeddable":true,"href":"https:\/\/www.2beauty.com.br\/blog\/wp-json\/wp\/v2\/media\/69154"}],"wp:attachment":[{"href":"https:\/\/www.2beauty.com.br\/blog\/wp-json\/wp\/v2\/media?parent=69153"}],"wp:term":[{"taxonomy":"category","embeddable":true,"href":"https:\/\/www.2beauty.com.br\/blog\/wp-json\/wp\/v2\/categories?post=69153"},{"taxonomy":"post_tag","embeddable":true,"href":"https:\/\/www.2beauty.com.br\/blog\/wp-json\/wp\/v2\/tags?post=69153"}],"curies":[{"name":"wp","href":"https:\/\/api.w.org\/{rel}","templated":true}]}}