{"id":68790,"date":"2015-11-10T07:00:45","date_gmt":"2015-11-10T09:00:45","guid":{"rendered":"https:\/\/www.2beauty.com.br\/blog\/?p=68790"},"modified":"2019-02-15T16:10:26","modified_gmt":"2019-02-15T18:10:26","slug":"produtos-e-cuidados-com-a-pele-granado-manteiga-corporal-cha-branco","status":"publish","type":"post","link":"https:\/\/www.2beauty.com.br\/blog\/2015\/11\/produtos-e-cuidados-com-a-pele-granado-manteiga-corporal-cha-branco\/","title":{"rendered":"Produtos e Cuidados com a Pele: Granado Manteiga Corporal Ch\u00e1 Branco"},"content":{"rendered":"<p style=\"text-align: center\"><strong><a href=\"https:\/\/www.2beauty.com.br\/blog\/wp-content\/uploads\/2015\/10\/granado1.jpg\"><img fetchpriority=\"high\" decoding=\"async\" class=\"alignnone size-full wp-image-68791\" src=\"https:\/\/www.2beauty.com.br\/blog\/wp-content\/uploads\/2015\/10\/granado1.jpg\" alt=\"granado1\" width=\"720\" height=\"470\" srcset=\"https:\/\/www.2beauty.com.br\/blog\/wp-content\/uploads\/2015\/10\/granado1.jpg 720w, https:\/\/www.2beauty.com.br\/blog\/wp-content\/uploads\/2015\/10\/granado1-580x379.jpg 580w, https:\/\/www.2beauty.com.br\/blog\/wp-content\/uploads\/2015\/10\/granado1-620x405.jpg 620w\" sizes=\"(max-width: 720px) 100vw, 720px\" \/><\/a><\/strong><\/p>\n<p style=\"text-align: center\"><strong>Granado Manteiga Corporal Ch\u00e1 Branco<\/strong><\/p>\n<p>O perfume \u00e9 t\u00e3o gostoso! Sabe sabonete RHYCO? Tem cheiro disso :)<\/p>\n<p>Esta manteiga da Granado foi formulada para hidratar intensamente a pele e prevenir o ressecamento do corpo.<\/p>\n<blockquote><p>Ela tem f\u00f3rmula composta por manteigas de murumuru e de cupua\u00e7u, \u00f3leo de castanha do Brasil e vitamina E.<\/p><\/blockquote>\n<p>Tamb\u00e9m tem extrato natural de ch\u00e1 branco com a\u00e7\u00e3o revigorante.<\/p>\n<p>A manteiga n\u00e3o cont\u00e9m corantes ou parabenos.<\/p>\n<p>O pote de 200g <a href=\"https:\/\/www.granado.com.br\/produto\/manteiga-corporal-cha-branco\" target=\"_blank\">custa R$36 reais nas lojas e no site da Granado<\/a>.<\/p>\n<p style=\"text-align: center\"><strong><a href=\"https:\/\/www.2beauty.com.br\/blog\/wp-content\/uploads\/2015\/10\/granado2.jpg\"><img decoding=\"async\" class=\"alignnone size-full wp-image-68792\" src=\"https:\/\/www.2beauty.com.br\/blog\/wp-content\/uploads\/2015\/10\/granado2.jpg\" alt=\"granado2\" width=\"720\" height=\"470\" srcset=\"https:\/\/www.2beauty.com.br\/blog\/wp-content\/uploads\/2015\/10\/granado2.jpg 720w, https:\/\/www.2beauty.com.br\/blog\/wp-content\/uploads\/2015\/10\/granado2-580x378.jpg 580w, https:\/\/www.2beauty.com.br\/blog\/wp-content\/uploads\/2015\/10\/granado2-620x404.jpg 620w\" sizes=\"(max-width: 720px) 100vw, 720px\" \/><\/a><\/strong><\/p>\n<p style=\"text-align: center\"><strong><a href=\"https:\/\/www.2beauty.com.br\/blog\/wp-content\/uploads\/2015\/10\/granado3.jpg\"><img decoding=\"async\" class=\"alignnone size-full wp-image-68793\" src=\"https:\/\/www.2beauty.com.br\/blog\/wp-content\/uploads\/2015\/10\/granado3.jpg\" alt=\"granado3\" width=\"720\" height=\"470\" srcset=\"https:\/\/www.2beauty.com.br\/blog\/wp-content\/uploads\/2015\/10\/granado3.jpg 720w, https:\/\/www.2beauty.com.br\/blog\/wp-content\/uploads\/2015\/10\/granado3-580x378.jpg 580w, https:\/\/www.2beauty.com.br\/blog\/wp-content\/uploads\/2015\/10\/granado3-620x404.jpg 620w\" sizes=\"(max-width: 720px) 100vw, 720px\" \/><\/a><\/strong><\/p>\n<p style=\"text-align: center\"><strong>Amostrinha<\/strong><\/p>\n<p>A manteiga \u00e9 branquinha e muito encorpada.<\/p>\n<blockquote><p>Por conta da textura, eu demoro mais tempo para espalhar o produto pelo corpo, porque a absor\u00e7\u00e3o n\u00e3o \u00e9 r\u00e1pida.<\/p><\/blockquote>\n<p>Acho essa parte meio chata, mas n\u00e3o parei de usar, porque gosto muuuito do cheiro e do efeito que ela d\u00e1 \u00e0 pele.<\/p>\n<p>E j\u00e1 que estamos falando em cheiro, se voc\u00ea n\u00e3o gosta de creme perfumado, melhor evitar, j\u00e1 que a fragr\u00e2ncia \u00e9 forte.<\/p>\n<p style=\"text-align: center\"><strong><a href=\"https:\/\/www.2beauty.com.br\/blog\/wp-content\/uploads\/2015\/10\/granado4.jpg\"><img loading=\"lazy\" decoding=\"async\" class=\"alignnone size-full wp-image-68794\" src=\"https:\/\/www.2beauty.com.br\/blog\/wp-content\/uploads\/2015\/10\/granado4.jpg\" alt=\"granado4\" width=\"720\" height=\"470\" srcset=\"https:\/\/www.2beauty.com.br\/blog\/wp-content\/uploads\/2015\/10\/granado4.jpg 720w, https:\/\/www.2beauty.com.br\/blog\/wp-content\/uploads\/2015\/10\/granado4-580x378.jpg 580w, https:\/\/www.2beauty.com.br\/blog\/wp-content\/uploads\/2015\/10\/granado4-620x404.jpg 620w\" sizes=\"(max-width: 720px) 100vw, 720px\" \/><\/a><\/strong><\/p>\n<p style=\"text-align: center\"><strong>Ingredientes<\/strong><\/p>\n<blockquote><p>O poder de hidrata\u00e7\u00e3o da manteiga \u00e9 muito bom e a sensa\u00e7\u00e3o de pele mais macia dura bastante.<\/p><\/blockquote>\n<p>Meu rosto tem pele mista, mas o meu corpo tem pele bem seca e noto que as \u00e1reas mais problem\u00e1ticas (cotovelos, joelhos e p\u00e9s) se mant\u00e9m dignas de um dia para o outro sem a necessidade de retoques.<\/p>\n<p><strong>Se a textura fosse mais suave e o produto absorvesse mais r\u00e1pido, seria perfeito!<\/strong><\/p>\n","protected":false},"excerpt":{"rendered":"<p>Granado Manteiga Corporal Ch\u00e1 Branco O perfume \u00e9 t\u00e3o gostoso! Sabe sabonete RHYCO? Tem cheiro disso :) Esta manteiga da Granado foi formulada para hidratar intensamente a pele e prevenir o ressecamento do corpo. Ela tem f\u00f3rmula composta por manteigas de murumuru e de cupua\u00e7u, \u00f3leo de castanha do Brasil e vitamina E. Tamb\u00e9m tem extrato natural de ch\u00e1 branco com a\u00e7\u00e3o revigorante. A manteiga n\u00e3o cont\u00e9m corantes ou parabenos. O pote de 200g custa R$36 reais nas lojas e no site da Granado. Amostrinha A manteiga \u00e9 branquinha e muito encorpada. Por conta da textura, eu demoro mais tempo para espalhar o produto pelo corpo, porque a absor\u00e7\u00e3o n\u00e3o \u00e9 r\u00e1pida. Acho essa parte meio chata, mas n\u00e3o parei de usar, porque gosto muuuito do cheiro e do efeito que ela d\u00e1 \u00e0 pele. E j\u00e1 que estamos falando em cheiro, se voc\u00ea n\u00e3o gosta de creme perfumado, melhor evitar, j\u00e1 que a fragr\u00e2ncia \u00e9 forte. Ingredientes O poder de hidrata\u00e7\u00e3o da manteiga \u00e9 muito bom e a sensa\u00e7\u00e3o de pele mais macia dura bastante. Meu rosto tem pele mista, mas o meu corpo tem pele bem seca e noto que as \u00e1reas mais problem\u00e1ticas (cotovelos, joelhos e p\u00e9s) se mant\u00e9m dignas de um dia para o outro sem a necessidade de retoques. Se a textura fosse mais suave e o produto absorvesse mais r\u00e1pido, seria perfeito!<\/p>\n","protected":false},"author":1,"featured_media":68791,"comment_status":"open","ping_status":"open","sticky":false,"template":"","format":"standard","meta":{"_uag_custom_page_level_css":"","footnotes":""},"categories":[132],"tags":[1804,4146,4132],"class_list":["post-68790","post","type-post","status-publish","format-standard","has-post-thumbnail","hentry","category-produtos-e-cuidados-com-a-pele","tag-granado","tag-hidratante","tag-produtos-e-cuidados-com-a-pele"],"uagb_featured_image_src":{"full":["https:\/\/www.2beauty.com.br\/blog\/wp-content\/uploads\/2015\/10\/granado1.jpg",720,470,false],"thumbnail":["https:\/\/www.2beauty.com.br\/blog\/wp-content\/uploads\/2015\/10\/granado1-300x250.jpg",300,250,true],"medium":["https:\/\/www.2beauty.com.br\/blog\/wp-content\/uploads\/2015\/10\/granado1-580x379.jpg",580,379,true],"medium_large":["https:\/\/www.2beauty.com.br\/blog\/wp-content\/uploads\/2015\/10\/granado1.jpg",720,470,false],"large":["https:\/\/www.2beauty.com.br\/blog\/wp-content\/uploads\/2015\/10\/granado1-620x405.jpg",620,405,true],"1536x1536":["https:\/\/www.2beauty.com.br\/blog\/wp-content\/uploads\/2015\/10\/granado1.jpg",720,470,false],"2048x2048":["https:\/\/www.2beauty.com.br\/blog\/wp-content\/uploads\/2015\/10\/granado1.jpg",720,470,false],"ashe-slider-grid-thumbnail":["https:\/\/www.2beauty.com.br\/blog\/wp-content\/uploads\/2015\/10\/granado1.jpg",720,470,false],"ashe-full-thumbnail":["https:\/\/www.2beauty.com.br\/blog\/wp-content\/uploads\/2015\/10\/granado1.jpg",720,470,false],"ashe-grid-thumbnail":["https:\/\/www.2beauty.com.br\/blog\/wp-content\/uploads\/2015\/10\/granado1.jpg",500,326,false],"ashe-list-thumbnail":["https:\/\/www.2beauty.com.br\/blog\/wp-content\/uploads\/2015\/10\/granado1.jpg",300,196,false],"ashe-single-navigation":["https:\/\/www.2beauty.com.br\/blog\/wp-content\/uploads\/2015\/10\/granado1.jpg",75,49,false]},"uagb_author_info":{"display_name":"Marina Smith","author_link":"https:\/\/www.2beauty.com.br\/blog\/author\/marinasmith\/"},"uagb_comment_info":14,"uagb_excerpt":"Granado Manteiga Corporal Ch\u00e1 Branco O perfume \u00e9 t\u00e3o gostoso! Sabe sabonete RHYCO? Tem cheiro disso :) Esta manteiga da Granado foi formulada para hidratar intensamente a pele e prevenir o ressecamento do corpo. Ela tem f\u00f3rmula composta por manteigas de murumuru e de cupua\u00e7u, \u00f3leo de castanha do Brasil e vitamina E. Tamb\u00e9m tem&hellip;","acf":[],"_links":{"self":[{"href":"https:\/\/www.2beauty.com.br\/blog\/wp-json\/wp\/v2\/posts\/68790","targetHints":{"allow":["GET"]}}],"collection":[{"href":"https:\/\/www.2beauty.com.br\/blog\/wp-json\/wp\/v2\/posts"}],"about":[{"href":"https:\/\/www.2beauty.com.br\/blog\/wp-json\/wp\/v2\/types\/post"}],"author":[{"embeddable":true,"href":"https:\/\/www.2beauty.com.br\/blog\/wp-json\/wp\/v2\/users\/1"}],"replies":[{"embeddable":true,"href":"https:\/\/www.2beauty.com.br\/blog\/wp-json\/wp\/v2\/comments?post=68790"}],"version-history":[{"count":0,"href":"https:\/\/www.2beauty.com.br\/blog\/wp-json\/wp\/v2\/posts\/68790\/revisions"}],"wp:featuredmedia":[{"embeddable":true,"href":"https:\/\/www.2beauty.com.br\/blog\/wp-json\/wp\/v2\/media\/68791"}],"wp:attachment":[{"href":"https:\/\/www.2beauty.com.br\/blog\/wp-json\/wp\/v2\/media?parent=68790"}],"wp:term":[{"taxonomy":"category","embeddable":true,"href":"https:\/\/www.2beauty.com.br\/blog\/wp-json\/wp\/v2\/categories?post=68790"},{"taxonomy":"post_tag","embeddable":true,"href":"https:\/\/www.2beauty.com.br\/blog\/wp-json\/wp\/v2\/tags?post=68790"}],"curies":[{"name":"wp","href":"https:\/\/api.w.org\/{rel}","templated":true}]}}