{"id":68216,"date":"2015-10-01T14:30:53","date_gmt":"2015-10-01T16:30:53","guid":{"rendered":"https:\/\/www.2beauty.com.br\/blog\/?p=68216"},"modified":"2019-02-15T16:10:29","modified_gmt":"2019-02-15T18:10:29","slug":"chegou-bb-cream-da-linha-do-blog","status":"publish","type":"post","link":"https:\/\/www.2beauty.com.br\/blog\/2015\/10\/chegou-bb-cream-da-linha-do-blog\/","title":{"rendered":"Chegou: BB Cream da linha do blog!"},"content":{"rendered":"<p style=\"text-align: center\"><strong><a href=\"https:\/\/www.sephora.com.br\/marina-smith-by-2beauty?id=396&amp;idparceria=15005&amp;utm_source=2beauty&amp;utm_medium=post&amp;utm_term=maquiagem&amp;utm_campaign=post&amp;\" target=\"_blank\"><img fetchpriority=\"high\" decoding=\"async\" class=\"alignnone size-full wp-image-68218\" src=\"https:\/\/www.2beauty.com.br\/blog\/wp-content\/uploads\/2015\/10\/bb2beauty1.jpg\" alt=\"bb2beauty1\" width=\"720\" height=\"932\" srcset=\"https:\/\/www.2beauty.com.br\/blog\/wp-content\/uploads\/2015\/10\/bb2beauty1.jpg 720w, https:\/\/www.2beauty.com.br\/blog\/wp-content\/uploads\/2015\/10\/bb2beauty1-620x803.jpg 620w, https:\/\/www.2beauty.com.br\/blog\/wp-content\/uploads\/2015\/10\/bb2beauty1-580x751.jpg 580w, https:\/\/www.2beauty.com.br\/blog\/wp-content\/uploads\/2015\/10\/bb2beauty1-336x435.jpg 336w\" sizes=\"(max-width: 720px) 100vw, 720px\" \/><\/a><\/strong><\/p>\n<p style=\"text-align: center\"><strong>BB Cream Marina Smith tons Claro, M\u00e9dio, Tan e Escuro<\/strong><\/p>\n<p>Demorou, mas chegou!<\/p>\n<p>O BB Cream da linha do blog tem cobertura m\u00e9dia com acabamento natural sequinho.<\/p>\n<blockquote><p>A f\u00f3rmula \u00e9 oil-free e cont\u00e9m filtros f\u00edsicos e qu\u00edmicos contra UVA\/UVB para FPS 35 PA +++.<\/p>\n<p>Ele tamb\u00e9m tem \u00c1cido Hialur\u00f4nico que combate o envelhecimento, Pantenol, vitamina E e extratos naturais de ch\u00e1 verde, camomila e aloe vera para manter a pele hidratada e nutrida.<\/p><\/blockquote>\n<p>O BB Cream n\u00e3o cont\u00e9m parabenos e perfume e pode ser adquirido exclusivamente no site da Sephora.<\/p>\n<p><a href=\"https:\/\/www.sephora.com.br\/marina-smith-by-2beauty\/maquiagem\/face?idparceria=29804&amp;utm_source=2beauty&amp;utm_medium=blog&amp;utm_campaign=2beauty\" target=\"_blank\">O pre\u00e7o \u00e9 de R$44 reais a unidade<\/a>.<\/p>\n<p style=\"text-align: center\"><strong><a href=\"https:\/\/www.sephora.com.br\/marina-smith-by-2beauty?id=396&amp;idparceria=15005&amp;utm_source=2beauty&amp;utm_medium=post&amp;utm_term=maquiagem&amp;utm_campaign=post&amp;\" target=\"_blank\"><img decoding=\"async\" class=\"alignnone size-full wp-image-68219\" src=\"https:\/\/www.2beauty.com.br\/blog\/wp-content\/uploads\/2015\/10\/bb2beauty2.jpg\" alt=\"bb2beauty2\" width=\"720\" height=\"470\" srcset=\"https:\/\/www.2beauty.com.br\/blog\/wp-content\/uploads\/2015\/10\/bb2beauty2.jpg 720w, https:\/\/www.2beauty.com.br\/blog\/wp-content\/uploads\/2015\/10\/bb2beauty2-580x378.jpg 580w, https:\/\/www.2beauty.com.br\/blog\/wp-content\/uploads\/2015\/10\/bb2beauty2-620x404.jpg 620w\" sizes=\"(max-width: 720px) 100vw, 720px\" \/><\/a><\/strong><\/p>\n<p style=\"text-align: center\"><strong><a href=\"https:\/\/www.sephora.com.br\/marina-smith-by-2beauty?id=396&amp;idparceria=15005&amp;utm_source=2beauty&amp;utm_medium=post&amp;utm_term=maquiagem&amp;utm_campaign=post&amp;\" target=\"_blank\"><img decoding=\"async\" class=\"alignnone size-full wp-image-68221\" src=\"https:\/\/www.2beauty.com.br\/blog\/wp-content\/uploads\/2015\/10\/bb2beauty4.jpg\" alt=\"bb2beauty4\" width=\"720\" height=\"470\" srcset=\"https:\/\/www.2beauty.com.br\/blog\/wp-content\/uploads\/2015\/10\/bb2beauty4.jpg 720w, https:\/\/www.2beauty.com.br\/blog\/wp-content\/uploads\/2015\/10\/bb2beauty4-580x378.jpg 580w, https:\/\/www.2beauty.com.br\/blog\/wp-content\/uploads\/2015\/10\/bb2beauty4-620x404.jpg 620w\" sizes=\"(max-width: 720px) 100vw, 720px\" \/><\/a><\/strong><\/p>\n<p style=\"text-align: center\"><strong><a href=\"https:\/\/www.sephora.com.br\/marina-smith-by-2beauty?id=396&amp;idparceria=15005&amp;utm_source=2beauty&amp;utm_medium=post&amp;utm_term=maquiagem&amp;utm_campaign=post&amp;\" target=\"_blank\"><img loading=\"lazy\" decoding=\"async\" class=\"alignnone size-full wp-image-68222\" src=\"https:\/\/www.2beauty.com.br\/blog\/wp-content\/uploads\/2015\/10\/bb2beauty5.jpg\" alt=\"bb2beauty5\" width=\"720\" height=\"470\" srcset=\"https:\/\/www.2beauty.com.br\/blog\/wp-content\/uploads\/2015\/10\/bb2beauty5.jpg 720w, https:\/\/www.2beauty.com.br\/blog\/wp-content\/uploads\/2015\/10\/bb2beauty5-580x378.jpg 580w, https:\/\/www.2beauty.com.br\/blog\/wp-content\/uploads\/2015\/10\/bb2beauty5-620x404.jpg 620w\" sizes=\"(max-width: 720px) 100vw, 720px\" \/><\/a><\/strong><\/p>\n<p style=\"text-align: center\"><strong>Ingredientes, amostrinhas de todos os tons e detalhe do tom Tan (que \u00e9 o mais pr\u00f3ximo da minha pele)<\/strong><\/p>\n<p>A linha tem quatro tons:<\/p>\n<ul>\n<li>Claro (bege claro de fundo mais amarelado)<\/li>\n<li>M\u00e9dio (bege claro de fundo neutro que puxa levemente pro rosado)<\/li>\n<li>Tan (bege caramelo de fundo mais quente\/bronzeado)<\/li>\n<li>Escuro (marrom chocolate de fundo quente)<\/li>\n<\/ul>\n<p>A textura do produto \u00e9 mais encorpada e o acabamento \u00e9 natural, cara de pele mesmo, mas sem ser lustroso.<\/p>\n<p style=\"text-align: center\"><strong><a href=\"https:\/\/www.sephora.com.br\/marina-smith-by-2beauty?id=396&amp;idparceria=15005&amp;utm_source=2beauty&amp;utm_medium=post&amp;utm_term=maquiagem&amp;utm_campaign=post&amp;\" target=\"_blank\"><img loading=\"lazy\" decoding=\"async\" class=\"alignnone size-full wp-image-68223\" src=\"https:\/\/www.2beauty.com.br\/blog\/wp-content\/uploads\/2015\/10\/bb2beauty6.jpg\" alt=\"bb2beauty6\" width=\"720\" height=\"470\" srcset=\"https:\/\/www.2beauty.com.br\/blog\/wp-content\/uploads\/2015\/10\/bb2beauty6.jpg 720w, https:\/\/www.2beauty.com.br\/blog\/wp-content\/uploads\/2015\/10\/bb2beauty6-580x378.jpg 580w, https:\/\/www.2beauty.com.br\/blog\/wp-content\/uploads\/2015\/10\/bb2beauty6-620x404.jpg 620w\" sizes=\"(max-width: 720px) 100vw, 720px\" \/><\/a><\/strong><\/p>\n<p style=\"text-align: center\"><strong>Pele ao natural e com o BB Cream cor Tan<\/strong><\/p>\n<p style=\"text-align: center\"><strong><a href=\"https:\/\/www.sephora.com.br\/marina-smith-by-2beauty?id=396&amp;idparceria=15005&amp;utm_source=2beauty&amp;utm_medium=post&amp;utm_term=maquiagem&amp;utm_campaign=post&amp;\" target=\"_blank\"><img loading=\"lazy\" decoding=\"async\" class=\"alignnone size-full wp-image-68224\" src=\"https:\/\/www.2beauty.com.br\/blog\/wp-content\/uploads\/2015\/10\/bb2beauty7.jpg\" alt=\"bb2beauty7\" width=\"720\" height=\"470\" srcset=\"https:\/\/www.2beauty.com.br\/blog\/wp-content\/uploads\/2015\/10\/bb2beauty7.jpg 720w, https:\/\/www.2beauty.com.br\/blog\/wp-content\/uploads\/2015\/10\/bb2beauty7-580x378.jpg 580w, https:\/\/www.2beauty.com.br\/blog\/wp-content\/uploads\/2015\/10\/bb2beauty7-620x404.jpg 620w\" sizes=\"(max-width: 720px) 100vw, 720px\" \/><\/a><\/strong><\/p>\n<p style=\"text-align: center\"><strong>Close-up acabamento<\/strong><\/p>\n<p>Das quatro cores, a que eu mais uso \u00e9 a Tan: \u00e0s vezes sozinha (quando estou mais bronzeada) e \u00e0s vezes misturada com um pouco do tom M\u00e9dio ou do tom Claro.<\/p>\n<blockquote><p>A cobertura n\u00e3o \u00e9 igual de base, mas \u00e9 mais forte que a de muitos BB Creams que testei nos \u00faltimos anos.<\/p><\/blockquote>\n<p>O combo do BB Cream + corretivo d\u00e1 conta de deixar o meu rosto com aspecto homog\u00eaneo pra todo dia.<\/p>\n<p>Quem tem pele seca, n\u00e3o precisa de p\u00f3.<\/p>\n<p>A minha pele \u00e9 mista, ent\u00e3o n\u00e3o deixo de aplicar uma camada p\u00f3 na zona T (nariz e testa) pra assentar a maquiagem e garantir que o brilho demore a aparecer (exemplo fotos abaixo).<\/p>\n<p>Quem tem pele oleosa, precisa! O BB Cream \u00e9 bacana, mas n\u00e3o \u00e9 Blot Powder hehehe<\/p>\n<p style=\"text-align: center\"><strong><a href=\"https:\/\/www.sephora.com.br\/marina-smith-by-2beauty?id=396&amp;idparceria=15005&amp;utm_source=2beauty&amp;utm_medium=post&amp;utm_term=maquiagem&amp;utm_campaign=post&amp;\" target=\"_blank\"><img loading=\"lazy\" decoding=\"async\" class=\"alignnone size-full wp-image-68225\" src=\"https:\/\/www.2beauty.com.br\/blog\/wp-content\/uploads\/2015\/10\/bb2beauty8.jpg\" alt=\"bb2beauty8\" width=\"720\" height=\"470\" srcset=\"https:\/\/www.2beauty.com.br\/blog\/wp-content\/uploads\/2015\/10\/bb2beauty8.jpg 720w, https:\/\/www.2beauty.com.br\/blog\/wp-content\/uploads\/2015\/10\/bb2beauty8-580x378.jpg 580w, https:\/\/www.2beauty.com.br\/blog\/wp-content\/uploads\/2015\/10\/bb2beauty8-620x404.jpg 620w\" sizes=\"(max-width: 720px) 100vw, 720px\" \/><\/a><\/strong><\/p>\n<p style=\"text-align: center\"><strong><a href=\"https:\/\/www.sephora.com.br\/marina-smith-by-2beauty?id=396&amp;idparceria=15005&amp;utm_source=2beauty&amp;utm_medium=post&amp;utm_term=maquiagem&amp;utm_campaign=post&amp;\" target=\"_blank\"><img loading=\"lazy\" decoding=\"async\" class=\"alignnone size-full wp-image-68226\" src=\"https:\/\/www.2beauty.com.br\/blog\/wp-content\/uploads\/2015\/10\/bb2beauty9.jpg\" alt=\"bb2beauty9\" width=\"720\" height=\"470\" srcset=\"https:\/\/www.2beauty.com.br\/blog\/wp-content\/uploads\/2015\/10\/bb2beauty9.jpg 720w, https:\/\/www.2beauty.com.br\/blog\/wp-content\/uploads\/2015\/10\/bb2beauty9-580x378.jpg 580w, https:\/\/www.2beauty.com.br\/blog\/wp-content\/uploads\/2015\/10\/bb2beauty9-620x404.jpg 620w\" sizes=\"(max-width: 720px) 100vw, 720px\" \/><\/a><\/strong><\/p>\n<p style=\"text-align: center\"><strong>Maquiagem pronta com bb cream, p\u00f3, corretivo, batom e blush<\/strong><\/p>\n<p>A maquiagem acima foi feita com o BB Crema cor Tan, corretivo Better Skin #03 Medium da Maybelline, p\u00f3 Prep+Prime Colour Correcting Loose Powder da MAC.<\/p>\n<p>O r\u00edmel \u00e9 o Hypn\u00f4se Doll Eyes da Lanc\u00f4me, o batom \u00e9 o Whirl da MAC e o blush \u00e9 o Coraljosa de Quem Disse, Berenice?.<\/p>\n<blockquote><p>Espero que voc\u00eas gostem e aprovem, porque estou SUPER animada com ele!!!<\/p>\n<p>Quem usar e postar foto, por favor, me marca pra eu ver (<a href=\"https:\/\/instagram.com\/marina2beauty\/\" target=\"_blank\">@marina2beauty<\/a>) ou usa a hashtag #bbcream2beauty pra que todo mundo do Insta possa conferir :)<\/p><\/blockquote>\n","protected":false},"excerpt":{"rendered":"<p>BB Cream Marina Smith tons Claro, M\u00e9dio, Tan e Escuro Demorou, mas chegou! O BB Cream da linha do blog tem cobertura m\u00e9dia com acabamento natural sequinho. A f\u00f3rmula \u00e9 oil-free e cont\u00e9m filtros f\u00edsicos e qu\u00edmicos contra UVA\/UVB para FPS 35 PA +++. Ele tamb\u00e9m tem \u00c1cido Hialur\u00f4nico que combate o envelhecimento, Pantenol, vitamina E e extratos naturais de ch\u00e1 verde, camomila e aloe vera para manter a pele hidratada e nutrida. O BB Cream n\u00e3o cont\u00e9m parabenos e perfume e pode ser adquirido exclusivamente no site da Sephora. O pre\u00e7o \u00e9 de R$44 reais a unidade. Ingredientes, amostrinhas de todos os tons e detalhe do tom Tan (que \u00e9 o mais pr\u00f3ximo da minha pele) A linha tem quatro tons: Claro (bege claro de fundo mais amarelado) M\u00e9dio (bege claro de fundo neutro que puxa levemente pro rosado) Tan (bege caramelo de fundo mais quente\/bronzeado) Escuro (marrom chocolate de fundo quente) A textura do produto \u00e9 mais encorpada e o acabamento \u00e9 natural, cara de pele mesmo, mas sem ser lustroso. Pele ao natural e com o BB Cream cor Tan Close-up acabamento Das quatro cores, a que eu mais uso \u00e9 a Tan: \u00e0s vezes sozinha (quando estou mais bronzeada) e \u00e0s vezes misturada com um pouco do tom M\u00e9dio ou do tom Claro. A cobertura n\u00e3o \u00e9 igual de base, mas \u00e9 mais forte que a de muitos BB Creams que testei nos \u00faltimos anos. O combo do BB Cream + corretivo d\u00e1 conta de deixar o meu rosto com aspecto homog\u00eaneo pra todo dia. Quem tem pele seca, n\u00e3o precisa de p\u00f3. A minha pele \u00e9 mista, ent\u00e3o n\u00e3o deixo de aplicar uma camada p\u00f3 na zona T (nariz e testa) pra assentar a maquiagem e garantir que o brilho demore a aparecer (exemplo fotos abaixo). Quem tem pele oleosa, precisa! O BB Cream \u00e9 bacana, mas n\u00e3o \u00e9 Blot Powder hehehe Maquiagem pronta com bb cream, p\u00f3, corretivo, batom e blush A maquiagem acima foi feita com o BB Crema cor Tan, corretivo Better Skin #03 Medium da Maybelline, p\u00f3 Prep+Prime Colour Correcting Loose Powder da MAC. O r\u00edmel \u00e9 o Hypn\u00f4se Doll Eyes da Lanc\u00f4me, o batom \u00e9 o Whirl da MAC e o blush \u00e9 o Coraljosa de Quem Disse, Berenice?. Espero que voc\u00eas gostem e aprovem, porque estou SUPER animada com ele!!! Quem usar e postar foto, por favor, me marca pra eu ver (@marina2beauty) ou usa a hashtag #bbcream2beauty pra que todo mundo do Insta possa conferir :)<\/p>\n","protected":false},"author":1,"featured_media":68218,"comment_status":"open","ping_status":"open","sticky":false,"template":"","format":"standard","meta":{"_uag_custom_page_level_css":"","footnotes":""},"categories":[3799,84],"tags":[3853,4088,3812],"class_list":["post-68216","post","type-post","status-publish","format-standard","has-post-thumbnail","hentry","category-produtos-do-blog","category-maquiagem","tag-bb-cream-e-cc-cream","tag-maquiagem","tag-produtos-do-blog-2"],"uagb_featured_image_src":{"full":["https:\/\/www.2beauty.com.br\/blog\/wp-content\/uploads\/2015\/10\/bb2beauty1.jpg",720,932,false],"thumbnail":["https:\/\/www.2beauty.com.br\/blog\/wp-content\/uploads\/2015\/10\/bb2beauty1-300x250.jpg",300,250,true],"medium":["https:\/\/www.2beauty.com.br\/blog\/wp-content\/uploads\/2015\/10\/bb2beauty1-336x435.jpg",336,435,true],"medium_large":["https:\/\/www.2beauty.com.br\/blog\/wp-content\/uploads\/2015\/10\/bb2beauty1.jpg",720,932,false],"large":["https:\/\/www.2beauty.com.br\/blog\/wp-content\/uploads\/2015\/10\/bb2beauty1-620x803.jpg",620,803,true],"1536x1536":["https:\/\/www.2beauty.com.br\/blog\/wp-content\/uploads\/2015\/10\/bb2beauty1.jpg",720,932,false],"2048x2048":["https:\/\/www.2beauty.com.br\/blog\/wp-content\/uploads\/2015\/10\/bb2beauty1.jpg",720,932,false],"ashe-slider-grid-thumbnail":["https:\/\/www.2beauty.com.br\/blog\/wp-content\/uploads\/2015\/10\/bb2beauty1.jpg",417,540,false],"ashe-full-thumbnail":["https:\/\/www.2beauty.com.br\/blog\/wp-content\/uploads\/2015\/10\/bb2beauty1.jpg",720,932,false],"ashe-grid-thumbnail":["https:\/\/www.2beauty.com.br\/blog\/wp-content\/uploads\/2015\/10\/bb2beauty1.jpg",255,330,false],"ashe-list-thumbnail":["https:\/\/www.2beauty.com.br\/blog\/wp-content\/uploads\/2015\/10\/bb2beauty1.jpg",232,300,false],"ashe-single-navigation":["https:\/\/www.2beauty.com.br\/blog\/wp-content\/uploads\/2015\/10\/bb2beauty1.jpg",58,75,false]},"uagb_author_info":{"display_name":"Marina Smith","author_link":"https:\/\/www.2beauty.com.br\/blog\/author\/marinasmith\/"},"uagb_comment_info":63,"uagb_excerpt":"BB Cream Marina Smith tons Claro, M\u00e9dio, Tan e Escuro Demorou, mas chegou! O BB Cream da linha do blog tem cobertura m\u00e9dia com acabamento natural sequinho. A f\u00f3rmula \u00e9 oil-free e cont\u00e9m filtros f\u00edsicos e qu\u00edmicos contra UVA\/UVB para FPS 35 PA +++. Ele tamb\u00e9m tem \u00c1cido Hialur\u00f4nico que combate o envelhecimento, Pantenol, vitamina&hellip;","acf":[],"_links":{"self":[{"href":"https:\/\/www.2beauty.com.br\/blog\/wp-json\/wp\/v2\/posts\/68216","targetHints":{"allow":["GET"]}}],"collection":[{"href":"https:\/\/www.2beauty.com.br\/blog\/wp-json\/wp\/v2\/posts"}],"about":[{"href":"https:\/\/www.2beauty.com.br\/blog\/wp-json\/wp\/v2\/types\/post"}],"author":[{"embeddable":true,"href":"https:\/\/www.2beauty.com.br\/blog\/wp-json\/wp\/v2\/users\/1"}],"replies":[{"embeddable":true,"href":"https:\/\/www.2beauty.com.br\/blog\/wp-json\/wp\/v2\/comments?post=68216"}],"version-history":[{"count":0,"href":"https:\/\/www.2beauty.com.br\/blog\/wp-json\/wp\/v2\/posts\/68216\/revisions"}],"wp:featuredmedia":[{"embeddable":true,"href":"https:\/\/www.2beauty.com.br\/blog\/wp-json\/wp\/v2\/media\/68218"}],"wp:attachment":[{"href":"https:\/\/www.2beauty.com.br\/blog\/wp-json\/wp\/v2\/media?parent=68216"}],"wp:term":[{"taxonomy":"category","embeddable":true,"href":"https:\/\/www.2beauty.com.br\/blog\/wp-json\/wp\/v2\/categories?post=68216"},{"taxonomy":"post_tag","embeddable":true,"href":"https:\/\/www.2beauty.com.br\/blog\/wp-json\/wp\/v2\/tags?post=68216"}],"curies":[{"name":"wp","href":"https:\/\/api.w.org\/{rel}","templated":true}]}}