{"id":68143,"date":"2015-09-30T13:00:47","date_gmt":"2015-09-30T15:00:47","guid":{"rendered":"https:\/\/www.2beauty.com.br\/blog\/?p=68143"},"modified":"2019-02-15T16:10:29","modified_gmt":"2019-02-15T18:10:29","slug":"quarta-do-esmalte-catarina-da-granado","status":"publish","type":"post","link":"https:\/\/www.2beauty.com.br\/blog\/2015\/09\/quarta-do-esmalte-catarina-da-granado\/","title":{"rendered":"Quarta do Esmalte: Catarina da Granado"},"content":{"rendered":"<p style=\"text-align: center\"><strong><a href=\"https:\/\/www.2beauty.com.br\/blog\/wp-content\/uploads\/2015\/09\/esmalte1.jpg\"><img fetchpriority=\"high\" decoding=\"async\" class=\"alignnone size-full wp-image-68144\" src=\"https:\/\/www.2beauty.com.br\/blog\/wp-content\/uploads\/2015\/09\/esmalte1.jpg\" alt=\"esmalte1\" width=\"720\" height=\"932\" srcset=\"https:\/\/www.2beauty.com.br\/blog\/wp-content\/uploads\/2015\/09\/esmalte1.jpg 720w, https:\/\/www.2beauty.com.br\/blog\/wp-content\/uploads\/2015\/09\/esmalte1-620x803.jpg 620w, https:\/\/www.2beauty.com.br\/blog\/wp-content\/uploads\/2015\/09\/esmalte1-580x751.jpg 580w, https:\/\/www.2beauty.com.br\/blog\/wp-content\/uploads\/2015\/09\/esmalte1-336x435.jpg 336w\" sizes=\"(max-width: 720px) 100vw, 720px\" \/><\/a><\/strong><\/p>\n<p style=\"text-align: center\"><strong>Esmalte Fortalecer Granado cor Catarina<\/strong><\/p>\n<p>Estava h\u00e1 um temp\u00e3o sem fazer as m\u00e3os!<\/p>\n<blockquote><p>Como tinha casamento no s\u00e1bado, fui ao sal\u00e3o pra dar um trato nas unhas e o tom que escolhi para pintar foi o Catarina da Granado, um marrom cremoso que puxa pro malva.<\/p><\/blockquote>\n<p>Achei a cor perfeita para combinar com o vestido que usei na festa!<\/p>\n<p>O esmalte Catarina faz parte da Cole\u00e7\u00e3o Rainhas Granado e tem f\u00f3rmula enriquecida com Vitamina E, c\u00e1lcio e prote\u00edna da seda para fortalecer as unhas.<\/p>\n<p>N\u00e3o cont\u00e9m tolueno, parabenos, formalde\u00eddo, c\u00e2nfora e DBP.<\/p>\n<p>Uma unidade <a href=\"https:\/\/www.granado.com.br\/Produto\/esmalte-catarina-rainhas\" target=\"_blank\">custa R$21 nas lojas e no site da Granado<\/a>.<\/p>\n<p style=\"text-align: center\"><strong><a href=\"https:\/\/www.2beauty.com.br\/blog\/wp-content\/uploads\/2015\/09\/esmalte2.jpg\"><img decoding=\"async\" class=\"alignnone size-full wp-image-68145\" src=\"https:\/\/www.2beauty.com.br\/blog\/wp-content\/uploads\/2015\/09\/esmalte2.jpg\" alt=\"esmalte2\" width=\"720\" height=\"470\" srcset=\"https:\/\/www.2beauty.com.br\/blog\/wp-content\/uploads\/2015\/09\/esmalte2.jpg 720w, https:\/\/www.2beauty.com.br\/blog\/wp-content\/uploads\/2015\/09\/esmalte2-580x378.jpg 580w, https:\/\/www.2beauty.com.br\/blog\/wp-content\/uploads\/2015\/09\/esmalte2-620x404.jpg 620w\" sizes=\"(max-width: 720px) 100vw, 720px\" \/><\/a><\/strong><\/p>\n<p style=\"text-align: center\"><strong><a href=\"https:\/\/www.2beauty.com.br\/blog\/wp-content\/uploads\/2015\/09\/esmalte3.jpg\"><img decoding=\"async\" class=\"alignnone size-full wp-image-68146\" src=\"https:\/\/www.2beauty.com.br\/blog\/wp-content\/uploads\/2015\/09\/esmalte3.jpg\" alt=\"esmalte3\" width=\"720\" height=\"720\" srcset=\"https:\/\/www.2beauty.com.br\/blog\/wp-content\/uploads\/2015\/09\/esmalte3.jpg 720w, https:\/\/www.2beauty.com.br\/blog\/wp-content\/uploads\/2015\/09\/esmalte3-435x435.jpg 435w, https:\/\/www.2beauty.com.br\/blog\/wp-content\/uploads\/2015\/09\/esmalte3-620x620.jpg 620w, https:\/\/www.2beauty.com.br\/blog\/wp-content\/uploads\/2015\/09\/esmalte3-150x150.jpg 150w\" sizes=\"(max-width: 720px) 100vw, 720px\" \/><\/a><\/strong><\/p>\n<p style=\"text-align: center\"><strong>Esmalte + vestido<\/strong><\/p>\n<p>A manicure usou base Colorama (aquela da tampa verdinha), duas dem\u00e3os do Catarina e spray secante.<\/p>\n<p>Achei a cobertura boa e amei a cor!<\/p>\n<p>O tom \u00e9 muito elegante e complementou super bem o vestido.<\/p>\n<blockquote><p>T\u00f4 achando a dura\u00e7\u00e3o \u00f3tima, porque j\u00e1 faz mais de quatro dias que fiz as unhas e o esmalte ainda n\u00e3o lascou, o que \u00e9 um milagre (no meu caso).<\/p><\/blockquote>\n","protected":false},"excerpt":{"rendered":"<p>Esmalte Fortalecer Granado cor Catarina Estava h\u00e1 um temp\u00e3o sem fazer as m\u00e3os! Como tinha casamento no s\u00e1bado, fui ao sal\u00e3o pra dar um trato nas unhas e o tom que escolhi para pintar foi o Catarina da Granado, um marrom cremoso que puxa pro malva. Achei a cor perfeita para combinar com o vestido que usei na festa! O esmalte Catarina faz parte da Cole\u00e7\u00e3o Rainhas Granado e tem f\u00f3rmula enriquecida com Vitamina E, c\u00e1lcio e prote\u00edna da seda para fortalecer as unhas. N\u00e3o cont\u00e9m tolueno, parabenos, formalde\u00eddo, c\u00e2nfora e DBP. Uma unidade custa R$21 nas lojas e no site da Granado. Esmalte + vestido A manicure usou base Colorama (aquela da tampa verdinha), duas dem\u00e3os do Catarina e spray secante. Achei a cobertura boa e amei a cor! O tom \u00e9 muito elegante e complementou super bem o vestido. T\u00f4 achando a dura\u00e7\u00e3o \u00f3tima, porque j\u00e1 faz mais de quatro dias que fiz as unhas e o esmalte ainda n\u00e3o lascou, o que \u00e9 um milagre (no meu caso).<\/p>\n","protected":false},"author":1,"featured_media":68144,"comment_status":"open","ping_status":"open","sticky":false,"template":"","format":"standard","meta":{"_uag_custom_page_level_css":"","footnotes":""},"categories":[770],"tags":[4154,1804],"class_list":["post-68143","post","type-post","status-publish","format-standard","has-post-thumbnail","hentry","category-esmalte","tag-esmalte","tag-granado"],"uagb_featured_image_src":{"full":["https:\/\/www.2beauty.com.br\/blog\/wp-content\/uploads\/2015\/09\/esmalte1.jpg",720,932,false],"thumbnail":["https:\/\/www.2beauty.com.br\/blog\/wp-content\/uploads\/2015\/09\/esmalte1-300x250.jpg",300,250,true],"medium":["https:\/\/www.2beauty.com.br\/blog\/wp-content\/uploads\/2015\/09\/esmalte1-336x435.jpg",336,435,true],"medium_large":["https:\/\/www.2beauty.com.br\/blog\/wp-content\/uploads\/2015\/09\/esmalte1.jpg",720,932,false],"large":["https:\/\/www.2beauty.com.br\/blog\/wp-content\/uploads\/2015\/09\/esmalte1-620x803.jpg",620,803,true],"1536x1536":["https:\/\/www.2beauty.com.br\/blog\/wp-content\/uploads\/2015\/09\/esmalte1.jpg",720,932,false],"2048x2048":["https:\/\/www.2beauty.com.br\/blog\/wp-content\/uploads\/2015\/09\/esmalte1.jpg",720,932,false],"ashe-slider-grid-thumbnail":["https:\/\/www.2beauty.com.br\/blog\/wp-content\/uploads\/2015\/09\/esmalte1.jpg",417,540,false],"ashe-full-thumbnail":["https:\/\/www.2beauty.com.br\/blog\/wp-content\/uploads\/2015\/09\/esmalte1.jpg",720,932,false],"ashe-grid-thumbnail":["https:\/\/www.2beauty.com.br\/blog\/wp-content\/uploads\/2015\/09\/esmalte1.jpg",255,330,false],"ashe-list-thumbnail":["https:\/\/www.2beauty.com.br\/blog\/wp-content\/uploads\/2015\/09\/esmalte1.jpg",232,300,false],"ashe-single-navigation":["https:\/\/www.2beauty.com.br\/blog\/wp-content\/uploads\/2015\/09\/esmalte1.jpg",58,75,false]},"uagb_author_info":{"display_name":"Marina Smith","author_link":"https:\/\/www.2beauty.com.br\/blog\/author\/marinasmith\/"},"uagb_comment_info":13,"uagb_excerpt":"Esmalte Fortalecer Granado cor Catarina Estava h\u00e1 um temp\u00e3o sem fazer as m\u00e3os! Como tinha casamento no s\u00e1bado, fui ao sal\u00e3o pra dar um trato nas unhas e o tom que escolhi para pintar foi o Catarina da Granado, um marrom cremoso que puxa pro malva. Achei a cor perfeita para combinar com o vestido&hellip;","acf":[],"_links":{"self":[{"href":"https:\/\/www.2beauty.com.br\/blog\/wp-json\/wp\/v2\/posts\/68143","targetHints":{"allow":["GET"]}}],"collection":[{"href":"https:\/\/www.2beauty.com.br\/blog\/wp-json\/wp\/v2\/posts"}],"about":[{"href":"https:\/\/www.2beauty.com.br\/blog\/wp-json\/wp\/v2\/types\/post"}],"author":[{"embeddable":true,"href":"https:\/\/www.2beauty.com.br\/blog\/wp-json\/wp\/v2\/users\/1"}],"replies":[{"embeddable":true,"href":"https:\/\/www.2beauty.com.br\/blog\/wp-json\/wp\/v2\/comments?post=68143"}],"version-history":[{"count":0,"href":"https:\/\/www.2beauty.com.br\/blog\/wp-json\/wp\/v2\/posts\/68143\/revisions"}],"wp:featuredmedia":[{"embeddable":true,"href":"https:\/\/www.2beauty.com.br\/blog\/wp-json\/wp\/v2\/media\/68144"}],"wp:attachment":[{"href":"https:\/\/www.2beauty.com.br\/blog\/wp-json\/wp\/v2\/media?parent=68143"}],"wp:term":[{"taxonomy":"category","embeddable":true,"href":"https:\/\/www.2beauty.com.br\/blog\/wp-json\/wp\/v2\/categories?post=68143"},{"taxonomy":"post_tag","embeddable":true,"href":"https:\/\/www.2beauty.com.br\/blog\/wp-json\/wp\/v2\/tags?post=68143"}],"curies":[{"name":"wp","href":"https:\/\/api.w.org\/{rel}","templated":true}]}}