{"id":67845,"date":"2015-09-15T14:00:46","date_gmt":"2015-09-15T16:00:46","guid":{"rendered":"https:\/\/www.2beauty.com.br\/blog\/?p=67845"},"modified":"2019-02-15T16:10:30","modified_gmt":"2019-02-15T18:10:30","slug":"resenha-blush-compacto-natura-aquarela-tom-coral-2","status":"publish","type":"post","link":"https:\/\/www.2beauty.com.br\/blog\/2015\/09\/resenha-blush-compacto-natura-aquarela-tom-coral-2\/","title":{"rendered":"Resenha: Blush Compacto Natura Aquarela (tom Coral #2)"},"content":{"rendered":"<p><a href=\"https:\/\/www.2beauty.com.br\/blog\/wp-content\/uploads\/2015\/09\/natura1.jpg\"><img fetchpriority=\"high\" decoding=\"async\" class=\"size-full wp-image-67846 aligncenter\" src=\"https:\/\/www.2beauty.com.br\/blog\/wp-content\/uploads\/2015\/09\/natura1.jpg\" alt=\"natura1\" width=\"720\" height=\"932\" srcset=\"https:\/\/www.2beauty.com.br\/blog\/wp-content\/uploads\/2015\/09\/natura1.jpg 720w, https:\/\/www.2beauty.com.br\/blog\/wp-content\/uploads\/2015\/09\/natura1-620x803.jpg 620w, https:\/\/www.2beauty.com.br\/blog\/wp-content\/uploads\/2015\/09\/natura1-580x751.jpg 580w, https:\/\/www.2beauty.com.br\/blog\/wp-content\/uploads\/2015\/09\/natura1-336x435.jpg 336w\" sizes=\"(max-width: 720px) 100vw, 720px\" \/><\/a><\/p>\n<p style=\"text-align: center\"><img decoding=\"async\" style=\"width: 30px;height: 30px\" title=\"Star\" src=\"https:\/\/www.2beauty.com.br\/blog\/images\/star.gif\" alt=\"Star\" width=\"30\" height=\"30\" align=\"top\" border=\"0\" \/><img decoding=\"async\" style=\"width: 30px;height: 30px\" title=\"Star\" src=\"https:\/\/www.2beauty.com.br\/blog\/images\/star.gif\" alt=\"Star\" width=\"30\" height=\"30\" align=\"top\" border=\"0\" \/><img decoding=\"async\" style=\"width: 30px;height: 30px\" title=\"Star\" src=\"https:\/\/www.2beauty.com.br\/blog\/images\/star.gif\" alt=\"Star\" width=\"30\" height=\"30\" align=\"top\" border=\"0\" \/><img decoding=\"async\" style=\"width: 30px;height: 30px\" title=\"Star\" src=\"https:\/\/www.2beauty.com.br\/blog\/images\/star.gif\" alt=\"Star\" width=\"30\" height=\"30\" align=\"top\" border=\"0\" \/><img decoding=\"async\" style=\"width: 30px;height: 30px\" title=\"Star\" src=\"https:\/\/www.2beauty.com.br\/blog\/images\/star2.gif\" alt=\"Star\" width=\"30\" height=\"30\" align=\"top\" border=\"0\" \/><\/p>\n<p style=\"text-align: center\"><strong>4,1 estrelinhas<\/strong><\/p>\n<p>Esse blush tem \u00f3timo custo x benef\u00edcio!<\/p>\n<p>A apresenta\u00e7\u00e3o n\u00e3o \u00e9 incr\u00edvel, mas o pre\u00e7o \u00e9 bacana e a fixa\u00e7\u00e3o \u00e9 super boa.<\/p>\n<p><strong>A descri\u00e7\u00e3o diz o seguinte:<\/strong><\/p>\n<blockquote><p>Um blush com textura fina e \u00f3tima fixa\u00e7\u00e3o, parte integrante da nova cole\u00e7\u00e3o de Aquarela. S\u00e3o quatro tons diferentes (rosa, rosa claro, bronze e coral), que combinam com v\u00e1rios tons de pele.<\/p><\/blockquote>\n<p>Os blushes da linha Natura Aquarela custam <a href=\"https:\/\/www.adoromaquiagem.com.br\/content\/blush-compacto-aquarela\" target=\"_blank\">R$27,50 reais no site da marca<\/a> (tamb\u00e9m podem ser adquiridos com as revendedoras Natura).<\/p>\n<p style=\"text-align: center\"><strong><a href=\"https:\/\/www.2beauty.com.br\/blog\/wp-content\/uploads\/2015\/09\/natura2.jpg\"><img loading=\"lazy\" decoding=\"async\" class=\"alignnone size-full wp-image-67847\" src=\"https:\/\/www.2beauty.com.br\/blog\/wp-content\/uploads\/2015\/09\/natura2.jpg\" alt=\"natura2\" width=\"720\" height=\"470\" srcset=\"https:\/\/www.2beauty.com.br\/blog\/wp-content\/uploads\/2015\/09\/natura2.jpg 720w, https:\/\/www.2beauty.com.br\/blog\/wp-content\/uploads\/2015\/09\/natura2-580x378.jpg 580w, https:\/\/www.2beauty.com.br\/blog\/wp-content\/uploads\/2015\/09\/natura2-620x404.jpg 620w\" sizes=\"(max-width: 720px) 100vw, 720px\" \/><\/a><\/strong><\/p>\n<p style=\"text-align: center\"><strong><a href=\"https:\/\/www.2beauty.com.br\/blog\/wp-content\/uploads\/2015\/09\/natura3.jpg\"><img loading=\"lazy\" decoding=\"async\" class=\"alignnone size-full wp-image-67848\" src=\"https:\/\/www.2beauty.com.br\/blog\/wp-content\/uploads\/2015\/09\/natura3.jpg\" alt=\"natura3\" width=\"720\" height=\"470\" srcset=\"https:\/\/www.2beauty.com.br\/blog\/wp-content\/uploads\/2015\/09\/natura3.jpg 720w, https:\/\/www.2beauty.com.br\/blog\/wp-content\/uploads\/2015\/09\/natura3-580x378.jpg 580w, https:\/\/www.2beauty.com.br\/blog\/wp-content\/uploads\/2015\/09\/natura3-620x404.jpg 620w\" sizes=\"(max-width: 720px) 100vw, 720px\" \/><\/a><\/strong><\/p>\n<p style=\"text-align: center\"><strong>Amostrinhas Coral #2<\/strong><\/p>\n<p>O tom Coral #2 \u00e9 um coral mais alaranjado que funciona muito bem em peles mais morenas e escuras, mas que tamb\u00e9m fica fofo em peles clarinhas se aplicado de forma leve.<\/p>\n<p>Mais amostras <a href=\"https:\/\/conversademenina.wordpress.com\/2013\/07\/30\/blush-compacto-natura-aquarela-cor-2\/\" target=\"_blank\">aqui<\/a> (pele escura) e <a href=\"https:\/\/www.eaitolinda.com\/2015\/03\/blush-coral-2-natura-aquarela.html\" target=\"_blank\">aqui<\/a> (pele clara).<\/p>\n<blockquote><p>O p\u00f3 do blush esfarela um pouco e a embalagem n\u00e3o \u00e9 das mais lindas ou resistentes (j\u00e1 fiquei com a tampa na m\u00e3o), mas a cobertura \u00e9 muito boa e a fixa\u00e7\u00e3o \u00e9 excelente.<\/p><\/blockquote>\n<p style=\"text-align: center\"><strong><a href=\"https:\/\/www.2beauty.com.br\/blog\/wp-content\/uploads\/2015\/09\/natura4.jpg\"><img loading=\"lazy\" decoding=\"async\" class=\"alignnone size-full wp-image-67849\" src=\"https:\/\/www.2beauty.com.br\/blog\/wp-content\/uploads\/2015\/09\/natura4.jpg\" alt=\"natura4\" width=\"720\" height=\"470\" srcset=\"https:\/\/www.2beauty.com.br\/blog\/wp-content\/uploads\/2015\/09\/natura4.jpg 720w, https:\/\/www.2beauty.com.br\/blog\/wp-content\/uploads\/2015\/09\/natura4-580x378.jpg 580w, https:\/\/www.2beauty.com.br\/blog\/wp-content\/uploads\/2015\/09\/natura4-620x404.jpg 620w\" sizes=\"(max-width: 720px) 100vw, 720px\" \/><\/a><\/strong><\/p>\n<p style=\"text-align: center\"><strong><a href=\"https:\/\/www.2beauty.com.br\/blog\/wp-content\/uploads\/2015\/09\/natura5.jpg\"><img loading=\"lazy\" decoding=\"async\" class=\"alignnone size-full wp-image-67850\" src=\"https:\/\/www.2beauty.com.br\/blog\/wp-content\/uploads\/2015\/09\/natura5.jpg\" alt=\"natura5\" width=\"720\" height=\"932\" srcset=\"https:\/\/www.2beauty.com.br\/blog\/wp-content\/uploads\/2015\/09\/natura5.jpg 720w, https:\/\/www.2beauty.com.br\/blog\/wp-content\/uploads\/2015\/09\/natura5-336x435.jpg 336w, https:\/\/www.2beauty.com.br\/blog\/wp-content\/uploads\/2015\/09\/natura5-620x802.jpg 620w\" sizes=\"(max-width: 720px) 100vw, 720px\" \/><\/a><\/strong><\/p>\n<p style=\"text-align: center\"><strong>No car\u00e3o e em close<\/strong><\/p>\n<p>O Coral #2 dura o dia inteiro nas minhas bochechas.<\/p>\n<p>J\u00e1 usei ele bastante e sempre ao final da tarde\/in\u00edcio da noite, o tom ainda est\u00e1 bonito e bem aparente.<\/p>\n<p><strong>Resumindo:<\/strong><\/p>\n<blockquote><p>Bom e barato! A embalagem n\u00e3o \u00e9 RHYCA, mas a pigmenta\u00e7\u00e3o \u00e9 legal e a fixa\u00e7\u00e3o \u00e9 \u00f3tima.<\/p><\/blockquote>\n<div id=\"resenha\">\n<p><span class=\"titresenha\">Detalhes da nota:<\/span><\/p>\n<div class=\"notas\">Textura\/Aplica\u00e7\u00e3o: 4\/5<br \/>\nCobertura\/Pigmenta\u00e7\u00e3o: 4\/5<br \/>\nFixa\u00e7\u00e3o: 5\/5<br \/>\nPre\u00e7o: 5\/5<br \/>\nApresenta\u00e7\u00e3o: 2\/5<br \/>\nRela\u00e7\u00e3o Realidade x Descri\u00e7\u00e3o Oficial: 5\/5<br \/>\n<span class=\"media\">M\u00e9dia: 4,1<br \/>\n<\/span><\/div>\n<p>Para visualizar a lista completa de crit\u00e9rios e notas, <a href=\"https:\/\/www.2beauty.com.br\/blog\/images\/avaliacao.gif\" target=\"_blank\">clique aqui<\/a>.<\/p>\n<\/div>\n","protected":false},"excerpt":{"rendered":"<p>4,1 estrelinhas Esse blush tem \u00f3timo custo x benef\u00edcio! A apresenta\u00e7\u00e3o n\u00e3o \u00e9 incr\u00edvel, mas o pre\u00e7o \u00e9 bacana e a fixa\u00e7\u00e3o \u00e9 super boa. A descri\u00e7\u00e3o diz o seguinte: Um blush com textura fina e \u00f3tima fixa\u00e7\u00e3o, parte integrante da nova cole\u00e7\u00e3o de Aquarela. S\u00e3o quatro tons diferentes (rosa, rosa claro, bronze e coral), que combinam com v\u00e1rios tons de pele. Os blushes da linha Natura Aquarela custam R$27,50 reais no site da marca (tamb\u00e9m podem ser adquiridos com as revendedoras Natura). Amostrinhas Coral #2 O tom Coral #2 \u00e9 um coral mais alaranjado que funciona muito bem em peles mais morenas e escuras, mas que tamb\u00e9m fica fofo em peles clarinhas se aplicado de forma leve. Mais amostras aqui (pele escura) e aqui (pele clara). O p\u00f3 do blush esfarela um pouco e a embalagem n\u00e3o \u00e9 das mais lindas ou resistentes (j\u00e1 fiquei com a tampa na m\u00e3o), mas a cobertura \u00e9 muito boa e a fixa\u00e7\u00e3o \u00e9 excelente. No car\u00e3o e em close O Coral #2 dura o dia inteiro nas minhas bochechas. J\u00e1 usei ele bastante e sempre ao final da tarde\/in\u00edcio da noite, o tom ainda est\u00e1 bonito e bem aparente. Resumindo: Bom e barato! A embalagem n\u00e3o \u00e9 RHYCA, mas a pigmenta\u00e7\u00e3o \u00e9 legal e a fixa\u00e7\u00e3o \u00e9 \u00f3tima. Detalhes da nota: Textura\/Aplica\u00e7\u00e3o: 4\/5 Cobertura\/Pigmenta\u00e7\u00e3o: 4\/5 Fixa\u00e7\u00e3o: 5\/5 Pre\u00e7o: 5\/5 Apresenta\u00e7\u00e3o: 2\/5 Rela\u00e7\u00e3o Realidade x Descri\u00e7\u00e3o Oficial: 5\/5 M\u00e9dia: 4,1 Para visualizar a lista completa de crit\u00e9rios e notas, clique aqui.<\/p>\n","protected":false},"author":1,"featured_media":67846,"comment_status":"open","ping_status":"open","sticky":false,"template":"","format":"standard","meta":{"_uag_custom_page_level_css":"","footnotes":""},"categories":[84],"tags":[4115,4088,365,4128],"class_list":["post-67845","post","type-post","status-publish","format-standard","has-post-thumbnail","hentry","category-maquiagem","tag-blush","tag-maquiagem","tag-natura","tag-resenhas"],"uagb_featured_image_src":{"full":["https:\/\/www.2beauty.com.br\/blog\/wp-content\/uploads\/2015\/09\/natura1.jpg",720,932,false],"thumbnail":["https:\/\/www.2beauty.com.br\/blog\/wp-content\/uploads\/2015\/09\/natura1-300x250.jpg",300,250,true],"medium":["https:\/\/www.2beauty.com.br\/blog\/wp-content\/uploads\/2015\/09\/natura1-336x435.jpg",336,435,true],"medium_large":["https:\/\/www.2beauty.com.br\/blog\/wp-content\/uploads\/2015\/09\/natura1.jpg",720,932,false],"large":["https:\/\/www.2beauty.com.br\/blog\/wp-content\/uploads\/2015\/09\/natura1-620x803.jpg",620,803,true],"1536x1536":["https:\/\/www.2beauty.com.br\/blog\/wp-content\/uploads\/2015\/09\/natura1.jpg",720,932,false],"2048x2048":["https:\/\/www.2beauty.com.br\/blog\/wp-content\/uploads\/2015\/09\/natura1.jpg",720,932,false],"ashe-slider-grid-thumbnail":["https:\/\/www.2beauty.com.br\/blog\/wp-content\/uploads\/2015\/09\/natura1.jpg",417,540,false],"ashe-full-thumbnail":["https:\/\/www.2beauty.com.br\/blog\/wp-content\/uploads\/2015\/09\/natura1.jpg",720,932,false],"ashe-grid-thumbnail":["https:\/\/www.2beauty.com.br\/blog\/wp-content\/uploads\/2015\/09\/natura1.jpg",255,330,false],"ashe-list-thumbnail":["https:\/\/www.2beauty.com.br\/blog\/wp-content\/uploads\/2015\/09\/natura1.jpg",232,300,false],"ashe-single-navigation":["https:\/\/www.2beauty.com.br\/blog\/wp-content\/uploads\/2015\/09\/natura1.jpg",58,75,false]},"uagb_author_info":{"display_name":"Marina Smith","author_link":"https:\/\/www.2beauty.com.br\/blog\/author\/marinasmith\/"},"uagb_comment_info":25,"uagb_excerpt":"4,1 estrelinhas Esse blush tem \u00f3timo custo x benef\u00edcio! A apresenta\u00e7\u00e3o n\u00e3o \u00e9 incr\u00edvel, mas o pre\u00e7o \u00e9 bacana e a fixa\u00e7\u00e3o \u00e9 super boa. A descri\u00e7\u00e3o diz o seguinte: Um blush com textura fina e \u00f3tima fixa\u00e7\u00e3o, parte integrante da nova cole\u00e7\u00e3o de Aquarela. S\u00e3o quatro tons diferentes (rosa, rosa claro, bronze e coral),&hellip;","acf":[],"_links":{"self":[{"href":"https:\/\/www.2beauty.com.br\/blog\/wp-json\/wp\/v2\/posts\/67845","targetHints":{"allow":["GET"]}}],"collection":[{"href":"https:\/\/www.2beauty.com.br\/blog\/wp-json\/wp\/v2\/posts"}],"about":[{"href":"https:\/\/www.2beauty.com.br\/blog\/wp-json\/wp\/v2\/types\/post"}],"author":[{"embeddable":true,"href":"https:\/\/www.2beauty.com.br\/blog\/wp-json\/wp\/v2\/users\/1"}],"replies":[{"embeddable":true,"href":"https:\/\/www.2beauty.com.br\/blog\/wp-json\/wp\/v2\/comments?post=67845"}],"version-history":[{"count":0,"href":"https:\/\/www.2beauty.com.br\/blog\/wp-json\/wp\/v2\/posts\/67845\/revisions"}],"wp:featuredmedia":[{"embeddable":true,"href":"https:\/\/www.2beauty.com.br\/blog\/wp-json\/wp\/v2\/media\/67846"}],"wp:attachment":[{"href":"https:\/\/www.2beauty.com.br\/blog\/wp-json\/wp\/v2\/media?parent=67845"}],"wp:term":[{"taxonomy":"category","embeddable":true,"href":"https:\/\/www.2beauty.com.br\/blog\/wp-json\/wp\/v2\/categories?post=67845"},{"taxonomy":"post_tag","embeddable":true,"href":"https:\/\/www.2beauty.com.br\/blog\/wp-json\/wp\/v2\/tags?post=67845"}],"curies":[{"name":"wp","href":"https:\/\/api.w.org\/{rel}","templated":true}]}}