{"id":67832,"date":"2015-09-14T12:40:14","date_gmt":"2015-09-14T14:40:14","guid":{"rendered":"https:\/\/www.2beauty.com.br\/blog\/?p=67832"},"modified":"2019-02-15T16:10:30","modified_gmt":"2019-02-15T18:10:30","slug":"resenha-mary-kay-base-creme-efeito-po","status":"publish","type":"post","link":"https:\/\/www.2beauty.com.br\/blog\/2015\/09\/resenha-mary-kay-base-creme-efeito-po\/","title":{"rendered":"Resenha: Mary Kay Base Creme Efeito P\u00f3"},"content":{"rendered":"<p><a href=\"https:\/\/www.2beauty.com.br\/blog\/wp-content\/uploads\/2015\/09\/mk1.jpg\"><img fetchpriority=\"high\" decoding=\"async\" class=\"size-full wp-image-67833 aligncenter\" src=\"https:\/\/www.2beauty.com.br\/blog\/wp-content\/uploads\/2015\/09\/mk1.jpg\" alt=\"mk1\" width=\"720\" height=\"932\" srcset=\"https:\/\/www.2beauty.com.br\/blog\/wp-content\/uploads\/2015\/09\/mk1.jpg 720w, https:\/\/www.2beauty.com.br\/blog\/wp-content\/uploads\/2015\/09\/mk1-336x435.jpg 336w, https:\/\/www.2beauty.com.br\/blog\/wp-content\/uploads\/2015\/09\/mk1-620x802.jpg 620w\" sizes=\"(max-width: 720px) 100vw, 720px\" \/><\/a><\/p>\n<p style=\"text-align: center\"><img decoding=\"async\" style=\"width: 30px;height: 30px\" title=\"Star\" src=\"https:\/\/www.2beauty.com.br\/blog\/images\/star.gif\" alt=\"Star\" width=\"30\" height=\"30\" align=\"top\" border=\"0\" \/><img decoding=\"async\" style=\"width: 30px;height: 30px\" title=\"Star\" src=\"https:\/\/www.2beauty.com.br\/blog\/images\/star.gif\" alt=\"Star\" width=\"30\" height=\"30\" align=\"top\" border=\"0\" \/><img decoding=\"async\" style=\"width: 30px;height: 30px\" title=\"Star\" src=\"https:\/\/www.2beauty.com.br\/blog\/images\/star.gif\" alt=\"Star\" width=\"30\" height=\"30\" align=\"top\" border=\"0\" \/><img decoding=\"async\" style=\"width: 30px;height: 30px\" title=\"Star\" src=\"https:\/\/www.2beauty.com.br\/blog\/images\/star3.gif\" alt=\"Star\" width=\"30\" height=\"30\" align=\"top\" border=\"0\" \/><img loading=\"lazy\" decoding=\"async\" style=\"width: 30px;height: 30px\" title=\"Star\" src=\"https:\/\/www.2beauty.com.br\/blog\/images\/star2.gif\" alt=\"Star\" width=\"30\" height=\"30\" align=\"top\" border=\"0\" \/><\/p>\n<p style=\"text-align: center\"><strong>3,6 estrelinhas<\/strong><\/p>\n<p>O cobertura \u00e9 bacana, mas o efeito creme para p\u00f3 n\u00e3o ornou algumas \u00e1reas do meu rosto.<\/p>\n<p><strong>A descri\u00e7\u00e3o diz o seguinte:<\/strong><\/p>\n<blockquote><p>Pele impec\u00e1vel em um \u00fanico passo! Com a Base Creme Efeito P\u00f3, voc\u00ea vai sentir como se tivesse acabado de aplicar o produto o mesmo quando a temperatura esquentar. A f\u00f3rmula \u00e9 resistente ao calor e a umidade, para que voc\u00ea n\u00e3o se preocupe em dias quentes e\/ou \u00famidos. O p\u00f3 \u00e9 leve, f\u00e1cil e r\u00e1pido de aplicar, a base d\u00e1 uma cobertura maior e dura mais, e, agora existe um \u00fanico produto com todos esses benef\u00edcios!<\/p>\n<p>Porque voc\u00ea vai adorar:<br \/>\nLonga dura\u00e7\u00e3o \u2013 at\u00e9 12 horas<br \/>\nAlta cobertura<br \/>\nF\u00e1cil de aplicar \u2013 basta uma esponja cosm\u00e9tica<br \/>\nIndicada para todos os tipos de pele<\/p><\/blockquote>\n<p>No Brasil, a base est\u00e1 dispon\u00edvel em 5 tons (Ivory 2, Beige 2, Beige 3, Beige 4 Bronze 1), <a href=\"https:\/\/www.marykay.com.br\/foundations_creme-to-power.html\" target=\"_blank\">o refil de 10g + esponja custa R$54 reais<\/a> e o <a href=\"https:\/\/www.marykay.com.br\/eyes_mini_compact.html\" target=\"_blank\">estojo com espelho, R$52<\/a>.<\/p>\n<p>Os produtos Mary Kay podem ser adquiridos com qualquer representante da marca.<\/p>\n<p style=\"text-align: center\"><strong><a href=\"https:\/\/www.2beauty.com.br\/blog\/wp-content\/uploads\/2015\/09\/mk2.jpg\"><img loading=\"lazy\" decoding=\"async\" class=\"alignnone size-full wp-image-67834\" src=\"https:\/\/www.2beauty.com.br\/blog\/wp-content\/uploads\/2015\/09\/mk2.jpg\" alt=\"mk2\" width=\"720\" height=\"470\" srcset=\"https:\/\/www.2beauty.com.br\/blog\/wp-content\/uploads\/2015\/09\/mk2.jpg 720w, https:\/\/www.2beauty.com.br\/blog\/wp-content\/uploads\/2015\/09\/mk2-580x379.jpg 580w, https:\/\/www.2beauty.com.br\/blog\/wp-content\/uploads\/2015\/09\/mk2-620x405.jpg 620w\" sizes=\"(max-width: 720px) 100vw, 720px\" \/><\/a><\/strong><\/p>\n<p style=\"text-align: center\"><strong> <a href=\"https:\/\/www.2beauty.com.br\/blog\/wp-content\/uploads\/2015\/09\/mk3.jpg\"><img loading=\"lazy\" decoding=\"async\" class=\"alignnone size-full wp-image-67835\" src=\"https:\/\/www.2beauty.com.br\/blog\/wp-content\/uploads\/2015\/09\/mk3.jpg\" alt=\"mk3\" width=\"720\" height=\"470\" srcset=\"https:\/\/www.2beauty.com.br\/blog\/wp-content\/uploads\/2015\/09\/mk3.jpg 720w, https:\/\/www.2beauty.com.br\/blog\/wp-content\/uploads\/2015\/09\/mk3-580x378.jpg 580w, https:\/\/www.2beauty.com.br\/blog\/wp-content\/uploads\/2015\/09\/mk3-620x404.jpg 620w\" sizes=\"(max-width: 720px) 100vw, 720px\" \/><\/a><\/strong><\/p>\n<p style=\"text-align: center\"><strong> <a href=\"https:\/\/www.2beauty.com.br\/blog\/wp-content\/uploads\/2015\/09\/mk4.jpg\"><img loading=\"lazy\" decoding=\"async\" class=\"alignnone size-full wp-image-67836\" src=\"https:\/\/www.2beauty.com.br\/blog\/wp-content\/uploads\/2015\/09\/mk4.jpg\" alt=\"mk4\" width=\"720\" height=\"470\" srcset=\"https:\/\/www.2beauty.com.br\/blog\/wp-content\/uploads\/2015\/09\/mk4.jpg 720w, https:\/\/www.2beauty.com.br\/blog\/wp-content\/uploads\/2015\/09\/mk4-580x378.jpg 580w, https:\/\/www.2beauty.com.br\/blog\/wp-content\/uploads\/2015\/09\/mk4-620x404.jpg 620w\" sizes=\"(max-width: 720px) 100vw, 720px\" \/><\/a><\/strong><\/p>\n<p style=\"text-align: center\"><strong>Ingredientes e amostrinha do tom Beige 3<\/strong><\/p>\n<p>Recebi todos os tons da linha e o que melhor se adaptou \u00e0 cor da minha pele foi o Beige 3.<\/p>\n<blockquote><p>A Base Creme Efeito P\u00f3 tem textura cremosa e aveludada e um toque levemente siliconado.<\/p><\/blockquote>\n<p>Na pele, a base tem acabamento mais sequinho, mas n\u00e3o \u00e9 100% opaco.<\/p>\n<p>O aspecto da Base Creme Efeito P\u00f3 realmente muda de cremoso para p\u00f3 depois que voc\u00ea espalha o produto sobre o rosto.<\/p>\n<p>A aplica\u00e7\u00e3o \u00e9 simples e pode ser feita com a esponja que acompanha a base, com os dedos ou com um pincel de base.<\/p>\n<p>Das tr\u00eas op\u00e7\u00f5es, a que mais gostei foi com pincel (usei modelo kabuki flat com cerdas sint\u00e9ticas).<\/p>\n<p>Vale comentar que o produto tem perfume, o que n\u00e3o me incomodou, porque depois de 5 min, j\u00e1 n\u00e3o o sentia mais.<\/p>\n<p style=\"text-align: center\"><strong><a href=\"https:\/\/www.2beauty.com.br\/blog\/wp-content\/uploads\/2015\/09\/mk5.jpg\"><img loading=\"lazy\" decoding=\"async\" class=\"alignnone size-full wp-image-67837\" src=\"https:\/\/www.2beauty.com.br\/blog\/wp-content\/uploads\/2015\/09\/mk5.jpg\" alt=\"mk5\" width=\"720\" height=\"932\" srcset=\"https:\/\/www.2beauty.com.br\/blog\/wp-content\/uploads\/2015\/09\/mk5.jpg 720w, https:\/\/www.2beauty.com.br\/blog\/wp-content\/uploads\/2015\/09\/mk5-336x435.jpg 336w, https:\/\/www.2beauty.com.br\/blog\/wp-content\/uploads\/2015\/09\/mk5-620x802.jpg 620w\" sizes=\"(max-width: 720px) 100vw, 720px\" \/><\/a><\/strong><\/p>\n<p style=\"text-align: center\"><strong> <a href=\"https:\/\/www.2beauty.com.br\/blog\/wp-content\/uploads\/2015\/09\/mk6.jpg\"><img loading=\"lazy\" decoding=\"async\" class=\"alignnone size-full wp-image-67838\" src=\"https:\/\/www.2beauty.com.br\/blog\/wp-content\/uploads\/2015\/09\/mk6.jpg\" alt=\"mk6\" width=\"720\" height=\"470\" srcset=\"https:\/\/www.2beauty.com.br\/blog\/wp-content\/uploads\/2015\/09\/mk6.jpg 720w, https:\/\/www.2beauty.com.br\/blog\/wp-content\/uploads\/2015\/09\/mk6-580x378.jpg 580w, https:\/\/www.2beauty.com.br\/blog\/wp-content\/uploads\/2015\/09\/mk6-620x404.jpg 620w\" sizes=\"(max-width: 720px) 100vw, 720px\" \/><\/a><\/strong><\/p>\n<p style=\"text-align: center\"><strong>Antes e depois e close no acabamento (que n\u00e3o deu certo)<\/strong><\/p>\n<p>A cobertura n\u00e3o \u00e9 total\/Photoshop, mas \u00e9 BEM legal.<\/p>\n<p>Uma pena que o acabamento ficou esquisito no meu nariz e ao redor dos meus olhos, porque base acumulou nos poros e nas linhas.<\/p>\n<p>De longe, estava tudo bem. Mas olhando de perto, a pele ficou esquisita.<\/p>\n<p>\u00c9 preciso fazer uma prepara\u00e7\u00e3o mais elaborada antes de usar o produto&#8230; Esfoliar e hidratar bastante, porque se voc\u00ea tiver qualquer cicatriz, pele descamando ou linha muito funda, a base marca, viu?<\/p>\n<p><a href=\"https:\/\/www.2beauty.com.br\/blog\/2015\/07\/28\/resenha-base-bareskin-pure-brightening-serum-foundation-spf-20-da-bareminerals\/\" target=\"_blank\">\u00c9 o mesmo problema que tive com a bareSkin Pure Brightening Serum da bareMinerals<\/a>.<\/p>\n<p>Quanto \u00e0 dura\u00e7\u00e3o, achei boa! A minha zona T s\u00f3 ficou oleosa depois seis horas (+ou-) e mesmo transferindo um pouco, a cobertura n\u00e3o enfraqueceu ao longo do dia.<\/p>\n<p><strong>Resumindo:<\/strong><\/p>\n<blockquote><p>Boa cobertura, boa fixa\u00e7\u00e3o, mas o acabamento s\u00f3 fica bonito se a pele estiver bem lisinha e hidratada, porque o produto &#8220;gruda&#8221; em linhas, \u00e1reas ressecadas e qualquer calombo ou buraquinho.<\/p>\n<p>Das bases mais sequinhas e resistentes da Mary Kay, ainda acho a Time Wise melhor!<\/p><\/blockquote>\n<div id=\"resenha\">\n<p><span class=\"titresenha\">Detalhes da nota:<\/span><\/p>\n<div class=\"notas\">Textura\/Aplica\u00e7\u00e3o: 5\/5<br \/>\nCobertura\/Pigmenta\u00e7\u00e3o: 4\/5<br \/>\nFixa\u00e7\u00e3o: 4\/5<br \/>\nPre\u00e7o: 3\/5 (considerei s\u00f3 o pre\u00e7o do refil e n\u00e3o do refil + estojo que \u00e9 vendido separadamente)<br \/>\nApresenta\u00e7\u00e3o: 2\/5 (considerei apenas o refil e n\u00e3o refil + estojo que \u00e9 vendido separadamente)<br \/>\nRela\u00e7\u00e3o Realidade x Descri\u00e7\u00e3o Oficial: 4\/5<br \/>\n<span class=\"media\">M\u00e9dia: 3,6<br \/>\n<\/span><\/div>\n<p>Para visualizar a lista completa de crit\u00e9rios e notas, <a href=\"https:\/\/www.2beauty.com.br\/blog\/images\/avaliacao.gif\" target=\"_blank\">clique aqui<\/a>.<\/p>\n<\/div>\n","protected":false},"excerpt":{"rendered":"<p>3,6 estrelinhas O cobertura \u00e9 bacana, mas o efeito creme para p\u00f3 n\u00e3o ornou algumas \u00e1reas do meu rosto. A descri\u00e7\u00e3o diz o seguinte: Pele impec\u00e1vel em um \u00fanico passo! Com a Base Creme Efeito P\u00f3, voc\u00ea vai sentir como se tivesse acabado de aplicar o produto o mesmo quando a temperatura esquentar. A f\u00f3rmula \u00e9 resistente ao calor e a umidade, para que voc\u00ea n\u00e3o se preocupe em dias quentes e\/ou \u00famidos. O p\u00f3 \u00e9 leve, f\u00e1cil e r\u00e1pido de aplicar, a base d\u00e1 uma cobertura maior e dura mais, e, agora existe um \u00fanico produto com todos esses benef\u00edcios! Porque voc\u00ea vai adorar: Longa dura\u00e7\u00e3o \u2013 at\u00e9 12 horas Alta cobertura F\u00e1cil de aplicar \u2013 basta uma esponja cosm\u00e9tica Indicada para todos os tipos de pele No Brasil, a base est\u00e1 dispon\u00edvel em 5 tons (Ivory 2, Beige 2, Beige 3, Beige 4 Bronze 1), o refil de 10g + esponja custa R$54 reais e o estojo com espelho, R$52. Os produtos Mary Kay podem ser adquiridos com qualquer representante da marca. Ingredientes e amostrinha do tom Beige 3 Recebi todos os tons da linha e o que melhor se adaptou \u00e0 cor da minha pele foi o Beige 3. A Base Creme Efeito P\u00f3 tem textura cremosa e aveludada e um toque levemente siliconado. Na pele, a base tem acabamento mais sequinho, mas n\u00e3o \u00e9 100% opaco. O aspecto da Base Creme Efeito P\u00f3 realmente muda de cremoso para p\u00f3 depois que voc\u00ea espalha o produto sobre o rosto. A aplica\u00e7\u00e3o \u00e9 simples e pode ser feita com a esponja que acompanha a base, com os dedos ou com um pincel de base. Das tr\u00eas op\u00e7\u00f5es, a que mais gostei foi com pincel (usei modelo kabuki flat com cerdas sint\u00e9ticas). Vale comentar que o produto tem perfume, o que n\u00e3o me incomodou, porque depois de 5 min, j\u00e1 n\u00e3o o sentia mais. Antes e depois e close no acabamento (que n\u00e3o deu certo) A cobertura n\u00e3o \u00e9 total\/Photoshop, mas \u00e9 BEM legal. Uma pena que o acabamento ficou esquisito no meu nariz e ao redor dos meus olhos, porque base acumulou nos poros e nas linhas. De longe, estava tudo bem. Mas olhando de perto, a pele ficou esquisita. \u00c9 preciso fazer uma prepara\u00e7\u00e3o mais elaborada antes de usar o produto&#8230; Esfoliar e hidratar bastante, porque se voc\u00ea tiver qualquer cicatriz, pele descamando ou linha muito funda, a base marca, viu? \u00c9 o mesmo problema que tive com a bareSkin Pure Brightening Serum da bareMinerals. Quanto \u00e0 dura\u00e7\u00e3o, achei boa! A minha zona T s\u00f3 ficou oleosa depois seis horas (+ou-) e mesmo transferindo um pouco, a cobertura n\u00e3o enfraqueceu ao longo do dia. Resumindo: Boa cobertura, boa fixa\u00e7\u00e3o, mas o acabamento s\u00f3 fica bonito se a pele estiver bem lisinha e hidratada, porque o produto &#8220;gruda&#8221; em linhas, \u00e1reas ressecadas e qualquer calombo ou buraquinho. Das bases mais sequinhas e resistentes da Mary Kay, ainda acho a Time Wise melhor! Detalhes da nota: Textura\/Aplica\u00e7\u00e3o: 5\/5 Cobertura\/Pigmenta\u00e7\u00e3o: 4\/5 Fixa\u00e7\u00e3o: 4\/5 Pre\u00e7o: 3\/5 (considerei s\u00f3 o pre\u00e7o do refil e n\u00e3o do refil + estojo que \u00e9 vendido separadamente) Apresenta\u00e7\u00e3o: 2\/5 (considerei apenas o refil e n\u00e3o refil + estojo que \u00e9 vendido separadamente) Rela\u00e7\u00e3o Realidade x Descri\u00e7\u00e3o Oficial: 4\/5 M\u00e9dia: 3,6 Para visualizar a lista completa de crit\u00e9rios e notas, clique aqui.<\/p>\n","protected":false},"author":1,"featured_media":67834,"comment_status":"open","ping_status":"open","sticky":false,"template":"","format":"standard","meta":{"_uag_custom_page_level_css":"","footnotes":""},"categories":[84],"tags":[4110,4088,265,4128],"class_list":["post-67832","post","type-post","status-publish","format-standard","has-post-thumbnail","hentry","category-maquiagem","tag-base","tag-maquiagem","tag-mary-kay","tag-resenhas"],"uagb_featured_image_src":{"full":["https:\/\/www.2beauty.com.br\/blog\/wp-content\/uploads\/2015\/09\/mk2.jpg",720,470,false],"thumbnail":["https:\/\/www.2beauty.com.br\/blog\/wp-content\/uploads\/2015\/09\/mk2-300x250.jpg",300,250,true],"medium":["https:\/\/www.2beauty.com.br\/blog\/wp-content\/uploads\/2015\/09\/mk2-580x379.jpg",580,379,true],"medium_large":["https:\/\/www.2beauty.com.br\/blog\/wp-content\/uploads\/2015\/09\/mk2.jpg",720,470,false],"large":["https:\/\/www.2beauty.com.br\/blog\/wp-content\/uploads\/2015\/09\/mk2-620x405.jpg",620,405,true],"1536x1536":["https:\/\/www.2beauty.com.br\/blog\/wp-content\/uploads\/2015\/09\/mk2.jpg",720,470,false],"2048x2048":["https:\/\/www.2beauty.com.br\/blog\/wp-content\/uploads\/2015\/09\/mk2.jpg",720,470,false],"ashe-slider-grid-thumbnail":["https:\/\/www.2beauty.com.br\/blog\/wp-content\/uploads\/2015\/09\/mk2.jpg",720,470,false],"ashe-full-thumbnail":["https:\/\/www.2beauty.com.br\/blog\/wp-content\/uploads\/2015\/09\/mk2.jpg",720,470,false],"ashe-grid-thumbnail":["https:\/\/www.2beauty.com.br\/blog\/wp-content\/uploads\/2015\/09\/mk2.jpg",500,326,false],"ashe-list-thumbnail":["https:\/\/www.2beauty.com.br\/blog\/wp-content\/uploads\/2015\/09\/mk2.jpg",300,196,false],"ashe-single-navigation":["https:\/\/www.2beauty.com.br\/blog\/wp-content\/uploads\/2015\/09\/mk2.jpg",75,49,false]},"uagb_author_info":{"display_name":"Marina Smith","author_link":"https:\/\/www.2beauty.com.br\/blog\/author\/marinasmith\/"},"uagb_comment_info":20,"uagb_excerpt":"3,6 estrelinhas O cobertura \u00e9 bacana, mas o efeito creme para p\u00f3 n\u00e3o ornou algumas \u00e1reas do meu rosto. A descri\u00e7\u00e3o diz o seguinte: Pele impec\u00e1vel em um \u00fanico passo! Com a Base Creme Efeito P\u00f3, voc\u00ea vai sentir como se tivesse acabado de aplicar o produto o mesmo quando a temperatura esquentar. A f\u00f3rmula&hellip;","acf":[],"_links":{"self":[{"href":"https:\/\/www.2beauty.com.br\/blog\/wp-json\/wp\/v2\/posts\/67832","targetHints":{"allow":["GET"]}}],"collection":[{"href":"https:\/\/www.2beauty.com.br\/blog\/wp-json\/wp\/v2\/posts"}],"about":[{"href":"https:\/\/www.2beauty.com.br\/blog\/wp-json\/wp\/v2\/types\/post"}],"author":[{"embeddable":true,"href":"https:\/\/www.2beauty.com.br\/blog\/wp-json\/wp\/v2\/users\/1"}],"replies":[{"embeddable":true,"href":"https:\/\/www.2beauty.com.br\/blog\/wp-json\/wp\/v2\/comments?post=67832"}],"version-history":[{"count":0,"href":"https:\/\/www.2beauty.com.br\/blog\/wp-json\/wp\/v2\/posts\/67832\/revisions"}],"wp:featuredmedia":[{"embeddable":true,"href":"https:\/\/www.2beauty.com.br\/blog\/wp-json\/wp\/v2\/media\/67834"}],"wp:attachment":[{"href":"https:\/\/www.2beauty.com.br\/blog\/wp-json\/wp\/v2\/media?parent=67832"}],"wp:term":[{"taxonomy":"category","embeddable":true,"href":"https:\/\/www.2beauty.com.br\/blog\/wp-json\/wp\/v2\/categories?post=67832"},{"taxonomy":"post_tag","embeddable":true,"href":"https:\/\/www.2beauty.com.br\/blog\/wp-json\/wp\/v2\/tags?post=67832"}],"curies":[{"name":"wp","href":"https:\/\/api.w.org\/{rel}","templated":true}]}}