{"id":67444,"date":"2015-08-31T10:00:49","date_gmt":"2015-08-31T12:00:49","guid":{"rendered":"https:\/\/www.2beauty.com.br\/blog\/?p=67444"},"modified":"2019-02-15T16:10:31","modified_gmt":"2019-02-15T18:10:31","slug":"resumo-de-agosto-3","status":"publish","type":"post","link":"https:\/\/www.2beauty.com.br\/blog\/2015\/08\/resumo-de-agosto-3\/","title":{"rendered":"Resumo de Agosto"},"content":{"rendered":"<p><a href=\"https:\/\/www.2beauty.com.br\/blog\/wp-content\/uploads\/2015\/08\/resumo2.jpg\"><img fetchpriority=\"high\" decoding=\"async\" class=\"size-full wp-image-67450 aligncenter\" src=\"https:\/\/www.2beauty.com.br\/blog\/wp-content\/uploads\/2015\/08\/resumo2.jpg\" alt=\"_resumo\" width=\"720\" height=\"1040\" srcset=\"https:\/\/www.2beauty.com.br\/blog\/wp-content\/uploads\/2015\/08\/resumo2.jpg 720w, https:\/\/www.2beauty.com.br\/blog\/wp-content\/uploads\/2015\/08\/resumo2-301x435.jpg 301w, https:\/\/www.2beauty.com.br\/blog\/wp-content\/uploads\/2015\/08\/resumo2-620x895.jpg 620w\" sizes=\"(max-width: 720px) 100vw, 720px\" \/><\/a><\/p>\n<p><strong>1.<\/strong> <a href=\"https:\/\/www.2beauty.com.br\/blog\/2015\/08\/25\/boca-colorida-batom-balm-natura-aquarela-cora-boca-e-vermelho\/\" target=\"_blank\" rel=\"noopener noreferrer\">Post de amostrinhas dos Batons Balm da Natura Aquarela<\/a> que s\u00e3o \u00f3timos pra quem gosta de boca bem pintada e hidratada.<\/p>\n<p><strong>2.<\/strong><a href=\"https:\/\/www.2beauty.com.br\/blog\/2015\/08\/25\/hoteis-e-apartamentos-em-lisboa\/\" target=\"_blank\" rel=\"noopener noreferrer\">Post com toda info sobre onde fiquei hospedada em Lisboa<\/a>.<\/p>\n<p><strong>3.<\/strong><a href=\"https:\/\/www.2beauty.com.br\/blog\/2015\/08\/18\/video-minhas-impressoes-de-portugal-lisboa-e-cascais\/\" target=\"_blank\" rel=\"noopener noreferrer\">V\u00eddeo sobre minhas impress\u00f5es de Portugal<\/a>.<\/p>\n<p><strong>4.<\/strong><a href=\"https:\/\/www.2beauty.com.br\/blog\/2015\/08\/19\/resenha-pigmentos-vult\/\" target=\"_blank\" rel=\"noopener noreferrer\">Resenha dos pigmentos da Vult<\/a> que s\u00e3o lindos e tem \u00f3timo custo x benef\u00edcio.<\/p>\n<p><strong>5.<\/strong> <a href=\"https:\/\/www.2beauty.com.br\/blog\/2015\/08\/24\/video-recebidos-acumulados-julho-e-agosto-2015\/\" target=\"_blank\" rel=\"noopener noreferrer\">O v\u00eddeo mais longo de recebidos e acumulados da hist\u00f3ria do blog!<\/a><\/p>\n","protected":false},"excerpt":{"rendered":"<p>1. Post de amostrinhas dos Batons Balm da Natura Aquarela que s\u00e3o \u00f3timos pra quem gosta de boca bem pintada e hidratada. 2.Post com toda info sobre onde fiquei hospedada em Lisboa. 3.V\u00eddeo sobre minhas impress\u00f5es de Portugal. 4.Resenha dos pigmentos da Vult que s\u00e3o lindos e tem \u00f3timo custo x benef\u00edcio. 5. O v\u00eddeo mais longo de recebidos e acumulados da hist\u00f3ria do blog!<\/p>\n","protected":false},"author":1,"featured_media":67449,"comment_status":"open","ping_status":"open","sticky":false,"template":"","format":"standard","meta":{"_uag_custom_page_level_css":"","footnotes":""},"categories":[1],"tags":[2981],"class_list":["post-67444","post","type-post","status-publish","format-standard","has-post-thumbnail","hentry","category-geral","tag-resumos-2"],"uagb_featured_image_src":{"full":["https:\/\/www.2beauty.com.br\/blog\/wp-content\/uploads\/2015\/08\/resumo1.jpg",720,1040,false],"thumbnail":["https:\/\/www.2beauty.com.br\/blog\/wp-content\/uploads\/2015\/08\/resumo1-300x250.jpg",300,250,true],"medium":["https:\/\/www.2beauty.com.br\/blog\/wp-content\/uploads\/2015\/08\/resumo1-301x435.jpg",301,435,true],"medium_large":["https:\/\/www.2beauty.com.br\/blog\/wp-content\/uploads\/2015\/08\/resumo1.jpg",720,1040,false],"large":["https:\/\/www.2beauty.com.br\/blog\/wp-content\/uploads\/2015\/08\/resumo1-620x896.jpg",620,896,true],"1536x1536":["https:\/\/www.2beauty.com.br\/blog\/wp-content\/uploads\/2015\/08\/resumo1.jpg",720,1040,false],"2048x2048":["https:\/\/www.2beauty.com.br\/blog\/wp-content\/uploads\/2015\/08\/resumo1.jpg",720,1040,false],"ashe-slider-grid-thumbnail":["https:\/\/www.2beauty.com.br\/blog\/wp-content\/uploads\/2015\/08\/resumo1.jpg",374,540,false],"ashe-full-thumbnail":["https:\/\/www.2beauty.com.br\/blog\/wp-content\/uploads\/2015\/08\/resumo1.jpg",720,1040,false],"ashe-grid-thumbnail":["https:\/\/www.2beauty.com.br\/blog\/wp-content\/uploads\/2015\/08\/resumo1.jpg",228,330,false],"ashe-list-thumbnail":["https:\/\/www.2beauty.com.br\/blog\/wp-content\/uploads\/2015\/08\/resumo1.jpg",208,300,false],"ashe-single-navigation":["https:\/\/www.2beauty.com.br\/blog\/wp-content\/uploads\/2015\/08\/resumo1.jpg",52,75,false]},"uagb_author_info":{"display_name":"Marina Smith","author_link":"https:\/\/www.2beauty.com.br\/blog\/author\/marinasmith\/"},"uagb_comment_info":2,"uagb_excerpt":"1. Post de amostrinhas dos Batons Balm da Natura Aquarela que s\u00e3o \u00f3timos pra quem gosta de boca bem pintada e hidratada. 2.Post com toda info sobre onde fiquei hospedada em Lisboa. 3.V\u00eddeo sobre minhas impress\u00f5es de Portugal. 4.Resenha dos pigmentos da Vult que s\u00e3o lindos e tem \u00f3timo custo x benef\u00edcio. 5. O v\u00eddeo&hellip;","acf":[],"_links":{"self":[{"href":"https:\/\/www.2beauty.com.br\/blog\/wp-json\/wp\/v2\/posts\/67444","targetHints":{"allow":["GET"]}}],"collection":[{"href":"https:\/\/www.2beauty.com.br\/blog\/wp-json\/wp\/v2\/posts"}],"about":[{"href":"https:\/\/www.2beauty.com.br\/blog\/wp-json\/wp\/v2\/types\/post"}],"author":[{"embeddable":true,"href":"https:\/\/www.2beauty.com.br\/blog\/wp-json\/wp\/v2\/users\/1"}],"replies":[{"embeddable":true,"href":"https:\/\/www.2beauty.com.br\/blog\/wp-json\/wp\/v2\/comments?post=67444"}],"version-history":[{"count":0,"href":"https:\/\/www.2beauty.com.br\/blog\/wp-json\/wp\/v2\/posts\/67444\/revisions"}],"wp:featuredmedia":[{"embeddable":true,"href":"https:\/\/www.2beauty.com.br\/blog\/wp-json\/wp\/v2\/media\/67449"}],"wp:attachment":[{"href":"https:\/\/www.2beauty.com.br\/blog\/wp-json\/wp\/v2\/media?parent=67444"}],"wp:term":[{"taxonomy":"category","embeddable":true,"href":"https:\/\/www.2beauty.com.br\/blog\/wp-json\/wp\/v2\/categories?post=67444"},{"taxonomy":"post_tag","embeddable":true,"href":"https:\/\/www.2beauty.com.br\/blog\/wp-json\/wp\/v2\/tags?post=67444"}],"curies":[{"name":"wp","href":"https:\/\/api.w.org\/{rel}","templated":true}]}}