{"id":67284,"date":"2015-08-25T14:00:45","date_gmt":"2015-08-25T16:00:45","guid":{"rendered":"https:\/\/www.2beauty.com.br\/blog\/?p=67284"},"modified":"2019-02-15T16:10:31","modified_gmt":"2019-02-15T18:10:31","slug":"hoteis-e-apartamentos-em-lisboa","status":"publish","type":"post","link":"https:\/\/www.2beauty.com.br\/blog\/2015\/08\/hoteis-e-apartamentos-em-lisboa\/","title":{"rendered":"Hotel e apartamentos em Lisboa e Oeiras"},"content":{"rendered":"<p>Adorei todos os lugares em que fiquei hospedada nas f\u00e9rias, ent\u00e3o aqui vai um post com <strong>mais informa\u00e7\u00e3o<\/strong> sobre cada um deles. Se voc\u00ea estiver com viagem marcada a <strong>Portugal<\/strong>, acho que vale a pena conferir!<\/p>\n<p style=\"text-align: center\"><strong><a href=\"https:\/\/www.2beauty.com.br\/blog\/wp-content\/uploads\/2015\/08\/hotel1.jpg\"><img fetchpriority=\"high\" decoding=\"async\" class=\"size-full wp-image-67285 aligncenter\" src=\"https:\/\/www.2beauty.com.br\/blog\/wp-content\/uploads\/2015\/08\/hotel1.jpg\" alt=\"hotel1\" width=\"720\" height=\"470\" srcset=\"https:\/\/www.2beauty.com.br\/blog\/wp-content\/uploads\/2015\/08\/hotel1.jpg 720w, https:\/\/www.2beauty.com.br\/blog\/wp-content\/uploads\/2015\/08\/hotel1-580x379.jpg 580w, https:\/\/www.2beauty.com.br\/blog\/wp-content\/uploads\/2015\/08\/hotel1-620x405.jpg 620w\" sizes=\"(max-width: 720px) 100vw, 720px\" \/><\/a><\/strong><\/p>\n<figure id=\"attachment_67286\" aria-describedby=\"caption-attachment-67286\" style=\"width: 720px\" class=\"wp-caption aligncenter\"><a href=\"https:\/\/www.2beauty.com.br\/blog\/wp-content\/uploads\/2015\/08\/hotel2.jpg\"><img decoding=\"async\" class=\"wp-image-67286 size-full\" src=\"https:\/\/www.2beauty.com.br\/blog\/wp-content\/uploads\/2015\/08\/hotel2.jpg\" alt=\"hotel2\" width=\"720\" height=\"470\" srcset=\"https:\/\/www.2beauty.com.br\/blog\/wp-content\/uploads\/2015\/08\/hotel2.jpg 720w, https:\/\/www.2beauty.com.br\/blog\/wp-content\/uploads\/2015\/08\/hotel2-580x378.jpg 580w, https:\/\/www.2beauty.com.br\/blog\/wp-content\/uploads\/2015\/08\/hotel2-620x404.jpg 620w\" sizes=\"(max-width: 720px) 100vw, 720px\" \/><\/a><figcaption id=\"caption-attachment-67286\" class=\"wp-caption-text\">Apartamento pr\u00f3ximo \u00e0 Santa Apol\u00f3nia, Lisboa (fotos via Airbnb)<\/figcaption><\/figure>\n<p>O primeiro apartamento da viagem foi locado <a href=\"https:\/\/www.airbnb.com.br\/\" target=\"_blank\" rel=\"noopener noreferrer\">via Airbnb<\/a>. Eu j\u00e1 escrevi um post sobre esse servi\u00e7o de loca\u00e7\u00e3o e j\u00e1 fiz um v\u00eddeo falando sobre ele. Pra ler o post, <a href=\"https:\/\/www.2beauty.com.br\/blog\/2015\/04\/22\/nao-e-make-mas-e-demais-airbnb-com\/\" target=\"_blank\" rel=\"noopener noreferrer\">clica aqui<\/a>. Pra ver o v\u00eddeo, <a href=\"https:\/\/www.2beauty.com.br\/blog\/2015\/07\/22\/video-viajando-com-milhas-alugando-apartamento-no-exterior-e-mais\/\" target=\"_blank\" rel=\"noopener noreferrer\">clica aqui<\/a>.<\/p>\n<p>O ap \u00e9 pequeno, mas todo estiloso e <strong>confort\u00e1vel para duas pessoas<\/strong>. A cozinha tem o suficiente para fazer uma massa em casa ou outros pratos mais simples, o chuveiro \u00e9 digno e a cama \u00e9 confort\u00e1vel.<\/p>\n<p>Fora o pre\u00e7o bacana (um pouco menos de R$200 reais por dia na alta temporada), <strong>a localiza\u00e7\u00e3o \u00e9 \u00f3tima<\/strong>!<\/p>\n<blockquote><p>O apartamento fica pr\u00f3ximo \u00e0 regi\u00e3o de Alfama, em frente \u00e0 esta\u00e7\u00e3o de Santa Apol\u00f3nia. Essa esta\u00e7\u00e3o \u00e9 o final da linha da azul do metr\u00f4 de Lisboa, o que facilitou muito o deslocamento durante as f\u00e9rias.<\/p><\/blockquote>\n<p>A gente n\u00e3o precisava caminhar mais do que 1 minuto para ir ou voltar da esta\u00e7\u00e3o e, a partir dela, era f\u00e1cil e r\u00e1pido de chegar em v\u00e1rios pontos importantes da cidade. Outro aspecto positivo \u00e9 que dentro da esta\u00e7\u00e3o tem um supermercado pequeno, onde voc\u00ea pode comprar o b\u00e1sico para um caf\u00e9 da manh\u00e3 ou jantar.<\/p>\n<p><strong>Se voc\u00ea encontrar esse apartamento ao navegar pelo Airbnb, se joga!<\/strong><\/p>\n<p style=\"text-align: center\"><strong><a href=\"https:\/\/www.2beauty.com.br\/blog\/wp-content\/uploads\/2015\/08\/hotel3.jpg\"><img decoding=\"async\" class=\"size-full wp-image-67287 aligncenter\" src=\"https:\/\/www.2beauty.com.br\/blog\/wp-content\/uploads\/2015\/08\/hotel3.jpg\" alt=\"hotel3\" width=\"720\" height=\"470\" srcset=\"https:\/\/www.2beauty.com.br\/blog\/wp-content\/uploads\/2015\/08\/hotel3.jpg 720w, https:\/\/www.2beauty.com.br\/blog\/wp-content\/uploads\/2015\/08\/hotel3-580x378.jpg 580w, https:\/\/www.2beauty.com.br\/blog\/wp-content\/uploads\/2015\/08\/hotel3-620x404.jpg 620w\" sizes=\"(max-width: 720px) 100vw, 720px\" \/><\/a><\/strong><\/p>\n<figure id=\"attachment_67288\" aria-describedby=\"caption-attachment-67288\" style=\"width: 720px\" class=\"wp-caption aligncenter\"><a href=\"https:\/\/www.2beauty.com.br\/blog\/wp-content\/uploads\/2015\/08\/hotel4.jpg\"><img loading=\"lazy\" decoding=\"async\" class=\"wp-image-67288 size-full\" src=\"https:\/\/www.2beauty.com.br\/blog\/wp-content\/uploads\/2015\/08\/hotel4.jpg\" alt=\"hotel4\" width=\"720\" height=\"470\" srcset=\"https:\/\/www.2beauty.com.br\/blog\/wp-content\/uploads\/2015\/08\/hotel4.jpg 720w, https:\/\/www.2beauty.com.br\/blog\/wp-content\/uploads\/2015\/08\/hotel4-580x378.jpg 580w, https:\/\/www.2beauty.com.br\/blog\/wp-content\/uploads\/2015\/08\/hotel4-620x404.jpg 620w\" sizes=\"(max-width: 720px) 100vw, 720px\" \/><\/a><figcaption id=\"caption-attachment-67288\" class=\"wp-caption-text\">Apartamento pr\u00f3ximo \u00e0 Praia do Forte, Oeiras (fotos via Airbnb)<\/figcaption><\/figure>\n<p>O segundo apartamento em Portugal fica em <strong>Oeiras<\/strong>, meio do caminho entre Lisboa e Cascais, e tamb\u00e9m foi locado <a href=\"https:\/\/www.airbnb.com.br\/\" target=\"_blank\" rel=\"noopener noreferrer\">via Airbnb<\/a>.<\/p>\n<p>O mais legal dele \u00e9 que foi reformado h\u00e1 pouco tempo, ent\u00e3o a cozinha, o banheiro e o quarto s\u00e3o super novinhos. Ele tem uma sacadinha gostosa e o ponto tamb\u00e9m \u00e9 muito bom, porque atravessando a avenida, <strong>voc\u00ea j\u00e1 est\u00e1 na Praia do Forte<\/strong>.<\/p>\n<p>Fora isso, atr\u00e1s do pr\u00e9dio tem um mini centro comercial com supermercado, padaria, farm\u00e1cia e at\u00e9 sal\u00e3o de beleza. Tamb\u00e9m tem um ponto de \u00f4nibus pr\u00f3ximo, de onde \u00e9 poss\u00edvel chegar \u00e0 esta\u00e7\u00e3o do trem para voltar a Lisboa ou visitar Cascais.<\/p>\n<p>A dona do im\u00f3vel \u00e9 uma FOFA (deu v\u00e1rias dicas sobre a regi\u00e3o) e o pre\u00e7o do aluguel foi muito bom! Cerca de R$160 reais por dia.<\/p>\n<p style=\"text-align: center\"><strong><a href=\"https:\/\/www.2beauty.com.br\/blog\/wp-content\/uploads\/2015\/08\/hotel5.jpg\"><img loading=\"lazy\" decoding=\"async\" class=\"size-full wp-image-67289 aligncenter\" src=\"https:\/\/www.2beauty.com.br\/blog\/wp-content\/uploads\/2015\/08\/hotel5.jpg\" alt=\"hotel5\" width=\"720\" height=\"470\" srcset=\"https:\/\/www.2beauty.com.br\/blog\/wp-content\/uploads\/2015\/08\/hotel5.jpg 720w, https:\/\/www.2beauty.com.br\/blog\/wp-content\/uploads\/2015\/08\/hotel5-580x378.jpg 580w, https:\/\/www.2beauty.com.br\/blog\/wp-content\/uploads\/2015\/08\/hotel5-620x404.jpg 620w\" sizes=\"(max-width: 720px) 100vw, 720px\" \/><\/a><\/strong><\/p>\n<p style=\"text-align: center\"><strong><a href=\"https:\/\/www.2beauty.com.br\/blog\/wp-content\/uploads\/2015\/08\/hotel6.jpg\"><img loading=\"lazy\" decoding=\"async\" class=\"size-full wp-image-67290 aligncenter\" src=\"https:\/\/www.2beauty.com.br\/blog\/wp-content\/uploads\/2015\/08\/hotel6.jpg\" alt=\"hotel6\" width=\"720\" height=\"470\" srcset=\"https:\/\/www.2beauty.com.br\/blog\/wp-content\/uploads\/2015\/08\/hotel6.jpg 720w, https:\/\/www.2beauty.com.br\/blog\/wp-content\/uploads\/2015\/08\/hotel6-580x378.jpg 580w, https:\/\/www.2beauty.com.br\/blog\/wp-content\/uploads\/2015\/08\/hotel6-620x404.jpg 620w\" sizes=\"(max-width: 720px) 100vw, 720px\" \/><\/a><\/strong><\/p>\n<figure id=\"attachment_67291\" aria-describedby=\"caption-attachment-67291\" style=\"width: 720px\" class=\"wp-caption aligncenter\"><a href=\"https:\/\/www.2beauty.com.br\/blog\/wp-content\/uploads\/2015\/08\/hotel7.jpg\"><img loading=\"lazy\" decoding=\"async\" class=\"wp-image-67291 size-full\" src=\"https:\/\/www.2beauty.com.br\/blog\/wp-content\/uploads\/2015\/08\/hotel7.jpg\" alt=\"hotel7\" width=\"720\" height=\"470\" srcset=\"https:\/\/www.2beauty.com.br\/blog\/wp-content\/uploads\/2015\/08\/hotel7.jpg 720w, https:\/\/www.2beauty.com.br\/blog\/wp-content\/uploads\/2015\/08\/hotel7-580x378.jpg 580w, https:\/\/www.2beauty.com.br\/blog\/wp-content\/uploads\/2015\/08\/hotel7-620x404.jpg 620w\" sizes=\"(max-width: 720px) 100vw, 720px\" \/><\/a><figcaption id=\"caption-attachment-67291\" class=\"wp-caption-text\">Hostel House of S\u00e3o Bento na regi\u00e3o de Estrela, Lisboa (fotos via site HSB)<\/figcaption><\/figure>\n<p>Ao voltarmos de Oeiras para Lisboa, ficamos num hostel, j\u00e1 que era o final do roteiro por Portugal e \u00e9 dif\u00edcil locar apartamento por apenas uma noite.<\/p>\n<p>Escolhi o <a href=\"https:\/\/www.housesaobento.pt\/\" target=\"_blank\" rel=\"noopener noreferrer\">House of S\u00e3o Bento<\/a>, <strong>porque \u00e9 uma gracinha&#8230;<\/strong><\/p>\n<p>Os quartos s\u00e3o super bem decorados, a cozinha comunit\u00e1ria \u00e9 toda linda e a <strong>sacada grande<\/strong> e cheia de mesinhas \u00e9 MA-RA para bater papo e tomar um bom vinho.<\/p>\n<blockquote><p>Como \u00e9 um hostel, boa parte dos quartos tem banheiro compartilhado, mas eu consegui reservar um dos poucos que tem banheiro privativo, porque n\u00e9&#8230; Adoro essa coisa de fazer novas amizades nas f\u00e9rias, mas dividir banheiro \u00e9 complicado.<\/p><\/blockquote>\n<p>Ele fica localizado em Estrela e para chegar l\u00e1 tem que subir uma bela de uma ladeira, mas vale a pena! A regi\u00e3o tem alguns mercadinhos onde voc\u00ea pode comprar o b\u00e1sico para um lanche: <strong>frutas, biscoitos, p\u00e3es, \u00e1gua e vinho.<\/strong><\/p>\n<p>Numa caminhada de 15 minutos ladeira abaixo, voc\u00ea est\u00e1 na esta\u00e7\u00e3o Cais do Sodr\u00e9 e no Mercado da Ribeira. Pra quem n\u00e3o quer bater muita perna, em frente ao hostel tem parada de \u00f4nibus.<\/p>\n<p>O pre\u00e7o da di\u00e1ria do quarto com banheiro privativo foi de $56 euros.<\/p>\n","protected":false},"excerpt":{"rendered":"<p>Adorei todos os lugares em que fiquei hospedada nas f\u00e9rias, ent\u00e3o aqui vai um post com mais informa\u00e7\u00e3o sobre cada um deles. Se voc\u00ea estiver com viagem marcada a Portugal, acho que vale a pena conferir! O primeiro apartamento da viagem foi locado via Airbnb. Eu j\u00e1 escrevi um post sobre esse servi\u00e7o de loca\u00e7\u00e3o e j\u00e1 fiz um v\u00eddeo falando sobre ele. Pra ler o post, clica aqui. Pra ver o v\u00eddeo, clica aqui. O ap \u00e9 pequeno, mas todo estiloso e confort\u00e1vel para duas pessoas. A cozinha tem o suficiente para fazer uma massa em casa ou outros pratos mais simples, o chuveiro \u00e9 digno e a cama \u00e9 confort\u00e1vel. Fora o pre\u00e7o bacana (um pouco menos de R$200 reais por dia na alta temporada), a localiza\u00e7\u00e3o \u00e9 \u00f3tima! O apartamento fica pr\u00f3ximo \u00e0 regi\u00e3o de Alfama, em frente \u00e0 esta\u00e7\u00e3o de Santa Apol\u00f3nia. Essa esta\u00e7\u00e3o \u00e9 o final da linha da azul do metr\u00f4 de Lisboa, o que facilitou muito o deslocamento durante as f\u00e9rias. A gente n\u00e3o precisava caminhar mais do que 1 minuto para ir ou voltar da esta\u00e7\u00e3o e, a partir dela, era f\u00e1cil e r\u00e1pido de chegar em v\u00e1rios pontos importantes da cidade. Outro aspecto positivo \u00e9 que dentro da esta\u00e7\u00e3o tem um supermercado pequeno, onde voc\u00ea pode comprar o b\u00e1sico para um caf\u00e9 da manh\u00e3 ou jantar. Se voc\u00ea encontrar esse apartamento ao navegar pelo Airbnb, se joga! O segundo apartamento em Portugal fica em Oeiras, meio do caminho entre Lisboa e Cascais, e tamb\u00e9m foi locado via Airbnb. O mais legal dele \u00e9 que foi reformado h\u00e1 pouco tempo, ent\u00e3o a cozinha, o banheiro e o quarto s\u00e3o super novinhos. Ele tem uma sacadinha gostosa e o ponto tamb\u00e9m \u00e9 muito bom, porque atravessando a avenida, voc\u00ea j\u00e1 est\u00e1 na Praia do Forte. Fora isso, atr\u00e1s do pr\u00e9dio tem um mini centro comercial com supermercado, padaria, farm\u00e1cia e at\u00e9 sal\u00e3o de beleza. Tamb\u00e9m tem um ponto de \u00f4nibus pr\u00f3ximo, de onde \u00e9 poss\u00edvel chegar \u00e0 esta\u00e7\u00e3o do trem para voltar a Lisboa ou visitar Cascais. A dona do im\u00f3vel \u00e9 uma FOFA (deu v\u00e1rias dicas sobre a regi\u00e3o) e o pre\u00e7o do aluguel foi muito bom! Cerca de R$160 reais por dia. Ao voltarmos de Oeiras para Lisboa, ficamos num hostel, j\u00e1 que era o final do roteiro por Portugal e \u00e9 dif\u00edcil locar apartamento por apenas uma noite. Escolhi o House of S\u00e3o Bento, porque \u00e9 uma gracinha&#8230; Os quartos s\u00e3o super bem decorados, a cozinha comunit\u00e1ria \u00e9 toda linda e a sacada grande e cheia de mesinhas \u00e9 MA-RA para bater papo e tomar um bom vinho. Como \u00e9 um hostel, boa parte dos quartos tem banheiro compartilhado, mas eu consegui reservar um dos poucos que tem banheiro privativo, porque n\u00e9&#8230; Adoro essa coisa de fazer novas amizades nas f\u00e9rias, mas dividir banheiro \u00e9 complicado. Ele fica localizado em Estrela e para chegar l\u00e1 tem que subir uma bela de uma ladeira, mas vale a pena! A regi\u00e3o tem alguns mercadinhos onde voc\u00ea pode comprar o b\u00e1sico para um lanche: frutas, biscoitos, p\u00e3es, \u00e1gua e vinho. Numa caminhada de 15 minutos ladeira abaixo, voc\u00ea est\u00e1 na esta\u00e7\u00e3o Cais do Sodr\u00e9 e no Mercado da Ribeira. Pra quem n\u00e3o quer bater muita perna, em frente ao hostel tem parada de \u00f4nibus. O pre\u00e7o da di\u00e1ria do quarto com banheiro privativo foi de $56 euros.<\/p>\n","protected":false},"author":1,"featured_media":67285,"comment_status":"open","ping_status":"open","sticky":false,"template":"","format":"standard","meta":{"_uag_custom_page_level_css":"","footnotes":""},"categories":[1],"tags":[4090],"class_list":["post-67284","post","type-post","status-publish","format-standard","has-post-thumbnail","hentry","category-geral","tag-dicas"],"uagb_featured_image_src":{"full":["https:\/\/www.2beauty.com.br\/blog\/wp-content\/uploads\/2015\/08\/hotel1.jpg",720,470,false],"thumbnail":["https:\/\/www.2beauty.com.br\/blog\/wp-content\/uploads\/2015\/08\/hotel1-300x250.jpg",300,250,true],"medium":["https:\/\/www.2beauty.com.br\/blog\/wp-content\/uploads\/2015\/08\/hotel1-580x379.jpg",580,379,true],"medium_large":["https:\/\/www.2beauty.com.br\/blog\/wp-content\/uploads\/2015\/08\/hotel1.jpg",720,470,false],"large":["https:\/\/www.2beauty.com.br\/blog\/wp-content\/uploads\/2015\/08\/hotel1-620x405.jpg",620,405,true],"1536x1536":["https:\/\/www.2beauty.com.br\/blog\/wp-content\/uploads\/2015\/08\/hotel1.jpg",720,470,false],"2048x2048":["https:\/\/www.2beauty.com.br\/blog\/wp-content\/uploads\/2015\/08\/hotel1.jpg",720,470,false],"ashe-slider-grid-thumbnail":["https:\/\/www.2beauty.com.br\/blog\/wp-content\/uploads\/2015\/08\/hotel1.jpg",720,470,false],"ashe-full-thumbnail":["https:\/\/www.2beauty.com.br\/blog\/wp-content\/uploads\/2015\/08\/hotel1.jpg",720,470,false],"ashe-grid-thumbnail":["https:\/\/www.2beauty.com.br\/blog\/wp-content\/uploads\/2015\/08\/hotel1.jpg",500,326,false],"ashe-list-thumbnail":["https:\/\/www.2beauty.com.br\/blog\/wp-content\/uploads\/2015\/08\/hotel1.jpg",300,196,false],"ashe-single-navigation":["https:\/\/www.2beauty.com.br\/blog\/wp-content\/uploads\/2015\/08\/hotel1.jpg",75,49,false]},"uagb_author_info":{"display_name":"Marina Smith","author_link":"https:\/\/www.2beauty.com.br\/blog\/author\/marinasmith\/"},"uagb_comment_info":26,"uagb_excerpt":"Adorei todos os lugares em que fiquei hospedada nas f\u00e9rias, ent\u00e3o aqui vai um post com mais informa\u00e7\u00e3o sobre cada um deles. Se voc\u00ea estiver com viagem marcada a Portugal, acho que vale a pena conferir! O primeiro apartamento da viagem foi locado via Airbnb. Eu j\u00e1 escrevi um post sobre esse servi\u00e7o de loca\u00e7\u00e3o&hellip;","acf":[],"_links":{"self":[{"href":"https:\/\/www.2beauty.com.br\/blog\/wp-json\/wp\/v2\/posts\/67284","targetHints":{"allow":["GET"]}}],"collection":[{"href":"https:\/\/www.2beauty.com.br\/blog\/wp-json\/wp\/v2\/posts"}],"about":[{"href":"https:\/\/www.2beauty.com.br\/blog\/wp-json\/wp\/v2\/types\/post"}],"author":[{"embeddable":true,"href":"https:\/\/www.2beauty.com.br\/blog\/wp-json\/wp\/v2\/users\/1"}],"replies":[{"embeddable":true,"href":"https:\/\/www.2beauty.com.br\/blog\/wp-json\/wp\/v2\/comments?post=67284"}],"version-history":[{"count":0,"href":"https:\/\/www.2beauty.com.br\/blog\/wp-json\/wp\/v2\/posts\/67284\/revisions"}],"wp:featuredmedia":[{"embeddable":true,"href":"https:\/\/www.2beauty.com.br\/blog\/wp-json\/wp\/v2\/media\/67285"}],"wp:attachment":[{"href":"https:\/\/www.2beauty.com.br\/blog\/wp-json\/wp\/v2\/media?parent=67284"}],"wp:term":[{"taxonomy":"category","embeddable":true,"href":"https:\/\/www.2beauty.com.br\/blog\/wp-json\/wp\/v2\/categories?post=67284"},{"taxonomy":"post_tag","embeddable":true,"href":"https:\/\/www.2beauty.com.br\/blog\/wp-json\/wp\/v2\/tags?post=67284"}],"curies":[{"name":"wp","href":"https:\/\/api.w.org\/{rel}","templated":true}]}}