{"id":6603,"date":"2009-08-25T18:48:25","date_gmt":"2009-08-25T20:48:25","guid":{"rendered":"https:\/\/www.2beauty.com.br\/blog\/?p=6603"},"modified":"2019-02-15T16:13:26","modified_gmt":"2019-02-15T18:13:26","slug":"resenha-avon-uplifting-mascara","status":"publish","type":"post","link":"https:\/\/www.2beauty.com.br\/blog\/2009\/08\/resenha-avon-uplifting-mascara\/","title":{"rendered":"Resenha: Avon Uplifting Mascara"},"content":{"rendered":"<p style=\"text-align: center;\"><a href=\"https:\/\/www.2beauty.com.br\/blog\/wp-content\/uploads\/2009\/08\/avon4.jpg\"><strong><img fetchpriority=\"high\" decoding=\"async\" class=\"alignnone size-full wp-image-6607\" title=\"avon4\" src=\"https:\/\/www.2beauty.com.br\/blog\/wp-content\/uploads\/2009\/08\/avon4.jpg\" alt=\"\" width=\"375\" height=\"500\" \/><\/strong><\/a><\/p>\n<p style=\"text-align: center;\"><img decoding=\"async\" style=\"width: 30px; height: 30px;\" title=\"Star\" src=\"https:\/\/www.2beauty.com.br\/blog\/images\/star.gif\" border=\"0\" alt=\"Star\" width=\"30\" height=\"30\" align=\"top\" \/><img decoding=\"async\" style=\"width: 30px; height: 30px;\" title=\"Star\" src=\"https:\/\/www.2beauty.com.br\/blog\/images\/star.gif\" border=\"0\" alt=\"Star\" width=\"30\" height=\"30\" align=\"top\" \/><img decoding=\"async\" style=\"width: 30px; height: 30px;\" title=\"Star\" src=\"https:\/\/www.2beauty.com.br\/blog\/images\/star.gif\" border=\"0\" alt=\"Star\" width=\"30\" height=\"30\" align=\"top\" \/><img decoding=\"async\" style=\"width: 30px; height: 30px;\" title=\"Star\" src=\"https:\/\/www.2beauty.com.br\/blog\/images\/star2.gif\" border=\"0\" alt=\"Star\" width=\"30\" height=\"30\" align=\"top\" \/><img decoding=\"async\" style=\"width: 30px; height: 30px;\" title=\"Star\" src=\"https:\/\/www.2beauty.com.br\/blog\/images\/star2.gif\" border=\"0\" alt=\"Star\" width=\"30\" height=\"30\" align=\"top\" \/><\/p>\n<p style=\"text-align: center;\"><strong>Nota: 3 estrelinhas<\/strong><\/p>\n<p>O r\u00edmel Avon Uplifting possui\u00a0escovinha male\u00e1vel\u00a0e \u00e9 cheio de fibras que\u00a0(diz a propaganda)\u00a0d\u00e3o volume e alongam os c\u00edlios.<\/p>\n<p>Parecia \u00f3timo no folheto da &#8220;Av\u00e3o&#8221;, mas n\u00e3o gostei.<\/p>\n<p>Se n\u00e3o fosse t\u00e3o barateeenho, levaria s\u00f3 duas estrelas na avalia\u00e7\u00e3o.<\/p>\n<p style=\"text-align: center;\"><a href=\"https:\/\/www.2beauty.com.br\/blog\/wp-content\/uploads\/2009\/08\/avon6.jpg\"><strong><img loading=\"lazy\" decoding=\"async\" class=\"alignnone size-full wp-image-6608\" title=\"avon6\" src=\"https:\/\/www.2beauty.com.br\/blog\/wp-content\/uploads\/2009\/08\/avon6.jpg\" alt=\"\" width=\"500\" height=\"375\" \/><\/strong><\/a><\/p>\n<p style=\"text-align: center;\"><strong>Escovinha male\u00e1vel<\/strong><\/p>\n<p>A escovinha male\u00e1vel \u00e9 bem bacana e curva at\u00e9 45 graus. S\u00f3 achei engra\u00e7ado a Avon ter feito um grande alarde sobre isso, porque eu tenho outros produtos que fazem o mesmo.<\/p>\n<p>A\u00a0m\u00e1scara Telescopic, por exemplo, se pressionada,\u00a0tamb\u00e9m curva. N\u00e3o sei se s\u00e3o 45 graus, mas curva, e uma por\u00e7\u00e3o de outros tipos de r\u00edmel fazem o mesmo.<\/p>\n<p>Mas voltando \u00e0 escovinha&#8230;<\/p>\n<p>As cerdas s\u00e3o de borracha ou <span style=\"text-decoration: line-through;\">cilicone (ai!)<\/span>\u00a0silicone fino e este formato \u00e9 bem bacana para alongar e, ao mesmo tempo,\u00a0evitar que os c\u00edlios\u00a0fiquem grudados.\u00a0<\/p>\n<p style=\"text-align: center;\"><a href=\"https:\/\/www.2beauty.com.br\/blog\/wp-content\/uploads\/2009\/08\/avon1.jpg\"><strong><img loading=\"lazy\" decoding=\"async\" class=\"alignnone size-full wp-image-6604\" title=\"avon1\" src=\"https:\/\/www.2beauty.com.br\/blog\/wp-content\/uploads\/2009\/08\/avon1.jpg\" alt=\"\" width=\"300\" height=\"250\" \/><\/strong><\/a><strong>\u00a0<\/strong><a href=\"https:\/\/www.2beauty.com.br\/blog\/wp-content\/uploads\/2009\/08\/avon2.jpg\"><strong><img loading=\"lazy\" decoding=\"async\" class=\"alignnone size-full wp-image-6605\" title=\"avon2\" src=\"https:\/\/www.2beauty.com.br\/blog\/wp-content\/uploads\/2009\/08\/avon2.jpg\" alt=\"\" width=\"300\" height=\"250\" \/><\/strong><\/a><\/p>\n<p style=\"text-align: center;\"><strong>Antes e depois<\/strong><\/p>\n<p>Quando abri o r\u00edmel pela primeira vez, achei bem &#8220;peculiar&#8221;\u00a0os pelinhos no aplicador e na borda do tubinho. Estes pelinhos s\u00e3o as tais das fibras\u00a0para dar volume, mas oi?!, n\u00e3o funcionam&#8230;<\/p>\n<p>Okay, ele alonga, mas n\u00e3o h\u00e1 jeito de engrossar as pestanas.<\/p>\n<p>Fora isso,\u00a0o r\u00edmel \u00e9 super &#8220;fino\/l\u00edquido&#8221;\u00a0e\u00a0borra TUDO.<\/p>\n<p>Tive de passar\u00a0SEIS camadas\u00a0para que o efeito ficasse ok e, n\u00e3o sei se estou mal acostumada, mas\u00a0seis \u00e9 um pouco demais, n\u00e3o?<\/p>\n<p>Engra\u00e7ado como a Avon tem algumas m\u00e1scaras \u00f3timas, como\u00a0a <a href=\"https:\/\/www.2beauty.com.br\/blog\/2008\/09\/12\/resenha-beautifull-avon\/\" target=\"_blank\">BeautiFULL<\/a> e\u00a0a <a href=\"https:\/\/www.2beauty.com.br\/blog\/2009\/07\/03\/avon-super-shock-x-givenchy-phenomeneyes\/\" target=\"_blank\">Super Shock<\/a>, e outras t\u00e3o porcaria, tipo a Uplifting\u00a0e a <a href=\"https:\/\/www.2beauty.com.br\/blog\/2009\/07\/09\/rimel-avon-astonishing-lengths\/\" target=\"_blank\">Astonishing Lengths<\/a>.<\/p>\n<p style=\"text-align: center;\"><a href=\"https:\/\/www.2beauty.com.br\/blog\/wp-content\/uploads\/2009\/08\/avon3.jpg\"><strong><img loading=\"lazy\" decoding=\"async\" class=\"alignnone size-full wp-image-6606\" title=\"avon3\" src=\"https:\/\/www.2beauty.com.br\/blog\/wp-content\/uploads\/2009\/08\/avon3.jpg\" alt=\"\" width=\"500\" height=\"150\" \/><\/strong><\/a><\/p>\n<p style=\"text-align: center;\"><strong>Compara\u00e7\u00e3o lado a lado<\/strong><\/p>\n<p style=\"text-align: center;\"><a href=\"https:\/\/www.2beauty.com.br\/blog\/wp-content\/uploads\/2009\/08\/avon7.jpg\"><strong><img loading=\"lazy\" decoding=\"async\" class=\"alignnone size-full wp-image-6610\" title=\"avon7\" src=\"https:\/\/www.2beauty.com.br\/blog\/wp-content\/uploads\/2009\/08\/avon7.jpg\" alt=\"\" width=\"500\" height=\"150\" \/><\/strong><\/a><\/p>\n<p style=\"text-align: center;\"><strong>C\u00edlios com\u00a05 camadas de Avon Uplifting<\/strong><\/p>\n<p><a href=\"https:\/\/www.2beauty.com.br\/blog\/wp-content\/uploads\/2009\/08\/corretivo61.jpg\"><\/a><\/p>\n","protected":false},"excerpt":{"rendered":"<p>Nota: 3 estrelinhas O r\u00edmel Avon Uplifting possui\u00a0escovinha male\u00e1vel\u00a0e \u00e9 cheio de fibras que\u00a0(diz a propaganda)\u00a0d\u00e3o volume e alongam os c\u00edlios. Parecia \u00f3timo no folheto da &#8220;Av\u00e3o&#8221;, mas n\u00e3o gostei. Se n\u00e3o fosse t\u00e3o barateeenho, levaria s\u00f3 duas estrelas na avalia\u00e7\u00e3o. Escovinha male\u00e1vel A escovinha male\u00e1vel \u00e9 bem bacana e curva at\u00e9 45 graus. S\u00f3 achei engra\u00e7ado a Avon ter feito um grande alarde sobre isso, porque eu tenho outros produtos que fazem o mesmo. A\u00a0m\u00e1scara Telescopic, por exemplo, se pressionada,\u00a0tamb\u00e9m curva. N\u00e3o sei se s\u00e3o 45 graus, mas curva, e uma por\u00e7\u00e3o de outros tipos de r\u00edmel fazem o mesmo. Mas voltando \u00e0 escovinha&#8230; As cerdas s\u00e3o de borracha ou cilicone (ai!)\u00a0silicone fino e este formato \u00e9 bem bacana para alongar e, ao mesmo tempo,\u00a0evitar que os c\u00edlios\u00a0fiquem grudados.\u00a0 \u00a0 Antes e depois Quando abri o r\u00edmel pela primeira vez, achei bem &#8220;peculiar&#8221;\u00a0os pelinhos no aplicador e na borda do tubinho. Estes pelinhos s\u00e3o as tais das fibras\u00a0para dar volume, mas oi?!, n\u00e3o funcionam&#8230; Okay, ele alonga, mas n\u00e3o h\u00e1 jeito de engrossar as pestanas. Fora isso,\u00a0o r\u00edmel \u00e9 super &#8220;fino\/l\u00edquido&#8221;\u00a0e\u00a0borra TUDO. Tive de passar\u00a0SEIS camadas\u00a0para que o efeito ficasse ok e, n\u00e3o sei se estou mal acostumada, mas\u00a0seis \u00e9 um pouco demais, n\u00e3o? Engra\u00e7ado como a Avon tem algumas m\u00e1scaras \u00f3timas, como\u00a0a BeautiFULL e\u00a0a Super Shock, e outras t\u00e3o porcaria, tipo a Uplifting\u00a0e a Astonishing Lengths. Compara\u00e7\u00e3o lado a lado C\u00edlios com\u00a05 camadas de Avon Uplifting<\/p>\n","protected":false},"author":1,"featured_media":0,"comment_status":"open","ping_status":"open","sticky":false,"template":"","format":"standard","meta":{"_uag_custom_page_level_css":"","footnotes":""},"categories":[84],"tags":[273,405,345,4125,1014],"class_list":["post-6603","post","type-post","status-publish","format-standard","hentry","category-maquiagem","tag-avon","tag-mascara-para-cilios","tag-resenha","tag-rimel","tag-uplifting"],"uagb_featured_image_src":{"full":false,"thumbnail":false,"medium":false,"medium_large":false,"large":false,"1536x1536":false,"2048x2048":false,"ashe-slider-grid-thumbnail":false,"ashe-full-thumbnail":false,"ashe-grid-thumbnail":false,"ashe-list-thumbnail":false,"ashe-single-navigation":false},"uagb_author_info":{"display_name":"Marina Smith","author_link":"https:\/\/www.2beauty.com.br\/blog\/author\/marinasmith\/"},"uagb_comment_info":100,"uagb_excerpt":"Nota: 3 estrelinhas O r\u00edmel Avon Uplifting possui\u00a0escovinha male\u00e1vel\u00a0e \u00e9 cheio de fibras que\u00a0(diz a propaganda)\u00a0d\u00e3o volume e alongam os c\u00edlios. Parecia \u00f3timo no folheto da &#8220;Av\u00e3o&#8221;, mas n\u00e3o gostei. Se n\u00e3o fosse t\u00e3o barateeenho, levaria s\u00f3 duas estrelas na avalia\u00e7\u00e3o. Escovinha male\u00e1vel A escovinha male\u00e1vel \u00e9 bem bacana e curva at\u00e9 45 graus. S\u00f3&hellip;","acf":[],"_links":{"self":[{"href":"https:\/\/www.2beauty.com.br\/blog\/wp-json\/wp\/v2\/posts\/6603","targetHints":{"allow":["GET"]}}],"collection":[{"href":"https:\/\/www.2beauty.com.br\/blog\/wp-json\/wp\/v2\/posts"}],"about":[{"href":"https:\/\/www.2beauty.com.br\/blog\/wp-json\/wp\/v2\/types\/post"}],"author":[{"embeddable":true,"href":"https:\/\/www.2beauty.com.br\/blog\/wp-json\/wp\/v2\/users\/1"}],"replies":[{"embeddable":true,"href":"https:\/\/www.2beauty.com.br\/blog\/wp-json\/wp\/v2\/comments?post=6603"}],"version-history":[{"count":0,"href":"https:\/\/www.2beauty.com.br\/blog\/wp-json\/wp\/v2\/posts\/6603\/revisions"}],"wp:attachment":[{"href":"https:\/\/www.2beauty.com.br\/blog\/wp-json\/wp\/v2\/media?parent=6603"}],"wp:term":[{"taxonomy":"category","embeddable":true,"href":"https:\/\/www.2beauty.com.br\/blog\/wp-json\/wp\/v2\/categories?post=6603"},{"taxonomy":"post_tag","embeddable":true,"href":"https:\/\/www.2beauty.com.br\/blog\/wp-json\/wp\/v2\/tags?post=6603"}],"curies":[{"name":"wp","href":"https:\/\/api.w.org\/{rel}","templated":true}]}}