{"id":65583,"date":"2015-06-18T10:00:59","date_gmt":"2015-06-18T12:00:59","guid":{"rendered":"https:\/\/www.2beauty.com.br\/blog\/?p=65583"},"modified":"2019-02-15T16:10:36","modified_gmt":"2019-02-15T18:10:36","slug":"resenha-po-compacto-protetor-solar-fps-50-yes-cosmetics","status":"publish","type":"post","link":"https:\/\/www.2beauty.com.br\/blog\/2015\/06\/resenha-po-compacto-protetor-solar-fps-50-yes-cosmetics\/","title":{"rendered":"Resenha: P\u00f3 Compacto Protetor Solar FPS 50 Yes! Cosmetics"},"content":{"rendered":"<p><a href=\"https:\/\/www.2beauty.com.br\/blog\/wp-content\/uploads\/2015\/06\/yes1.jpg\"><img fetchpriority=\"high\" decoding=\"async\" class=\"size-full wp-image-65584 aligncenter\" src=\"https:\/\/www.2beauty.com.br\/blog\/wp-content\/uploads\/2015\/06\/yes1.jpg\" alt=\"yes1\" width=\"720\" height=\"470\" srcset=\"https:\/\/www.2beauty.com.br\/blog\/wp-content\/uploads\/2015\/06\/yes1.jpg 720w, https:\/\/www.2beauty.com.br\/blog\/wp-content\/uploads\/2015\/06\/yes1-580x379.jpg 580w, https:\/\/www.2beauty.com.br\/blog\/wp-content\/uploads\/2015\/06\/yes1-620x405.jpg 620w\" sizes=\"(max-width: 720px) 100vw, 720px\" \/><\/a><\/p>\n<p style=\"text-align: center\"><img decoding=\"async\" style=\"width: 30px;height: 30px\" title=\"Star\" src=\"https:\/\/www.2beauty.com.br\/blog\/images\/star.gif\" alt=\"Star\" width=\"30\" height=\"30\" align=\"top\" border=\"0\" \/><img decoding=\"async\" style=\"width: 30px;height: 30px\" title=\"Star\" src=\"https:\/\/www.2beauty.com.br\/blog\/images\/star.gif\" alt=\"Star\" width=\"30\" height=\"30\" align=\"top\" border=\"0\" \/><img decoding=\"async\" style=\"width: 30px;height: 30px\" title=\"Star\" src=\"https:\/\/www.2beauty.com.br\/blog\/images\/star.gif\" alt=\"Star\" width=\"30\" height=\"30\" align=\"top\" border=\"0\" \/><img decoding=\"async\" style=\"width: 30px;height: 30px\" title=\"Star\" src=\"https:\/\/www.2beauty.com.br\/blog\/images\/star3.gif\" alt=\"Star\" width=\"30\" height=\"30\" align=\"top\" border=\"0\" \/><img loading=\"lazy\" decoding=\"async\" style=\"width: 30px;height: 30px\" title=\"Star\" src=\"https:\/\/www.2beauty.com.br\/blog\/images\/star2.gif\" alt=\"Star\" width=\"30\" height=\"30\" align=\"top\" border=\"0\" \/><\/p>\n<p style=\"text-align: center\"><strong>3,6 estrelinhas<\/strong><\/p>\n<p>N\u00e3o sei se vai render t\u00e3o bem no ver\u00e3o, mas estou gostando muito de usar este p\u00f3 da Yes! nas \u00faltimas semanas.<\/p>\n<p><strong>A descri\u00e7\u00e3o diz o seguinte:<\/strong><\/p>\n<blockquote><p>O P\u00f3 Compacto Protetor Solar FPS 50 proporciona acabamento perfeito e oferece alta prote\u00e7\u00e3o contra os efeitos nocivos do sol. Com f\u00f3rmula hidratante enriquecida com Vitamina E, deixa na pele um toque suave e aveludado.<\/p>\n<p>Com o aux\u00edlio de esponja ou pincel, aplique sobre o rosto e o pesco\u00e7o de forma homog\u00eanea. Aplique abundantemente antes da exposi\u00e7\u00e3o ao sol. Reaplicar sempre, ap\u00f3s sudorese intensa, nadar ou banhar-se, secar-se com toalha e durante a exposi\u00e7\u00e3o ao sol. Oferece alta prote\u00e7\u00e3o para peles muito sens\u00edveis \u00e0 queimadura solar.<\/p><\/blockquote>\n<p><a href=\"https:\/\/www.yescosmetics.com.br\/index.php\/maquiagem\/pele\/po-compacto\/po-compacto-protetor-solar-fps-50-bege-medio-183-10g.html\" target=\"_blank\">O p\u00f3 custa R$55 reais<\/a> e pode ser adquirido nas lojas e quiosques Yes! Cosmetics ou no site oficial da marca.<\/p>\n<p style=\"text-align: center\"><strong><a href=\"https:\/\/www.2beauty.com.br\/blog\/wp-content\/uploads\/2015\/06\/yes2.jpg\"><img loading=\"lazy\" decoding=\"async\" class=\"alignnone size-full wp-image-65585\" src=\"https:\/\/www.2beauty.com.br\/blog\/wp-content\/uploads\/2015\/06\/yes2.jpg\" alt=\"yes2\" width=\"720\" height=\"932\" srcset=\"https:\/\/www.2beauty.com.br\/blog\/wp-content\/uploads\/2015\/06\/yes2.jpg 720w, https:\/\/www.2beauty.com.br\/blog\/wp-content\/uploads\/2015\/06\/yes2-336x435.jpg 336w, https:\/\/www.2beauty.com.br\/blog\/wp-content\/uploads\/2015\/06\/yes2-620x802.jpg 620w\" sizes=\"(max-width: 720px) 100vw, 720px\" \/><\/a><\/strong><\/p>\n<p style=\"text-align: center\"><strong><a href=\"https:\/\/www.2beauty.com.br\/blog\/wp-content\/uploads\/2015\/06\/yes3.jpg\"><img loading=\"lazy\" decoding=\"async\" class=\"alignnone size-full wp-image-65586\" src=\"https:\/\/www.2beauty.com.br\/blog\/wp-content\/uploads\/2015\/06\/yes3.jpg\" alt=\"yes3\" width=\"720\" height=\"470\" srcset=\"https:\/\/www.2beauty.com.br\/blog\/wp-content\/uploads\/2015\/06\/yes3.jpg 720w, https:\/\/www.2beauty.com.br\/blog\/wp-content\/uploads\/2015\/06\/yes3-580x378.jpg 580w, https:\/\/www.2beauty.com.br\/blog\/wp-content\/uploads\/2015\/06\/yes3-620x404.jpg 620w\" sizes=\"(max-width: 720px) 100vw, 720px\" \/><\/a><\/strong><\/p>\n<p style=\"text-align: center\"><strong>Embalagem<\/strong><\/p>\n<p>A identidade visual \u00e9 super parecida com a de uma linha da Shiseido que tem proposta similar. E ok, fora a c\u00f3pia descarada das cores, achei a apresenta\u00e7\u00e3o fofinha.<\/p>\n<p>O estojo amarelo vem com espelho, compartimento separado para esponja e uma esponja fininha. Esse compartimento \u00e9 bacana, porque evita contamina\u00e7\u00e3o do p\u00f3 com oleosidade\/sujeira do rosto que passa pra esponja.<\/p>\n<blockquote><p>A linha tem quatro tons dispon\u00edveis no momento: transl\u00facido, bege claro, bege m\u00e9dio e bege escuro.<\/p><\/blockquote>\n<p>Recebi via assessoria a cor bege m\u00e9dio pra testar.<\/p>\n<p style=\"text-align: center\"><strong><a href=\"https:\/\/www.2beauty.com.br\/blog\/wp-content\/uploads\/2015\/06\/yes4.jpg\"><img loading=\"lazy\" decoding=\"async\" class=\"alignnone size-full wp-image-65587\" src=\"https:\/\/www.2beauty.com.br\/blog\/wp-content\/uploads\/2015\/06\/yes4.jpg\" alt=\"yes4\" width=\"720\" height=\"470\" srcset=\"https:\/\/www.2beauty.com.br\/blog\/wp-content\/uploads\/2015\/06\/yes4.jpg 720w, https:\/\/www.2beauty.com.br\/blog\/wp-content\/uploads\/2015\/06\/yes4-580x378.jpg 580w, https:\/\/www.2beauty.com.br\/blog\/wp-content\/uploads\/2015\/06\/yes4-620x404.jpg 620w\" sizes=\"(max-width: 720px) 100vw, 720px\" \/><\/a><\/strong><\/p>\n<p style=\"text-align: center\"><strong><a href=\"https:\/\/www.2beauty.com.br\/blog\/wp-content\/uploads\/2015\/06\/yes5.jpg\"><img loading=\"lazy\" decoding=\"async\" class=\"alignnone size-full wp-image-65588\" src=\"https:\/\/www.2beauty.com.br\/blog\/wp-content\/uploads\/2015\/06\/yes5.jpg\" alt=\"yes5\" width=\"720\" height=\"470\" srcset=\"https:\/\/www.2beauty.com.br\/blog\/wp-content\/uploads\/2015\/06\/yes5.jpg 720w, https:\/\/www.2beauty.com.br\/blog\/wp-content\/uploads\/2015\/06\/yes5-580x378.jpg 580w, https:\/\/www.2beauty.com.br\/blog\/wp-content\/uploads\/2015\/06\/yes5-620x404.jpg 620w\" sizes=\"(max-width: 720px) 100vw, 720px\" \/><\/a><\/strong><\/p>\n<p style=\"text-align: center\"><strong>Ingredientes<\/strong><\/p>\n<blockquote><p>O p\u00f3 \u00e9 um tanto esfarelento (passo o meu pincel kabuki no estojo e voa p\u00f3 pra todo lado), mas a textura do produto \u00e9 fina e a sensa\u00e7\u00e3o na pele n\u00e3o \u00e9 pesada.<\/p><\/blockquote>\n<p>O FPS alto da f\u00f3rmula combinado \u00e0 textura fina \u00e9 bacana, porque o p\u00f3 pode ser usado para dar uma retocada no protetor solar, caso voc\u00ea n\u00e3o queira remover toda a maquiagem para aplicar uma nova camada de filtro.<\/p>\n<p>Seu acabamento \u00e9 um sequinho natural, estilo MAC Mineralize Skinfinish, e a cobertura n\u00e3o \u00e9 das mais altas.<\/p>\n<p>Diria que \u00e9 de leve \u00e0 m\u00e9dia, j\u00e1 que o p\u00f3 d\u00e1 um tapa no aspecto geral do rosto, mas n\u00e3o faz nem c\u00f3cegas nas minhas olheiras.<\/p>\n<p>Pro meu gosto\/necessidades, n\u00e3o d\u00e1 pra usar sozinho, mas funciona super bem com a ajuda de um bom corretivo.<\/p>\n<p>Tamb\u00e9m \u00e9 legal para matificar e dar mais cobertura a BB Creams e afins.<\/p>\n<p>Eu tenho combinado o p\u00f3 com o Creamy Concealer da Bobbi Brown ou o corretivo Better Skin da Maybelline para o dia a dia e o resultado \u00e9 super satisfat\u00f3rio.<\/p>\n<p style=\"text-align: center\"><strong><a href=\"https:\/\/www.2beauty.com.br\/blog\/wp-content\/uploads\/2015\/06\/yes6.jpg\"><img loading=\"lazy\" decoding=\"async\" class=\"alignnone size-full wp-image-65589\" src=\"https:\/\/www.2beauty.com.br\/blog\/wp-content\/uploads\/2015\/06\/yes6.jpg\" alt=\"yes6\" width=\"720\" height=\"932\" srcset=\"https:\/\/www.2beauty.com.br\/blog\/wp-content\/uploads\/2015\/06\/yes6.jpg 720w, https:\/\/www.2beauty.com.br\/blog\/wp-content\/uploads\/2015\/06\/yes6-336x435.jpg 336w, https:\/\/www.2beauty.com.br\/blog\/wp-content\/uploads\/2015\/06\/yes6-620x802.jpg 620w\" sizes=\"(max-width: 720px) 100vw, 720px\" \/><\/a><\/strong><\/p>\n<p style=\"text-align: center\"><strong>Antes e depois (somente com o p\u00f3)<\/strong><\/p>\n<p style=\"text-align: center\"><strong><a href=\"https:\/\/www.2beauty.com.br\/blog\/wp-content\/uploads\/2015\/06\/yes7.jpg\"><img loading=\"lazy\" decoding=\"async\" class=\"alignnone size-full wp-image-65590\" src=\"https:\/\/www.2beauty.com.br\/blog\/wp-content\/uploads\/2015\/06\/yes7.jpg\" alt=\"yes7\" width=\"720\" height=\"470\" srcset=\"https:\/\/www.2beauty.com.br\/blog\/wp-content\/uploads\/2015\/06\/yes7.jpg 720w, https:\/\/www.2beauty.com.br\/blog\/wp-content\/uploads\/2015\/06\/yes7-580x378.jpg 580w, https:\/\/www.2beauty.com.br\/blog\/wp-content\/uploads\/2015\/06\/yes7-620x404.jpg 620w\" sizes=\"(max-width: 720px) 100vw, 720px\" \/><\/a><\/strong><\/p>\n<p style=\"text-align: center\"><strong>Make pronta com p\u00f3, corretivo, batom, etc.<\/strong><\/p>\n<p>Como eu comentei l\u00e1 no in\u00edcio do post, n\u00e3o sei o que vou achar do p\u00f3 nos dias quentes de ver\u00e3o, mas agora, t\u00f4 achando muito bom.<\/p>\n<p>O aspecto bonitinho e sem brilho excessivo dura o dia inteiro na minha pele mista.<\/p>\n<p>E como eu vivo esquecendo de passar filtro solar, o combo de p\u00f3 + FPS 50 n\u00e3o \u00e9 o ideal para prote\u00e7\u00e3o, mas \u00e9 uma m\u00e3o na roda.<\/p>\n<p><strong>Resumindo:<\/strong><\/p>\n<blockquote><p>Ainda falta passar pelo teste de resist\u00eancia durante o ver\u00e3o, mas tem sido uma alternativa mais acess\u00edvel ao Mineralize Skinfinish Natural da MAC que costumo usar no dia a dia.<\/p>\n<p>Pra ser melhor, s\u00f3 se a cobertura fosse um pouco mais alta. De resto, gostei! O p\u00f3 n\u00e3o pesa, o pre\u00e7o \u00e9 bom e o FPS \u00e9 alto.<\/p><\/blockquote>\n<div id=\"resenha\">\n<p><span class=\"titresenha\">Detalhes da nota:<\/span><\/p>\n<div class=\"notas\">Textura\/Aplica\u00e7\u00e3o: 4\/5<br \/>\nCobertura\/Pigmenta\u00e7\u00e3o: 3\/5<br \/>\nFixa\u00e7\u00e3o: 4\/5<br \/>\nPre\u00e7o: 4\/5<br \/>\nApresenta\u00e7\u00e3o: 3\/5<br \/>\nRela\u00e7\u00e3o Realidade x Descri\u00e7\u00e3o Oficial: 4\/5<br \/>\n<span class=\"media\">M\u00e9dia: 3,6<br \/>\n<\/span><\/div>\n<p>Para visualizar a lista completa de crit\u00e9rios e notas, <a href=\"https:\/\/www.2beauty.com.br\/blog\/images\/avaliacao.gif\" target=\"_blank\">clique aqui<\/a>.<\/p>\n<\/div>\n","protected":false},"excerpt":{"rendered":"<p>3,6 estrelinhas N\u00e3o sei se vai render t\u00e3o bem no ver\u00e3o, mas estou gostando muito de usar este p\u00f3 da Yes! nas \u00faltimas semanas. A descri\u00e7\u00e3o diz o seguinte: O P\u00f3 Compacto Protetor Solar FPS 50 proporciona acabamento perfeito e oferece alta prote\u00e7\u00e3o contra os efeitos nocivos do sol. Com f\u00f3rmula hidratante enriquecida com Vitamina E, deixa na pele um toque suave e aveludado. Com o aux\u00edlio de esponja ou pincel, aplique sobre o rosto e o pesco\u00e7o de forma homog\u00eanea. Aplique abundantemente antes da exposi\u00e7\u00e3o ao sol. Reaplicar sempre, ap\u00f3s sudorese intensa, nadar ou banhar-se, secar-se com toalha e durante a exposi\u00e7\u00e3o ao sol. Oferece alta prote\u00e7\u00e3o para peles muito sens\u00edveis \u00e0 queimadura solar. O p\u00f3 custa R$55 reais e pode ser adquirido nas lojas e quiosques Yes! Cosmetics ou no site oficial da marca. Embalagem A identidade visual \u00e9 super parecida com a de uma linha da Shiseido que tem proposta similar. E ok, fora a c\u00f3pia descarada das cores, achei a apresenta\u00e7\u00e3o fofinha. O estojo amarelo vem com espelho, compartimento separado para esponja e uma esponja fininha. Esse compartimento \u00e9 bacana, porque evita contamina\u00e7\u00e3o do p\u00f3 com oleosidade\/sujeira do rosto que passa pra esponja. A linha tem quatro tons dispon\u00edveis no momento: transl\u00facido, bege claro, bege m\u00e9dio e bege escuro. Recebi via assessoria a cor bege m\u00e9dio pra testar. Ingredientes O p\u00f3 \u00e9 um tanto esfarelento (passo o meu pincel kabuki no estojo e voa p\u00f3 pra todo lado), mas a textura do produto \u00e9 fina e a sensa\u00e7\u00e3o na pele n\u00e3o \u00e9 pesada. O FPS alto da f\u00f3rmula combinado \u00e0 textura fina \u00e9 bacana, porque o p\u00f3 pode ser usado para dar uma retocada no protetor solar, caso voc\u00ea n\u00e3o queira remover toda a maquiagem para aplicar uma nova camada de filtro. Seu acabamento \u00e9 um sequinho natural, estilo MAC Mineralize Skinfinish, e a cobertura n\u00e3o \u00e9 das mais altas. Diria que \u00e9 de leve \u00e0 m\u00e9dia, j\u00e1 que o p\u00f3 d\u00e1 um tapa no aspecto geral do rosto, mas n\u00e3o faz nem c\u00f3cegas nas minhas olheiras. Pro meu gosto\/necessidades, n\u00e3o d\u00e1 pra usar sozinho, mas funciona super bem com a ajuda de um bom corretivo. Tamb\u00e9m \u00e9 legal para matificar e dar mais cobertura a BB Creams e afins. Eu tenho combinado o p\u00f3 com o Creamy Concealer da Bobbi Brown ou o corretivo Better Skin da Maybelline para o dia a dia e o resultado \u00e9 super satisfat\u00f3rio. Antes e depois (somente com o p\u00f3) Make pronta com p\u00f3, corretivo, batom, etc. Como eu comentei l\u00e1 no in\u00edcio do post, n\u00e3o sei o que vou achar do p\u00f3 nos dias quentes de ver\u00e3o, mas agora, t\u00f4 achando muito bom. O aspecto bonitinho e sem brilho excessivo dura o dia inteiro na minha pele mista. E como eu vivo esquecendo de passar filtro solar, o combo de p\u00f3 + FPS 50 n\u00e3o \u00e9 o ideal para prote\u00e7\u00e3o, mas \u00e9 uma m\u00e3o na roda. Resumindo: Ainda falta passar pelo teste de resist\u00eancia durante o ver\u00e3o, mas tem sido uma alternativa mais acess\u00edvel ao Mineralize Skinfinish Natural da MAC que costumo usar no dia a dia. Pra ser melhor, s\u00f3 se a cobertura fosse um pouco mais alta. De resto, gostei! O p\u00f3 n\u00e3o pesa, o pre\u00e7o \u00e9 bom e o FPS \u00e9 alto. Detalhes da nota: Textura\/Aplica\u00e7\u00e3o: 4\/5 Cobertura\/Pigmenta\u00e7\u00e3o: 3\/5 Fixa\u00e7\u00e3o: 4\/5 Pre\u00e7o: 4\/5 Apresenta\u00e7\u00e3o: 3\/5 Rela\u00e7\u00e3o Realidade x Descri\u00e7\u00e3o Oficial: 4\/5 M\u00e9dia: 3,6 Para visualizar a lista completa de crit\u00e9rios e notas, clique aqui.<\/p>\n","protected":false},"author":1,"featured_media":65584,"comment_status":"open","ping_status":"open","sticky":false,"template":"","format":"standard","meta":{"_uag_custom_page_level_css":"","footnotes":""},"categories":[84],"tags":[4088,4123,4128,607],"class_list":["post-65583","post","type-post","status-publish","format-standard","has-post-thumbnail","hentry","category-maquiagem","tag-maquiagem","tag-po","tag-resenhas","tag-yes-cosmetics"],"uagb_featured_image_src":{"full":["https:\/\/www.2beauty.com.br\/blog\/wp-content\/uploads\/2015\/06\/yes1.jpg",720,470,false],"thumbnail":["https:\/\/www.2beauty.com.br\/blog\/wp-content\/uploads\/2015\/06\/yes1-300x250.jpg",300,250,true],"medium":["https:\/\/www.2beauty.com.br\/blog\/wp-content\/uploads\/2015\/06\/yes1-580x379.jpg",580,379,true],"medium_large":["https:\/\/www.2beauty.com.br\/blog\/wp-content\/uploads\/2015\/06\/yes1.jpg",720,470,false],"large":["https:\/\/www.2beauty.com.br\/blog\/wp-content\/uploads\/2015\/06\/yes1-620x405.jpg",620,405,true],"1536x1536":["https:\/\/www.2beauty.com.br\/blog\/wp-content\/uploads\/2015\/06\/yes1.jpg",720,470,false],"2048x2048":["https:\/\/www.2beauty.com.br\/blog\/wp-content\/uploads\/2015\/06\/yes1.jpg",720,470,false],"ashe-slider-grid-thumbnail":["https:\/\/www.2beauty.com.br\/blog\/wp-content\/uploads\/2015\/06\/yes1.jpg",720,470,false],"ashe-full-thumbnail":["https:\/\/www.2beauty.com.br\/blog\/wp-content\/uploads\/2015\/06\/yes1.jpg",720,470,false],"ashe-grid-thumbnail":["https:\/\/www.2beauty.com.br\/blog\/wp-content\/uploads\/2015\/06\/yes1.jpg",500,326,false],"ashe-list-thumbnail":["https:\/\/www.2beauty.com.br\/blog\/wp-content\/uploads\/2015\/06\/yes1.jpg",300,196,false],"ashe-single-navigation":["https:\/\/www.2beauty.com.br\/blog\/wp-content\/uploads\/2015\/06\/yes1.jpg",75,49,false]},"uagb_author_info":{"display_name":"Marina Smith","author_link":"https:\/\/www.2beauty.com.br\/blog\/author\/marinasmith\/"},"uagb_comment_info":35,"uagb_excerpt":"3,6 estrelinhas N\u00e3o sei se vai render t\u00e3o bem no ver\u00e3o, mas estou gostando muito de usar este p\u00f3 da Yes! nas \u00faltimas semanas. A descri\u00e7\u00e3o diz o seguinte: O P\u00f3 Compacto Protetor Solar FPS 50 proporciona acabamento perfeito e oferece alta prote\u00e7\u00e3o contra os efeitos nocivos do sol. Com f\u00f3rmula hidratante enriquecida com Vitamina&hellip;","acf":[],"_links":{"self":[{"href":"https:\/\/www.2beauty.com.br\/blog\/wp-json\/wp\/v2\/posts\/65583","targetHints":{"allow":["GET"]}}],"collection":[{"href":"https:\/\/www.2beauty.com.br\/blog\/wp-json\/wp\/v2\/posts"}],"about":[{"href":"https:\/\/www.2beauty.com.br\/blog\/wp-json\/wp\/v2\/types\/post"}],"author":[{"embeddable":true,"href":"https:\/\/www.2beauty.com.br\/blog\/wp-json\/wp\/v2\/users\/1"}],"replies":[{"embeddable":true,"href":"https:\/\/www.2beauty.com.br\/blog\/wp-json\/wp\/v2\/comments?post=65583"}],"version-history":[{"count":0,"href":"https:\/\/www.2beauty.com.br\/blog\/wp-json\/wp\/v2\/posts\/65583\/revisions"}],"wp:featuredmedia":[{"embeddable":true,"href":"https:\/\/www.2beauty.com.br\/blog\/wp-json\/wp\/v2\/media\/65584"}],"wp:attachment":[{"href":"https:\/\/www.2beauty.com.br\/blog\/wp-json\/wp\/v2\/media?parent=65583"}],"wp:term":[{"taxonomy":"category","embeddable":true,"href":"https:\/\/www.2beauty.com.br\/blog\/wp-json\/wp\/v2\/categories?post=65583"},{"taxonomy":"post_tag","embeddable":true,"href":"https:\/\/www.2beauty.com.br\/blog\/wp-json\/wp\/v2\/tags?post=65583"}],"curies":[{"name":"wp","href":"https:\/\/api.w.org\/{rel}","templated":true}]}}