{"id":64376,"date":"2015-04-28T15:00:52","date_gmt":"2015-04-28T17:00:52","guid":{"rendered":"https:\/\/www.2beauty.com.br\/blog\/?p=64376"},"modified":"2019-02-15T16:10:40","modified_gmt":"2019-02-15T18:10:40","slug":"resenha-corretivo-maybelline-superstay-better-skin","status":"publish","type":"post","link":"https:\/\/www.2beauty.com.br\/blog\/2015\/04\/resenha-corretivo-maybelline-superstay-better-skin\/","title":{"rendered":"Resenha: Corretivo Maybelline SuperStay Better Skin"},"content":{"rendered":"<p><a href=\"https:\/\/www.2beauty.com.br\/blog\/wp-content\/uploads\/2015\/04\/corretivo1.jpg\"><img fetchpriority=\"high\" decoding=\"async\" class=\"size-full wp-image-64377 aligncenter\" src=\"https:\/\/www.2beauty.com.br\/blog\/wp-content\/uploads\/2015\/04\/corretivo1.jpg\" alt=\"corretivo1\" width=\"720\" height=\"932\" srcset=\"https:\/\/www.2beauty.com.br\/blog\/wp-content\/uploads\/2015\/04\/corretivo1.jpg 720w, https:\/\/www.2beauty.com.br\/blog\/wp-content\/uploads\/2015\/04\/corretivo1-620x803.jpg 620w, https:\/\/www.2beauty.com.br\/blog\/wp-content\/uploads\/2015\/04\/corretivo1-580x751.jpg 580w, https:\/\/www.2beauty.com.br\/blog\/wp-content\/uploads\/2015\/04\/corretivo1-336x435.jpg 336w\" sizes=\"(max-width: 720px) 100vw, 720px\" \/><\/a><\/p>\n<p style=\"text-align: center;\"><img decoding=\"async\" style=\"width: 30px; height: 30px;\" title=\"Star\" src=\"https:\/\/www.2beauty.com.br\/blog\/images\/star.gif\" alt=\"Star\" width=\"30\" height=\"30\" align=\"top\" border=\"0\" \/><img decoding=\"async\" style=\"width: 30px; height: 30px;\" title=\"Star\" src=\"https:\/\/www.2beauty.com.br\/blog\/images\/star.gif\" alt=\"Star\" width=\"30\" height=\"30\" align=\"top\" border=\"0\" \/><img decoding=\"async\" style=\"width: 30px; height: 30px;\" title=\"Star\" src=\"https:\/\/www.2beauty.com.br\/blog\/images\/star.gif\" alt=\"Star\" width=\"30\" height=\"30\" align=\"top\" border=\"0\" \/><img decoding=\"async\" style=\"width: 30px; height: 30px;\" title=\"Star\" src=\"https:\/\/www.2beauty.com.br\/blog\/images\/star.gif\" alt=\"Star\" width=\"30\" height=\"30\" align=\"top\" border=\"0\" \/><img decoding=\"async\" style=\"width: 30px; height: 30px;\" title=\"Star\" src=\"https:\/\/www.2beauty.com.br\/blog\/images\/star2.gif\" alt=\"Star\" width=\"30\" height=\"30\" align=\"top\" border=\"0\" \/><\/p>\n<p style=\"text-align: center;\"><strong>4,1 estrelinhas<\/strong><\/p>\n<p>Resumindo: ele \u00e9 tipo o primo baratinho do corretivo Pro Longwear da MAC.<\/p>\n<p>Acho que o produto da MAC d\u00e1 um pouco mais de cobertura, mas o acabamento e fixa\u00e7\u00e3o de ambos s\u00e3o muito parecidos.<\/p>\n<p><strong>A descri\u00e7\u00e3o do site brit\u00e2nico da Maybelline (que eu traduzi) diz o seguinte:<\/strong><\/p>\n<blockquote><p>Esta f\u00f3rmula leve \u00e9 n\u00e3o comedog\u00eanica e n\u00e3o cont\u00e9m perfume. Al\u00e9m disso, \u00e9 recomendada para pele sens\u00edvel e foi testada com controle dermatol\u00f3gico. Dura at\u00e9 24 horas e \u00e9 resistente \u00e0 transfer\u00eancia.<\/p>\n<p>Better Skin Concealer reduz a apar\u00eancia dos efeitos vis\u00edveis do stress, incluindo marcas e vermelhid\u00e3o. Ele iguala descolora\u00e7\u00f5es e ilumina \u00e1reas sem vi\u00e7o, dando um brilho saud\u00e1vel do dia \u00e0 noite.<\/p><\/blockquote>\n<p>Comprei o tubinho na cor #03 Medium por uns 8 ou 9 euros (mais ou menos) l\u00e1 em Berlim.<\/p>\n<p style=\"text-align: center;\"><strong><a href=\"https:\/\/www.2beauty.com.br\/blog\/wp-content\/uploads\/2015\/04\/corretivo2.jpg\"><img loading=\"lazy\" decoding=\"async\" class=\"alignnone size-full wp-image-64378\" src=\"https:\/\/www.2beauty.com.br\/blog\/wp-content\/uploads\/2015\/04\/corretivo2.jpg\" alt=\"corretivo2\" width=\"720\" height=\"470\" srcset=\"https:\/\/www.2beauty.com.br\/blog\/wp-content\/uploads\/2015\/04\/corretivo2.jpg 720w, https:\/\/www.2beauty.com.br\/blog\/wp-content\/uploads\/2015\/04\/corretivo2-580x378.jpg 580w, https:\/\/www.2beauty.com.br\/blog\/wp-content\/uploads\/2015\/04\/corretivo2-620x404.jpg 620w\" sizes=\"(max-width: 720px) 100vw, 720px\" \/><\/a><\/strong><\/p>\n<p style=\"text-align: center;\"><strong> <a href=\"https:\/\/www.2beauty.com.br\/blog\/wp-content\/uploads\/2015\/04\/corretivo3.jpg\"><img loading=\"lazy\" decoding=\"async\" class=\"alignnone size-full wp-image-64379\" src=\"https:\/\/www.2beauty.com.br\/blog\/wp-content\/uploads\/2015\/04\/corretivo3.jpg\" alt=\"corretivo3\" width=\"720\" height=\"470\" srcset=\"https:\/\/www.2beauty.com.br\/blog\/wp-content\/uploads\/2015\/04\/corretivo3.jpg 720w, https:\/\/www.2beauty.com.br\/blog\/wp-content\/uploads\/2015\/04\/corretivo3-580x378.jpg 580w, https:\/\/www.2beauty.com.br\/blog\/wp-content\/uploads\/2015\/04\/corretivo3-620x404.jpg 620w\" sizes=\"(max-width: 720px) 100vw, 720px\" \/><\/a><\/strong><\/p>\n<p style=\"text-align: center;\"><strong>Amostrinhas tom #03 Medium<\/strong><\/p>\n<p>J\u00e1 comentei v\u00e1rias vezes que perderam minha mala no meio da viagem e que ela foi perdida num domingo, quando nada abre na Alemanha.<\/p>\n<p>Pra piorar, era feriado na segunda-feira e, assim como no domingo, n\u00e3o tinha nada aberto.<\/p>\n<blockquote><p>Depois de muito pesquisar, achei um supermercado aberto e ok, as op\u00e7\u00f5es de maquiagem n\u00e3o eram incr\u00edveis, mas tinha Maybelline.<\/p><\/blockquote>\n<p>Acabei comprando esse corretivo, porque era o mais escuro da se\u00e7\u00e3o das maquiagens.<\/p>\n<p>Ele \u00e9 l\u00edquido e tem textura parecida \u00e0 do Pro Longwear da MAC.<\/p>\n<p>O acabamento tamb\u00e9m \u00e9 similar, j\u00e1 que os dois secam e ficam mais fosquinhos depois de aplicados.<\/p>\n<p>O tom #03 \u00e9 um pouco mais claro do que eu gostaria, mas quebrou MUITO o galho, especialmente pelo acabamento matte, j\u00e1 que eu n\u00e3o tinha p\u00f3 transl\u00facido para assentar o produto.<\/p>\n<p style=\"text-align: center;\"><strong><a href=\"https:\/\/www.2beauty.com.br\/blog\/wp-content\/uploads\/2015\/04\/corretivo4.jpg\"><img loading=\"lazy\" decoding=\"async\" class=\"alignnone size-full wp-image-64380\" src=\"https:\/\/www.2beauty.com.br\/blog\/wp-content\/uploads\/2015\/04\/corretivo4.jpg\" alt=\"corretivo4\" width=\"720\" height=\"932\" srcset=\"https:\/\/www.2beauty.com.br\/blog\/wp-content\/uploads\/2015\/04\/corretivo4.jpg 720w, https:\/\/www.2beauty.com.br\/blog\/wp-content\/uploads\/2015\/04\/corretivo4-336x435.jpg 336w, https:\/\/www.2beauty.com.br\/blog\/wp-content\/uploads\/2015\/04\/corretivo4-620x802.jpg 620w\" sizes=\"(max-width: 720px) 100vw, 720px\" \/><\/a><\/strong><\/p>\n<p style=\"text-align: center;\"><strong>Antes e depois (s\u00f3 com o corretivo)<\/strong><\/p>\n<p>Achei a cobertura muito digna! O produto da MAC cobre mais com menos produto, mas o Better Skin n\u00e3o fica muito atr\u00e1s&#8230;<\/p>\n<p>O que eu mais gostei nele foi que n\u00e3o acumulou nas minhas linhas e fixou super bem. Eu passava o dia na rua, batendo perna, e quando voltava pro hotel, as olheiras ainda estavam camufladas.<\/p>\n<p>S\u00f3 n\u00e3o recomendo pra quem tem pele seca, porque o acabamento dele pode resultar num aspecto craquelado.<\/p>\n<p><strong>Resumindo:<\/strong><\/p>\n<blockquote><p>Vai viajar e quer experimentar um corretivo que n\u00e3o seja caro? Procura por ele! A cobertura \u00e9 legal e a fixa\u00e7\u00e3o \u00e9 muito boa :)<\/p><\/blockquote>\n<p><span class=\"titresenha\">Detalhes da nota:<\/span><\/p>\n<div class=\"notas\">Textura\/Aplica\u00e7\u00e3o: 4\/5<br \/>\nCobertura\/Pigmenta\u00e7\u00e3o: 4\/5<br \/>\nFixa\u00e7\u00e3o: 5\/5<br \/>\nPre\u00e7o: 5\/5<br \/>\nApresenta\u00e7\u00e3o: 3\/5<br \/>\nRela\u00e7\u00e3o Realidade x Descri\u00e7\u00e3o Oficial: 4\/5<br \/>\n<span class=\"media\">M\u00e9dia: 4,1<br \/>\n<\/span><\/div>\n<p>Para visualizar a lista completa de crit\u00e9rios e notas, <a href=\"https:\/\/www.2beauty.com.br\/blog\/images\/avaliacao.gif\" target=\"_blank\">clique aqui<\/a>.<\/p>\n","protected":false},"excerpt":{"rendered":"<p>4,1 estrelinhas Resumindo: ele \u00e9 tipo o primo baratinho do corretivo Pro Longwear da MAC. Acho que o produto da MAC d\u00e1 um pouco mais de cobertura, mas o acabamento e fixa\u00e7\u00e3o de ambos s\u00e3o muito parecidos. A descri\u00e7\u00e3o do site brit\u00e2nico da Maybelline (que eu traduzi) diz o seguinte: Esta f\u00f3rmula leve \u00e9 n\u00e3o comedog\u00eanica e n\u00e3o cont\u00e9m perfume. Al\u00e9m disso, \u00e9 recomendada para pele sens\u00edvel e foi testada com controle dermatol\u00f3gico. Dura at\u00e9 24 horas e \u00e9 resistente \u00e0 transfer\u00eancia. Better Skin Concealer reduz a apar\u00eancia dos efeitos vis\u00edveis do stress, incluindo marcas e vermelhid\u00e3o. Ele iguala descolora\u00e7\u00f5es e ilumina \u00e1reas sem vi\u00e7o, dando um brilho saud\u00e1vel do dia \u00e0 noite. Comprei o tubinho na cor #03 Medium por uns 8 ou 9 euros (mais ou menos) l\u00e1 em Berlim. Amostrinhas tom #03 Medium J\u00e1 comentei v\u00e1rias vezes que perderam minha mala no meio da viagem e que ela foi perdida num domingo, quando nada abre na Alemanha. Pra piorar, era feriado na segunda-feira e, assim como no domingo, n\u00e3o tinha nada aberto. Depois de muito pesquisar, achei um supermercado aberto e ok, as op\u00e7\u00f5es de maquiagem n\u00e3o eram incr\u00edveis, mas tinha Maybelline. Acabei comprando esse corretivo, porque era o mais escuro da se\u00e7\u00e3o das maquiagens. Ele \u00e9 l\u00edquido e tem textura parecida \u00e0 do Pro Longwear da MAC. O acabamento tamb\u00e9m \u00e9 similar, j\u00e1 que os dois secam e ficam mais fosquinhos depois de aplicados. O tom #03 \u00e9 um pouco mais claro do que eu gostaria, mas quebrou MUITO o galho, especialmente pelo acabamento matte, j\u00e1 que eu n\u00e3o tinha p\u00f3 transl\u00facido para assentar o produto. Antes e depois (s\u00f3 com o corretivo) Achei a cobertura muito digna! O produto da MAC cobre mais com menos produto, mas o Better Skin n\u00e3o fica muito atr\u00e1s&#8230; O que eu mais gostei nele foi que n\u00e3o acumulou nas minhas linhas e fixou super bem. Eu passava o dia na rua, batendo perna, e quando voltava pro hotel, as olheiras ainda estavam camufladas. S\u00f3 n\u00e3o recomendo pra quem tem pele seca, porque o acabamento dele pode resultar num aspecto craquelado. Resumindo: Vai viajar e quer experimentar um corretivo que n\u00e3o seja caro? Procura por ele! A cobertura \u00e9 legal e a fixa\u00e7\u00e3o \u00e9 muito boa :) Detalhes da nota: Textura\/Aplica\u00e7\u00e3o: 4\/5 Cobertura\/Pigmenta\u00e7\u00e3o: 4\/5 Fixa\u00e7\u00e3o: 5\/5 Pre\u00e7o: 5\/5 Apresenta\u00e7\u00e3o: 3\/5 Rela\u00e7\u00e3o Realidade x Descri\u00e7\u00e3o Oficial: 4\/5 M\u00e9dia: 4,1 Para visualizar a lista completa de crit\u00e9rios e notas, clique aqui.<\/p>\n","protected":false},"author":1,"featured_media":64377,"comment_status":"open","ping_status":"open","sticky":false,"template":"","format":"standard","meta":{"_uag_custom_page_level_css":"","footnotes":""},"categories":[84],"tags":[4118,4088,300,4128],"class_list":["post-64376","post","type-post","status-publish","format-standard","has-post-thumbnail","hentry","category-maquiagem","tag-corretivo","tag-maquiagem","tag-maybelline","tag-resenhas"],"uagb_featured_image_src":{"full":["https:\/\/www.2beauty.com.br\/blog\/wp-content\/uploads\/2015\/04\/corretivo1.jpg",720,932,false],"thumbnail":["https:\/\/www.2beauty.com.br\/blog\/wp-content\/uploads\/2015\/04\/corretivo1-300x250.jpg",300,250,true],"medium":["https:\/\/www.2beauty.com.br\/blog\/wp-content\/uploads\/2015\/04\/corretivo1-336x435.jpg",336,435,true],"medium_large":["https:\/\/www.2beauty.com.br\/blog\/wp-content\/uploads\/2015\/04\/corretivo1.jpg",720,932,false],"large":["https:\/\/www.2beauty.com.br\/blog\/wp-content\/uploads\/2015\/04\/corretivo1-620x803.jpg",620,803,true],"1536x1536":["https:\/\/www.2beauty.com.br\/blog\/wp-content\/uploads\/2015\/04\/corretivo1.jpg",720,932,false],"2048x2048":["https:\/\/www.2beauty.com.br\/blog\/wp-content\/uploads\/2015\/04\/corretivo1.jpg",720,932,false],"ashe-slider-grid-thumbnail":["https:\/\/www.2beauty.com.br\/blog\/wp-content\/uploads\/2015\/04\/corretivo1.jpg",417,540,false],"ashe-full-thumbnail":["https:\/\/www.2beauty.com.br\/blog\/wp-content\/uploads\/2015\/04\/corretivo1.jpg",720,932,false],"ashe-grid-thumbnail":["https:\/\/www.2beauty.com.br\/blog\/wp-content\/uploads\/2015\/04\/corretivo1.jpg",255,330,false],"ashe-list-thumbnail":["https:\/\/www.2beauty.com.br\/blog\/wp-content\/uploads\/2015\/04\/corretivo1.jpg",232,300,false],"ashe-single-navigation":["https:\/\/www.2beauty.com.br\/blog\/wp-content\/uploads\/2015\/04\/corretivo1.jpg",58,75,false]},"uagb_author_info":{"display_name":"Marina Smith","author_link":"https:\/\/www.2beauty.com.br\/blog\/author\/marinasmith\/"},"uagb_comment_info":26,"uagb_excerpt":"4,1 estrelinhas Resumindo: ele \u00e9 tipo o primo baratinho do corretivo Pro Longwear da MAC. Acho que o produto da MAC d\u00e1 um pouco mais de cobertura, mas o acabamento e fixa\u00e7\u00e3o de ambos s\u00e3o muito parecidos. A descri\u00e7\u00e3o do site brit\u00e2nico da Maybelline (que eu traduzi) diz o seguinte: Esta f\u00f3rmula leve \u00e9 n\u00e3o&hellip;","acf":[],"_links":{"self":[{"href":"https:\/\/www.2beauty.com.br\/blog\/wp-json\/wp\/v2\/posts\/64376","targetHints":{"allow":["GET"]}}],"collection":[{"href":"https:\/\/www.2beauty.com.br\/blog\/wp-json\/wp\/v2\/posts"}],"about":[{"href":"https:\/\/www.2beauty.com.br\/blog\/wp-json\/wp\/v2\/types\/post"}],"author":[{"embeddable":true,"href":"https:\/\/www.2beauty.com.br\/blog\/wp-json\/wp\/v2\/users\/1"}],"replies":[{"embeddable":true,"href":"https:\/\/www.2beauty.com.br\/blog\/wp-json\/wp\/v2\/comments?post=64376"}],"version-history":[{"count":0,"href":"https:\/\/www.2beauty.com.br\/blog\/wp-json\/wp\/v2\/posts\/64376\/revisions"}],"wp:featuredmedia":[{"embeddable":true,"href":"https:\/\/www.2beauty.com.br\/blog\/wp-json\/wp\/v2\/media\/64377"}],"wp:attachment":[{"href":"https:\/\/www.2beauty.com.br\/blog\/wp-json\/wp\/v2\/media?parent=64376"}],"wp:term":[{"taxonomy":"category","embeddable":true,"href":"https:\/\/www.2beauty.com.br\/blog\/wp-json\/wp\/v2\/categories?post=64376"},{"taxonomy":"post_tag","embeddable":true,"href":"https:\/\/www.2beauty.com.br\/blog\/wp-json\/wp\/v2\/tags?post=64376"}],"curies":[{"name":"wp","href":"https:\/\/api.w.org\/{rel}","templated":true}]}}