{"id":63304,"date":"2015-03-10T10:00:20","date_gmt":"2015-03-10T12:00:20","guid":{"rendered":"https:\/\/www.2beauty.com.br\/blog\/?p=63304"},"modified":"2019-02-15T16:10:43","modified_gmt":"2019-02-15T18:10:43","slug":"perfume-granado-eau-de-toilette-carioca","status":"publish","type":"post","link":"https:\/\/www.2beauty.com.br\/blog\/2015\/03\/perfume-granado-eau-de-toilette-carioca\/","title":{"rendered":"Perfume: Granado Eau de Toilette Carioca"},"content":{"rendered":"<p style=\"text-align: center;\"><strong><a href=\"https:\/\/www.2beauty.com.br\/blog\/wp-content\/uploads\/2015\/03\/carioca.jpg\"><img fetchpriority=\"high\" decoding=\"async\" class=\"alignnone size-full wp-image-63305\" src=\"https:\/\/www.2beauty.com.br\/blog\/wp-content\/uploads\/2015\/03\/carioca.jpg\" alt=\"carioca\" width=\"720\" height=\"932\" srcset=\"https:\/\/www.2beauty.com.br\/blog\/wp-content\/uploads\/2015\/03\/carioca.jpg 720w, https:\/\/www.2beauty.com.br\/blog\/wp-content\/uploads\/2015\/03\/carioca-620x803.jpg 620w, https:\/\/www.2beauty.com.br\/blog\/wp-content\/uploads\/2015\/03\/carioca-580x751.jpg 580w, https:\/\/www.2beauty.com.br\/blog\/wp-content\/uploads\/2015\/03\/carioca-336x435.jpg 336w\" sizes=\"(max-width: 720px) 100vw, 720px\" \/><\/a><\/strong><\/p>\n<p style=\"text-align: center;\"><strong>Granado Eau de Toilette Carioca<\/strong><\/p>\n<p>Perfume gostoso e com um pre\u00e7o muito legal!<\/p>\n<p>Carioca \u00e9 a primeira fragr\u00e2ncia Eau de Toilette da Granado e foi desenvolvida em homenagem aos 145 anos da marca.<\/p>\n<p>N\u00e3o sei quanto a voc\u00eas, mas eu\u00a0 fiquei muito curiosa para saber o que a Granado considera um cheiro &#8220;carioca&#8221;.<\/p>\n<blockquote><p>A embalagem do perfume \u00e9 simples, n\u00e3o enche os olhos, mas a fragr\u00e2ncia \u00e9 super agrad\u00e1vel e fresquinha, algo que eu j\u00e1 imaginava, porque n\u00e9&#8230; Rio!<\/p><\/blockquote>\n<p>Logo que aplico, o perfume \u00e9 BEM c\u00edtrico. Depois de um tempo, o cheiro acaba numa\u00a0 mistura de c\u00edtrico e floral.<\/p>\n<p>Como eu gosto de perfumes c\u00edtricos (tipo o <a href=\"https:\/\/www.2beauty.com.br\/blog\/2013\/09\/26\/perfume-lancome-o-de-lorangerie-eau-de-toilette\/\" target=\"_blank\">Lanc\u00f4me \u00d4 De L\u2019Orangerie<\/a>), adorei o Carioca!<\/p>\n<p>As notas de topo s\u00e3o bergamota e freesia. As notas de corpo s\u00e3o muguet, jasmim transparente e flor de violeta. Por fim, as notas de fundo s\u00e3o musk, s\u00e2ndalo mysore, fava tonka e notas ambaradas.<\/p>\n<p>Achei a fixa\u00e7\u00e3o ok \/normal para Eau de Toilette (que tem fragr\u00e2ncia menos concentrada que Eau de Parfum, mas que \u00e9 mais concentrada que Eau de Cologne).<\/p>\n<p>Noto o perfume na minha pele por 4 ou 5 horas.<\/p>\n<p>O frasco de 100ml custa R$65 e pode ser adquirido <a href=\"https:\/\/www.granado.com.br\/loja\/Produto\/2054\" target=\"_blank\">nas lojas Granado ou pelo site da marca<\/a>.<\/p>\n","protected":false},"excerpt":{"rendered":"<p>Granado Eau de Toilette Carioca Perfume gostoso e com um pre\u00e7o muito legal! Carioca \u00e9 a primeira fragr\u00e2ncia Eau de Toilette da Granado e foi desenvolvida em homenagem aos 145 anos da marca. N\u00e3o sei quanto a voc\u00eas, mas eu\u00a0 fiquei muito curiosa para saber o que a Granado considera um cheiro &#8220;carioca&#8221;. A embalagem do perfume \u00e9 simples, n\u00e3o enche os olhos, mas a fragr\u00e2ncia \u00e9 super agrad\u00e1vel e fresquinha, algo que eu j\u00e1 imaginava, porque n\u00e9&#8230; Rio! Logo que aplico, o perfume \u00e9 BEM c\u00edtrico. Depois de um tempo, o cheiro acaba numa\u00a0 mistura de c\u00edtrico e floral. Como eu gosto de perfumes c\u00edtricos (tipo o Lanc\u00f4me \u00d4 De L\u2019Orangerie), adorei o Carioca! As notas de topo s\u00e3o bergamota e freesia. As notas de corpo s\u00e3o muguet, jasmim transparente e flor de violeta. Por fim, as notas de fundo s\u00e3o musk, s\u00e2ndalo mysore, fava tonka e notas ambaradas. Achei a fixa\u00e7\u00e3o ok \/normal para Eau de Toilette (que tem fragr\u00e2ncia menos concentrada que Eau de Parfum, mas que \u00e9 mais concentrada que Eau de Cologne). Noto o perfume na minha pele por 4 ou 5 horas. O frasco de 100ml custa R$65 e pode ser adquirido nas lojas Granado ou pelo site da marca.<\/p>\n","protected":false},"author":1,"featured_media":63305,"comment_status":"open","ping_status":"open","sticky":false,"template":"","format":"standard","meta":{"_uag_custom_page_level_css":"","footnotes":""},"categories":[1],"tags":[1804,1636],"class_list":["post-63304","post","type-post","status-publish","format-standard","has-post-thumbnail","hentry","category-geral","tag-granado","tag-perfumes"],"uagb_featured_image_src":{"full":["https:\/\/www.2beauty.com.br\/blog\/wp-content\/uploads\/2015\/03\/carioca.jpg",720,932,false],"thumbnail":["https:\/\/www.2beauty.com.br\/blog\/wp-content\/uploads\/2015\/03\/carioca-300x250.jpg",300,250,true],"medium":["https:\/\/www.2beauty.com.br\/blog\/wp-content\/uploads\/2015\/03\/carioca-336x435.jpg",336,435,true],"medium_large":["https:\/\/www.2beauty.com.br\/blog\/wp-content\/uploads\/2015\/03\/carioca.jpg",720,932,false],"large":["https:\/\/www.2beauty.com.br\/blog\/wp-content\/uploads\/2015\/03\/carioca-620x803.jpg",620,803,true],"1536x1536":["https:\/\/www.2beauty.com.br\/blog\/wp-content\/uploads\/2015\/03\/carioca.jpg",720,932,false],"2048x2048":["https:\/\/www.2beauty.com.br\/blog\/wp-content\/uploads\/2015\/03\/carioca.jpg",720,932,false],"ashe-slider-grid-thumbnail":["https:\/\/www.2beauty.com.br\/blog\/wp-content\/uploads\/2015\/03\/carioca.jpg",417,540,false],"ashe-full-thumbnail":["https:\/\/www.2beauty.com.br\/blog\/wp-content\/uploads\/2015\/03\/carioca.jpg",720,932,false],"ashe-grid-thumbnail":["https:\/\/www.2beauty.com.br\/blog\/wp-content\/uploads\/2015\/03\/carioca.jpg",255,330,false],"ashe-list-thumbnail":["https:\/\/www.2beauty.com.br\/blog\/wp-content\/uploads\/2015\/03\/carioca.jpg",232,300,false],"ashe-single-navigation":["https:\/\/www.2beauty.com.br\/blog\/wp-content\/uploads\/2015\/03\/carioca.jpg",58,75,false]},"uagb_author_info":{"display_name":"Marina Smith","author_link":"https:\/\/www.2beauty.com.br\/blog\/author\/marinasmith\/"},"uagb_comment_info":8,"uagb_excerpt":"Granado Eau de Toilette Carioca Perfume gostoso e com um pre\u00e7o muito legal! Carioca \u00e9 a primeira fragr\u00e2ncia Eau de Toilette da Granado e foi desenvolvida em homenagem aos 145 anos da marca. N\u00e3o sei quanto a voc\u00eas, mas eu\u00a0 fiquei muito curiosa para saber o que a Granado considera um cheiro &#8220;carioca&#8221;. A embalagem&hellip;","acf":[],"_links":{"self":[{"href":"https:\/\/www.2beauty.com.br\/blog\/wp-json\/wp\/v2\/posts\/63304","targetHints":{"allow":["GET"]}}],"collection":[{"href":"https:\/\/www.2beauty.com.br\/blog\/wp-json\/wp\/v2\/posts"}],"about":[{"href":"https:\/\/www.2beauty.com.br\/blog\/wp-json\/wp\/v2\/types\/post"}],"author":[{"embeddable":true,"href":"https:\/\/www.2beauty.com.br\/blog\/wp-json\/wp\/v2\/users\/1"}],"replies":[{"embeddable":true,"href":"https:\/\/www.2beauty.com.br\/blog\/wp-json\/wp\/v2\/comments?post=63304"}],"version-history":[{"count":0,"href":"https:\/\/www.2beauty.com.br\/blog\/wp-json\/wp\/v2\/posts\/63304\/revisions"}],"wp:featuredmedia":[{"embeddable":true,"href":"https:\/\/www.2beauty.com.br\/blog\/wp-json\/wp\/v2\/media\/63305"}],"wp:attachment":[{"href":"https:\/\/www.2beauty.com.br\/blog\/wp-json\/wp\/v2\/media?parent=63304"}],"wp:term":[{"taxonomy":"category","embeddable":true,"href":"https:\/\/www.2beauty.com.br\/blog\/wp-json\/wp\/v2\/categories?post=63304"},{"taxonomy":"post_tag","embeddable":true,"href":"https:\/\/www.2beauty.com.br\/blog\/wp-json\/wp\/v2\/tags?post=63304"}],"curies":[{"name":"wp","href":"https:\/\/api.w.org\/{rel}","templated":true}]}}