{"id":61609,"date":"2015-01-12T14:20:50","date_gmt":"2015-01-12T16:20:50","guid":{"rendered":"https:\/\/www.2beauty.com.br\/blog\/?p=61609"},"modified":"2019-02-15T16:10:47","modified_gmt":"2019-02-15T18:10:47","slug":"o-la-em-casa-klebber-toledo","status":"publish","type":"post","link":"https:\/\/www.2beauty.com.br\/blog\/2015\/01\/o-la-em-casa-klebber-toledo\/","title":{"rendered":"\u00d4, l\u00e1 em casa&#8230; Klebber Toledo"},"content":{"rendered":"<p><iframe width=\"720\" height=\"405\" src=\"https:\/\/www.youtube.com\/embed\/JO2poZ2lEX4?ecver=1\" frameborder=\"0\" allowfullscreen><\/iframe><\/p>\n<p>N\u00e3o era a minha escolha, MAS&#8230;<\/p>\n<p>Klebber animou a minha segunda-feira e eu espero que anime a de voc\u00eas tamb\u00e9m, j\u00e1 que mais de 40% dos votos s\u00e3o dele.<\/p>\n<p>Passaram bem o final de semana? O meu foi recheado de experi\u00eancias gastron\u00f4micas maravilhosas :)<\/p>\n<p style=\"text-align: center;\"><strong><a href=\"https:\/\/www.2beauty.com.br\/blog\/wp-content\/uploads\/2015\/01\/13.jpg\"><img fetchpriority=\"high\" decoding=\"async\" class=\"alignnone size-full wp-image-61611\" src=\"https:\/\/www.2beauty.com.br\/blog\/wp-content\/uploads\/2015\/01\/13.jpg\" alt=\"1\" width=\"720\" height=\"360\" srcset=\"https:\/\/www.2beauty.com.br\/blog\/wp-content\/uploads\/2015\/01\/13.jpg 720w, https:\/\/www.2beauty.com.br\/blog\/wp-content\/uploads\/2015\/01\/13-580x290.jpg 580w, https:\/\/www.2beauty.com.br\/blog\/wp-content\/uploads\/2015\/01\/13-620x310.jpg 620w\" sizes=\"(max-width: 720px) 100vw, 720px\" \/><\/a><\/strong><\/p>\n<p style=\"text-align: center;\"><strong>Sexta no Capone<\/strong><\/p>\n<p>Na sexta, fui ao Capone, um bar de drinks aqui de Porto Alegre.<\/p>\n<p>Ele \u00e9 inspirado nos anos 20 e na Lei Seca nos EUA, quando foi proibido consumir e fabricar bebidas alco\u00f3licas em terras americanas.<\/p>\n<p>O bar \u00e9 pequeno e escondidinho.<\/p>\n<p>A decora\u00e7\u00e3o \u00e9 super charmosa, os drinks s\u00e3o MA-RA e as gordices s\u00e3o incr\u00edveis.<\/p>\n<blockquote><p>Experimentei metade do card\u00e1pio e recomendo com amor no cora\u00e7\u00e3o o Cosmopolitan e os brownies recheados com manteiga de amendoim acompanhados por dois quilos de sorvete de baunilha e litros de caramelo.<\/p><\/blockquote>\n<p>Valem cada uma das 23435832095839058932 mil\u00a0 calorias!<\/p>\n<p>O bar fica Castro Alves e <a href=\"https:\/\/www.destemperados.com.br\/experiencias\/capone-scarface-ficaria-orgulhoso\" target=\"_blank\" rel=\"noopener noreferrer\">aqui voc\u00ea encontra mais info e fotos dos drinks e pratos<\/a>.<\/p>\n<p style=\"text-align: center;\"><strong><a href=\"https:\/\/www.2beauty.com.br\/blog\/wp-content\/uploads\/2015\/01\/23.jpg\"><img decoding=\"async\" class=\"alignnone size-full wp-image-61612\" src=\"https:\/\/www.2beauty.com.br\/blog\/wp-content\/uploads\/2015\/01\/23.jpg\" alt=\"2\" width=\"720\" height=\"1080\" srcset=\"https:\/\/www.2beauty.com.br\/blog\/wp-content\/uploads\/2015\/01\/23.jpg 720w, https:\/\/www.2beauty.com.br\/blog\/wp-content\/uploads\/2015\/01\/23-290x435.jpg 290w, https:\/\/www.2beauty.com.br\/blog\/wp-content\/uploads\/2015\/01\/23-620x930.jpg 620w\" sizes=\"(max-width: 720px) 100vw, 720px\" \/><\/a><\/strong><\/p>\n<p style=\"text-align: center;\"><strong>S\u00e1bado de comilan\u00e7a no The Raven<\/strong><\/p>\n<p>S\u00e1bado foi dia de ver meus pais, meu irm\u00e3o e meus sobrinhos caninos.<\/p>\n<p>O almo\u00e7o foi bem gostoso, exceto pelas malditas azeitonas picadas que a m\u00e3e resolveu colocar no molho da massa.<\/p>\n<blockquote><p>POR QUE azeitonas, Jesus? E POR QUE t\u00e3o picadinhas? Levei horas catando todas elas do meu prato. Foi n\u00edvel hard de dificuldade, tipo separar as passas do arroz durante a ceia de Natal.<\/p><\/blockquote>\n<p>A noite, jantei no The Raven, um restaurante que fica na Cidade Baixa (<a href=\"https:\/\/www.destemperados.com.br\/experiencias\/the-raven-taberna-aconchegante-na-cidade-baixa\" target=\"_blank\" rel=\"noopener noreferrer\">endere\u00e7o completo e outras infos aqui<\/a>).<\/p>\n<p>O card\u00e1pio tem muitas op\u00e7\u00f5es LYNDAS! Demorei para escolher, mas acabei pedindo um fil\u00e9 com molho de queijo que estava dem\u00f3\u00f3\u00f3\u00f3\u00f3is de bom.<\/p>\n<p>T\u00e3o bom que acabou derrubando meus planos de ir pra vida bandida mais tarde, porque fiquei exausta de tanto comer e porque o calor que fazia em Porto Alegre n\u00e3o era de Deus&#8230;<\/p>\n<p style=\"text-align: center;\"><strong><a href=\"https:\/\/www.2beauty.com.br\/blog\/wp-content\/uploads\/2015\/01\/33.jpg\"><img decoding=\"async\" class=\"alignnone size-full wp-image-61613\" src=\"https:\/\/www.2beauty.com.br\/blog\/wp-content\/uploads\/2015\/01\/33.jpg\" alt=\"3\" width=\"720\" height=\"720\" srcset=\"https:\/\/www.2beauty.com.br\/blog\/wp-content\/uploads\/2015\/01\/33.jpg 720w, https:\/\/www.2beauty.com.br\/blog\/wp-content\/uploads\/2015\/01\/33-435x435.jpg 435w, https:\/\/www.2beauty.com.br\/blog\/wp-content\/uploads\/2015\/01\/33-620x620.jpg 620w, https:\/\/www.2beauty.com.br\/blog\/wp-content\/uploads\/2015\/01\/33-150x150.jpg 150w\" sizes=\"(max-width: 720px) 100vw, 720px\" \/><\/a><\/strong><\/p>\n<p style=\"text-align: center;\"><strong>Domingo na v\u00f3<\/strong><\/p>\n<p>Domingo foi dia de almo\u00e7ar na v\u00f3 e de descobrir um segredo chocante:<\/p>\n<p><strong>Nem a v\u00f3 Ledinha curte os figos em calda.<\/strong><\/p>\n<p>Ela gosta de fazer, mas n\u00e3o de comer.<\/p>\n<p>Apenas MORTA com essa informa\u00e7\u00e3o, porque a v\u00f3 bomba o mercado de figos h\u00e1 d\u00e9cadas!!!<\/p>\n<blockquote><p>Depois de me recuperar do baque, pude escolher o que comer de sobremesa entre pudim, salada de frutas, bolo, figos mal amados, doce de laranja, pessegada de Pelotas, doce de leite, Romeu e Julieta, merengues e biscoitinhos.<\/p><\/blockquote>\n<p>Como o bolo estava sem casc\u00e3o, me joguei no queijo do Romeu e Julieta misturado com doce de leite.<\/p>\n<p>Existe nome pra isso?<\/p>\n<p>Que tal Romeu e Marieta?<\/p>\n<p style=\"text-align: center;\">. . . . . .<\/p>\n<p>PS: Gostaria muito de comentar sobre o Globo de Ouro, mas faltou luz aqui em casa logo depois de a premia\u00e7\u00e3o come\u00e7ar :(<\/p>\n","protected":false},"excerpt":{"rendered":"<p>N\u00e3o era a minha escolha, MAS&#8230; Klebber animou a minha segunda-feira e eu espero que anime a de voc\u00eas tamb\u00e9m, j\u00e1 que mais de 40% dos votos s\u00e3o dele. Passaram bem o final de semana? O meu foi recheado de experi\u00eancias gastron\u00f4micas maravilhosas :) Sexta no Capone Na sexta, fui ao Capone, um bar de drinks aqui de Porto Alegre. Ele \u00e9 inspirado nos anos 20 e na Lei Seca nos EUA, quando foi proibido consumir e fabricar bebidas alco\u00f3licas em terras americanas. O bar \u00e9 pequeno e escondidinho. A decora\u00e7\u00e3o \u00e9 super charmosa, os drinks s\u00e3o MA-RA e as gordices s\u00e3o incr\u00edveis. Experimentei metade do card\u00e1pio e recomendo com amor no cora\u00e7\u00e3o o Cosmopolitan e os brownies recheados com manteiga de amendoim acompanhados por dois quilos de sorvete de baunilha e litros de caramelo. Valem cada uma das 23435832095839058932 mil\u00a0 calorias! O bar fica Castro Alves e aqui voc\u00ea encontra mais info e fotos dos drinks e pratos. S\u00e1bado de comilan\u00e7a no The Raven S\u00e1bado foi dia de ver meus pais, meu irm\u00e3o e meus sobrinhos caninos. O almo\u00e7o foi bem gostoso, exceto pelas malditas azeitonas picadas que a m\u00e3e resolveu colocar no molho da massa. POR QUE azeitonas, Jesus? E POR QUE t\u00e3o picadinhas? Levei horas catando todas elas do meu prato. Foi n\u00edvel hard de dificuldade, tipo separar as passas do arroz durante a ceia de Natal. A noite, jantei no The Raven, um restaurante que fica na Cidade Baixa (endere\u00e7o completo e outras infos aqui). O card\u00e1pio tem muitas op\u00e7\u00f5es LYNDAS! Demorei para escolher, mas acabei pedindo um fil\u00e9 com molho de queijo que estava dem\u00f3\u00f3\u00f3\u00f3\u00f3is de bom. T\u00e3o bom que acabou derrubando meus planos de ir pra vida bandida mais tarde, porque fiquei exausta de tanto comer e porque o calor que fazia em Porto Alegre n\u00e3o era de Deus&#8230; Domingo na v\u00f3 Domingo foi dia de almo\u00e7ar na v\u00f3 e de descobrir um segredo chocante: Nem a v\u00f3 Ledinha curte os figos em calda. Ela gosta de fazer, mas n\u00e3o de comer. Apenas MORTA com essa informa\u00e7\u00e3o, porque a v\u00f3 bomba o mercado de figos h\u00e1 d\u00e9cadas!!! Depois de me recuperar do baque, pude escolher o que comer de sobremesa entre pudim, salada de frutas, bolo, figos mal amados, doce de laranja, pessegada de Pelotas, doce de leite, Romeu e Julieta, merengues e biscoitinhos. Como o bolo estava sem casc\u00e3o, me joguei no queijo do Romeu e Julieta misturado com doce de leite. Existe nome pra isso? Que tal Romeu e Marieta? . . . . . . PS: Gostaria muito de comentar sobre o Globo de Ouro, mas faltou luz aqui em casa logo depois de a premia\u00e7\u00e3o come\u00e7ar :(<\/p>\n","protected":false},"author":1,"featured_media":61610,"comment_status":"open","ping_status":"open","sticky":false,"template":"","format":"standard","meta":{"_uag_custom_page_level_css":"","footnotes":""},"categories":[1],"tags":[1941,3887,981,4129],"class_list":["post-61609","post","type-post","status-publish","format-standard","has-post-thumbnail","hentry","category-geral","tag-gato","tag-klebber-toledo","tag-padroeiro","tag-vidinha-e-novidades"],"uagb_featured_image_src":{"full":["https:\/\/www.2beauty.com.br\/blog\/wp-content\/uploads\/2015\/01\/klebber.jpg",720,470,false],"thumbnail":["https:\/\/www.2beauty.com.br\/blog\/wp-content\/uploads\/2015\/01\/klebber-300x250.jpg",300,250,true],"medium":["https:\/\/www.2beauty.com.br\/blog\/wp-content\/uploads\/2015\/01\/klebber-580x379.jpg",580,379,true],"medium_large":["https:\/\/www.2beauty.com.br\/blog\/wp-content\/uploads\/2015\/01\/klebber.jpg",720,470,false],"large":["https:\/\/www.2beauty.com.br\/blog\/wp-content\/uploads\/2015\/01\/klebber-620x405.jpg",620,405,true],"1536x1536":["https:\/\/www.2beauty.com.br\/blog\/wp-content\/uploads\/2015\/01\/klebber.jpg",720,470,false],"2048x2048":["https:\/\/www.2beauty.com.br\/blog\/wp-content\/uploads\/2015\/01\/klebber.jpg",720,470,false],"ashe-slider-grid-thumbnail":["https:\/\/www.2beauty.com.br\/blog\/wp-content\/uploads\/2015\/01\/klebber.jpg",720,470,false],"ashe-full-thumbnail":["https:\/\/www.2beauty.com.br\/blog\/wp-content\/uploads\/2015\/01\/klebber.jpg",720,470,false],"ashe-grid-thumbnail":["https:\/\/www.2beauty.com.br\/blog\/wp-content\/uploads\/2015\/01\/klebber.jpg",500,326,false],"ashe-list-thumbnail":["https:\/\/www.2beauty.com.br\/blog\/wp-content\/uploads\/2015\/01\/klebber.jpg",300,196,false],"ashe-single-navigation":["https:\/\/www.2beauty.com.br\/blog\/wp-content\/uploads\/2015\/01\/klebber.jpg",75,49,false]},"uagb_author_info":{"display_name":"Marina Smith","author_link":"https:\/\/www.2beauty.com.br\/blog\/author\/marinasmith\/"},"uagb_comment_info":40,"uagb_excerpt":"N\u00e3o era a minha escolha, MAS&#8230; Klebber animou a minha segunda-feira e eu espero que anime a de voc\u00eas tamb\u00e9m, j\u00e1 que mais de 40% dos votos s\u00e3o dele. Passaram bem o final de semana? O meu foi recheado de experi\u00eancias gastron\u00f4micas maravilhosas :) Sexta no Capone Na sexta, fui ao Capone, um bar de&hellip;","acf":[],"_links":{"self":[{"href":"https:\/\/www.2beauty.com.br\/blog\/wp-json\/wp\/v2\/posts\/61609","targetHints":{"allow":["GET"]}}],"collection":[{"href":"https:\/\/www.2beauty.com.br\/blog\/wp-json\/wp\/v2\/posts"}],"about":[{"href":"https:\/\/www.2beauty.com.br\/blog\/wp-json\/wp\/v2\/types\/post"}],"author":[{"embeddable":true,"href":"https:\/\/www.2beauty.com.br\/blog\/wp-json\/wp\/v2\/users\/1"}],"replies":[{"embeddable":true,"href":"https:\/\/www.2beauty.com.br\/blog\/wp-json\/wp\/v2\/comments?post=61609"}],"version-history":[{"count":0,"href":"https:\/\/www.2beauty.com.br\/blog\/wp-json\/wp\/v2\/posts\/61609\/revisions"}],"wp:featuredmedia":[{"embeddable":true,"href":"https:\/\/www.2beauty.com.br\/blog\/wp-json\/wp\/v2\/media\/61610"}],"wp:attachment":[{"href":"https:\/\/www.2beauty.com.br\/blog\/wp-json\/wp\/v2\/media?parent=61609"}],"wp:term":[{"taxonomy":"category","embeddable":true,"href":"https:\/\/www.2beauty.com.br\/blog\/wp-json\/wp\/v2\/categories?post=61609"},{"taxonomy":"post_tag","embeddable":true,"href":"https:\/\/www.2beauty.com.br\/blog\/wp-json\/wp\/v2\/tags?post=61609"}],"curies":[{"name":"wp","href":"https:\/\/api.w.org\/{rel}","templated":true}]}}