{"id":60662,"date":"2014-11-26T13:00:58","date_gmt":"2014-11-26T15:00:58","guid":{"rendered":"https:\/\/www.2beauty.com.br\/blog\/?p=60662"},"modified":"2019-02-15T16:10:50","modified_gmt":"2019-02-15T18:10:50","slug":"resenha-eyelid-primer-yes-cosmetics","status":"publish","type":"post","link":"https:\/\/www.2beauty.com.br\/blog\/2014\/11\/resenha-eyelid-primer-yes-cosmetics\/","title":{"rendered":"Resenha: Eyelid Primer Yes! Cosmetics"},"content":{"rendered":"<p><a href=\"https:\/\/www.2beauty.com.br\/blog\/wp-content\/uploads\/2014\/11\/yes1.jpg\"><img fetchpriority=\"high\" decoding=\"async\" class=\"size-full wp-image-60663 aligncenter\" src=\"https:\/\/www.2beauty.com.br\/blog\/wp-content\/uploads\/2014\/11\/yes1.jpg\" alt=\"yes1\" width=\"720\" height=\"932\" srcset=\"https:\/\/www.2beauty.com.br\/blog\/wp-content\/uploads\/2014\/11\/yes1.jpg 720w, https:\/\/www.2beauty.com.br\/blog\/wp-content\/uploads\/2014\/11\/yes1-620x803.jpg 620w, https:\/\/www.2beauty.com.br\/blog\/wp-content\/uploads\/2014\/11\/yes1-580x751.jpg 580w, https:\/\/www.2beauty.com.br\/blog\/wp-content\/uploads\/2014\/11\/yes1-336x435.jpg 336w\" sizes=\"(max-width: 720px) 100vw, 720px\" \/><\/a><\/p>\n<p style=\"text-align: center;\"><img decoding=\"async\" style=\"width: 30px; height: 30px;\" title=\"Star\" src=\"https:\/\/www.2beauty.com.br\/blog\/images\/star.gif\" alt=\"Star\" width=\"30\" height=\"30\" align=\"top\" border=\"0\" \/><img decoding=\"async\" style=\"width: 30px; height: 30px;\" title=\"Star\" src=\"https:\/\/www.2beauty.com.br\/blog\/images\/star.gif\" alt=\"Star\" width=\"30\" height=\"30\" align=\"top\" border=\"0\" \/><img decoding=\"async\" style=\"width: 30px; height: 30px;\" title=\"Star\" src=\"https:\/\/www.2beauty.com.br\/blog\/images\/star.gif\" alt=\"Star\" width=\"30\" height=\"30\" align=\"top\" border=\"0\" \/><img decoding=\"async\" style=\"width: 30px; height: 30px;\" title=\"Star\" src=\"https:\/\/www.2beauty.com.br\/blog\/images\/star3.gif\" alt=\"Star\" width=\"30\" height=\"30\" align=\"top\" border=\"0\" \/><img loading=\"lazy\" decoding=\"async\" style=\"width: 30px; height: 30px;\" title=\"Star\" src=\"https:\/\/www.2beauty.com.br\/blog\/images\/star2.gif\" alt=\"Star\" width=\"30\" height=\"30\" align=\"top\" border=\"0\" \/><\/p>\n<p style=\"text-align: center;\"><strong>3,4 estrelinhas<br \/>\n<\/strong><\/p>\n<p>N\u00e3o curti, porque este primer de p\u00e1lpebras da Yes! Cosmetics n\u00e3o tem como objetivo prolongar a fixa\u00e7\u00e3o das sombras.<\/p>\n<p><strong>De acordo com a descri\u00e7\u00e3o oficial:<\/strong><\/p>\n<blockquote><p>O Eyelid Primer forma uma base branca uniforme sobre a p\u00e1lpebra, fazendo com que o make aplicado sobre os olhos tenha cores mais vibrantes. Possui Lipossomas de Col\u00e1geno, ativo que d\u00e1 firmeza \u00e0 pele das p\u00e1lpebras, e Vitamina E, um antioxidante natural. Deve ser usado antes do Fixador para Sombras.<\/p><\/blockquote>\n<p>Ou seja&#8230;<\/p>\n<p>Ele foi feito para potencializar a cor e deve ser usado em combina\u00e7\u00e3o com um &#8220;fixador&#8221; de sombras.<\/p>\n<p>Uma unidade do primer custa R$19,90 nas lojas ou no <a href=\"https:\/\/www.yescosmetics.com.br\/?conteudoId=14&amp;produto=30902#mais\" target=\"_blank\">site da Yes! Cosmetics<\/a>.<\/p>\n<p style=\"text-align: center;\"><strong><a href=\"https:\/\/www.2beauty.com.br\/blog\/wp-content\/uploads\/2014\/11\/yes2.jpg\"><img loading=\"lazy\" decoding=\"async\" class=\"alignnone size-full wp-image-60664\" src=\"https:\/\/www.2beauty.com.br\/blog\/wp-content\/uploads\/2014\/11\/yes2.jpg\" alt=\"yes2\" width=\"720\" height=\"470\" srcset=\"https:\/\/www.2beauty.com.br\/blog\/wp-content\/uploads\/2014\/11\/yes2.jpg 720w, https:\/\/www.2beauty.com.br\/blog\/wp-content\/uploads\/2014\/11\/yes2-580x378.jpg 580w, https:\/\/www.2beauty.com.br\/blog\/wp-content\/uploads\/2014\/11\/yes2-620x404.jpg 620w\" sizes=\"(max-width: 720px) 100vw, 720px\" \/><\/a><\/strong><\/p>\n<p style=\"text-align: center;\"><strong><a href=\"https:\/\/www.2beauty.com.br\/blog\/wp-content\/uploads\/2014\/11\/yes6.jpg\"><img loading=\"lazy\" decoding=\"async\" class=\"alignnone size-full wp-image-60669\" src=\"https:\/\/www.2beauty.com.br\/blog\/wp-content\/uploads\/2014\/11\/yes6.jpg\" alt=\"yes6\" width=\"720\" height=\"470\" srcset=\"https:\/\/www.2beauty.com.br\/blog\/wp-content\/uploads\/2014\/11\/yes6.jpg 720w, https:\/\/www.2beauty.com.br\/blog\/wp-content\/uploads\/2014\/11\/yes6-580x378.jpg 580w, https:\/\/www.2beauty.com.br\/blog\/wp-content\/uploads\/2014\/11\/yes6-620x404.jpg 620w\" sizes=\"(max-width: 720px) 100vw, 720px\" \/><\/a><\/strong><\/p>\n<p style=\"text-align: center;\"><strong>Amostrinhas Eyelid Primer e Eyelid Primer + Sombras Azul Meia-Noite e Nebulosa (ambas Yes! Cosmetics)<\/strong><\/p>\n<p>O Eyelid Primer \u00e9 um produto branquinho e de textura cremosa.<\/p>\n<p>Voc\u00ea pode aplicar mais de uma camada dele, porque quanto mais branca a sua p\u00e1lpebra, mais viva fica a cor da sombra.<\/p>\n<p>Vale dizer que por conta da textura cremosa e por ele n\u00e3o secar, a pele pode ficar meio &#8220;empapada&#8221; de produto. Na minha experi\u00eancia, \u00e9 melhor usar em pouca quantidade.<\/p>\n<p>Tamb\u00e9m vale comentar que eu achei estranha a &#8220;ordem&#8221; das coisas na indica\u00e7\u00e3o de uso.<\/p>\n<p>\u00c9 dito que o primer deve ser aplicado ANTES do fixador de sombras.<\/p>\n<p>Eu gosto de usar um produto da Urban Decay para fixar, o Primer Potion. Ele \u00e9 cor de pele e, quando aplicado sobre o primer da Yes!, cobre o branco e meio que acaba com o prop\u00f3sito da coisa toda, n\u00e9?<\/p>\n<p><strong>Mas depois de usar o produto da Yes! sozinho, descobri que existe um motivo para essa ordem&#8230;<\/strong><\/p>\n<p style=\"text-align: center;\"><strong><a href=\"https:\/\/www.2beauty.com.br\/blog\/wp-content\/uploads\/2014\/11\/yes3.jpg\"><img loading=\"lazy\" decoding=\"async\" class=\"alignnone size-full wp-image-60665\" src=\"https:\/\/www.2beauty.com.br\/blog\/wp-content\/uploads\/2014\/11\/yes3.jpg\" alt=\"yes3\" width=\"720\" height=\"470\" srcset=\"https:\/\/www.2beauty.com.br\/blog\/wp-content\/uploads\/2014\/11\/yes3.jpg 720w, https:\/\/www.2beauty.com.br\/blog\/wp-content\/uploads\/2014\/11\/yes3-580x378.jpg 580w, https:\/\/www.2beauty.com.br\/blog\/wp-content\/uploads\/2014\/11\/yes3-620x404.jpg 620w\" sizes=\"(max-width: 720px) 100vw, 720px\" \/><\/a><\/strong><\/p>\n<p style=\"text-align: center;\"><strong><a href=\"https:\/\/www.2beauty.com.br\/blog\/wp-content\/uploads\/2014\/11\/yes4.jpg\"><img loading=\"lazy\" decoding=\"async\" class=\"alignnone size-full wp-image-60666\" src=\"https:\/\/www.2beauty.com.br\/blog\/wp-content\/uploads\/2014\/11\/yes4.jpg\" alt=\"yes4\" width=\"720\" height=\"470\" srcset=\"https:\/\/www.2beauty.com.br\/blog\/wp-content\/uploads\/2014\/11\/yes4.jpg 720w, https:\/\/www.2beauty.com.br\/blog\/wp-content\/uploads\/2014\/11\/yes4-580x378.jpg 580w, https:\/\/www.2beauty.com.br\/blog\/wp-content\/uploads\/2014\/11\/yes4-620x404.jpg 620w\" sizes=\"(max-width: 720px) 100vw, 720px\" \/><\/a><\/strong><\/p>\n<p style=\"text-align: center;\"><strong>Maquiagem \u00e0s 10h e \u00e0s 17h<\/strong><\/p>\n<p>O motivo \u00e9 que o Eyelid Primer acumula\/derrete MUITO f\u00e1cil.<\/p>\n<p>Sem um fixador, em pouco mais de duas horas, sombra + primer est\u00e3o acumulados na dobrinha do meu olho.<\/p>\n<p><strong>Resumindo:<\/strong><\/p>\n<blockquote><p>Se o objetivo \u00e9 de apenas deixar as cores das sombras mais vibrantes, sem potencializar a fixa\u00e7\u00e3o da maquiagem, vale mais a pena investir num pancake branco ou usar como base um l\u00e1pis branco ou bege esfumado em toda p\u00e1lpebra.<\/p><\/blockquote>\n<div id=\"resenha\">\n<p><span class=\"titresenha\">Detalhes da nota:<\/span><\/p>\n<div class=\"notas\">Textura\/Aplica\u00e7\u00e3o: 3\/5<br \/>\nCobertura\/Pigmenta\u00e7\u00e3o: &#8211; (n\u00e3o se aplica)<br \/>\nFixa\u00e7\u00e3o: 2\/5<br \/>\nPre\u00e7o: 5\/5<br \/>\nApresenta\u00e7\u00e3o: 2\/5<br \/>\nRela\u00e7\u00e3o Realidade x Descri\u00e7\u00e3o Oficial: 5\/5<br \/>\n<span class=\"media\">M\u00e9dia: 3,4<br \/>\n<\/span><\/div>\n<p>Para visualizar a lista completa de crit\u00e9rios e notas, <a href=\"https:\/\/www.2beauty.com.br\/blog\/images\/avaliacao.gif\" target=\"_blank\">clique aqui<\/a>.<\/p>\n<\/div>\n","protected":false},"excerpt":{"rendered":"<p>3,4 estrelinhas N\u00e3o curti, porque este primer de p\u00e1lpebras da Yes! Cosmetics n\u00e3o tem como objetivo prolongar a fixa\u00e7\u00e3o das sombras. De acordo com a descri\u00e7\u00e3o oficial: O Eyelid Primer forma uma base branca uniforme sobre a p\u00e1lpebra, fazendo com que o make aplicado sobre os olhos tenha cores mais vibrantes. Possui Lipossomas de Col\u00e1geno, ativo que d\u00e1 firmeza \u00e0 pele das p\u00e1lpebras, e Vitamina E, um antioxidante natural. Deve ser usado antes do Fixador para Sombras. Ou seja&#8230; Ele foi feito para potencializar a cor e deve ser usado em combina\u00e7\u00e3o com um &#8220;fixador&#8221; de sombras. Uma unidade do primer custa R$19,90 nas lojas ou no site da Yes! Cosmetics. Amostrinhas Eyelid Primer e Eyelid Primer + Sombras Azul Meia-Noite e Nebulosa (ambas Yes! Cosmetics) O Eyelid Primer \u00e9 um produto branquinho e de textura cremosa. Voc\u00ea pode aplicar mais de uma camada dele, porque quanto mais branca a sua p\u00e1lpebra, mais viva fica a cor da sombra. Vale dizer que por conta da textura cremosa e por ele n\u00e3o secar, a pele pode ficar meio &#8220;empapada&#8221; de produto. Na minha experi\u00eancia, \u00e9 melhor usar em pouca quantidade. Tamb\u00e9m vale comentar que eu achei estranha a &#8220;ordem&#8221; das coisas na indica\u00e7\u00e3o de uso. \u00c9 dito que o primer deve ser aplicado ANTES do fixador de sombras. Eu gosto de usar um produto da Urban Decay para fixar, o Primer Potion. Ele \u00e9 cor de pele e, quando aplicado sobre o primer da Yes!, cobre o branco e meio que acaba com o prop\u00f3sito da coisa toda, n\u00e9? Mas depois de usar o produto da Yes! sozinho, descobri que existe um motivo para essa ordem&#8230; Maquiagem \u00e0s 10h e \u00e0s 17h O motivo \u00e9 que o Eyelid Primer acumula\/derrete MUITO f\u00e1cil. Sem um fixador, em pouco mais de duas horas, sombra + primer est\u00e3o acumulados na dobrinha do meu olho. Resumindo: Se o objetivo \u00e9 de apenas deixar as cores das sombras mais vibrantes, sem potencializar a fixa\u00e7\u00e3o da maquiagem, vale mais a pena investir num pancake branco ou usar como base um l\u00e1pis branco ou bege esfumado em toda p\u00e1lpebra. Detalhes da nota: Textura\/Aplica\u00e7\u00e3o: 3\/5 Cobertura\/Pigmenta\u00e7\u00e3o: &#8211; (n\u00e3o se aplica) Fixa\u00e7\u00e3o: 2\/5 Pre\u00e7o: 5\/5 Apresenta\u00e7\u00e3o: 2\/5 Rela\u00e7\u00e3o Realidade x Descri\u00e7\u00e3o Oficial: 5\/5 M\u00e9dia: 3,4 Para visualizar a lista completa de crit\u00e9rios e notas, clique aqui.<\/p>\n","protected":false},"author":1,"featured_media":60663,"comment_status":"open","ping_status":"open","sticky":false,"template":"","format":"standard","meta":{"_uag_custom_page_level_css":"","footnotes":""},"categories":[84],"tags":[4088,4124,4128,607],"class_list":["post-60662","post","type-post","status-publish","format-standard","has-post-thumbnail","hentry","category-maquiagem","tag-maquiagem","tag-primer","tag-resenhas","tag-yes-cosmetics"],"uagb_featured_image_src":{"full":["https:\/\/www.2beauty.com.br\/blog\/wp-content\/uploads\/2014\/11\/yes1.jpg",720,932,false],"thumbnail":["https:\/\/www.2beauty.com.br\/blog\/wp-content\/uploads\/2014\/11\/yes1-300x250.jpg",300,250,true],"medium":["https:\/\/www.2beauty.com.br\/blog\/wp-content\/uploads\/2014\/11\/yes1-336x435.jpg",336,435,true],"medium_large":["https:\/\/www.2beauty.com.br\/blog\/wp-content\/uploads\/2014\/11\/yes1.jpg",720,932,false],"large":["https:\/\/www.2beauty.com.br\/blog\/wp-content\/uploads\/2014\/11\/yes1-620x803.jpg",620,803,true],"1536x1536":["https:\/\/www.2beauty.com.br\/blog\/wp-content\/uploads\/2014\/11\/yes1.jpg",720,932,false],"2048x2048":["https:\/\/www.2beauty.com.br\/blog\/wp-content\/uploads\/2014\/11\/yes1.jpg",720,932,false],"ashe-slider-grid-thumbnail":["https:\/\/www.2beauty.com.br\/blog\/wp-content\/uploads\/2014\/11\/yes1.jpg",417,540,false],"ashe-full-thumbnail":["https:\/\/www.2beauty.com.br\/blog\/wp-content\/uploads\/2014\/11\/yes1.jpg",720,932,false],"ashe-grid-thumbnail":["https:\/\/www.2beauty.com.br\/blog\/wp-content\/uploads\/2014\/11\/yes1.jpg",255,330,false],"ashe-list-thumbnail":["https:\/\/www.2beauty.com.br\/blog\/wp-content\/uploads\/2014\/11\/yes1.jpg",232,300,false],"ashe-single-navigation":["https:\/\/www.2beauty.com.br\/blog\/wp-content\/uploads\/2014\/11\/yes1.jpg",58,75,false]},"uagb_author_info":{"display_name":"Marina Smith","author_link":"https:\/\/www.2beauty.com.br\/blog\/author\/marinasmith\/"},"uagb_comment_info":4,"uagb_excerpt":"3,4 estrelinhas N\u00e3o curti, porque este primer de p\u00e1lpebras da Yes! Cosmetics n\u00e3o tem como objetivo prolongar a fixa\u00e7\u00e3o das sombras. De acordo com a descri\u00e7\u00e3o oficial: O Eyelid Primer forma uma base branca uniforme sobre a p\u00e1lpebra, fazendo com que o make aplicado sobre os olhos tenha cores mais vibrantes. Possui Lipossomas de Col\u00e1geno,&hellip;","acf":[],"_links":{"self":[{"href":"https:\/\/www.2beauty.com.br\/blog\/wp-json\/wp\/v2\/posts\/60662","targetHints":{"allow":["GET"]}}],"collection":[{"href":"https:\/\/www.2beauty.com.br\/blog\/wp-json\/wp\/v2\/posts"}],"about":[{"href":"https:\/\/www.2beauty.com.br\/blog\/wp-json\/wp\/v2\/types\/post"}],"author":[{"embeddable":true,"href":"https:\/\/www.2beauty.com.br\/blog\/wp-json\/wp\/v2\/users\/1"}],"replies":[{"embeddable":true,"href":"https:\/\/www.2beauty.com.br\/blog\/wp-json\/wp\/v2\/comments?post=60662"}],"version-history":[{"count":0,"href":"https:\/\/www.2beauty.com.br\/blog\/wp-json\/wp\/v2\/posts\/60662\/revisions"}],"wp:featuredmedia":[{"embeddable":true,"href":"https:\/\/www.2beauty.com.br\/blog\/wp-json\/wp\/v2\/media\/60663"}],"wp:attachment":[{"href":"https:\/\/www.2beauty.com.br\/blog\/wp-json\/wp\/v2\/media?parent=60662"}],"wp:term":[{"taxonomy":"category","embeddable":true,"href":"https:\/\/www.2beauty.com.br\/blog\/wp-json\/wp\/v2\/categories?post=60662"},{"taxonomy":"post_tag","embeddable":true,"href":"https:\/\/www.2beauty.com.br\/blog\/wp-json\/wp\/v2\/tags?post=60662"}],"curies":[{"name":"wp","href":"https:\/\/api.w.org\/{rel}","templated":true}]}}